{"id":10554,"date":"2020-06-05T21:00:47","date_gmt":"2020-06-05T21:00:47","guid":{"rendered":"http:\/\/www.ecoitaliano.com.ar\/?p=10554"},"modified":"2020-06-05T21:00:47","modified_gmt":"2020-06-05T21:00:47","slug":"serena-conduce-operaclassica-eco-italiano-310","status":"publish","type":"post","link":"https:\/\/www.ecoitaliano.com.ar\/?p=10554","title":{"rendered":"Serena conduce Operaclassica Eco Italiano"},"content":{"rendered":"<p><a href=\"http:\/\/www.ecoitaliano.com.ar\/wp-content\/uploads\/2020\/06\/71468203_496902180859183_1394590398000660480_n.png\"><img decoding=\"async\" class=\"alignnone size-full wp-image-10555\" src=\"http:\/\/www.ecoitaliano.com.ar\/wp-content\/uploads\/2020\/06\/71468203_496902180859183_1394590398000660480_n.png\" alt=\"\" width=\"128\" height=\"81\" \/><\/a><\/p>\n<p class=\"western\" lang=\"it-IT\" align=\"center\"><span style=\"font-size: x-large;\"><b>L\u2019ARENA DI VERONA E RAI CULTURA <\/b><\/span><\/p>\n<p class=\"western\" lang=\"it-IT\" align=\"center\"><span style=\"font-size: x-large;\"><b>INSIEME PER PROMUOVERE LA GRANDE MUSICA<\/b><\/span><\/p>\n<p class=\"western\" lang=\"it-IT\">\n<p class=\"western\" lang=\"it-IT\" align=\"justify\"><span style=\"font-size: medium;\"><u>Fondazione Arena ha sottoscritto l\u2019accordo tra RAI Cultura e ANFOLS <\/u><\/span><span style=\"font-size: medium;\"><span lang=\"es-ES-u-co-trad\"><u>che, dal 1\u00b0 giugno a dicembre, propone su\u00a0<\/u><\/span><\/span><span style=\"font-size: medium;\"><span lang=\"es-ES-u-co-trad\"><u><b>Rai5\u00a0<\/b><\/u><\/span><\/span><span style=\"font-size: medium;\"><span lang=\"es-ES-u-co-trad\"><u>un viaggio musicale nei grandi teatri d\u2019opera italiani attraverso alcune tra le produzioni pi\u00f9 celebri e amate<\/u><\/span><\/span><span style=\"font-size: medium;\"><span lang=\"es-ES-u-co-trad\">.<\/span><\/span><\/p>\n<p class=\"western\" lang=\"it-IT\" align=\"justify\"><span style=\"font-size: medium;\">Tutti i giorni &#8211; dal luned\u00ec al venerd\u00ec alle 10 del mattino, e il mercoled\u00ec in prima serata alle 21.15 &#8211; <\/span><span style=\"font-size: medium;\">sar\u00e0 infatti proposta una selezione di spettacoli in molti casi storici, recuperati con un approfondito lavoro di ricerca negli archivi Rai e dei teatri stessi o messi in scena di recente e proposti per la prima volta in TV.<\/span><\/p>\n<p class=\"western\" lang=\"it-IT\" align=\"justify\"><span style=\"font-size: medium;\">La rassegna, che si \u00e8 aperta con il Teatro dell\u2019Opera di Roma, sar\u00e0 dedicata all\u2019Arena di Verona nelle due settimane dal 10 al 21 agosto con <\/span><span style=\"color: #000000;\"><span style=\"font-size: medium;\"><span lang=\"es-ES-u-co-trad\"><i>Aida<\/i><\/span><\/span><\/span><span style=\"color: #000000;\"><span style=\"font-size: medium;\"><span lang=\"es-ES-u-co-trad\">\u00a0regia di Pier Luigi Pizzi del 1999, <\/span><\/span><\/span><span style=\"color: #000000;\"><span style=\"font-size: medium;\"><span lang=\"es-ES-u-co-trad\"><i>Nabucco<\/i><\/span><\/span><\/span><span style=\"color: #000000;\"><span style=\"font-size: medium;\"><span lang=\"es-ES-u-co-trad\"> regia di Hugo de Ana del 2000, <\/span><\/span><\/span><span style=\"color: #000000;\"><span style=\"font-size: medium;\"><span lang=\"es-ES-u-co-trad\"><i>Rigoletto<\/i><\/span><\/span><\/span><span style=\"color: #000000;\"><span style=\"font-size: medium;\"><span lang=\"es-ES-u-co-trad\"> regia di Charles Roubaud del 2001, <\/span><\/span><\/span><span style=\"color: #000000;\"><span style=\"font-size: medium;\"><span lang=\"es-ES-u-co-trad\"><i>Don Giovanni<\/i><\/span><\/span><\/span><span style=\"color: #000000;\"><span style=\"font-size: medium;\"><span lang=\"es-ES-u-co-trad\">\u00a0regia di Franco Zeffirelli del 2015 e molti altri titoli ancora. <\/span><\/span><\/span><span style=\"color: #000000;\"><span style=\"font-size: medium;\"><span lang=\"es-ES-u-co-trad\"><b>I<\/b><\/span><\/span><\/span><span style=\"font-size: medium;\"><b> dettagli del palinsesto saranno disponibili sui canali di informazione della Rai.<\/b><\/span><\/p>\n<p class=\"western\" lang=\"it-IT\" align=\"justify\"><span style=\"font-size: medium;\"><u>\u00c8 inoltre dedicato a Franco Zeffirelli, a un anno dalla scomparsa, il ciclo di opere che RAI Cultura propone durante il mese di giugno, nel tradizionale spazio della domenica mattina<\/u><\/span><span style=\"font-size: medium;\">. Si inizia quindi domenica 7 giugno con <\/span><span style=\"font-size: medium;\"><i>Carmen<\/i><\/span><span style=\"font-size: medium;\"> diretta da Alain Lombard nella messa in scena del regista toscano del 2003 all&#8217;Arena di Verona, per proseguire fino al 28 giugno con produzioni di altri teatri. <\/span><\/p>\n<p class=\"western\" lang=\"it-IT\" align=\"justify\"><span style=\"font-size: medium;\">Il grande Maestro fiorentino, i cui immortali allestimenti fanno ancora oggi parte del repertorio areniano, \u00e8 stato il \u201ccreatore di sogni\u201d per eccellenza in Arena a partire dalla celeberrima <\/span><span style=\"font-size: medium;\"><i>Carmen<\/i><\/span><span style=\"font-size: medium;\"> del 1995<\/span><span style=\"font-size: medium;\"><i>, <\/i><\/span><span style=\"font-size: medium;\">per proseguire con <\/span><span style=\"font-size: medium;\"><i>Il Trovatore, Aida, Madama Butterfly, Turandot<\/i><\/span><span style=\"font-size: medium;\">, <\/span><span style=\"font-size: medium;\"><i>Don Giovanni<\/i><\/span><span style=\"font-size: medium;\">, fino all\u2019ultima <\/span><span style=\"font-size: medium;\"><i>Traviata <\/i><\/span><span style=\"font-size: medium;\">del 2019, andata in scena a distanza di pochi giorni dalla sua scomparsa. Zeffirelli ha saputo ricreare in modo inarrivabile la dimensione spettacolare cinematografica nel Teatro e ha arricchito il Cinema dell\u2019intensit\u00e0 teatrale attraverso l\u2019amore e la grande esperienza nella prosa e nell\u2019opera.<\/span><\/p>\n<p class=\"western\" lang=\"it-IT\" align=\"justify\"><span style=\"font-size: medium;\"><span lang=\"es-ES-u-co-trad\">Il <\/span><\/span><span style=\"font-size: medium;\"><span lang=\"es-ES-u-co-trad\"><b>Sovrintendente e Direttore Artistico di Fondazione Arena Cecilia Gasdia<\/b><\/span><\/span><span style=\"font-size: medium;\"><span lang=\"es-ES-u-co-trad\">\u00a0esprime grande soddisfazione: \u201c<\/span><\/span><span style=\"font-size: medium;\"><span lang=\"es-ES-u-co-trad\"><i>Fondazione Arena \u00e8 felice e orgogliosa di partecipare a queste importanti iniziative che rendono visibili ad un pubblico cos\u00ec vasto i tesori e la bellezza delle produzioni dei nostri Teatri. <\/i><\/span><\/span><\/p>\n<p class=\"western\" lang=\"it-IT\" align=\"justify\"><span style=\"font-size: medium;\"><span lang=\"es-ES-u-co-trad\"><i>A un anno dalla morte ricordiamo Franco Zeffirelli con la sua <\/i><\/span><\/span><span style=\"font-size: medium;\"><span lang=\"es-ES-u-co-trad\">Carmen<\/span><\/span><span style=\"font-size: medium;\"><span lang=\"es-ES-u-co-trad\"><i>, uno tra tra gli allestimenti pi\u00f9 belli che il Maestro ha regalato all\u2019Arena e al mondo. <\/i><\/span><\/span><\/p>\n<p class=\"western\" lang=\"it-IT\" align=\"justify\"><span style=\"font-size: medium;\"><span lang=\"es-ES-u-co-trad\"><i>Sono molto orgogliosa anche del progetto realizzato con ANFOLS e RAI CULTURA che dar\u00e0 voce all\u2019Arena di Verona nelle due settimane tra il 10 e il 21 agosto, con alcune produzioni storiche nel solco della grande tradizione areniana e ringrazio profondamente RAI Cultura per le ricche proposte culturali\u201d.<\/i><\/span><\/span><\/p>\n<p class=\"western\" lang=\"es-ES-u-co-trad\" align=\"justify\">\n<p class=\"western\" lang=\"it-IT\" align=\"justify\"><b>Ufficio Stampa Fondazione Arena di Verona<\/b><\/p>\n<p class=\"western\" lang=\"it-IT\">Via Roma 7\/D, 37121 Verona<\/p>\n<p class=\"western\" lang=\"it-IT\">tel. (+39) 045 805.1861-1905-1891 &#8211; fax (+39) 045 803.1443<\/p>\n<p class=\"western\" lang=\"it-IT\"><span style=\"color: #0000ff;\"><u><a href=\"mailto:ufficio.stampa@arenadiverona.it\">ufficio.stampa@arenadiverona.it<\/a><\/u><\/span> \u2013 <span style=\"color: #0000ff;\"><u><a href=\"http:\/\/www.arena.it\/\">www.arena.it<\/a><\/u><\/span><\/p>\n<div id='gallery-1' class='gallery galleryid-10554 gallery-columns-3 gallery-size-thumbnail'><figure class='gallery-item'>\n\t\t\t<div class='gallery-icon landscape'>\n\t\t\t\t<a href='https:\/\/www.ecoitaliano.com.ar\/?attachment_id=10556'><img decoding=\"async\" width=\"150\" height=\"150\" src=\"https:\/\/www.ecoitaliano.com.ar\/wp-content\/uploads\/2020\/06\/102318117_595182494521019_7647535811790508419_n-150x150.jpg\" class=\"attachment-thumbnail size-thumbnail\" alt=\"\" \/><\/a>\n\t\t\t<\/div><\/figure><figure class='gallery-item'>\n\t\t\t<div class='gallery-icon landscape'>\n\t\t\t\t<a href='https:\/\/www.ecoitaliano.com.ar\/?attachment_id=10557'><img decoding=\"async\" width=\"150\" height=\"150\" src=\"https:\/\/www.ecoitaliano.com.ar\/wp-content\/uploads\/2020\/06\/102388831_592291538374293_525406686863506724_n-150x150.jpg\" class=\"attachment-thumbnail size-thumbnail\" alt=\"\" \/><\/a>\n\t\t\t<\/div><\/figure>\n\t\t<\/div>\n\n","protected":false},"excerpt":{"rendered":"<p>L\u2019ARENA DI VERONA E RAI CULTURA INSIEME PER PROMUOVERE LA GRANDE MUSICA Fondazione Arena ha sottoscritto l\u2019accordo tra RAI Cultura [&hellip;]<\/p>\n","protected":false},"author":1,"featured_media":0,"comment_status":"open","ping_status":"open","sticky":false,"template":"","format":"standard","meta":{"footnotes":""},"categories":[10,40],"tags":[],"class_list":["post-10554","post","type-post","status-publish","format-standard","hentry","category-italiano","category-serena-conduce-operaclassica"],"_links":{"self":[{"href":"https:\/\/www.ecoitaliano.com.ar\/index.php?rest_route=\/wp\/v2\/posts\/10554","targetHints":{"allow":["GET"]}}],"collection":[{"href":"https:\/\/www.ecoitaliano.com.ar\/index.php?rest_route=\/wp\/v2\/posts"}],"about":[{"href":"https:\/\/www.ecoitaliano.com.ar\/index.php?rest_route=\/wp\/v2\/types\/post"}],"author":[{"embeddable":true,"href":"https:\/\/www.ecoitaliano.com.ar\/index.php?rest_route=\/wp\/v2\/users\/1"}],"replies":[{"embeddable":true,"href":"https:\/\/www.ecoitaliano.com.ar\/index.php?rest_route=%2Fwp%2Fv2%2Fcomments&post=10554"}],"version-history":[{"count":0,"href":"https:\/\/www.ecoitaliano.com.ar\/index.php?rest_route=\/wp\/v2\/posts\/10554\/revisions"}],"wp:attachment":[{"href":"https:\/\/www.ecoitaliano.com.ar\/index.php?rest_route=%2Fwp%2Fv2%2Fmedia&parent=10554"}],"wp:term":[{"taxonomy":"category","embeddable":true,"href":"https:\/\/www.ecoitaliano.com.ar\/index.php?rest_route=%2Fwp%2Fv2%2Fcategories&post=10554"},{"taxonomy":"post_tag","embeddable":true,"href":"https:\/\/www.ecoitaliano.com.ar\/index.php?rest_route=%2Fwp%2Fv2%2Ftags&post=10554"}],"curies":[{"name":"wp","href":"https:\/\/api.w.org\/{rel}","templated":true}]}}