{"id":10580,"date":"2020-06-08T09:47:07","date_gmt":"2020-06-08T09:47:07","guid":{"rendered":"http:\/\/www.ecoitaliano.com.ar\/?p=10580"},"modified":"2020-06-08T09:47:07","modified_gmt":"2020-06-08T09:47:07","slug":"note-di-lettura-al-volume-di-massimo-borghesi-la-terza-eta-del-mondo-lutopia-della-seconda-modernita","status":"publish","type":"post","link":"https:\/\/www.ecoitaliano.com.ar\/?p=10580","title":{"rendered":"Note di lettura al volume di Massimo Borghesi \u201cLa terza et\u00e0 del mondo. L\u2019utopia della seconda modernit\u00e0\u201d"},"content":{"rendered":"<div id='gallery-1' class='gallery galleryid-10580 gallery-columns-3 gallery-size-thumbnail'><figure class='gallery-item'>\n\t\t\t<div class='gallery-icon portrait'>\n\t\t\t\t<a href='https:\/\/www.ecoitaliano.com.ar\/?attachment_id=10581'><img decoding=\"async\" width=\"150\" height=\"150\" src=\"https:\/\/www.ecoitaliano.com.ar\/wp-content\/uploads\/2020\/06\/Nicola-F.-Pomponio-150x150.jpg\" class=\"attachment-thumbnail size-thumbnail\" alt=\"\" \/><\/a>\n\t\t\t<\/div><\/figure><figure class='gallery-item'>\n\t\t\t<div class='gallery-icon portrait'>\n\t\t\t\t<a href='https:\/\/www.ecoitaliano.com.ar\/?attachment_id=10582'><img decoding=\"async\" width=\"150\" height=\"150\" src=\"https:\/\/www.ecoitaliano.com.ar\/wp-content\/uploads\/2020\/06\/copertina-La-terza-et\u00e0-del-mondo-150x150.jpg\" class=\"attachment-thumbnail size-thumbnail\" alt=\"\" \/><\/a>\n\t\t\t<\/div><\/figure><figure class='gallery-item'>\n\t\t\t<div class='gallery-icon landscape'>\n\t\t\t\t<a href='https:\/\/www.ecoitaliano.com.ar\/?attachment_id=10583'><img decoding=\"async\" width=\"150\" height=\"150\" src=\"https:\/\/www.ecoitaliano.com.ar\/wp-content\/uploads\/2020\/06\/Massimo-Borghesi-150x150.jpg\" class=\"attachment-thumbnail size-thumbnail\" alt=\"\" \/><\/a>\n\t\t\t<\/div><\/figure>\n\t\t<\/div>\n\n<p>&nbsp;<\/p>\n<p align=\"center\"><span style=\"font-family: Georgia, serif;\"><span style=\"font-size: large;\"><b>Note di lettura al volume di Massimo Borghesi<\/b><\/span><\/span><\/p>\n<p align=\"center\"><a name=\"_GoBack\"><\/a> \u201c<span style=\"font-family: Georgia, serif;\"><span style=\"font-size: large;\"><i><b>La terza et\u00e0 del mondo. L\u2019utopia della seconda modernit\u00e0\u201d <\/b><\/i><\/span><\/span><\/p>\n<p align=\"center\"><span style=\"font-family: Georgia, serif;\"><span style=\"font-size: medium;\">di <\/span><\/span><span style=\"font-family: Georgia, serif;\"><span style=\"font-size: medium;\"><b>Nicola F. Pomponio<\/b><\/span><\/span><\/p>\n<p align=\"justify\"><span style=\"font-family: Georgia, serif;\"><span style=\"font-size: medium;\">Il senso dell\u2019ultima opera di <\/span><\/span><span style=\"font-family: Georgia, serif;\"><span style=\"font-size: medium;\"><b>Massimo Borghesi<\/b><\/span><\/span><span style=\"font-family: Georgia, serif;\"><span style=\"font-size: medium;\">, professore di Filosofia morale presso l\u2019Universit\u00e0 di Perugia, \u00e8 tutto contenuto nei due ordinali del titolo e del sottotitolo. L\u2019idea della \u201cterza et\u00e0 del mondo\u201d come compimento della storia e inizio di un regno dello Spirito, dopo quello del Padre (ebraismo) e del Figlio (cattolicit\u00e0 medievale), in cui tutte le forme concrete della religione cristiana si annullano in una fratellanza universale e nell\u2019effusione del Paraclito, venne proposta per la prima volta dall\u2019abate <\/span><\/span><span style=\"font-family: Georgia, serif;\"><span style=\"font-size: medium;\"><b>Gioacchino da Fiore<\/b><\/span><\/span><span style=\"font-family: Georgia, serif;\"><span style=\"font-size: medium;\"> nel XIII secolo. Questo sogno gnostico-millenaristico e il suo sviluppo nella riflessione occidentale \u00e8 stato analizzato con acume e profondit\u00e0 a tutt\u2019oggi insuperata dal gesuita francese <\/span><\/span><span style=\"font-family: Georgia, serif;\"><span style=\"font-size: medium;\"><b>Henri De Lubac<\/b><\/span><\/span><span style=\"font-family: Georgia, serif;\"><span style=\"font-size: medium;\">. <\/span><\/span><\/p>\n<p align=\"justify\"><span style=\"font-family: Georgia, serif;\"><span style=\"font-size: medium;\">A partire da De Lubac, <\/span><\/span><span style=\"font-family: Georgia, serif;\"><span style=\"font-size: medium;\"><b>Borghesi<\/b><\/span><\/span><span style=\"font-family: Georgia, serif;\"><span style=\"font-size: medium;\"> approfondisce la tesi della secolarizzazione come svolgimento dell\u2019ideale florense e quindi della modernit\u00e0 come sviluppo autonomo da un Cristianesimo ereticale di cui mantiene, trasformandola, la promessa di realizzazione del regno di Dio sulla terra. Il testo si sofferma cos\u00ec non solo sulle posizioni di <\/span><\/span><span style=\"font-family: Georgia, serif;\"><span style=\"font-size: medium;\"><b>De Lubac<\/b><\/span><\/span><span style=\"font-family: Georgia, serif;\"><span style=\"font-size: medium;\"> ma anche su quelle, affini, di <\/span><\/span><span style=\"font-family: Georgia, serif;\"><span style=\"font-size: medium;\"><b>Karl Loewith<\/b><\/span><\/span><span style=\"font-family: Georgia, serif;\"><span style=\"font-size: medium;\"> e su quelle contrarie di <\/span><\/span><span style=\"font-family: Georgia, serif;\"><span style=\"font-size: medium;\"><b>Blumenberg<\/b><\/span><\/span><span style=\"font-family: Georgia, serif;\"><span style=\"font-size: medium;\">. Per Borghesi, al termine di una attenta e ponderata disamina delle posizioni di questi autori (ma anche di Taubes, Voegelin, von Balthasar, Del Noce e altri) si potr\u00e0 parlare di secolarizzazione, in quanto \u201cmodello di salvezza affine a quello cristiano proprio per potersi opporre ad esso \u2026 come metamorfosi della gnosi e non gi\u00e0 come traduzione secolare di contenuti cristiani\u201d. <\/span><\/span><\/p>\n<p align=\"justify\"><span style=\"font-family: Georgia, serif;\"><span style=\"font-size: medium;\">L\u2019autore istituisce cos\u00ec un rapporto complesso e delicato tra <\/span><\/span><span style=\"font-family: Georgia, serif;\"><span style=\"font-size: medium;\"><b>Cristianesimo<\/b><\/span><\/span><span style=\"font-family: Georgia, serif;\"><span style=\"font-size: medium;\"> e <\/span><\/span><span style=\"font-family: Georgia, serif;\"><span style=\"font-size: medium;\"><b>modernit\u00e0<\/b><\/span><\/span><span style=\"font-family: Georgia, serif;\"><span style=\"font-size: medium;\">; il pensiero moderno nel suo movimento di immanentizzazione di idee, concetti, attese, speranze cristiane incontra e sviluppa temi gioachimiti ponendoli definitivamente al di fuori del contesto cristiano. Il libro analizza meticolosamente i luoghi in cui anche piccole variazioni di significato dei termini portano a sviluppi impensati e importanti. Da questo punto di vista grande spazio \u00e8 dato a un pensatore che non \u00e8 molto considerato, a torto, fondamentale nello sviluppo del pensiero occidentale: <\/span><\/span><span style=\"font-family: Georgia, serif;\"><span style=\"font-size: medium;\"><b>Gotthold Ephraim Lessing<\/b><\/span><\/span><span style=\"font-family: Georgia, serif;\"><span style=\"font-size: medium;\">. <\/span><\/span><\/p>\n<p align=\"justify\"><span style=\"font-family: Georgia, serif;\"><span style=\"font-size: medium;\">Contrariamente alla ricostruzione di <\/span><\/span><span style=\"font-family: Georgia, serif;\"><span style=\"font-size: medium;\"><b>De Lubac<\/b><\/span><\/span><span style=\"font-family: Georgia, serif;\"><span style=\"font-size: medium;\">, che nomina e analizza <\/span><\/span><span style=\"font-family: Georgia, serif;\"><span style=\"font-size: medium;\"><b>Lessing<\/b><\/span><\/span><span style=\"font-family: Georgia, serif;\"><span style=\"font-size: medium;\"> ma senza dargli un rilievo notevole, <\/span><\/span><span style=\"font-family: Georgia, serif;\"><span style=\"font-size: medium;\"><b>Borghesi<\/b><\/span><\/span><span style=\"font-family: Georgia, serif;\"><span style=\"font-size: medium;\"> individua in lui e nella sua ripresa del Vangelo Eterno, ne \u201c<\/span><\/span><span style=\"font-family: Georgia, serif;\"><span style=\"font-size: medium;\"><i>L\u2019educazione del genere umano<\/i><\/span><\/span><span style=\"font-family: Georgia, serif;\"><span style=\"font-size: medium;\">\u201d, un punto di svolta fondamentale nella storia della modernit\u00e0. Quando <\/span><\/span><span style=\"font-family: Georgia, serif;\"><span style=\"font-size: medium;\"><b>Lessing<\/b><\/span><\/span><span style=\"font-family: Georgia, serif;\"><span style=\"font-size: medium;\">, citando i \u201cvisionari del XIII e XIV secolo\u201d sostiene che \u201cnon erano animati da cattive intenzioni quando insegnavano che il Nuovo Testamento doveva diventare altrettanto antiquato come lo \u00e8 diventato l\u2019Antico\u201d (paragr. 88), sta introducendo all\u2019interno di una temperie culturale al tramonto dell\u2019illuminismo una visione storica ed escatologica che, fatta propria dal nascente Romanticismo, segner\u00e0 una frattura fondamentale nello svolgersi della modernit\u00e0 stessa. <\/span><\/span><\/p>\n<p align=\"justify\"><span style=\"font-family: Georgia, serif;\"><span style=\"font-size: medium;\">Qui arriviamo all\u2019ordinale del sottotitolo. <\/span><\/span><span style=\"font-family: Georgia, serif;\"><span style=\"font-size: medium;\"><b>Borghesi<\/b><\/span><\/span><span style=\"font-family: Georgia, serif;\"><span style=\"font-size: medium;\"> parla di \u201cseconda modernit\u00e0\u201d. Per l\u2019autore la grande frattura della storia europea \u00e8 rappresentata dalla <\/span><\/span><span style=\"font-family: Georgia, serif;\"><span style=\"font-size: medium;\"><b>Riforma Protestante<\/b><\/span><\/span><span style=\"font-family: Georgia, serif;\"><span style=\"font-size: medium;\">, dalla rottura della <\/span><\/span><span style=\"font-family: Georgia, serif;\"><span style=\"font-size: medium;\"><i>Respublica christianorum<\/i><\/span><\/span><span style=\"font-family: Georgia, serif;\"><span style=\"font-size: medium;\"> e dalle conseguenti guerre di religione che insanguinarono il continente almeno fino alla <\/span><\/span><span style=\"font-family: Georgia, serif;\"><span style=\"font-size: medium;\"><b>pace di Westfalia<\/b><\/span><\/span><span style=\"font-family: Georgia, serif;\"><span style=\"font-size: medium;\"> (1648). Questa prima modernit\u00e0, si noti che la periodizzazione di Borghesi \u00e8 del tutto analoga a quella utilizzata dallo storico <\/span><\/span><span style=\"font-family: Georgia, serif;\"><span style=\"font-size: medium;\"><b>Greengrass <\/b><\/span><\/span><span style=\"font-family: Georgia, serif;\"><span style=\"font-size: medium;\">ne \u201c<\/span><\/span><span style=\"font-family: Georgia, serif;\"><span style=\"font-size: medium;\"><i>La Cristianit\u00e0 in frantumi<\/i><\/span><\/span><span style=\"font-family: Georgia, serif;\"><span style=\"font-size: medium;\">\u201d, nasce da questioni interne al <\/span><\/span><span style=\"font-family: Georgia, serif;\"><span style=\"font-size: medium;\"><b>Cristianesimo<\/b><\/span><\/span><span style=\"font-family: Georgia, serif;\"><span style=\"font-size: medium;\"> e non riesce a trovare soluzioni soddisfacenti nel Cristianesimo stesso, per cui a partire dalla seconda met\u00e0 del \u2018600 e per tutto il \u2018700 la riflessione lentamente cambia portando dalla preminenza della discussione teologica a quella della critica, sempre pi\u00f9 corrosiva e scettica, del <\/span><\/span><span style=\"font-family: Georgia, serif;\"><span style=\"font-size: medium;\"><b>deismo<\/b><\/span><\/span><span style=\"font-family: Georgia, serif;\"><span style=\"font-size: medium;\"> e dell\u2019<\/span><\/span><span style=\"font-family: Georgia, serif;\"><span style=\"font-size: medium;\"><b>illuminismo<\/b><\/span><\/span><span style=\"font-family: Georgia, serif;\"><span style=\"font-size: medium;\"> nei confronti della religione. <\/span><\/span><\/p>\n<p align=\"justify\"><span style=\"font-family: Georgia, serif;\"><span style=\"font-size: medium;\"><b>Lessing<\/b><\/span><\/span><span style=\"font-family: Georgia, serif;\"><span style=\"font-size: medium;\"> si situa quindi saldamente all\u2019interno della seconda modernit\u00e0 (post Westfalia), ma al tornante tra <\/span><\/span><span style=\"font-family: Georgia, serif;\"><span style=\"font-size: medium;\"><b>illuminismo<\/b><\/span><\/span><span style=\"font-family: Georgia, serif;\"><span style=\"font-size: medium;\"> e <\/span><\/span><span style=\"font-family: Georgia, serif;\"><span style=\"font-size: medium;\"><b>romanticismo<\/b><\/span><\/span><span style=\"font-family: Georgia, serif;\"><span style=\"font-size: medium;\">. La sua visione storica tripartita verr\u00e0 sistematizzata e condotta alla pi\u00f9 ammirevole coesione interna dal panlogismo hegeliano. <\/span><\/span><span style=\"font-family: Georgia, serif;\"><span style=\"font-size: medium;\"><b>Borghesi<\/b><\/span><\/span><span style=\"font-family: Georgia, serif;\"><span style=\"font-size: medium;\"> dedica molte pagine, con un interessante excursus sull\u2019arte moderna, al pensiero di <\/span><\/span><span style=\"font-family: Georgia, serif;\"><span style=\"font-size: medium;\"><b>Hegel<\/b><\/span><\/span><span style=\"font-family: Georgia, serif;\"><span style=\"font-size: medium;\">, visto come il punto pi\u00f9 alto raggiunto dalla interpretazione trinitaria della storia a partire da una cristologia che ha come approdo la trasformazione dello Spirito (Santo) in Spirito (del mondo). Sono pagine di grande interesse dove l\u2019autore, con una sensibilit\u00e0 quasi sismografica, registra ogni pi\u00f9 piccolo slittamento nel significato e nell\u2019uso dei termini dalla giovinezza fino alla grandiosa e, per molti versi, inquietante sistematizzazione finale berlinese. <\/span><\/span><\/p>\n<p align=\"justify\"><span style=\"font-family: Georgia, serif;\"><span style=\"font-size: medium;\">La fondamentale categoria hegeliana dell\u2019<\/span><\/span><span style=\"font-family: Georgia, serif;\"><span style=\"font-size: medium;\"><i>Aufhebung<\/i><\/span><\/span><span style=\"font-family: Georgia, serif;\"><span style=\"font-size: medium;\"> (superamento) diventa in queste pagine lo strumento principe con cui <\/span><\/span><span style=\"font-family: Georgia, serif;\"><span style=\"font-size: medium;\"><b>Borghesi <\/b><\/span><\/span><span style=\"font-family: Georgia, serif;\"><span style=\"font-size: medium;\">analizza la riflessione del filosofo sulla figura del <\/span><\/span><span style=\"font-family: Georgia, serif;\"><span style=\"font-size: medium;\"><b>Cristo<\/b><\/span><\/span><span style=\"font-family: Georgia, serif;\"><span style=\"font-size: medium;\">, sul rapporto fede e filosofia e sul problema del male ma ritorna qui la questione accennata fin dalle prime pagine: \u201cla &lt;teodicea&gt; hegeliana apre\u2026le &lt;porte degli Inferi&gt;, legittimando nella cultura tedesca dell\u2019Ottocento, la positivit\u00e0 del negativo\u201d (p. 32). Questa analisi cos\u00ec ricca di sfumature \u00e8 la stessa che l\u2019autore utilizza nei confronti della sinistra hegeliana (di cui \u00e8 ricostruita la parabola con un\u2019attenzione rara nella letteratura italiana) e di <\/span><\/span><span style=\"font-family: Georgia, serif;\"><span style=\"font-size: medium;\"><b>Marx <\/b><\/span><\/span><span style=\"font-family: Georgia, serif;\"><span style=\"font-size: medium;\">di cui emergono le dipendenze e le contrapposizioni (proprio perch\u00e9 ne dipende) nei confronti non tanto di <\/span><\/span><span style=\"font-family: Georgia, serif;\"><span style=\"font-size: medium;\"><b>Feuerbach<\/b><\/span><\/span><span style=\"font-family: Georgia, serif;\"><span style=\"font-size: medium;\">, questione ampiamente acquisita e dibattuta negli studi relativi, quanto di <\/span><\/span><span style=\"font-family: Georgia, serif;\"><span style=\"font-size: medium;\"><b>Stirner<\/b><\/span><\/span><span style=\"font-family: Georgia, serif;\"><span style=\"font-size: medium;\">. Sul rapporto <\/span><\/span><span style=\"font-family: Georgia, serif;\"><span style=\"font-size: medium;\"><b>Marx-Stirner<\/b><\/span><\/span><span style=\"font-family: Georgia, serif;\"><span style=\"font-size: medium;\"> e <\/span><\/span><span style=\"font-family: Georgia, serif;\"><span style=\"font-size: medium;\"><b>Marx-Nietzsche<\/b><\/span><\/span><span style=\"font-family: Georgia, serif;\"><span style=\"font-size: medium;\"> il testo ci porta al termine dell\u2019Ottocento e lascia intravvedere quelle tragedie novecentesche che in nome di un Terzo Regno (<\/span><\/span><span style=\"font-family: Georgia, serif;\"><span style=\"font-size: medium;\"><i>Drittes Reich<\/i><\/span><\/span><span style=\"font-family: Georgia, serif;\"><span style=\"font-size: medium;\">) e di un Paradiso sulla terra hanno realizzato le catastrofi pi\u00f9 terribili della storia dell\u2019umanit\u00e0. Di notevole interesse \u00e8 anche l\u2019analisi dedicata all\u2019ideologia italiana da <\/span><\/span><span style=\"font-family: Georgia, serif;\"><span style=\"font-size: medium;\"><b>Mazzini<\/b><\/span><\/span><span style=\"font-family: Georgia, serif;\"><span style=\"font-size: medium;\"> a <\/span><\/span><span style=\"font-family: Georgia, serif;\"><span style=\"font-size: medium;\"><b>Mussolini <\/b><\/span><\/span><span style=\"font-family: Georgia, serif;\"><span style=\"font-size: medium;\">posta in appendice al testo.<\/span><\/span><\/p>\n<p align=\"justify\"><span style=\"font-family: Georgia, serif;\"><span style=\"font-size: medium;\">E\u2019 evidente, da quanto fin qui scritto, che Borghesi si muove in un ambito tutto interno all\u2019Europa germanica. Ed \u00e8 questa una scelta senz\u2019altro giustificata da un punto di vista sia storico, sia teoretico: non a caso parla di \u201cvia tedesca alla modernit\u00e0\u201d. Eppure nella sua periodizzazione storica, che come s\u2019\u00e8 visto \u00e8 fondamentale nella ricostruzione dell\u2019evoluzione culturale occidentale, vi \u00e8 un \u201csovrappi\u00f9\u201d di significato che non deve sfuggire. Parlare di due modernit\u00e0 non \u00e8 qualcosa di legittimo solo per l\u2019Europa continentale. Se si allarga lo sguardo alle isole Britanniche non pu\u00f2 sfuggire quel movimento di evoluzione interno al protestantesimo di stampo calvinista che, seguendo <\/span><\/span><span style=\"font-family: Georgia, serif;\"><span style=\"font-size: medium;\"><b>Weber<\/b><\/span><\/span><span style=\"font-family: Georgia, serif;\"><span style=\"font-size: medium;\"> e <\/span><\/span><span style=\"font-family: Georgia, serif;\"><span style=\"font-size: medium;\"><b>Troeltsch<\/b><\/span><\/span><span style=\"font-family: Georgia, serif;\"><span style=\"font-size: medium;\">, dopo la Rivoluzione inglese porta a un \u201cneo-protestantesimo\u201d e infine alla razionalit\u00e0 moderna. Un \u201cneo-protestantesimo\u201d che spesso giunge ad esiti che ben poco hanno a che vedere col pensiero di <\/span><\/span><span style=\"font-family: Georgia, serif;\"><span style=\"font-size: medium;\"><b>Calvino<\/b><\/span><\/span><span style=\"font-family: Georgia, serif;\"><span style=\"font-size: medium;\"> (come not\u00f2 lo stesso <\/span><\/span><span style=\"font-family: Georgia, serif;\"><span style=\"font-size: medium;\"><b>Weber<\/b><\/span><\/span><span style=\"font-family: Georgia, serif;\"><span style=\"font-size: medium;\">) ma che da Calvino prende impulso; un po\u2019 come la riflessione hegeliana che da <\/span><\/span><span style=\"font-family: Georgia, serif;\"><span style=\"font-size: medium;\"><b>Lutero<\/b><\/span><\/span><span style=\"font-family: Georgia, serif;\"><span style=\"font-size: medium;\"> e attraverso Lutero si forgia per giungere a esiti che hanno ormai pochi punti di contatto con Lutero stesso. <\/span><\/span><\/p>\n<p align=\"justify\"><span style=\"font-family: Georgia, serif;\"><span style=\"font-size: medium;\">In ambito anglosassone il sogno gioachimita non sembra svolgere un ruolo cos\u00ec importante come sul continente e, giustamente, nessuno degli autori citati da <\/span><\/span><span style=\"font-family: Georgia, serif;\"><span style=\"font-size: medium;\"><b>Borghesi<\/b><\/span><\/span><span style=\"font-family: Georgia, serif;\"><span style=\"font-size: medium;\"> se ne occupa. Vogliamo per\u00f2 evidenziare come nell\u2019ambito di una <\/span><\/span><span style=\"font-family: Georgia, serif;\"><span style=\"font-size: medium;\"><b>Riforma<\/b><\/span><\/span><span style=\"font-family: Georgia, serif;\"><span style=\"font-size: medium;\"> non pi\u00f9 legata al <\/span><\/span><span style=\"font-family: Georgia, serif;\"><span style=\"font-size: medium;\"><b>monaco di Wittenberg<\/b><\/span><\/span><span style=\"font-family: Georgia, serif;\"><span style=\"font-size: medium;\"> si prenda una strada diversa che porta ad una diversa modernit\u00e0, quella anglo-americana. Preme quindi solo sottolineare come quella linea che <\/span><\/span><span style=\"font-family: Georgia, serif;\"><span style=\"font-size: medium;\"><b>De Lubac<\/b><\/span><\/span><span style=\"font-family: Georgia, serif;\"><span style=\"font-size: medium;\">, attraverso infinite mediazioni, riflessioni, tradimenti e approfondimenti pone da <\/span><\/span><span style=\"font-family: Georgia, serif;\"><span style=\"font-size: medium;\"><b>Gioacchino da Fiore<\/b><\/span><\/span><span style=\"font-family: Georgia, serif;\"><span style=\"font-size: medium;\"> a <\/span><\/span><span style=\"font-family: Georgia, serif;\"><span style=\"font-size: medium;\"><b>Hitler<\/b><\/span><\/span><span style=\"font-family: Georgia, serif;\"><span style=\"font-size: medium;\"> (uno degli ultimi paragrafi della sua monumentale opera s\u2019intitola non casualmente \u201cDa Marx a Hitler\u201d) \u00e8 una possibilit\u00e0 di realizzazione del mondo moderno. Forse la pi\u00f9 inquietante, ma senz\u2019altro non l\u2019unica. Il libro di <\/span><\/span><span style=\"font-family: Georgia, serif;\"><span style=\"font-size: medium;\"><b>Massimo Borghesi <\/b><\/span><\/span><span style=\"font-family: Georgia, serif;\"><span style=\"font-size: medium;\">contribuisce in modo pregnante a descrivere come un aspetto della modernit\u00e0 si sia realizzato nella cultura dell\u2019Europa occidentale segnandone, talvolta tragicamente, il destino.<\/span><\/span><\/p>\n","protected":false},"excerpt":{"rendered":"<p>&nbsp; Note di lettura al volume di Massimo Borghesi \u201cLa terza et\u00e0 del mondo. L\u2019utopia della seconda modernit\u00e0\u201d di Nicola [&hellip;]<\/p>\n","protected":false},"author":1,"featured_media":0,"comment_status":"open","ping_status":"open","sticky":false,"template":"","format":"standard","meta":{"footnotes":""},"categories":[10,22],"tags":[],"class_list":["post-10580","post","type-post","status-publish","format-standard","hentry","category-italiano","category-libros-y-revistas-literatura"],"_links":{"self":[{"href":"https:\/\/www.ecoitaliano.com.ar\/index.php?rest_route=\/wp\/v2\/posts\/10580","targetHints":{"allow":["GET"]}}],"collection":[{"href":"https:\/\/www.ecoitaliano.com.ar\/index.php?rest_route=\/wp\/v2\/posts"}],"about":[{"href":"https:\/\/www.ecoitaliano.com.ar\/index.php?rest_route=\/wp\/v2\/types\/post"}],"author":[{"embeddable":true,"href":"https:\/\/www.ecoitaliano.com.ar\/index.php?rest_route=\/wp\/v2\/users\/1"}],"replies":[{"embeddable":true,"href":"https:\/\/www.ecoitaliano.com.ar\/index.php?rest_route=%2Fwp%2Fv2%2Fcomments&post=10580"}],"version-history":[{"count":0,"href":"https:\/\/www.ecoitaliano.com.ar\/index.php?rest_route=\/wp\/v2\/posts\/10580\/revisions"}],"wp:attachment":[{"href":"https:\/\/www.ecoitaliano.com.ar\/index.php?rest_route=%2Fwp%2Fv2%2Fmedia&parent=10580"}],"wp:term":[{"taxonomy":"category","embeddable":true,"href":"https:\/\/www.ecoitaliano.com.ar\/index.php?rest_route=%2Fwp%2Fv2%2Fcategories&post=10580"},{"taxonomy":"post_tag","embeddable":true,"href":"https:\/\/www.ecoitaliano.com.ar\/index.php?rest_route=%2Fwp%2Fv2%2Ftags&post=10580"}],"curies":[{"name":"wp","href":"https:\/\/api.w.org\/{rel}","templated":true}]}}