{"id":10600,"date":"2020-06-09T15:25:55","date_gmt":"2020-06-09T15:25:55","guid":{"rendered":"http:\/\/www.ecoitaliano.com.ar\/?p=10600"},"modified":"2020-06-09T15:25:55","modified_gmt":"2020-06-09T15:25:55","slug":"serena-conduce-operaclassica-eco-italiano-313","status":"publish","type":"post","link":"https:\/\/www.ecoitaliano.com.ar\/?p=10600","title":{"rendered":"Serena conduce Operaclassica Eco Italiano"},"content":{"rendered":"<p><strong><span class=\"_5yl5\">VIDEO ANNUNCIO CONCERTO DI HUI HE<\/span><\/strong><\/p>\n<div class=\"_3_bl\">\n<div class=\"_5w1r _3_om _5wdf\">\n<div class=\"_4gx_\">\n<div class=\"_1aa6\">\n<div class=\"\"><span class=\"_5yl5\">HUI HE: \u201cIL MIO CANTO PER VERONA E PER LA RINASCITA DELLA MUSICA\u201d<\/span><\/div>\n<\/div>\n<\/div>\n<\/div>\n<\/div>\n<div class=\"_4tdt _ua1\">\n<div class=\"_ua2\">\n<div class=\"_4tdv\">\n<div class=\"_5wd4 _1nc7\">\n<div class=\"_40qi\"><\/div>\n<\/div>\n<\/div>\n<\/div>\n<\/div>\n<div class=\"_4tdt _ua1\">\n<div class=\"_31o4\">\n<div class=\"_6--1\" aria-hidden=\"true\">\n<div class=\"_1gyw _55lt\"><img decoding=\"async\" class=\"img\" src=\"https:\/\/scontent.faep9-2.fna.fbcdn.net\/v\/t1.0-1\/cp0\/p60x60\/71840866_2627482197298180_4067523274160996352_n.jpg?_nc_cat=107&amp;_nc_sid=7206a8&amp;_nc_ohc=ArNFu0JqZoIAX91_vGb&amp;_nc_ht=scontent.faep9-2.fna&amp;oh=db65d9bc83d328d1825fd1210c958cf2&amp;oe=5F051F69\" alt=\"\" width=\"28\" height=\"28\" \/><\/div>\n<div class=\"_1gyx\"><\/div>\n<\/div>\n<\/div>\n<div class=\"_ua2\">\n<div class=\"_4tdv\">\n<div class=\"_5wd4 _1nc7\">\n<div class=\"._1dlq _h8t\">\n<div class=\"_5wd9 direction_ltr clearfix\">\n<div class=\"_1e-x _n4o\">\n<div class=\"_3_bl\">\n<div class=\"_3_bp\"><\/div>\n<div class=\"_5w1r _3_om _5wdf\">\n<div class=\"_4gx_\">\n<div class=\"_1aa6\">\n<div class=\"\"><span class=\"_5yl5\">Il 15 giugno 2020 alle 20.30, dopo tre mesi di silenzio, la voce di Hui He torner\u00e0 a a cantare per un concerto straordinario organizzato dall\u2019associazione musicale VeronaLirica, il primo, in Italia, dal vivo e con la presenza del pubblico, nella maestosa Basilica di San Zeno, vero gioiello d\u2019arte nel pieno centro di Verona. Hui He, affezionatissima alla citt\u00e0 scaligera, sar\u00e0 affiancata per questa occasione dal Quartetto d\u2019Archi VeronaLirica, composto da Gunther Sanin (violino), Mirela Lico (violino), Luca Pozza (viola), Sara Airoldi al violoncello e Roberto Corlian al pianoforte.<\/span><\/div>\n<\/div>\n<\/div>\n<\/div>\n<\/div>\n<\/div>\n<\/div>\n<\/div>\n<\/div>\n<\/div>\n<\/div>\n<\/div>\n<div class=\"_40qi\"><\/div>\n<div><a href=\"http:\/\/www.ecoitaliano.com.ar\/wp-content\/uploads\/2020\/06\/102953737_719000028860726_2541931742667413808_n.png\"><img decoding=\"async\" class=\"alignnone size-full wp-image-10601\" src=\"http:\/\/www.ecoitaliano.com.ar\/wp-content\/uploads\/2020\/06\/102953737_719000028860726_2541931742667413808_n.png\" alt=\"\" width=\"1600\" height=\"838\" srcset=\"https:\/\/www.ecoitaliano.com.ar\/wp-content\/uploads\/2020\/06\/102953737_719000028860726_2541931742667413808_n.png 1600w, https:\/\/www.ecoitaliano.com.ar\/wp-content\/uploads\/2020\/06\/102953737_719000028860726_2541931742667413808_n-300x157.png 300w, https:\/\/www.ecoitaliano.com.ar\/wp-content\/uploads\/2020\/06\/102953737_719000028860726_2541931742667413808_n-768x402.png 768w, https:\/\/www.ecoitaliano.com.ar\/wp-content\/uploads\/2020\/06\/102953737_719000028860726_2541931742667413808_n-1024x536.png 1024w, https:\/\/www.ecoitaliano.com.ar\/wp-content\/uploads\/2020\/06\/102953737_719000028860726_2541931742667413808_n-150x79.png 150w\" sizes=\"(max-width: 1600px) 100vw, 1600px\" \/><\/a><\/div>\n<div>\n<p class=\"western\" align=\"center\"><span style=\"font-size: large;\"><b>HUI HE: \u201cIL MIO CANTO PER VERONA E PER LA RINASCITA <\/b><\/span><\/p>\n<p class=\"western\" align=\"center\"><span style=\"font-size: large;\"><b>DELLA MUSICA\u201d <\/b><\/span><\/p>\n<p class=\"western\"><img decoding=\"async\" src=\"file:\/\/\/tmp\/lu675882s0f3.tmp\/lu675882s0fa_tmp_ed43a649187a104.png\" width=\"643\" height=\"337\" name=\"Picture 33\" align=\"bottom\" border=\"0\" \/><\/p>\n<p class=\"western\">Il 15 giugno 2020 alle 20.30, dopo tre mesi di silenzio, la voce di Hui He torner\u00e0 a a cantare per un concerto straordinario organizzato dall\u2019associazione musicale VeronaLirica, il primo, in Italia, dal vivo e con la presenza del pubblico, nella maestosa Basilica di San Zeno, vero gioiello d\u2019arte nel pieno centro di Verona. L\u2019evento sar\u00e0 aperto ai soci di VeronaLirica, che avranno l&#8217;obbligo di prenotazione, poich\u00e8 per garantire la sicurezza del pubblico, sar\u00e0 possibile l\u2019ingresso a solo cento persone.<\/p>\n<p class=\"western\">Hui He, affezionatissima alla citt\u00e0 scaligera, sar\u00e0 affiancata per questa occasione dal Quartetto d\u2019Archi VeronaLirica, composto da Gunther Sanin (violino), Mirela Lico (violino), Luca Pozza (viola), Sara Airoldi al violoncello e Roberto Corlian al pianoforte.<\/p>\n<p class=\"western\">Un\u2019occasione di rinascita per la musica a Verona e in Italia, nel segno dell\u2019opera lirica. Durante la serata verranno eseguite arie da alcuni capisaldi del melodramma italiano come Manon Lescaut e Andrea Ch\u00e8nier.<\/p>\n<p class=\"western\">A proposito di questo atteso evento il soprano racconta: \u201cSono felice di poter partecipare a questo concerto, di poter dare la mia voce a Verona, una citt\u00e0 a cui sono molto legata. L\u2019emozione di questa occasione \u00e8 come quella di una grande prima, poter di nuovo cantare per il pubblico e condividere l\u2019amore per questa arte \u00e8 un dono unico, e in questo periodo ho capito ancora di pi\u00f9 la ricchezza e la fortuna di poter fare questo mestiere. In questi tre mesi e pi\u00f9 di silenzio, ho continuato a dedicare le mie giornate alla cura della mia voce, continuando a studiare per migliorare, approfondendo i ruoli gi\u00e0 affrontati e preparandomi per i prossimi debutti, personaggi bellissimi che spero di poter davvero affrontare nella prossima stagione. Ho avuto anche il tempo di dedicarmi alla mia seconda passione, la pittura, e ho realizzato pi\u00f9 di venti opere. L\u2019Arte pu davvero renderci migliori e farci ripartire con grande speranza e unione.\u201d<\/p>\n<div style=\"width: 400px;\" class=\"wp-video\"><!--[if lt IE 9]><script>document.createElement('video');<\/script><![endif]-->\n<video class=\"wp-video-shortcode\" id=\"video-10600-1\" width=\"400\" height=\"220\" preload=\"metadata\" controls=\"controls\"><source type=\"video\/mp4\" src=\"http:\/\/www.ecoitaliano.com.ar\/wp-content\/uploads\/2020\/06\/video-1591715850.mp4?_=1\" \/><a href=\"http:\/\/www.ecoitaliano.com.ar\/wp-content\/uploads\/2020\/06\/video-1591715850.mp4\">http:\/\/www.ecoitaliano.com.ar\/wp-content\/uploads\/2020\/06\/video-1591715850.mp4<\/a><\/video><\/div>\n<\/div>\n","protected":false},"excerpt":{"rendered":"<p>VIDEO ANNUNCIO CONCERTO DI HUI HE HUI HE: \u201cIL MIO CANTO PER VERONA E PER LA RINASCITA DELLA MUSICA\u201d Il [&hellip;]<\/p>\n","protected":false},"author":1,"featured_media":0,"comment_status":"open","ping_status":"open","sticky":false,"template":"","format":"standard","meta":{"footnotes":""},"categories":[10,40],"tags":[],"class_list":["post-10600","post","type-post","status-publish","format-standard","hentry","category-italiano","category-serena-conduce-operaclassica"],"_links":{"self":[{"href":"https:\/\/www.ecoitaliano.com.ar\/index.php?rest_route=\/wp\/v2\/posts\/10600","targetHints":{"allow":["GET"]}}],"collection":[{"href":"https:\/\/www.ecoitaliano.com.ar\/index.php?rest_route=\/wp\/v2\/posts"}],"about":[{"href":"https:\/\/www.ecoitaliano.com.ar\/index.php?rest_route=\/wp\/v2\/types\/post"}],"author":[{"embeddable":true,"href":"https:\/\/www.ecoitaliano.com.ar\/index.php?rest_route=\/wp\/v2\/users\/1"}],"replies":[{"embeddable":true,"href":"https:\/\/www.ecoitaliano.com.ar\/index.php?rest_route=%2Fwp%2Fv2%2Fcomments&post=10600"}],"version-history":[{"count":0,"href":"https:\/\/www.ecoitaliano.com.ar\/index.php?rest_route=\/wp\/v2\/posts\/10600\/revisions"}],"wp:attachment":[{"href":"https:\/\/www.ecoitaliano.com.ar\/index.php?rest_route=%2Fwp%2Fv2%2Fmedia&parent=10600"}],"wp:term":[{"taxonomy":"category","embeddable":true,"href":"https:\/\/www.ecoitaliano.com.ar\/index.php?rest_route=%2Fwp%2Fv2%2Fcategories&post=10600"},{"taxonomy":"post_tag","embeddable":true,"href":"https:\/\/www.ecoitaliano.com.ar\/index.php?rest_route=%2Fwp%2Fv2%2Ftags&post=10600"}],"curies":[{"name":"wp","href":"https:\/\/api.w.org\/{rel}","templated":true}]}}