{"id":10609,"date":"2020-06-11T08:38:06","date_gmt":"2020-06-11T08:38:06","guid":{"rendered":"http:\/\/www.ecoitaliano.com.ar\/?p=10609"},"modified":"2020-06-11T15:14:09","modified_gmt":"2020-06-11T15:14:09","slug":"la-bambola-con-il-tuppo-il-nuovo-romanzo-di-francesco-testa-una-storia-di-vicende-aspre-dolorose-e-imprevedibili-che-si-legge-dun-fiato","status":"publish","type":"post","link":"https:\/\/www.ecoitaliano.com.ar\/?p=10609","title":{"rendered":"\u201cLA BAMBOLA COL TUPPO\u201d, IL NUOVO ROMANZO DI FRANCESCO TESTA  Una storia di vicende aspre dolorose e imprevedibili, che si legge d\u2019un fiato"},"content":{"rendered":"<div id='gallery-1' class='gallery galleryid-10609 gallery-columns-3 gallery-size-thumbnail'><figure class='gallery-item'>\n\t\t\t<div class='gallery-icon portrait'>\n\t\t\t\t<a href='https:\/\/www.ecoitaliano.com.ar\/?attachment_id=10610'><img decoding=\"async\" width=\"150\" height=\"150\" src=\"https:\/\/www.ecoitaliano.com.ar\/wp-content\/uploads\/2020\/06\/Francesco-Testa-150x150.jpg\" class=\"attachment-thumbnail size-thumbnail\" alt=\"\" \/><\/a>\n\t\t\t<\/div><\/figure><figure class='gallery-item'>\n\t\t\t<div class='gallery-icon portrait'>\n\t\t\t\t<a href='https:\/\/www.ecoitaliano.com.ar\/?attachment_id=10611'><img decoding=\"async\" width=\"150\" height=\"150\" src=\"https:\/\/www.ecoitaliano.com.ar\/wp-content\/uploads\/2020\/06\/cover-150x150.jpg\" class=\"attachment-thumbnail size-thumbnail\" alt=\"\" \/><\/a>\n\t\t\t<\/div><\/figure>\n\t\t<\/div>\n\n<p><span style=\"font-family: Georgia, serif;\">11 giugno 2020<\/span><\/p>\n<p align=\"center\">\u201c<span style=\"font-family: Georgia, serif;\"><i><b>LA<\/b><\/i><\/span><b> <\/b><span style=\"font-family: Georgia, serif;\"><i><b>BAMBOLA COL TUPPO<\/b><\/i><\/span><span style=\"font-family: Georgia, serif;\"><b>\u201d, IL NUOVO ROMANZO DI FRANCESCO TESTA<\/b><\/span><\/p>\n<p align=\"center\"><span style=\"font-family: Georgia, serif;\"><span style=\"font-size: medium;\"><b>Una storia di vicende aspre dolorose e imprevedibili, che si legge d\u2019un fiato<\/b><\/span><\/span><\/p>\n<p align=\"center\"><a name=\"_GoBack\"><\/a> <span style=\"font-family: Georgia, serif;\">di <\/span><span style=\"font-family: Georgia, serif;\"><b>Goffredo Palmerini<\/b><\/span><\/p>\n<p align=\"justify\"><span style=\"font-family: Georgia, serif;\">L\u2019AQUILA \u2013 Non si era ancora attenuata l\u2019eco compiaciuta per il suo ultimo romanzo, gratificato da diversi premi letterari e da vasti consensi tra i lettori, che gi\u00e0 <\/span><span style=\"font-family: Georgia, serif;\"><b>Francesco Testa<\/b><\/span><span style=\"font-family: Georgia, serif;\"> ci intriga e sorprende con una nuova avventura letteraria, \u201c<\/span><span style=\"font-family: Georgia, serif;\"><i><b>La bambola col tuppo<\/b><\/i><\/span><span style=\"font-family: Georgia, serif;\">\u201d (Graus Edizioni, Napoli, 2020). Si tratta di un romanzo con una struttura narrativa dalle tinte dapprima delicate, ma che man mano si drammatizza in vicende di sempre pi\u00f9 forte impatto emotivo, spinte talvolta in sospensioni thriller e noir. Non una storia, ma una densa congerie di pi\u00f9 storie che si concatenano, dove l\u2019elemento psicologico e il retroterra umano del protagonista e degli altri personaggi tratteggiano e motivano l\u2019asprezza degli accadimenti. La narrazione si avvale d\u2019una scrittura di rango elevato, qual \u00e8 quella dell\u2019autore, coinvolge e attrae con una sequenza di vicende ricche di colpi di scena, tali talvolta da far trattenere il fiato. <\/span><\/p>\n<p align=\"justify\"><span style=\"font-family: Georgia, serif;\">Non c\u2019\u00e8 alcun dubbio. <\/span><span style=\"font-family: Georgia, serif;\"><b>Francesco Testa<\/b><\/span><span style=\"font-family: Georgia, serif;\"> sa usare con rara perizia gli elementi psicologici che muovono il comportamento umano, specie quando s\u2019immerge nel fango delle traviazioni pi\u00f9 squallide e malsane. \u201c<\/span><span style=\"font-family: Georgia, serif;\"><i>La bambola col tuppo\u201d<\/i><\/span><span style=\"font-family: Georgia, serif;\"> rappresenta uno spaccato di vita vissuta di cui restituisce la profondit\u00e0 attraverso una prosa che non ha paura d\u2019indignare o di sconvolgere, ma che, al tempo stesso, aborre ogni facile sensazionalismo. E\u2019 un romanzo che riesce a raggiungere la perfetta fusione di forma e contenuto, trasmettendo messaggi eternamente validi.<\/span><\/p>\n<p align=\"justify\"><span style=\"font-family: Georgia, serif;\">Gli eventi s\u2019alternano a riflessioni profonde, che spaziano dalla condizione dei diseredati all&#8217;insicurezza, dalla meschinit\u00e0 dell&#8217;uomo alla sua capacit\u00e0 di mettersi in discussione, dalla sua <\/span><span style=\"font-family: Georgia, serif;\"><i>hybris<\/i><\/span><span style=\"font-family: Georgia, serif;\"> al senso dell&#8217;amore e della vita, dalle vicende private a quelle della collettivit\u00e0. Sar\u00e0 per\u00f2 meglio immergersi nella lettura del romanzo, nei meandri d\u2019una storia forte di pathos e di situazioni imprevedibili, per assaporarne talvolta controverse emozioni. <\/span><\/p>\n<p align=\"justify\"><span style=\"font-family: Georgia, serif;\">Eccone della storia alcuni brevi tratti. Ignazio Alfonso de Dura, significativo uomo dell\u2019antica aristocrazia partenopea, in seguito a un&#8217;esperienza quasi mistica decide di mettere la propria ricchezza al servizio del bene comune. Il suo felice matrimonio con Beatrice \u00e8 turbato dall&#8217;assenza di figli. A cambiare le cose l&#8217;incontro quasi casuale con Gennarino, un ragazzino orfano cresciuto da un lontano cugino della madre. I coniugi de Dura si affezionano al ragazzo, gracile e snello, si legano a lui fin quando non l\u2019adotteranno, appena raggiunta la maggiore et\u00e0, facendone il loro unico erede.<\/span><\/p>\n<p align=\"justify\"><span style=\"font-family: Georgia, serif;\">La vita, caratterizzata da un affetto familiare intenso, \u00e8 per\u00f2 funestata da una serie di eventi spiacevoli: la rivelazione di elementi d\u2019un passato ignoto e spaventoso, la malattia di Ignazio Alfonso prima e poi quella di Beatrice. Un susseguirsi di drammi che influiranno sullo sviluppo e sulla psiche di Gennarino. Il ragazzo, divenuto uomo, \u00e8 intanto alla ricerca del suo posto nel mondo, diviso tra volont\u00e0 di rivalsa verso le persone che egli ritiene immeritevoli di perdono e desiderio d\u2019affermarsi, laureandosi in psicologia e percorrendo il cammino della professione. Un percorso che lo condurr\u00e0 a lavorare in contesti diversissimi, ma assai formativi sul piano umano e professionale.<\/span><\/p>\n<p align=\"justify\"><span style=\"font-family: Georgia, serif;\">Attraverso l&#8217;esperienza nella famigerata Clinica della Morte, struttura fittizia che ricalca per\u00f2 realt\u00e0 concrete spesso dimenticate, Gennarino si trova a mettere in dubbio la propria vocazione professionale, confrontandosi con persone ormai fuori di senno e abbandonate a se stesse. Lo tormenta inoltre l&#8217;ossessione di mettere al mondo un erede, per garantire continuit\u00e0 al suo casato. Non si fa scrupoli, quindi, di mettere incinte donne inconsapevoli, come la badante di sua madre, pagata per avere rapporti sessuali. <\/span><\/p>\n<p align=\"justify\"><span style=\"font-family: Georgia, serif;\">L&#8217;insieme di ansie, sensi di colpa e stress trasformano Gennarino in un vero e proprio lupo mannaro che ogni notte ulula la propria disperazione alla luna e al vicinato, correndo nudo e privo di raziocino nel giardino della sua villa. A salvarlo sar\u00e0 un&#8217;infermiera, Luisa, donna pi\u00f9 grande di lui e sua prima fidanzata, capace di curare le sue afflizioni e fornirgli un&#8217;occasione di riscatto, con un nuovo lavoro in un\u2019esclusiva clinica della citt\u00e0. <\/span><\/p>\n<p align=\"justify\"><span style=\"font-family: Georgia, serif;\">L&#8217;amore per Luisa \u00e8 la prima emozione sana che Gennarino prova, dopo un lungo periodo di tenebre. Tuttavia non basta a guarirlo dalle sue fissazioni, specie quando i due non riusciranno ad avere un figlio. Gennarino perder\u00e0 la testa per una sua collega, donna dal passato traumatico e misterioso, apparentemente incapace di ricambiare appieno i suoi sentimenti. La sensualit\u00e0 quasi animalesca della donna, alternata a clausure monastiche, trasformer\u00e0 l&#8217;infatuazione di Gennarino in un amore senza limiti, cieco a ogni stortura, tanto da portarlo ad una nuova perdizione.<\/span><\/p>\n<p align=\"justify\"><span style=\"font-family: Georgia, serif;\">La morte della madre in circostanze sospette, la conseguente indagine dei carabinieri al comando d\u2019un luogotenente d&#8217;altri tempi, dotato di un finissimo intuito, d\u00e0 una nuova scossa a Gennarino, portandolo a rimettere in discussione tutte le scelte prese. La conclusione delle sue vicende sar\u00e0 emblematica: n\u00e9 lieto fine n\u00e9 tragedia, ma una vita con una prospettiva pi\u00f9 cupa e malinconica, anche se pi\u00f9 reale. La vita di Gennarino, le cui meschinit\u00e0 e gesti nobili si mischiano di continuo in un&#8217;individualit\u00e0 estremamente sfaccettata, \u00e8 talvolta solida come una roccia ma al tempo stesso fragile come un vaso, con conseguenze poco immaginabili. <\/span><\/p>\n<p align=\"justify\"><span style=\"font-family: Georgia, serif;\"><b>Francesco Testa<\/b><\/span><span style=\"font-family: Georgia, serif;\">, in questa nuova opera, rivela peraltro il desiderio d\u2019innovare, di non ricalcare stereotipati sentieri narrativi che indulgano in un genere letterario confinato. L\u2019autore si distacca da un qualunque genere, mettendo in campo una creativit\u00e0 che reinventa ed amalgama situazioni e tematiche, le pi\u00f9 variegate, dal rosa al giallo al noir. Si trovano cos\u00ec brandelli di dramma romantico e di tragedia familiare, di critica sociale con le crude descrizioni nella Clinica della Morte, di thriller psicologico con l&#8217;incursione nell&#8217;interiorit\u00e0 dei personaggi, di giallo poliziesco con le indagini e i metodi eterodossi del luogotenente Canepa, infine di romanzo di formazione con la difficile ma costante crescita della personalit\u00e0 del protagonista. \u201c<\/span><span style=\"font-family: Georgia, serif;\"><i><b>La bambola col tuppo<\/b><\/i><\/span><span style=\"font-family: Georgia, serif;\">\u201d \u00e8 dunque un romanzo da leggere. Di certo scuote e non lascia indifferenti sulla frastagliata e tormentata diversit\u00e0 delle vicende umane.<\/span><\/p>\n<p align=\"center\"><span style=\"font-family: Georgia, serif;\">***<\/span><\/p>\n<p align=\"justify\"><span style=\"font-family: Georgia, serif;\"><span style=\"font-size: small;\"><b>Francesco Testa<\/b><\/span><\/span><span style=\"font-family: Georgia, serif;\"><span style=\"font-size: small;\">\u00a0<\/span><\/span><span style=\"font-family: Georgia, serif;\"><span style=\"font-size: small;\">\u00e8 nato ad Udine, vive e lavora a Napoli. Psicologo e psicoterapeuta, \u00e8 laureato in Economia aziendale e in Sociologia con lode, H.C. di Doctor of Health Management Engeneering presso la Constantinian University (State di Rhode Island, USA). Top manager di primari gruppi industriali e Direttore Generale di aziende sanitarie e ospedaliere. Presidente dell\u2019Azienda Soggiorno e Turismo di Paestum. Giornalista pubblicista e Revisore legale. Docente di Economia sanitaria. Insignito delle onorificenze dell\u2019Ordine al Merito della Repubblica Italiana (OMRI), di Cavaliere, Commendatore e Grand\u2019Ufficiale. Per il suo impegno sociale a favore delle persone sofferenti o svantaggiate \u00e8 stato anche insignito, dalla Citt\u00e0 del Vaticano, delle onorificenze di Cavaliere e Commendatore dell\u2019Ordine Equestre del Santo Sepolcro di Gerusalemme. \u00c8 accademico effettivo dell\u2019Accademia Teatina per le Scienze e Academicum Ordinarium Nobilis Sanctae Theodorae Imperatris (USA). Tra le sue pubblicazioni si citano\u00a0<\/span><\/span><span style=\"font-family: Georgia, serif;\"><span style=\"font-size: small;\"><i>Qualit\u00e0 in Sanit\u00e0<\/i><\/span><\/span><span style=\"font-family: Georgia, serif;\"><span style=\"font-size: small;\">\u00a0\u2013\u00a0<\/span><\/span><span style=\"font-family: Georgia, serif;\"><span style=\"font-size: small;\"><i>Strumenti e strategie di sistema<\/i><\/span><\/span><span style=\"font-family: Georgia, serif;\"><span style=\"font-size: small;\">\u00a0(Edizioni G. Laterza, Bari, 2001);\u00a0<\/span><\/span><span style=\"font-family: Georgia, serif;\"><span style=\"font-size: small;\"><i>Controllo e programmazione delle aziende sanitarie<\/i><\/span><\/span><span style=\"font-family: Georgia, serif;\"><span style=\"font-size: small;\">\u00a0(Edizioni G. Laterza, Bari, 2001);\u00a0<\/span><\/span><span style=\"font-family: Georgia, serif;\"><span style=\"font-size: small;\"><i>L\u2019ignorante \u00e8 schiavo<\/i><\/span><\/span><span style=\"font-family: Georgia, serif;\"><span style=\"font-size: small;\">\u00a0(Graus, Napoli 2010). Nel 2015 inizia una intensa e proficua collaborazione con Giulia Fera, che porta alla pubblicazione dei romanzi\u00a0<\/span><\/span><span style=\"font-family: Georgia, serif;\"><span style=\"font-size: small;\"><i>Il canto nel vento. Un sentiero di crescita<\/i><\/span><\/span><span style=\"font-family: Georgia, serif;\"><span style=\"font-size: small;\">\u00a0(Graus, Napoli, 2015),\u00a0<\/span><\/span><span style=\"font-family: Georgia, serif;\"><span style=\"font-size: small;\"><i>Aironi di carta<\/i><\/span><\/span><span style=\"font-family: Georgia, serif;\"><span style=\"font-size: small;\">\u00a0(Graus, 2017),\u00a0<\/span><\/span><span style=\"font-family: Georgia, serif;\"><span style=\"font-size: small;\"><i>Veleni &amp; Verit\u00e0<\/i><\/span><\/span><span style=\"font-family: Georgia, serif;\"><span style=\"font-size: small;\">\u00a0(Graus, 2018), <\/span><\/span><span style=\"font-family: Georgia, serif;\"><span style=\"font-size: small;\"><i>Indelebile come un tatuaggio<\/i><\/span><\/span><span style=\"font-family: Georgia, serif;\"><span style=\"font-size: small;\"> (Graus, 2019), <\/span><\/span><span style=\"font-family: Georgia, serif;\"><span style=\"font-size: small;\"><i>La bambola con il tuppo (Graus, 2020).<\/i><\/span><\/span><\/p>\n<p>&nbsp;<\/p>\n<p>&nbsp;<\/p>\n","protected":false},"excerpt":{"rendered":"<p>11 giugno 2020 \u201cLA BAMBOLA COL TUPPO\u201d, IL NUOVO ROMANZO DI FRANCESCO TESTA Una storia di vicende aspre dolorose e [&hellip;]<\/p>\n","protected":false},"author":1,"featured_media":0,"comment_status":"open","ping_status":"open","sticky":false,"template":"","format":"standard","meta":{"footnotes":""},"categories":[10,22],"tags":[],"class_list":["post-10609","post","type-post","status-publish","format-standard","hentry","category-italiano","category-libros-y-revistas-literatura"],"_links":{"self":[{"href":"https:\/\/www.ecoitaliano.com.ar\/index.php?rest_route=\/wp\/v2\/posts\/10609","targetHints":{"allow":["GET"]}}],"collection":[{"href":"https:\/\/www.ecoitaliano.com.ar\/index.php?rest_route=\/wp\/v2\/posts"}],"about":[{"href":"https:\/\/www.ecoitaliano.com.ar\/index.php?rest_route=\/wp\/v2\/types\/post"}],"author":[{"embeddable":true,"href":"https:\/\/www.ecoitaliano.com.ar\/index.php?rest_route=\/wp\/v2\/users\/1"}],"replies":[{"embeddable":true,"href":"https:\/\/www.ecoitaliano.com.ar\/index.php?rest_route=%2Fwp%2Fv2%2Fcomments&post=10609"}],"version-history":[{"count":0,"href":"https:\/\/www.ecoitaliano.com.ar\/index.php?rest_route=\/wp\/v2\/posts\/10609\/revisions"}],"wp:attachment":[{"href":"https:\/\/www.ecoitaliano.com.ar\/index.php?rest_route=%2Fwp%2Fv2%2Fmedia&parent=10609"}],"wp:term":[{"taxonomy":"category","embeddable":true,"href":"https:\/\/www.ecoitaliano.com.ar\/index.php?rest_route=%2Fwp%2Fv2%2Fcategories&post=10609"},{"taxonomy":"post_tag","embeddable":true,"href":"https:\/\/www.ecoitaliano.com.ar\/index.php?rest_route=%2Fwp%2Fv2%2Ftags&post=10609"}],"curies":[{"name":"wp","href":"https:\/\/api.w.org\/{rel}","templated":true}]}}