{"id":10644,"date":"2020-06-14T18:22:06","date_gmt":"2020-06-14T18:22:06","guid":{"rendered":"http:\/\/www.ecoitaliano.com.ar\/?p=10644"},"modified":"2020-06-14T18:22:24","modified_gmt":"2020-06-14T18:22:24","slug":"lettera-aperta-per-sollecitare-la-riapertura-della-brum-biblioteca-regionale-giacomo-longo-di-messina","status":"publish","type":"post","link":"https:\/\/www.ecoitaliano.com.ar\/?p=10644","title":{"rendered":"Lettera aperta per sollecitare la riapertura della BRUM Biblioteca Regionale \u00abGiacomo Longo\u00bb di Messina"},"content":{"rendered":"<p><a href=\"http:\/\/www.ecoitaliano.com.ar\/wp-content\/uploads\/2020\/06\/BRUM-Ingresso-con-evento-.jpg\"><img decoding=\"async\" class=\"alignnone size-full wp-image-10645\" src=\"http:\/\/www.ecoitaliano.com.ar\/wp-content\/uploads\/2020\/06\/BRUM-Ingresso-con-evento-.jpg\" alt=\"\" width=\"768\" height=\"932\" srcset=\"https:\/\/www.ecoitaliano.com.ar\/wp-content\/uploads\/2020\/06\/BRUM-Ingresso-con-evento-.jpg 768w, https:\/\/www.ecoitaliano.com.ar\/wp-content\/uploads\/2020\/06\/BRUM-Ingresso-con-evento--247x300.jpg 247w, https:\/\/www.ecoitaliano.com.ar\/wp-content\/uploads\/2020\/06\/BRUM-Ingresso-con-evento--124x150.jpg 124w\" sizes=\"(max-width: 768px) 100vw, 768px\" \/><\/a><\/p>\n<p>&nbsp;<\/p>\n<p>BIBLIOTECA REGIONALE UNIVERSITARIA DI MESSINA<br \/>\nAppello dei cittadini per la riapertura<br \/>\nLa Biblioteca Regionale Universitaria \u201cGiacomo Longo\u201d di Messina non \u00e8 solo<br \/>\nuna delle pi\u00f9 antiche e prestigiose istituzioni siciliane, ma molto di pi\u00f9: \u00e8 al centro<br \/>\ndella vita culturale della nostra citt\u00e0 ed \u00e8 un luogo privilegiato di studio e ricerca.<br \/>\nLa frequentano alunni delle scuole primarie e secondarie (coinvolti in progetti<br \/>\nspecifici o con l\u2019alternanza scuola-lavoro), studenti universitari, ricercatori,<br \/>\ndocenti, studiosi anche di nazioni diverse che vengono ad attingere ai suoi fondi<br \/>\npreziosi, cultori di storia patria e lettori appassionati.<br \/>\nIl suo ricco patrimonio librario e manoscritto include vere rarit\u00e0 ed \u00e8 un vanto per<br \/>\nMessina e i suoi abitanti. Non solo agli specialisti ma a tutta la citt\u00e0 \u00e8 rivolta infatti la ricca offerta culturale della Biblioteca, che risponde sempre pi\u00f9 alle richieste degli utenti.<br \/>\nNei mesi passati la BRUM \u00e8 stata chiusa al pubblico, come d\u2019obbligo a causa della<br \/>\npandemia, restando per\u00f2 attiva col personale in smart working ed eventi sul web.<br \/>\nOra che siamo in fase di ripresa e si riaprono i luoghi della cultura la BRUM resta<br \/>\npurtroppo ancora inaccessibile agli studiosi, cos\u00ec come la Biblioteca Centrale della<br \/>\nRegione Siciliana \u201cAlberto Bombace\u201d di Palermo e la Biblioteca Regionale<br \/>\nUniversitaria di Catania.<br \/>\nDa cittadini che hanno a cuore le proprie istituzioni, con questa lettera noi<br \/>\nvogliamo tenere acceso l\u2019interesse e l\u2019amore verso la BRUM in quanto depositaria<br \/>\ndella nostra storia comunitaria.<br \/>\nAuspichiamo quindi che &#8211; in un clima di fattiva collaborazione tra le parti &#8211; possano<br \/>\nessere al pi\u00f9 presto rimossi tutti gli ostacoli alla sua riapertura.<br \/>\nCi auguriamo anche che la BRUM venga messa in condizione di espletare al<br \/>\nmeglio i suoi compiti istituzionali, con orari d\u2019apertura pi\u00f9 prolungati e in una sede diversa da quella attuale, nell\u2019interesse di una maggiore fruizione. Una sede non pi\u00f9 dislocata su tre plessi ma capace di ospitare tutto il posseduto e le future<br \/>\nacquisizioni, e con una centralit\u00e0 nel tessuto urbano.<br \/>\nUna nuova sede consona, come in passato, al suo secolare prestigio.<br \/>\nMessina 12 giugno 2020<\/p>\n","protected":false},"excerpt":{"rendered":"<p>&nbsp; BIBLIOTECA REGIONALE UNIVERSITARIA DI MESSINA Appello dei cittadini per la riapertura La Biblioteca Regionale Universitaria \u201cGiacomo Longo\u201d di Messina [&hellip;]<\/p>\n","protected":false},"author":1,"featured_media":0,"comment_status":"open","ping_status":"open","sticky":false,"template":"","format":"standard","meta":{"footnotes":""},"categories":[2,10],"tags":[],"class_list":["post-10644","post","type-post","status-publish","format-standard","hentry","category-informacion","category-italiano"],"_links":{"self":[{"href":"https:\/\/www.ecoitaliano.com.ar\/index.php?rest_route=\/wp\/v2\/posts\/10644","targetHints":{"allow":["GET"]}}],"collection":[{"href":"https:\/\/www.ecoitaliano.com.ar\/index.php?rest_route=\/wp\/v2\/posts"}],"about":[{"href":"https:\/\/www.ecoitaliano.com.ar\/index.php?rest_route=\/wp\/v2\/types\/post"}],"author":[{"embeddable":true,"href":"https:\/\/www.ecoitaliano.com.ar\/index.php?rest_route=\/wp\/v2\/users\/1"}],"replies":[{"embeddable":true,"href":"https:\/\/www.ecoitaliano.com.ar\/index.php?rest_route=%2Fwp%2Fv2%2Fcomments&post=10644"}],"version-history":[{"count":0,"href":"https:\/\/www.ecoitaliano.com.ar\/index.php?rest_route=\/wp\/v2\/posts\/10644\/revisions"}],"wp:attachment":[{"href":"https:\/\/www.ecoitaliano.com.ar\/index.php?rest_route=%2Fwp%2Fv2%2Fmedia&parent=10644"}],"wp:term":[{"taxonomy":"category","embeddable":true,"href":"https:\/\/www.ecoitaliano.com.ar\/index.php?rest_route=%2Fwp%2Fv2%2Fcategories&post=10644"},{"taxonomy":"post_tag","embeddable":true,"href":"https:\/\/www.ecoitaliano.com.ar\/index.php?rest_route=%2Fwp%2Fv2%2Ftags&post=10644"}],"curies":[{"name":"wp","href":"https:\/\/api.w.org\/{rel}","templated":true}]}}