{"id":10820,"date":"2020-07-02T12:42:36","date_gmt":"2020-07-02T12:42:36","guid":{"rendered":"http:\/\/www.ecoitaliano.com.ar\/?p=10820"},"modified":"2020-07-02T12:42:36","modified_gmt":"2020-07-02T12:42:36","slug":"comunicato-stampa-taglio-del-nastro-questa-mattina-allospedale-dellaquila-con-linaugurazione-della-stanza-rosa-per-le-vittime-di-violenza-promossa-dal-s","status":"publish","type":"post","link":"https:\/\/www.ecoitaliano.com.ar\/?p=10820","title":{"rendered":"COMUNICATO STAMPA &#8211; TAGLIO DEL NASTRO QUESTA MATTINA ALL\u2019OSPEDALE DELL\u2019AQUILA CON L\u2019INAUGURAZIONE DELLA \u201cSTANZA ROSA\u201d PER LE VITTIME DI VIOLENZA, PROMOSSA DAL SOROPTIMIST CLUB L\u2019AQUILA"},"content":{"rendered":"<div id='gallery-1' class='gallery galleryid-10820 gallery-columns-3 gallery-size-thumbnail'><figure class='gallery-item'>\n\t\t\t<div class='gallery-icon landscape'>\n\t\t\t\t<a href='https:\/\/www.ecoitaliano.com.ar\/?attachment_id=10821'><img decoding=\"async\" width=\"150\" height=\"150\" src=\"https:\/\/www.ecoitaliano.com.ar\/wp-content\/uploads\/2020\/07\/benedizione-padre-luciano-antonelli-150x150.jpg\" class=\"attachment-thumbnail size-thumbnail\" alt=\"\" \/><\/a>\n\t\t\t<\/div><\/figure><figure class='gallery-item'>\n\t\t\t<div class='gallery-icon portrait'>\n\t\t\t\t<a href='https:\/\/www.ecoitaliano.com.ar\/?attachment_id=10822'><img decoding=\"async\" width=\"150\" height=\"150\" src=\"https:\/\/www.ecoitaliano.com.ar\/wp-content\/uploads\/2020\/07\/francesca-pompa_roberto-testa-150x150.jpg\" class=\"attachment-thumbnail size-thumbnail\" alt=\"\" \/><\/a>\n\t\t\t<\/div><\/figure><figure class='gallery-item'>\n\t\t\t<div class='gallery-icon landscape'>\n\t\t\t\t<a href='https:\/\/www.ecoitaliano.com.ar\/?attachment_id=10823'><img decoding=\"async\" width=\"150\" height=\"150\" src=\"https:\/\/www.ecoitaliano.com.ar\/wp-content\/uploads\/2020\/07\/gruppo-di-lavoro_con-primario-pronto-soccorso-luigi-valente-150x150.jpg\" class=\"attachment-thumbnail size-thumbnail\" alt=\"\" \/><\/a>\n\t\t\t<\/div><\/figure><figure class='gallery-item'>\n\t\t\t<div class='gallery-icon landscape'>\n\t\t\t\t<a href='https:\/\/www.ecoitaliano.com.ar\/?attachment_id=10824'><img decoding=\"async\" width=\"150\" height=\"150\" src=\"https:\/\/www.ecoitaliano.com.ar\/wp-content\/uploads\/2020\/07\/inaugurazione-stanza-rosa-150x150.jpg\" class=\"attachment-thumbnail size-thumbnail\" alt=\"\" \/><\/a>\n\t\t\t<\/div><\/figure><figure class='gallery-item'>\n\t\t\t<div class='gallery-icon landscape'>\n\t\t\t\t<a href='https:\/\/www.ecoitaliano.com.ar\/?attachment_id=10825'><img decoding=\"async\" width=\"150\" height=\"93\" src=\"https:\/\/www.ecoitaliano.com.ar\/wp-content\/uploads\/2020\/07\/FIRMA-MAIL-ONE-35_GROUP-150x93.jpg\" class=\"attachment-thumbnail size-thumbnail\" alt=\"\" \/><\/a>\n\t\t\t<\/div><\/figure>\n\t\t<\/div>\n\n<p>&nbsp;<\/p>\n<p class=\"western\" lang=\"it-IT\" align=\"center\"><b>COMUNICATO STAMPA<\/b><\/p>\n<p class=\"western\" lang=\"it-IT\"><span style=\"font-size: large;\">TAGLIO DEL NASTRO QUESTA MATTINA ALL\u2019OSPEDALE DELL\u2019AQUILA CON L\u2019INAUGURAZIONE DELLA \u201cSTANZA ROSA\u201d PER LE VITTIME DI VIOLENZA, PROMOSSA DAL SOROPTIMIST CLUB L\u2019AQUILA. <\/span><\/p>\n<p class=\"western\" lang=\"it-IT\"><span style=\"font-size: large;\">L\u2019Aquila 02 luglio 2020 &#8211; Un altro tassello si \u00e8 cos\u00ec aggiunto al progetto gi\u00e0 avviato dal Soroptimist Club dell\u2019Aquila che ha portato a <\/span><span style=\"font-size: large;\"><b>istituire al Pronto Soccorso il \u201cCodice Rosa\u201d<\/b><\/span><span style=\"font-size: large;\"> dotato ora anche di uno spazio dedicato non solo alle donne ma a tutte le vittime della violenza. <\/span><\/p>\n<p class=\"western\" lang=\"it-IT\">\u201c<span style=\"font-size: large;\">Un fiore all\u2019occhiello dell\u2019Ospedale dell\u2019Aquila, un passo in avanti contro la violenza di ogni genere\u201d ha sottolineato il <\/span><span style=\"font-size: large;\"><b>direttore generale ASL1 Abruzzo, prof. Roberto Testa che ha eseguito il fatidico \u201ctaglio del nastro\u201d insieme alla Presidente del Soroptimist, Francesca Pompa, <\/b><\/span><span style=\"font-size: large;\">subito dopo la benedizione dei locali impartita dal cappellano dell\u2019Ospedale, <\/span><span style=\"font-size: large;\"><b>Padre Luciano Antonelli<\/b><\/span><span style=\"font-size: large;\">. <\/span><\/p>\n<p class=\"western\" lang=\"it-IT\"><span style=\"font-size: large;\">Grande partecipazione c\u2019\u00e8 stata da parte del personale del pronto soccorso, del centro antiviolenza, della Polizia di Stato e di chi in prima linea ha seguito fin dal nascere le fasi del progetto, come le dottoresse <\/span><span style=\"font-size: large;\"><b>Anna Rita Gabriele, Antonella Dal Mas, le past president del Soroptimist Lea Contestabile e Paola D\u2019Ascanio insieme ad altre socie del Club. <\/b><\/span><\/p>\n<p class=\"western\" lang=\"it-IT\">\u201c<span style=\"font-size: large;\">Siamo fermamente convinti della necessit\u00e0 di combattere il fenomeno della violenza di cui siamo troppo spesso testimoni \u2013 ha dichiarato il primario del Pronto Soccorso, il <\/span><span style=\"font-size: large;\"><b>dottor Luigi Valenti<\/b><\/span><span style=\"font-size: large;\"> che tanto si \u00e8 impegnato nella realizzazione di un percorso differenziato di accesso alle cure mediche capace di individuare a prima vista i segni della violenza di cui sono vittime le fasce pi\u00f9 deboli della popolazione (donne, bambini, anziani, omosessuali, immigrati\u2026)<\/span><\/p>\n<p class=\"western\" lang=\"it-IT\">\u201c<span style=\"font-size: large;\"><b>Codice rosa\u201d,<\/b><\/span><span style=\"font-size: large;\"> che ha come simbolo una rosa bianca, \u00e8 un codice che si affianca a quelli assegnati per gravit\u00e0 al pronto soccorso, identificativo di maltrattamento e che mette in atto tutta una serie di misure a tutela della vittima. <\/span><\/p>\n<p class=\"western\" lang=\"it-IT\"><span style=\"font-size: large;\"><b>La Presidente Francesca Pompa<\/b><\/span><span style=\"font-size: large;\"> ha ricordato che nel 2016, sempre su iniziativa del Soroptimist dell\u2019Aquila, la Regione Abruzzo ha approvato con la Legge 17 l\u2019istituzione e regolamentazione del \u201cCodice Rosa\u201d all\u2019interno dei pronto soccorso abruzzesi. <\/span><\/p>\n<p class=\"western\" lang=\"it-IT\"><span style=\"font-size: large;\">La Legge definisce compiti e ruolo delle ASL, degli operatori sanitari, dell\u2019assistenza psico-sociale, la stipula dei protocolli d\u2019intesa fra i soggetti coinvolti per l\u2019istituzione di gruppi interforze composti da rappresentati delle Aziende Sanitarie, dalle Procure, dalle Forze dell\u2019Ordine, dalle strutture e dai soggetti preposti alla tutela delle vittime di violenza. <\/span><\/p>\n<p class=\"western\" lang=\"it-IT\">Francesca Pompa<\/p>\n<p class=\"western\" lang=\"it-IT\">Presidente Soroptimist<\/p>\n<p class=\"western\" lang=\"it-IT\">Club dell\u2019Aquila<\/p>\n<p class=\"western\" lang=\"it-IT\">Cell. 3482267317<\/p>\n","protected":false},"excerpt":{"rendered":"<p>&nbsp; COMUNICATO STAMPA TAGLIO DEL NASTRO QUESTA MATTINA ALL\u2019OSPEDALE DELL\u2019AQUILA CON L\u2019INAUGURAZIONE DELLA \u201cSTANZA ROSA\u201d PER LE VITTIME DI VIOLENZA, [&hellip;]<\/p>\n","protected":false},"author":1,"featured_media":0,"comment_status":"open","ping_status":"open","sticky":false,"template":"","format":"standard","meta":{"footnotes":""},"categories":[2,10],"tags":[],"class_list":["post-10820","post","type-post","status-publish","format-standard","hentry","category-informacion","category-italiano"],"_links":{"self":[{"href":"https:\/\/www.ecoitaliano.com.ar\/index.php?rest_route=\/wp\/v2\/posts\/10820","targetHints":{"allow":["GET"]}}],"collection":[{"href":"https:\/\/www.ecoitaliano.com.ar\/index.php?rest_route=\/wp\/v2\/posts"}],"about":[{"href":"https:\/\/www.ecoitaliano.com.ar\/index.php?rest_route=\/wp\/v2\/types\/post"}],"author":[{"embeddable":true,"href":"https:\/\/www.ecoitaliano.com.ar\/index.php?rest_route=\/wp\/v2\/users\/1"}],"replies":[{"embeddable":true,"href":"https:\/\/www.ecoitaliano.com.ar\/index.php?rest_route=%2Fwp%2Fv2%2Fcomments&post=10820"}],"version-history":[{"count":0,"href":"https:\/\/www.ecoitaliano.com.ar\/index.php?rest_route=\/wp\/v2\/posts\/10820\/revisions"}],"wp:attachment":[{"href":"https:\/\/www.ecoitaliano.com.ar\/index.php?rest_route=%2Fwp%2Fv2%2Fmedia&parent=10820"}],"wp:term":[{"taxonomy":"category","embeddable":true,"href":"https:\/\/www.ecoitaliano.com.ar\/index.php?rest_route=%2Fwp%2Fv2%2Fcategories&post=10820"},{"taxonomy":"post_tag","embeddable":true,"href":"https:\/\/www.ecoitaliano.com.ar\/index.php?rest_route=%2Fwp%2Fv2%2Ftags&post=10820"}],"curies":[{"name":"wp","href":"https:\/\/api.w.org\/{rel}","templated":true}]}}