{"id":10827,"date":"2020-07-02T15:49:55","date_gmt":"2020-07-02T15:49:55","guid":{"rendered":"http:\/\/www.ecoitaliano.com.ar\/?p=10827"},"modified":"2020-07-02T15:49:55","modified_gmt":"2020-07-02T15:49:55","slug":"la-rosa-di-stilo-lastaria-edizioni-di-antonino-fontana","status":"publish","type":"post","link":"https:\/\/www.ecoitaliano.com.ar\/?p=10827","title":{"rendered":"LA ROSA DI STILO Lastar\u00eca Edizioni di Antonino Fontana"},"content":{"rendered":"<div id=\":60\" class=\"a3s aXjCH msg4589360142604611609\"><u><\/u><\/p>\n<div>\n<table class=\"m_4589360142604611609bodytbl\" width=\"100%\" cellspacing=\"0\" cellpadding=\"0\">\n<tbody>\n<tr>\n<td align=\"center\">\n<table class=\"m_4589360142604611609wrap\" width=\"600\" cellspacing=\"0\" cellpadding=\"0\">\n<tbody>\n<tr>\n<td align=\"center\" valign=\"middle\" height=\"24\">\n<div class=\"m_4589360142604611609small\">\n<a name=\"m_4589360142604611609_top\"><\/a><\/div>\n<\/td>\n<\/tr>\n<\/tbody>\n<\/table>\n<table class=\"m_4589360142604611609wrap m_4589360142604611609header\" width=\"600\" cellspacing=\"0\" cellpadding=\"0\">\n<tbody>\n<tr>\n<td colspan=\"3\" height=\"24\"><\/td>\n<\/tr>\n<tr>\n<td class=\"m_4589360142604611609padd\" width=\"24\"><\/td>\n<td align=\"center\" valign=\"top\">\n<table class=\"m_4589360142604611609o-fix\" cellspacing=\"0\" cellpadding=\"0\">\n<tbody>\n<tr>\n<td align=\"left\" valign=\"top\" width=\"552\">\n<table cellspacing=\"0\" cellpadding=\"0\" align=\"left\">\n<tbody>\n<tr>\n<td class=\"m_4589360142604611609small\" align=\"left\" valign=\"middle\" width=\"264\"><img decoding=\"async\" class=\"CToWUd\" src=\"https:\/\/ci5.googleusercontent.com\/proxy\/TNXaVmkH5qK8JgPmDvyiZY2CbG1dZ7hPK15C8YTUAzE6liuSUMOGMR3W-jqg_bOXipRU7kHyhD2jp4uKeqJhNHQ161a6d6AEfARe0fDs0AAn8Ww8pc4TP1HeJ_RKMyDIkfn9MbWuXbDP=s0-d-e1-ft#http:\/\/www.rosifontana.it\/wp-content\/uploads\/2018\/05\/logoorizzontale-Copia-500x153.png\" alt=\"logoorizzontale - Copia\" width=\"250\" height=\"76\" border=\"0\" \/><\/td>\n<\/tr>\n<\/tbody>\n<\/table>\n<table class=\"m_4589360142604611609m-b\" cellspacing=\"0\" cellpadding=\"0\" align=\"right\">\n<tbody>\n<tr>\n<td align=\"right\" valign=\"bottom\" width=\"264\" height=\"24\">\n<div class=\"m_4589360142604611609subline\"><\/div>\n<\/td>\n<\/tr>\n<\/tbody>\n<\/table>\n<\/td>\n<\/tr>\n<\/tbody>\n<\/table>\n<\/td>\n<td class=\"m_4589360142604611609padd\" width=\"24\"><\/td>\n<\/tr>\n<tr class=\"m_4589360142604611609m-0\">\n<td colspan=\"3\" height=\"24\"><\/td>\n<\/tr>\n<\/tbody>\n<\/table>\n<table class=\"m_4589360142604611609wrap m_4589360142604611609body\" width=\"600\" cellspacing=\"0\" cellpadding=\"0\">\n<tbody>\n<tr>\n<td class=\"m_4589360142604611609m-b\" align=\"left\" valign=\"top\" width=\"600\">\n<table class=\"m_4589360142604611609o-fix\" cellspacing=\"0\" cellpadding=\"0\">\n<tbody>\n<tr>\n<td class=\"m_4589360142604611609m-b\" align=\"center\" valign=\"top\" width=\"600\"><img decoding=\"async\" class=\"CToWUd a6T\" tabindex=\"0\" src=\"https:\/\/ci3.googleusercontent.com\/proxy\/sWTbloLmStWSiGHNdL3X0MGJ8814S9S1NJ9d1PXsrKm_j6s6ecRlXMBXokh0tsR5VxawDl-ti5FUXA4RFqTkxsw6tj1TxDfcoRkAaC1hu2H-pvy4YoqvnIhSswxchRHx8Sg6hAkptFjAu4Pi8zjuVodiEWY=s0-d-e1-ft#http:\/\/www.rosifontana.it\/wp-content\/uploads\/2020\/07\/Copertina-per-spedizione-280x217-280x217.jpg\" alt=\"copertina-per-spedizione\" width=\"400\" height=\"310\" border=\"0\" \/><\/td>\n<\/tr>\n<\/tbody>\n<\/table>\n<\/td>\n<\/tr>\n<\/tbody>\n<\/table>\n<\/td>\n<\/tr>\n<\/tbody>\n<\/table>\n<\/div>\n<\/div>\n<table class=\"m_4589360142604611609wrap m_4589360142604611609body\" width=\"600\" cellspacing=\"0\" cellpadding=\"0\">\n<tbody>\n<tr>\n<td class=\"m_4589360142604611609m-b\" align=\"left\" valign=\"top\" width=\"600\">\n<table class=\"m_4589360142604611609o-fix\" cellspacing=\"0\" cellpadding=\"0\">\n<tbody>\n<tr>\n<td class=\"m_4589360142604611609m-b\" align=\"center\" valign=\"top\" width=\"600\"><\/td>\n<\/tr>\n<\/tbody>\n<\/table>\n<\/td>\n<\/tr>\n<\/tbody>\n<\/table>\n<table class=\"m_4589360142604611609wrap m_4589360142604611609body\" width=\"650\" cellspacing=\"0\" cellpadding=\"0\">\n<tbody>\n<tr>\n<td height=\"12\"><\/td>\n<\/tr>\n<tr>\n<td align=\"center\" valign=\"top\">\n<table cellspacing=\"0\" cellpadding=\"0\" align=\"left\">\n<tbody>\n<tr>\n<td class=\"m_4589360142604611609padd\" width=\"24\"><\/td>\n<td align=\"left\" valign=\"top\" width=\"552\">\n<h1><\/h1>\n<table cellspacing=\"0\" cellpadding=\"0\" align=\"left\">\n<tbody>\n<tr>\n<td align=\"left\" valign=\"top\"><\/td>\n<td class=\"m_4589360142604611609padd m_4589360142604611609m-0\" width=\"24\"><\/td>\n<\/tr>\n<\/tbody>\n<\/table>\n<p><em>La casa editrice Lastar\u00eca Edizioni \u00e8 lieta di comunicare la pubblicazione <\/em><em>del libro <\/em><\/p>\n<p><strong>LA ROSA DI STILO<\/strong><\/p>\n<p><strong><em>Lastar\u00eca Neon<\/em><\/strong><\/p>\n<p><strong>di Antonino Fontana<\/strong><\/p>\n<p><strong>ANTONINO FONTANA, DOPO <em>CANE CRUDO<\/em>, CI PRESENTA <\/strong><strong>UNA CATENA DI OMICIDI INSPIEGABILI NEI TERRITORI DELLA \u2018NDRANGHETA, DOVE PER LA VICE QUESTORE IAR\u00ccA \u00c8 TEMPO DI INDAGARE SULLE TRAME OSCURE CHE PORTANO ALL\u2019ESISTENZA DI UN VIRUS DALLA POTENZA MICIDIALE.<\/strong><\/p>\n<p><em>Pubblicazione &#8211; Settembre 2020\u00a0\u00a0\u00a0\u00a0\u00a0\u00a0\u00a0\u00a0\u00a0\u00a0\u00a0\u00a0\u00a0\u00a0\u00a0 <\/em><\/p>\n<p>(Lastar\u00eca Edizioni, pp. 267 \u2013 16,50)<strong><\/p>\n<p><\/strong><\/p>\n<p>Stilo \u00e8 uno dei borghi pi\u00f9 belli d\u2019Italia ma anche terra da sempre funestata da guerre di \u2019ndrangheta tra cosche rivali. E infatti \u201cquella non \u00e8 una zona qualunque\u201d, tanto per chi muore quanto per chi indaga. Lo sa bene il vice questore Celeste Iar\u00eca che, all\u2019indomani del ritrovamento del corpo di una donna dalla pelle olivastra \ufb01nita in mille pezzi sotto un cavalcavia, si ritrova a dover far luce sull\u2019accaduto. E mentre qualcuno ipotizza un tragico incidente, un dettaglio attira subito il \ufb01uto investigativo della protagonista: la donna aveva il tatuaggio di un teschio dentro una rosa, un disegno non casuale, ritrovato anni prima su un cadavere che fece molto discutere, perch\u00e9 al centro di un\u2019oscura trama tra \u2019ndrangheta e scienziati col pallino di esperimenti estremi.<\/p>\n<p>Non ci sarebbe cos\u00ec tanta fretta di risolvere il caso se non fosse per il fatto che poco tempo dopo i cadaveri diventano quattro, tra cui quello di un famoso boss, trovato su un treno, protagonista della guerra tra le famiglie Sangregorio e i Vartolo-Carnovale che ha in\ufb01ammato le terre calabresi \ufb01no a un anno prima. Sul treno che incrocia quello \u201cmaledetto\u201d del boss, viaggiano il signor Tommaso Campanella, un anziano che ha poco da perdere e molto da raccontare e ascoltare, e il dottor Rocco Sabinis, un rosicoltore con una missione delicata. A mettere sul giusto binario Iar\u00eca e la sua squadra \u00e8 la sof\ufb01ata: \u201cCapsule gialle e blu\u2026\u201d, forse in possesso del boss ucciso o tra le mani di gente che ha ben pochi scrupoli a servirsene per i propri progetti folli\u2026<\/p>\n<p><em>Un romanzo dal ritmo incalzante che vi terr\u00e0 sulle spine (nel senso pi\u00f9 letterale del termine) e che, pagina dopo pagina, vi far\u00e0 affezionare ad una protagonista totalmente fuori dalle convenzioni.<\/em><\/p>\n<p><em>\u00a0<\/em><strong>Antonino Fontana<\/strong>, reggino, architetto prima a Milano e poi a Vienna, presto abbandona l\u2019attivit\u00e0 per dedicarsi alla propria libera ricerca artistica sulla natura e le sue rappresentazioni. <em>Unus vestrum me traditurus est<\/em> (Umberto Alle-mandi &amp; C., Torino, 1999) \u00e8 uno dei risultati del linguaggio cognitivo universale di quel \u201cperiodo ermeneutico\u201d. Ha vissuto in cento luoghi diversi, reali e letterari, negli ultimi anni \u00e8 tornato a vivere a Reggio Calabria e oltre a scrivere si \u00e8 specializzato nella progettazione di costruzioni d\u2019acciaio. <em>Cane crudo<\/em> (Robin Edizioni, Torino, 2015) \u00e8 il suo romanzo d\u2019esordio. Da un anno vive e lavora a Roma.<\/p>\n<p><u>Il libro \u00e8 acquistabile in formato e-Book dal 29 giugno u.s. e cartaceo in libreria a partire da settembre.<\/u><\/p>\n<p><strong>Speriamo che questo titolo incontri il suo interesse e che possa essere segnalato.<\/strong><\/p>\n<p><strong>Se lo desidera, saremo lieti di inviarle una copia, digitale o cartacea, del volume.<\/strong><\/p>\n<p><strong>UFFICIO STAMPA: <\/strong><\/p>\n<p>Rosi Fontana Press &amp; Public Relations \u2013 <a href=\"http:\/\/www.rosifontana.it\/mailster\/1468\/1b629e7484ac5430f580eabcca9b41b4\/aHR0cDovL3d3dy5yb3NpZm9udGFuYS5pdA\" target=\"_blank\" rel=\"noopener\" data-saferedirecturl=\"https:\/\/www.google.com\/url?q=http:\/\/www.rosifontana.it\/mailster\/1468\/1b629e7484ac5430f580eabcca9b41b4\/aHR0cDovL3d3dy5yb3NpZm9udGFuYS5pdA&amp;source=gmail&amp;ust=1593791345255000&amp;usg=AFQjCNFp-y5VzRMOLul-xrkcgtm05eNPFw\">www.rosifontana.it<\/a> \u2013 <a href=\"mailto:info@rosifontana.it\" target=\"_blank\" rel=\"noopener\">info@rosifontana.it<\/a><\/td>\n<\/tr>\n<\/tbody>\n<\/table>\n<\/td>\n<\/tr>\n<\/tbody>\n<\/table>\n","protected":false},"excerpt":{"rendered":"<p>La casa editrice Lastar\u00eca Edizioni \u00e8 lieta di comunicare la pubblicazione del libro LA ROSA DI STILO Lastar\u00eca Neon di [&hellip;]<\/p>\n","protected":false},"author":1,"featured_media":0,"comment_status":"open","ping_status":"open","sticky":false,"template":"","format":"standard","meta":{"footnotes":""},"categories":[10,22],"tags":[],"class_list":["post-10827","post","type-post","status-publish","format-standard","hentry","category-italiano","category-libros-y-revistas-literatura"],"_links":{"self":[{"href":"https:\/\/www.ecoitaliano.com.ar\/index.php?rest_route=\/wp\/v2\/posts\/10827","targetHints":{"allow":["GET"]}}],"collection":[{"href":"https:\/\/www.ecoitaliano.com.ar\/index.php?rest_route=\/wp\/v2\/posts"}],"about":[{"href":"https:\/\/www.ecoitaliano.com.ar\/index.php?rest_route=\/wp\/v2\/types\/post"}],"author":[{"embeddable":true,"href":"https:\/\/www.ecoitaliano.com.ar\/index.php?rest_route=\/wp\/v2\/users\/1"}],"replies":[{"embeddable":true,"href":"https:\/\/www.ecoitaliano.com.ar\/index.php?rest_route=%2Fwp%2Fv2%2Fcomments&post=10827"}],"version-history":[{"count":0,"href":"https:\/\/www.ecoitaliano.com.ar\/index.php?rest_route=\/wp\/v2\/posts\/10827\/revisions"}],"wp:attachment":[{"href":"https:\/\/www.ecoitaliano.com.ar\/index.php?rest_route=%2Fwp%2Fv2%2Fmedia&parent=10827"}],"wp:term":[{"taxonomy":"category","embeddable":true,"href":"https:\/\/www.ecoitaliano.com.ar\/index.php?rest_route=%2Fwp%2Fv2%2Fcategories&post=10827"},{"taxonomy":"post_tag","embeddable":true,"href":"https:\/\/www.ecoitaliano.com.ar\/index.php?rest_route=%2Fwp%2Fv2%2Ftags&post=10827"}],"curies":[{"name":"wp","href":"https:\/\/api.w.org\/{rel}","templated":true}]}}