{"id":10850,"date":"2020-07-03T17:24:05","date_gmt":"2020-07-03T17:24:05","guid":{"rendered":"http:\/\/www.ecoitaliano.com.ar\/?p=10850"},"modified":"2020-07-03T17:24:05","modified_gmt":"2020-07-03T17:24:05","slug":"serena-conduce-operaclassica-eco-italiano-329","status":"publish","type":"post","link":"https:\/\/www.ecoitaliano.com.ar\/?p=10850","title":{"rendered":"Serena conduce Operaclassica Eco Italiano"},"content":{"rendered":"<p><a href=\"http:\/\/www.ecoitaliano.com.ar\/wp-content\/uploads\/2020\/06\/71468203_496902180859183_1394590398000660480_n-1.png\"><img decoding=\"async\" class=\"alignnone size-full wp-image-10623\" src=\"http:\/\/www.ecoitaliano.com.ar\/wp-content\/uploads\/2020\/06\/71468203_496902180859183_1394590398000660480_n-1.png\" alt=\"\" width=\"128\" height=\"81\" \/><\/a><\/p>\n<p lang=\"es-AR\" align=\"justify\"><span style=\"font-family: Simoncini Garamond, Courier New;\"><span style=\"font-family: Arial, sans-serif;\"><span style=\"font-size: small;\"><b>Ufficio Stampa <\/b><\/span><\/span><span style=\"font-family: Arial, sans-serif;\"><span style=\"font-size: small;\"><span lang=\"it-IT\"><b>2<\/b><\/span><\/span><\/span><span style=\"font-family: Arial, sans-serif;\"><span style=\"font-size: small;\"><b>\/<\/b><\/span><\/span><span style=\"font-family: Arial, sans-serif;\"><span style=\"font-size: small;\"><span lang=\"it-IT\"><b>7<\/b><\/span><\/span><\/span><span style=\"font-family: Arial, sans-serif;\"><span style=\"font-size: small;\"><b>\/2020 <\/b><\/span><\/span><\/span><\/p>\n<p lang=\"it-IT\" align=\"center\"><span style=\"font-family: Adreena Script Demo, Calibri;\"><span style=\"font-size: x-large;\">Aspettando l\u2019Arena<\/span><\/span><\/p>\n<p lang=\"it-IT\" align=\"center\"><span style=\"font-family: Calibri, sans-serif;\"><span style=\"font-size: large;\"><b>Un omaggio alla citt\u00e0 di Verona<\/b><\/span><\/span><\/p>\n<p lang=\"it-IT\" align=\"center\"><span style=\"font-family: Calibri, sans-serif;\"><span style=\"font-size: large;\"><b>Piazza Bra, 4 luglio ore 19.45<\/b><\/span><\/span><\/p>\n<p class=\"western\" lang=\"it-IT\" align=\"justify\">\n<p class=\"western\" lang=\"it-IT\" align=\"justify\"><span style=\"font-family: Simoncini Garamond, Courier New;\"><span style=\"font-family: Calibri, sans-serif;\"><b>Fondazione Arena di Verona, in attesa di accogliere nuovamente il pubblico nell\u2019anfiteatro, omaggia la sua citt\u00e0 con una serata di grande musica, preludio al <\/b><\/span><span style=\"font-family: Calibri, sans-serif;\"><i><b>Festival d\u2019estate 2020 \u2013 Nel cuore della Musica<\/b><\/i><\/span><span style=\"font-family: Calibri, sans-serif;\"><b>, che prender\u00e0 il via il prossimo 25 luglio in una serata speciale dedicata agli operatori sanitari duramente impegnati nella gestione dell\u2019emergenza Covid-19. <\/b><\/span><\/span><\/p>\n<p class=\"western\" lang=\"it-IT\" align=\"justify\"><span style=\"font-family: Simoncini Garamond, Courier New;\"><span style=\"font-family: Calibri, sans-serif;\">L\u2019Orchestra ed il Coro areniani, in attesa dell\u2019inizio imminente della stagione che si preannuncia eccezionale e per molti aspetti irripetibile, saranno protagonisti di una serata dedicata alla citt\u00e0, guidati dalla sapiente bacchetta del M\u00b0 Francesco Ommassini.<\/span><\/span><\/p>\n<p class=\"western\" lang=\"it-IT\" align=\"justify\"><span style=\"font-family: Simoncini Garamond, Courier New;\"><span style=\"font-family: Calibri, sans-serif;\">Il concerto si terr\u00e0 sabato 4 luglio alle ore 19.45 in Piazza Bra (nello spazio antistante il Municipio) con ingresso libero fino ad esaurimento dei posti disponibili.<\/span><\/span><\/p>\n<p class=\"western\" lang=\"it-IT\" align=\"justify\"><span style=\"font-family: Simoncini Garamond, Courier New;\"><span style=\"font-family: Calibri, sans-serif;\">Verranno eseguite alcune tra le pi\u00f9 celebri pagine delle opere di Rossini, Leoncavallo, Puccini, Verdi e Mascagni: una gustosa anteprima dei programmi delle 11 serate che dal 25 luglio al 29 agosto riporteranno la grande musica in Arena in una rinnovata veste tutta da scoprire.<\/span><\/span><\/p>\n<p class=\"western\" lang=\"it-IT\" align=\"justify\">\u201c<span style=\"font-family: Simoncini Garamond, Courier New;\"><span style=\"font-family: Calibri, sans-serif;\"><i>Un regalo alla citt\u00e0 dopo tanti mesi di silenzio, senza spettacoli e musica dal vivo<\/i><\/span><span style=\"font-family: Calibri, sans-serif;\"> \u2013 spiega il <\/span><span style=\"font-family: Calibri, sans-serif;\"><b>Sindaco Federico Sboarina, Presidente della Fondazione Arena<\/b><\/span><span style=\"font-family: Calibri, sans-serif;\"> -. <\/span><span style=\"font-family: Calibri, sans-serif;\"><i>E, allo stesso tempo, un momento simbolico in attesa della riaccensione dell\u2019anfiteatro e dell\u2019edizione straordinaria del Festival 2020. Verona da sempre \u00e8 vicina alla sua Fondazione Lirica, una vera e propria eccellenza nel panorama artistico internazionale, cos\u00ec come \u00e8 parte integrante della citt\u00e0. Un legame indissolubile che questo concerto vuole sancire, per ripartire pi\u00f9 forti di prima, lungo quel percorso progettuale che, finalmente, negli ultimi anni ha visto scendere in campo tutto il sistema Verona<\/i><\/span><span style=\"font-family: Calibri, sans-serif;\">\u201d.<\/span><\/span><\/p>\n<p class=\"western\" lang=\"it-IT\" align=\"justify\"><span style=\"font-family: Simoncini Garamond, Courier New;\"><span style=\"font-family: Calibri, sans-serif;\">Il <\/span><span style=\"font-family: Calibri, sans-serif;\"><b>Sovrintendente e Direttore Artistico Cecilia Gasdia<\/b><\/span><span style=\"font-family: Calibri, sans-serif;\"> commenta: \u201c<\/span><span style=\"font-family: Calibri, sans-serif;\"><i>Sono molto felice di annunciare questo concerto che segna il ritorno della grande musica dal vivo a Verona. L\u2019importante \u00e8 guardare al futuro con impegno, dedizione ed entusiasmo. Sar\u00e0 un\u2019estate piena di musica nonostante tutte le difficolt\u00e0 e di questo ringraziamo la Citt\u00e0, i nostri sponsor e i nostri lavoratori<\/i><\/span><span style=\"font-family: Calibri, sans-serif;\">\u201d.<\/span><\/span><\/p>\n<p><center><\/p>\n<table width=\"397\" cellspacing=\"0\" cellpadding=\"7\">\n<colgroup>\n<col width=\"379\" \/> <\/colgroup>\n<tbody>\n<tr>\n<td valign=\"top\" width=\"379\">\n<p lang=\"it-IT\" align=\"center\"><span style=\"font-family: Calibri, sans-serif;\"><span style=\"font-size: large;\"><i><b>Programma:<\/b><\/i><\/span><\/span><\/p>\n<p lang=\"it-IT\" align=\"center\"><span style=\"font-family: Calibri, sans-serif;\"><span style=\"font-size: small;\"><b>Gioachino Rossini<\/b><\/span><\/span><\/p>\n<p lang=\"it-IT\" align=\"center\"><span style=\"font-family: Segoe UI, sans-serif;\"><span style=\"font-family: Calibri, sans-serif;\"><span style=\"font-size: small;\"><i>Guglielmo Tell<\/i><\/span><\/span><span style=\"font-family: Calibri, sans-serif;\"><span style=\"font-size: small;\"> Sinfonia<\/span><\/span><\/span><\/p>\n<p lang=\"it-IT\" align=\"center\"><span style=\"font-family: Calibri, sans-serif;\"><span style=\"font-size: small;\"><b>Ruggero Leoncavallo<\/b><\/span><\/span><\/p>\n<p lang=\"it-IT\" align=\"center\"><span style=\"font-family: Segoe UI, sans-serif;\"><span style=\"color: #000000;\"><span style=\"font-family: Calibri, sans-serif;\"><span style=\"font-size: small;\"><i>Pagliacci <\/i><\/span><\/span><\/span><span style=\"color: #000000;\"><span style=\"font-family: Calibri, sans-serif;\"><span style=\"font-size: small;\">Intermezzo e Coro Don din don<\/span><\/span><\/span><\/span><\/p>\n<p lang=\"it-IT\" align=\"center\"><span style=\"font-family: Calibri, sans-serif;\"><span style=\"font-size: small;\"><b>Gioachino Rossini<\/b><\/span><\/span><\/p>\n<p lang=\"it-IT\" align=\"center\"><span style=\"font-family: Segoe UI, sans-serif;\"><span style=\"font-family: Calibri, sans-serif;\"><span style=\"font-size: small;\"><i>Il Barbiere di Siviglia <\/i><\/span><\/span><span style=\"font-family: Calibri, sans-serif;\"><span style=\"font-size: small;\">Sinfonia<\/span><\/span><\/span><\/p>\n<p lang=\"it-IT\" align=\"center\"><span style=\"font-family: Calibri, sans-serif;\"><span style=\"font-size: small;\"><b>Giuseppe Verdi<\/b><\/span><\/span><\/p>\n<p lang=\"it-IT\" align=\"center\"><span style=\"font-family: Segoe UI, sans-serif;\"><span style=\"font-family: Calibri, sans-serif;\"><span style=\"font-size: small;\"><i>I due Foscari <\/i><\/span><\/span><span style=\"font-family: Calibri, sans-serif;\"><span style=\"font-size: small;\">Introduzione e barcarola<\/span><\/span><\/span><\/p>\n<p lang=\"it-IT\" align=\"center\"><span style=\"font-family: Calibri, sans-serif;\"><span style=\"font-size: small;\"><b>Giacomo Puccini<\/b><\/span><\/span><\/p>\n<p lang=\"it-IT\" align=\"center\"><span style=\"font-family: Segoe UI, sans-serif;\"><span style=\"font-family: Calibri, sans-serif;\"><span style=\"font-size: small;\"><i>Manon Lescaut <\/i><\/span><\/span><span style=\"font-family: Calibri, sans-serif;\"><span style=\"font-size: small;\">Intermezzo<\/span><\/span><\/span><\/p>\n<p lang=\"it-IT\" align=\"center\"><span style=\"font-family: Segoe UI, sans-serif;\"><span style=\"font-family: Calibri, sans-serif;\"><span style=\"font-size: small;\"><i>Madama Butterfly <\/i><\/span><\/span><span style=\"font-family: Calibri, sans-serif;\"><span style=\"font-size: small;\">Coro a bocca chiusa<\/span><\/span><\/span><\/p>\n<p lang=\"it-IT\" align=\"center\"><span style=\"font-family: Calibri, sans-serif;\"><span style=\"font-size: small;\"><b>Giuseppe Verdi<\/b><\/span><\/span><\/p>\n<p lang=\"it-IT\" align=\"center\"><span style=\"font-family: Segoe UI, sans-serif;\"><span style=\"font-family: Calibri, sans-serif;\"><span style=\"font-size: small;\"><i>La forza del destino <\/i><\/span><\/span><span style=\"font-family: Calibri, sans-serif;\"><span style=\"font-size: small;\">Sinfonia<\/span><\/span><\/span><\/p>\n<p lang=\"it-IT\" align=\"center\"><span style=\"font-family: Calibri, sans-serif;\"><span style=\"font-size: small;\"><b>Pietro Mascagni<\/b><\/span><\/span><\/p>\n<p lang=\"it-IT\" align=\"center\"><span style=\"font-family: Segoe UI, sans-serif;\"><span style=\"font-family: Calibri, sans-serif;\"><span style=\"font-size: small;\"><i>Cavalleria rusticana <\/i><\/span><\/span><span style=\"font-family: Calibri, sans-serif;\"><span style=\"font-size: small;\">Intermezzo<\/span><\/span><\/span><\/p>\n<p lang=\"it-IT\" align=\"center\"><span style=\"font-family: Calibri, sans-serif;\"><span style=\"font-size: small;\"><b>Giuseppe Verdi<\/b><\/span><\/span><\/p>\n<p lang=\"it-IT\" align=\"center\"><span style=\"font-family: Segoe UI, sans-serif;\"><span style=\"color: #000000;\"><span style=\"font-family: Calibri, sans-serif;\"><span style=\"font-size: small;\"><i>Nabucco <\/i><\/span><\/span><\/span><span style=\"color: #000000;\"><span style=\"font-family: Calibri, sans-serif;\"><span style=\"font-size: small;\">Va\u2019, pensiero<\/span><\/span><\/span><\/span><\/p>\n<\/td>\n<\/tr>\n<\/tbody>\n<\/table>\n<p><\/center><\/p>\n<p class=\"western\" lang=\"it-IT\" align=\"justify\"><span style=\"font-family: Simoncini Garamond, Courier New;\"><span style=\"font-family: Calibri, sans-serif;\"><span style=\"font-size: medium;\"><b>Informazioni<\/b><\/span><\/span><b> <\/b><\/span><\/p>\n<p class=\"western\" lang=\"it-IT\" align=\"justify\"><span style=\"font-family: Calibri, sans-serif;\"><span style=\"font-size: small;\"><b>Ufficio Stampa Fondazione Arena di Verona<\/b><\/span><\/span><\/p>\n<p class=\"western\" lang=\"it-IT\" align=\"justify\"><span style=\"font-family: Calibri, sans-serif;\"><span style=\"font-size: small;\">Via Roma 7\/D, 37121 Verona<\/span><\/span><\/p>\n<p class=\"western\" lang=\"it-IT\" align=\"justify\"><span style=\"font-family: Simoncini Garamond, Courier New;\"><span style=\"font-family: Calibri, sans-serif;\"><span style=\"font-size: small;\">tel. (+39) 045 805.1861-1905-1891 <\/span><\/span><\/span><\/p>\n<p class=\"western\" lang=\"it-IT\" align=\"justify\"><span style=\"font-family: Simoncini Garamond, Courier New;\"><a href=\"mailto:ufficio.stampa@arenadiverona.it\"><span style=\"color: #0000ff;\"><span style=\"font-family: Calibri, sans-serif;\"><span style=\"font-size: small;\"><u>ufficio.stampa@arenadiverona.it<\/u><\/span><\/span><\/span><\/a><span style=\"font-family: Calibri, sans-serif;\"><span style=\"font-size: small;\"> &#8211; <\/span><\/span><span style=\"color: #0000ff;\"><u><a href=\"http:\/\/www.arena.it\/\"><span style=\"font-family: Calibri, sans-serif;\"><span style=\"font-size: small;\">www.arena.it<\/span><\/span><\/a><\/u><\/span> <\/span><\/p>\n<p lang=\"it-IT\" align=\"justify\"><a href=\"http:\/\/www.ecoitaliano.com.ar\/wp-content\/uploads\/2020\/07\/103977457_891812727985925_6597111857990560898_n.jpg\"><img decoding=\"async\" class=\"alignnone size-full wp-image-10851\" src=\"http:\/\/www.ecoitaliano.com.ar\/wp-content\/uploads\/2020\/07\/103977457_891812727985925_6597111857990560898_n.jpg\" alt=\"\" width=\"4048\" height=\"3019\" srcset=\"https:\/\/www.ecoitaliano.com.ar\/wp-content\/uploads\/2020\/07\/103977457_891812727985925_6597111857990560898_n.jpg 4048w, https:\/\/www.ecoitaliano.com.ar\/wp-content\/uploads\/2020\/07\/103977457_891812727985925_6597111857990560898_n-300x224.jpg 300w, https:\/\/www.ecoitaliano.com.ar\/wp-content\/uploads\/2020\/07\/103977457_891812727985925_6597111857990560898_n-768x573.jpg 768w, https:\/\/www.ecoitaliano.com.ar\/wp-content\/uploads\/2020\/07\/103977457_891812727985925_6597111857990560898_n-1024x764.jpg 1024w, https:\/\/www.ecoitaliano.com.ar\/wp-content\/uploads\/2020\/07\/103977457_891812727985925_6597111857990560898_n-150x112.jpg 150w\" sizes=\"(max-width: 4048px) 100vw, 4048px\" \/><\/a><\/p>\n","protected":false},"excerpt":{"rendered":"<p>Ufficio Stampa 2\/7\/2020 Aspettando l\u2019Arena Un omaggio alla citt\u00e0 di Verona Piazza Bra, 4 luglio ore 19.45 Fondazione Arena di [&hellip;]<\/p>\n","protected":false},"author":1,"featured_media":0,"comment_status":"open","ping_status":"open","sticky":false,"template":"","format":"standard","meta":{"footnotes":""},"categories":[10,40],"tags":[],"class_list":["post-10850","post","type-post","status-publish","format-standard","hentry","category-italiano","category-serena-conduce-operaclassica"],"_links":{"self":[{"href":"https:\/\/www.ecoitaliano.com.ar\/index.php?rest_route=\/wp\/v2\/posts\/10850","targetHints":{"allow":["GET"]}}],"collection":[{"href":"https:\/\/www.ecoitaliano.com.ar\/index.php?rest_route=\/wp\/v2\/posts"}],"about":[{"href":"https:\/\/www.ecoitaliano.com.ar\/index.php?rest_route=\/wp\/v2\/types\/post"}],"author":[{"embeddable":true,"href":"https:\/\/www.ecoitaliano.com.ar\/index.php?rest_route=\/wp\/v2\/users\/1"}],"replies":[{"embeddable":true,"href":"https:\/\/www.ecoitaliano.com.ar\/index.php?rest_route=%2Fwp%2Fv2%2Fcomments&post=10850"}],"version-history":[{"count":0,"href":"https:\/\/www.ecoitaliano.com.ar\/index.php?rest_route=\/wp\/v2\/posts\/10850\/revisions"}],"wp:attachment":[{"href":"https:\/\/www.ecoitaliano.com.ar\/index.php?rest_route=%2Fwp%2Fv2%2Fmedia&parent=10850"}],"wp:term":[{"taxonomy":"category","embeddable":true,"href":"https:\/\/www.ecoitaliano.com.ar\/index.php?rest_route=%2Fwp%2Fv2%2Fcategories&post=10850"},{"taxonomy":"post_tag","embeddable":true,"href":"https:\/\/www.ecoitaliano.com.ar\/index.php?rest_route=%2Fwp%2Fv2%2Ftags&post=10850"}],"curies":[{"name":"wp","href":"https:\/\/api.w.org\/{rel}","templated":true}]}}