{"id":11137,"date":"2020-07-27T18:42:07","date_gmt":"2020-07-27T18:42:07","guid":{"rendered":"http:\/\/www.ecoitaliano.com.ar\/?p=11137"},"modified":"2020-07-27T18:42:07","modified_gmt":"2020-07-27T18:42:07","slug":"stevka-smitran-vince-la-xx-edizione-del-premio-lettera-damore-la-cerimonia-di-premiazione-a-torrevecchia-teatina-l8-agosto-alle-2030-al-parco-san-karol","status":"publish","type":"post","link":"https:\/\/www.ecoitaliano.com.ar\/?p=11137","title":{"rendered":"STEVKA SMITRAN VINCE LA XX EDIZIONE DEL PREMIO LETTERA D\u2019AMORE &#8211; La cerimonia di premiazione, a Torrevecchia Teatina, l\u20198 agosto alle 20:30 al Parco San Karol"},"content":{"rendered":"<p><a href=\"http:\/\/www.ecoitaliano.com.ar\/wp-content\/uploads\/2020\/07\/STEVKA-SMITRAN-foto-Luciano-DAngelo.jpg\"><img decoding=\"async\" class=\"alignnone size-full wp-image-11138\" src=\"http:\/\/www.ecoitaliano.com.ar\/wp-content\/uploads\/2020\/07\/STEVKA-SMITRAN-foto-Luciano-DAngelo.jpg\" alt=\"\" width=\"945\" height=\"1261\" srcset=\"https:\/\/www.ecoitaliano.com.ar\/wp-content\/uploads\/2020\/07\/STEVKA-SMITRAN-foto-Luciano-DAngelo.jpg 945w, https:\/\/www.ecoitaliano.com.ar\/wp-content\/uploads\/2020\/07\/STEVKA-SMITRAN-foto-Luciano-DAngelo-225x300.jpg 225w, https:\/\/www.ecoitaliano.com.ar\/wp-content\/uploads\/2020\/07\/STEVKA-SMITRAN-foto-Luciano-DAngelo-768x1025.jpg 768w, https:\/\/www.ecoitaliano.com.ar\/wp-content\/uploads\/2020\/07\/STEVKA-SMITRAN-foto-Luciano-DAngelo-767x1024.jpg 767w, https:\/\/www.ecoitaliano.com.ar\/wp-content\/uploads\/2020\/07\/STEVKA-SMITRAN-foto-Luciano-DAngelo-112x150.jpg 112w\" sizes=\"(max-width: 945px) 100vw, 945px\" \/><\/a><\/p>\n<p align=\"center\"><span style=\"font-family: Times New Roman, serif;\"><span style=\"font-size: medium;\"><b>STEVKA SMITRAN VINCE LA XX EDIZIONE DEL PREMIO LETTERA D\u2019AMORE<\/b><\/span><\/span><\/p>\n<p align=\"center\"><span style=\"font-family: Times New Roman, serif;\"><span style=\"font-size: medium;\"><b>La cerimonia di premiazione, a Torrevecchia Teatina, l\u20198 agosto alle 20:30 al Parco San Karol <\/b><\/span><\/span><\/p>\n<p align=\"justify\"><span style=\"font-family: Times New Roman, serif;\"><span style=\"font-size: medium;\">CHIETI &#8211; L\u2019importante ricorrenza del ventennale del Premio e del Festival, che saranno adeguatamente celebrati con numerose iniziative, nel rispetto delle normative di sicurezza, dal 6 al 9 agosto a <\/span><\/span><span style=\"font-family: Times New Roman, serif;\"><span style=\"font-size: medium;\"><b>Torrevecchia Teatina<\/b><\/span><\/span><span style=\"font-family: Times New Roman, serif;\"><span style=\"font-size: medium;\">, nel settecentesco Palazzo del <\/span><\/span><span style=\"font-family: Times New Roman, serif;\"><span style=\"font-size: medium;\"><b>Marchese Valignani<\/b><\/span><\/span><span style=\"font-family: Times New Roman, serif;\"><span style=\"font-size: medium;\"> e nell\u2019annesso <\/span><\/span><span style=\"font-family: Times New Roman, serif;\"><span style=\"font-size: medium;\"><b>Parco \u201cSan Karol\u201d<\/b><\/span><\/span><span style=\"font-family: Times New Roman, serif;\"><span style=\"font-size: medium;\">, quest\u2019anno ripropone, come \u00e8 accaduto per l\u2019anno scorso con <\/span><\/span><span style=\"font-family: Times New Roman, serif;\"><span style=\"font-size: medium;\"><b>Rita El Khayat<\/b><\/span><\/span><span style=\"font-family: Times New Roman, serif;\"><span style=\"font-size: medium;\">, candidata al Nobel per la pace, una vincitrice di fama internazionale, la slavista <\/span><\/span><span style=\"font-family: Times New Roman, serif;\"><span style=\"font-size: medium;\"><b>Stevka Smitran<\/b><\/span><\/span><span style=\"font-family: Times New Roman, serif;\"><span style=\"font-size: medium;\">, docente presso l\u2019Universit\u00e0 di Teramo. <\/span><\/span><\/p>\n<p align=\"justify\"><span style=\"font-family: Times New Roman, serif;\"><span style=\"font-size: medium;\">La giuria composta da <\/span><\/span><span style=\"font-family: Times New Roman, serif;\"><span style=\"font-size: medium;\"><b>Tonita Di Nisio<\/b><\/span><\/span><span style=\"font-family: Times New Roman, serif;\"><span style=\"font-size: medium;\">, <\/span><\/span><span style=\"font-family: Times New Roman, serif;\"><span style=\"font-size: medium;\"><b>Massimo Pamio<\/b><\/span><\/span><span style=\"font-family: Times New Roman, serif;\"><span style=\"font-size: medium;\">, <\/span><\/span><span style=\"font-family: Times New Roman, serif;\"><span style=\"font-size: medium;\"><b>Massimo Pasqualone<\/b><\/span><\/span><span style=\"font-family: Times New Roman, serif;\"><span style=\"font-size: medium;\">, <\/span><\/span><span style=\"font-family: Times New Roman, serif;\"><span style=\"font-size: medium;\"><b>Lucilla Sergiacomo<\/b><\/span><\/span><span style=\"font-family: Times New Roman, serif;\"><span style=\"font-size: medium;\">, <\/span><\/span><span style=\"font-family: Times New Roman, serif;\"><span style=\"font-size: medium;\"><b>Giuseppina Verdoliva<\/b><\/span><\/span><span style=\"font-family: Times New Roman, serif;\"><span style=\"font-size: medium;\">, idealmente presieduta dal <\/span><\/span><span style=\"font-family: Times New Roman, serif;\"><span style=\"font-size: medium;\"><b>prof. Vito Moretti<\/b><\/span><\/span><span style=\"font-family: Times New Roman, serif;\"><span style=\"font-size: medium;\"><i> in memoriam<\/i><\/span><\/span><span style=\"font-family: Times New Roman, serif;\"><span style=\"font-size: medium;\">, ha infatti assegnato il primo premio del concorso per la migliore lettera d\u2019amore a <\/span><\/span><span style=\"font-family: Times New Roman, serif;\"><span style=\"font-size: medium;\"><b>Stevka Smitran<\/b><\/span><\/span><span style=\"font-family: Times New Roman, serif;\"><span style=\"font-size: medium;\">, proclamata vincitrice assoluta davanti alle seconde classificate <\/span><\/span><span style=\"font-family: Times New Roman, serif;\"><span style=\"font-size: medium;\"><i>ex aequo<\/i><\/span><\/span> <span style=\"font-family: Times New Roman, serif;\"><span style=\"font-size: medium;\"><b>Laura D\u2019Angelo, <\/b><\/span><\/span><span style=\"font-family: Times New Roman, serif;\"><span style=\"font-size: medium;\"><b>Renata Di Sano<\/b><\/span><\/span><span style=\"font-family: Times New Roman, serif;\"><span style=\"font-size: medium;\"> e <\/span><\/span><span style=\"font-family: Times New Roman, serif;\"><span style=\"font-size: medium;\"><b>Olivetta Gerometta<\/b><\/span><\/span><span style=\"font-family: Times New Roman, serif;\"><span style=\"font-size: medium;\">, e alle terze <\/span><\/span><span style=\"font-family: Times New Roman, serif;\"><span style=\"font-size: medium;\"><i>ex aequo<\/i><\/span><\/span> <span style=\"font-family: Times New Roman, serif;\"><span style=\"font-size: medium;\"><b>Maria Fabia Simone<\/b><\/span><\/span><span style=\"font-family: Times New Roman, serif;\"><span style=\"font-size: medium;\"> e <\/span><\/span><span style=\"font-family: Times New Roman, serif;\"><span style=\"font-size: medium;\"><b>Irene Zavaglia<\/b><\/span><\/span><span style=\"font-family: Times New Roman, serif;\"><span style=\"font-size: medium;\">. <\/span><\/span><\/p>\n<p align=\"justify\"><span style=\"font-family: Times New Roman, serif;\"><span style=\"font-size: medium;\">Menzioni speciali per: <\/span><\/span><span style=\"font-family: Times New Roman, serif;\"><span style=\"font-size: medium;\"><b>Mauro Barbetti, Amalia Cavorso, Barbara De Filippis, Assunta Di Cintio, Gabriele Di Giorgio, Gloria Venturini, Giulia Caroletti, Giuliana Cicchetti Navarra, Alessandra Nepa, Monica Scarpari, Il Vento, Tiziana Gabrielli<\/b><\/span><\/span><span style=\"font-family: Times New Roman, serif;\"><span style=\"font-size: medium;\">. <\/span><\/span><\/p>\n<p align=\"justify\"><span style=\"font-family: Times New Roman, serif;\"><span style=\"font-size: medium;\">Segnalati i testi di: Daniela Basti, Paolo Bianco, Roberta Bellantuono (<\/span><\/span><span style=\"font-family: Times New Roman, serif;\"><span style=\"font-size: medium;\"><i>Scritture Laterali<\/i><\/span><\/span><span style=\"font-family: Times New Roman, serif;\"><span style=\"font-size: medium;\">, gruppo composto da: Alessandra Ulisse, Sandra Di Giacomo, Dusca Farinelli, Natasha Volpone, Sabina Di Nino, Marianna Minichini, Rina Almonti, Marianna Melchiorre), Liliana Capone, Silvia Caramellino, Ilaria Celiani, Yuleisy Cruz Lezcano, Claudia D\u2019Angelo, Ilaria Di Francesco, Antonio Di Marino, Salvatore Di Sante, Michele Di Virgilio, Anna Maria Gaglioli, Monica Giusto, Flora Alberta Lembo, Giovanni Lufino, Lorenza Negri, Maria Piera Pacione, Diana Pagliara, Irma Radica, Simona Rea, Alice Valente, gli studenti Milen Annibale (Liceo economico sociale \u201cDe Titta-Fermi\u201d di Lanciano), Paula Doko (Istituto Biotecnologico sanitario di Guardiagrele), Martina Giangiulio (\u201cDe Titta-Fermi\u201d di Lanciano), Asia Lella (\u201cDe Titta-Fermi\u201d di Lanciano), Giuditta Marchesani (ITBS di Guardiagrele), Virginia Primante (ITBS di Guardiagrele), Dajana Primomo (\u201cDe Titta-Fermi\u201d di Lanciano), Simone Rosica (ITBS di Guardiagrele), tutti allievi della professoressa Monica Ferri. <\/span><\/span><\/p>\n<p><span style=\"font-family: Times New Roman, serif;\"><span style=\"font-size: medium;\">La <\/span><\/span><span style=\"font-family: Times New Roman, serif;\"><span style=\"font-size: medium;\"><b>cerimonia di premiazione<\/b><\/span><\/span><span style=\"font-family: Times New Roman, serif;\"><span style=\"font-size: medium;\"> \u00e8 prevista sabato <\/span><\/span><span style=\"font-family: Times New Roman, serif;\"><span style=\"font-size: medium;\"><b>8 agosto alle ore 20 e 30<\/b><\/span><\/span><span style=\"font-family: Times New Roman, serif;\"><span style=\"font-size: medium;\"> presso il <\/span><\/span><span style=\"font-family: Times New Roman, serif;\"><span style=\"font-size: medium;\"><b>Parco \u201cSan Karol\u201d<\/b><\/span><\/span><span style=\"font-family: Times New Roman, serif;\"><span style=\"font-size: medium;\"> del Palazzo Valignani di Torrevecchia Teatina, alla presenza del Sindaco dottor <\/span><\/span><span style=\"font-family: Times New Roman, serif;\"><span style=\"font-size: medium;\"><b>Francesco Seccia<\/b><\/span><\/span><span style=\"font-family: Times New Roman, serif;\"><span style=\"font-size: medium;\">. I posti sono limitati, da prenotare al 3279960722. <\/span><\/span><\/p>\n<p align=\"justify\"><a name=\"_GoBack\"><\/a> <span style=\"font-family: Times New Roman, serif;\"><span style=\"font-size: medium;\"><b>Stevka \u0160mitran<\/b><\/span><\/span><span style=\"font-family: Times New Roman, serif;\"><span style=\"font-size: medium;\">, poetessa, traduttrice, saggista, insegna all\u2019Universit\u00e0 degli Studi di Teramo. Nata a Bosanska Gradi\u0161ka (Bosnia-Erzegovina), ha studiato all\u2019Universit\u00e0 di Belgrado, ha conseguito il dottorato di ricerca ed \u00e8 autrice di pi\u00f9 di cento pubblicazioni sulla letteratura slava. Ha curato, in prima traduzione italiana, le opere poetiche di Ivo Andri\u0107, Miodrag Pavlovi\u0107 e di altri autori. Tra le varie pubblicazioni, <\/span><\/span><span style=\"font-family: Times New Roman, serif;\"><span style=\"font-size: medium;\"><i>Il surrealismo serbo<\/i><\/span><\/span><span style=\"font-family: Times New Roman, serif;\"><span style=\"font-size: medium;\"> (1985), <\/span><\/span><span style=\"font-family: Times New Roman, serif;\"><span style=\"font-size: medium;\"><i>Crnjanski i Mikelan\u0111elo<\/i><\/span><\/span><span style=\"font-family: Times New Roman, serif;\"><span style=\"font-size: medium;\"> (1988), <\/span><\/span><span style=\"font-family: Times New Roman, serif;\"><span style=\"font-size: medium;\"><i>Racconti popolari jugoslavi<\/i><\/span><\/span><span style=\"font-family: Times New Roman, serif;\"><span style=\"font-size: medium;\"> (1988), <\/span><\/span><span style=\"font-family: Times New Roman, serif;\"><span style=\"font-size: medium;\"><i>Antologia della poesia dell\u2019ex Jugoslavia<\/i><\/span><\/span><span style=\"font-family: Times New Roman, serif;\"><span style=\"font-size: medium;\"> (1996) [premio Calliope per la traduzione], Poesie scelte di Ivo Andri\u0107 (2000), <\/span><\/span><span style=\"font-family: Times New Roman, serif;\"><span style=\"font-size: medium;\"><i>L\u2019ultimo pranzo di Miodrag Pavlovi\u0107<\/i><\/span><\/span><span style=\"font-family: Times New Roman, serif;\"><span style=\"font-size: medium;\"> (2004), <\/span><\/span><span style=\"font-family: Times New Roman, serif;\"><span style=\"font-size: medium;\"><i>Gli<\/i><\/span><\/span> <span style=\"font-family: Times New Roman, serif;\"><span style=\"font-size: medium;\"><i>uscocchi<\/i><\/span><\/span><span style=\"font-family: Times New Roman, serif;\"><span style=\"font-size: medium;\"> (2008). <\/span><\/span><\/p>\n<p align=\"justify\"><span style=\"font-family: Times New Roman, serif;\"><span style=\"font-size: medium;\">E\u2019 appena uscito il suo libro di saggi, <\/span><\/span><span style=\"font-family: Times New Roman, serif;\"><span style=\"font-size: medium;\"><i>Storia e mito slavo<\/i><\/span><\/span><span style=\"font-family: Times New Roman, serif;\"><span style=\"font-size: medium;\"> (2020), pubblicati su riviste italiane e internazionali in quarant\u2019anni di carriera accademica. Il libro tratteggia una variegata rappresentazione della storia e del mito slavo attraverso la selezione di una serie di saggi, dalla ricerca del sogno di Ivo Andric, premio Nobel dei Balcani, alla narrazione della dissoluzione sovietica attraverso lo sguardo di Michail Gorbachov. Ha pubblicato cinque raccolte di poesia: <\/span><\/span><span style=\"font-family: Times New Roman, serif;\"><span style=\"font-size: medium;\"><i>Slavica<\/i><\/span><\/span><span style=\"font-family: Times New Roman, serif;\"><span style=\"font-size: medium;\"> (1966-1999) (2000), <\/span><\/span><span style=\"font-family: Times New Roman, serif;\"><span style=\"font-size: medium;\"><i>Le mie cose<\/i><\/span><\/span><span style=\"font-family: Times New Roman, serif;\"><span style=\"font-size: medium;\"> (<\/span><\/span><span style=\"font-family: Times New Roman, serif;\"><span style=\"font-size: medium;\"><i>Moje stvari<\/i><\/span><\/span><span style=\"font-family: Times New Roman, serif;\"><span style=\"font-size: medium;\">) (2003), <\/span><\/span><span style=\"font-family: Times New Roman, serif;\"><span style=\"font-size: medium;\"><i>Italica e oltre<\/i><\/span><\/span><span style=\"font-family: Times New Roman, serif;\"><span style=\"font-size: medium;\"> (2004), <\/span><\/span><span style=\"font-family: Times New Roman, serif;\"><span style=\"font-size: medium;\"><i>Dall\u2019impero<\/i><\/span><\/span><span style=\"font-family: Times New Roman, serif;\"><span style=\"font-size: medium;\"> (2007) e <\/span><\/span><span style=\"font-family: Times New Roman, serif;\"><span style=\"font-size: medium;\"><i>Le ciglia d\u2019 Oriente <\/i><\/span><\/span><span style=\"font-family: Times New Roman, serif;\"><span style=\"font-size: medium;\">(2013). La sua poesia \u00e8 presente in numerose antologie e tradotta in turco, portoghese, spagnolo, bulgaro, greco, romeno, cinese, inglese. E\u2019 cofondatrice e segretaria del Premio Internazionale \u201cNordSud\u201d presso la Fondazione Pescarabruzzo. Nel 2007 ha ricevuto il riconoscimento \u201c<\/span><\/span><span style=\"font-family: Times New Roman, serif;\"><span style=\"font-size: medium;\"><i>Great Women of the 21st Century<\/i><\/span><\/span><span style=\"font-family: Times New Roman, serif;\"><span style=\"font-size: medium;\">\u201d dall\u2019American Biographical Institute. Nel 2018 nella citt\u00e0 natale ha ricevuto il diploma di Benemerito della cultura e dell\u2019istruzione.<\/span><\/span><\/p>\n<p>&nbsp;<\/p>\n","protected":false},"excerpt":{"rendered":"<p>STEVKA SMITRAN VINCE LA XX EDIZIONE DEL PREMIO LETTERA D\u2019AMORE La cerimonia di premiazione, a Torrevecchia Teatina, l\u20198 agosto alle [&hellip;]<\/p>\n","protected":false},"author":1,"featured_media":0,"comment_status":"open","ping_status":"open","sticky":false,"template":"","format":"standard","meta":{"footnotes":""},"categories":[10,22],"tags":[],"class_list":["post-11137","post","type-post","status-publish","format-standard","hentry","category-italiano","category-libros-y-revistas-literatura"],"_links":{"self":[{"href":"https:\/\/www.ecoitaliano.com.ar\/index.php?rest_route=\/wp\/v2\/posts\/11137","targetHints":{"allow":["GET"]}}],"collection":[{"href":"https:\/\/www.ecoitaliano.com.ar\/index.php?rest_route=\/wp\/v2\/posts"}],"about":[{"href":"https:\/\/www.ecoitaliano.com.ar\/index.php?rest_route=\/wp\/v2\/types\/post"}],"author":[{"embeddable":true,"href":"https:\/\/www.ecoitaliano.com.ar\/index.php?rest_route=\/wp\/v2\/users\/1"}],"replies":[{"embeddable":true,"href":"https:\/\/www.ecoitaliano.com.ar\/index.php?rest_route=%2Fwp%2Fv2%2Fcomments&post=11137"}],"version-history":[{"count":0,"href":"https:\/\/www.ecoitaliano.com.ar\/index.php?rest_route=\/wp\/v2\/posts\/11137\/revisions"}],"wp:attachment":[{"href":"https:\/\/www.ecoitaliano.com.ar\/index.php?rest_route=%2Fwp%2Fv2%2Fmedia&parent=11137"}],"wp:term":[{"taxonomy":"category","embeddable":true,"href":"https:\/\/www.ecoitaliano.com.ar\/index.php?rest_route=%2Fwp%2Fv2%2Fcategories&post=11137"},{"taxonomy":"post_tag","embeddable":true,"href":"https:\/\/www.ecoitaliano.com.ar\/index.php?rest_route=%2Fwp%2Fv2%2Ftags&post=11137"}],"curies":[{"name":"wp","href":"https:\/\/api.w.org\/{rel}","templated":true}]}}