{"id":11140,"date":"2020-07-27T18:43:30","date_gmt":"2020-07-27T18:43:30","guid":{"rendered":"http:\/\/www.ecoitaliano.com.ar\/?p=11140"},"modified":"2020-07-27T18:43:30","modified_gmt":"2020-07-27T18:43:30","slug":"bookolica-il-festival-dei-lettori-creativi-fa-il-suo-ritorno-in-sardegna-per-la-terza-edizione-ambiente-musica-cinema-e-molto-altro-3-6-settembre-2020-tempio-pausania","status":"publish","type":"post","link":"https:\/\/www.ecoitaliano.com.ar\/?p=11140","title":{"rendered":"BOOKOLICA: il festival dei lettori creativi fa il suo ritorno in Sardegna per la terza edizione | Ambiente, musica, cinema e molto altro | 3-6 settembre 2020, Tempio Pausania"},"content":{"rendered":"<p><a href=\"http:\/\/culturaliart.musvc2.net\/e\/r?q=Qz%3d8vQ1_HSza_Sc_ObsR_Yq_HSza_RhFB369.x1kI6FeIt5pQ.nEo_ObsR_Yq6_txdp_4C3Dn.84Fz_ObsR_Yq_HSza_ShKo5_txdp_5A3N_txdp_4C8N_-dAr_HSza_SfN06ff_3qUw_D4vSCN98C2_txdp_58_3qUw_D49cl2gZ.KY_txdp_4c9_HSza_SfM7_HSza_R89_3qUw_CVz_ObsR_ZoFr_ObsR_YGJz.-Z_3qUw_D1-0Zm119E6_txdp_5A2N2P1nEsX%263%3dAXDT4%26A%3dxKuSnR.pB5%269u%3dXKU8X%26w%3dQ%26p%3daIY%268l1cq%3dYKWBf%265%3dQ7dES8XJX6\" target=\"_blank\" rel=\"noopener\" name=\"m_2501588347856544840_showInBrowser\" data-saferedirecturl=\"https:\/\/www.google.com\/url?q=http:\/\/culturaliart.musvc2.net\/e\/r?q%3DQz%253d8vQ1_HSza_Sc_ObsR_Yq_HSza_RhFB369.x1kI6FeIt5pQ.nEo_ObsR_Yq6_txdp_4C3Dn.84Fz_ObsR_Yq_HSza_ShKo5_txdp_5A3N_txdp_4C8N_-dAr_HSza_SfN06ff_3qUw_D4vSCN98C2_txdp_58_3qUw_D49cl2gZ.KY_txdp_4c9_HSza_SfM7_HSza_R89_3qUw_CVz_ObsR_ZoFr_ObsR_YGJz.-Z_3qUw_D1-0Zm119E6_txdp_5A2N2P1nEsX%25263%253dAXDT4%2526A%253dxKuSnR.pB5%25269u%253dXKU8X%2526w%253dQ%2526p%253daIY%25268l1cq%253dYKWBf%25265%253dQ7dES8XJX6&amp;source=gmail&amp;ust=1595961659660000&amp;usg=AFQjCNGTYxZCu30pVpgHXrx5fapjIpZnPQ\"><\/a><\/p>\n<table role=\"presentation\" width=\"100%\" cellspacing=\"0\" cellpadding=\"0\" bgcolor=\"#EDEDED\">\n<tbody>\n<tr valign=\"top\">\n<td valign=\"top\">\n<div>\n<div class=\"m_2501588347856544840block-grid\">\n<div>\n<div class=\"m_2501588347856544840col\">\n<div>\n<div>\n<div align=\"center\"><img decoding=\"async\" class=\"CToWUd\" title=\"Testo alternativo\" src=\"https:\/\/ci4.googleusercontent.com\/proxy\/_VxBU2pzmT4bI_7gke-8YtkTeqylOSyhIHfxM7TgsWw4NKQX7R5uZEeyIaMoKx5ln17Tx8_Cv-EIQ7m4i_4zqJqfK8YVWE2xaHA8LDG0_w5iLpZkbNcft4zLM2gQhbzTVd8ZJEUCUeXOSI1z5GIejU8=s0-d-e1-ft#http:\/\/culturaliart.img.musvc2.net\/static\/91342\/images\/1\/0)%20LOGO%20UFFICIALE%20BOOKOLICA.jpg\" alt=\"Testo alternativo\" width=\"270\" align=\"middle\" border=\"0\" \/><\/div>\n<div>\n<div>\n<p><u><strong>COMUNICATO STAMPA<\/strong><\/u><\/p>\n<p>&nbsp;<\/p>\n<p><strong>BOOKOLICA<\/strong><\/p>\n<p><strong>Il festival dei lettori creativi fa il suo ritorno in Sardegna per la terza edizione<\/strong><\/p>\n<\/div>\n<\/div>\n<div align=\"center\"><img decoding=\"async\" class=\"CToWUd a6T\" tabindex=\"0\" title=\"Testo alternativo\" src=\"https:\/\/ci3.googleusercontent.com\/proxy\/D-2TMzBWg_QaqwrTQxmM9IpTuxLyROff7BEG4KlTTCONehZDSp0kkmgU9uze0iF6pfTWUsgiQleGRjB6txMI-5G-3NqtLTEVslzq8ezL2BG6Xllc1IXoGcRAdY1Kkl0w3vaiYA0bLm9M-v-1yG4bqRGrJWBfEVcE=s0-d-e1-ft#http:\/\/culturaliart.img.musvc2.net\/static\/91342\/images\/1\/Schermata%202020-07-27%20alle%2009.41.49.png\" alt=\"Testo alternativo\" width=\"330\" align=\"middle\" border=\"0\" \/><\/div>\n<\/div>\n<\/div>\n<\/div>\n<\/div>\n<\/div>\n<\/div>\n<\/td>\n<\/tr>\n<\/tbody>\n<\/table>\n<div align=\"center\"><\/div>\n<table role=\"presentation\" border=\"0\" width=\"100%\" cellspacing=\"0\" cellpadding=\"0\">\n<tbody>\n<tr valign=\"top\">\n<td valign=\"top\">\n<table role=\"presentation\" border=\"0\" width=\"100%\" cellspacing=\"0\" cellpadding=\"0\" align=\"center\">\n<tbody>\n<tr valign=\"top\">\n<td valign=\"top\"><\/td>\n<\/tr>\n<\/tbody>\n<\/table>\n<\/td>\n<\/tr>\n<\/tbody>\n<\/table>\n<div>\n<div>\n<p><strong>3-6 SETTEMBRE 2020<\/strong><\/p>\n<p>&nbsp;<\/p>\n<p><strong>Tempio Pausania, Sardegna<\/strong><\/p>\n<\/div>\n<\/div>\n<div>\n<div>\n<p><strong>Bookolica, il festival dei lettori creativi<\/strong> ritorna anche quest\u2019anno in <strong>Sardegna<\/strong>, nella cornice di <strong>Tempio Pausania<\/strong>, con ricco calendario di<strong> letture, performance, musica, proiezioni e laboratori<\/strong> per rileggere sotto nuova luce le pi\u00f9 recenti proposte editoriali. <strong>Dal 3 al 6 settembre 2020<\/strong> il Festival, alla sua <strong>terza edizione<\/strong>, torna ad essere l\u2019occasione per un fertile confronto tra saperi e uno spazio in cui affrontare, attraverso il <em>medium<\/em> della <strong>letteratura<\/strong>, temi che riguardano l\u2019attualit\u00e0. Il ricco calendario di appuntamenti si svolger\u00e0 presso <strong>Piazza Faber<\/strong> seguendo tutte le misure e direttive di sicurezza in materia COVID. \u201c<em>Riteniamo un dovere e diritto, sia per noi come organizzatori che per il pubblico e i sostenitori del festival, portare avanti questo progetto seppur in un momento delicato come questo. Vogliamo esserci per creare un immaginario di possibilit\u00e0, raccontare storie, incontrarci, leggere e rileggere<\/em>\u201d \u2013 <strong>Associazione Bottega No-Made<\/strong>. Bookolica conferma cos\u00ec l\u2019impegno verso il pubblico e per la prima volta trasmetter\u00e0 gli eventi anche in <strong>diretta streaming<\/strong> per tutti coloro i quali non potranno essere presenti.<\/p>\n<p>&nbsp;<\/p>\n<p><strong>Bookolica<\/strong> per il 2020 mette al centro <strong>il ruolo della lettura<\/strong> come elemento essenziale nel percorso di crescita culturale delle persone e fondamentale per rafforzare l\u2019idea del <strong>libro come bene comune<\/strong>. Il festival fa dialogare i diversi linguaggi dell\u2019arte, della letteratura e della cultura con la tradizione, il contesto ambientale e l\u2019innovazione, creando un <strong>ambiente interattivo di condivisione, confronto e dibattito<\/strong>.<\/p>\n<p>&nbsp;<\/p>\n<p>Tra le tematiche affrontate in questa nuova edizione ampio spazio verr\u00e0 dedicato all\u2019<strong>ambiente<\/strong> con un focus sull\u2019<strong>acqua<\/strong>, un tema sempre attuale e di estrema urgenza. Attraverso la letteratura si analizzeranno le problematiche ambientali a livello locale e mondiale alla presenza di esperti del settore, startupper e giornalisti ambientali come <strong>Emanuele Bompan <\/strong>e\u00a0<strong>Simona Savini<\/strong>, attivista del Forum Italiano dei Movimenti per l\u2019Acqua e campaigner per Greenpeace Italia.<\/p>\n<p>&nbsp;<\/p>\n<p>All\u2019interno del Festival anche la <strong>musica<\/strong> avr\u00e0 il suo grande momento con un incontro retrospettivo dedicato alla vita e all\u2019opera di <strong>Franco Battiato<\/strong>; cantautore di spicco della musica italiana e artista tout court, Battiato sar\u00e0 il protagonista di un intenso approfondimento: sul palco di Bookolica si susseguiranno <strong>Fabio Zuffanti<\/strong>, musicista eclettico della scena nazionale, il filosofo<strong> Giuseppe Pulina<\/strong> con un affondo sulla poetica dell\u2019autore e il musicista <strong>Fabio Cinti<\/strong>, il quale vanta importanti collaborazioni con grandi nomi della musica come <strong>Morgan<\/strong> e lo stesso <strong>Battiato<\/strong>.<\/p>\n<p>Alla musica sar\u00e0 dedicato un altro momento del Festival con un incontro sul <strong>Grande Maestro Ennio Morricone<\/strong> assieme al compositore e scrittore <strong>Alessandro de Rosa<\/strong>.<\/p>\n<p>Ogni giornata del festival, infine, chiuder\u00e0 con un concerto o una performance musicale dal vivo.<\/p>\n<p>&nbsp;<\/p>\n<p>Dopo il successo delle scorse edizioni, Bookolica dedicher\u00e0 una parte del programma ai pi\u00f9 piccini con <strong>Bookolica Kids<\/strong>, uno spazio privilegiato che sar\u00e0 occasione di formazione e crescita <strong>per bambini e ragazzi<\/strong>. Fin dalla prima edizione Bookolica ha sempre posto la sua attenzione sulle nuove generazioni affinch\u00e9 anche i pi\u00f9 piccoli si riconoscessero nel festival. Bookolica Kids, realizzato con il sostegno della <strong>Fondazione Banco di Sardegna<\/strong>, accoglier\u00e0 un nuovo<strong> giovane pubblico,<\/strong> stimolando le <strong>pratiche di apprendimento attraverso le immagini e le parole<\/strong>.<\/p>\n<p>Proprio a conferma di questo impegno verso i pi\u00f9 piccoli quest\u2019anno Bookolica \u00e8 entrata a far parte della rete del programma nazionale <strong>Nati per Leggere NPL<\/strong> che promuove la pratica della lettura in famiglia a partire dai 0 fino ai 6 anni. Tutte le iniziative di sensibilizzazione realizzate da Bookolica nei confronti dei genitori sull\u2019importanza della <strong>lettura condivisa fin dai primi mesi di vita<\/strong>, si svolgono in collaborazione con la rete NPL e i suoi volontari.<\/p>\n<p>&nbsp;<\/p>\n<p>L\u2019amore per il territorio sardo e la passione per il proprio lavoro che contraddistinguono l\u2019<strong>Associazione Bottega No Made<\/strong>, ideatrice e promotrice di Bookolica, si traducono in una serie di iniziative che arricchiscono il territorio isolano durante tutto l\u2019anno. Da sei anni <strong>Bottega No-Made<\/strong> organizza <strong>PROPS &#8211; Festival dei gesti dei sentieri e delle favole<\/strong>, in programma per il 2020 tra la fine di settembre e gli inizi di ottobre a T<strong>empio Pausania<\/strong>. Una manifestazione di spettacoli teatrali, incursioni di micro-teatro, workshop e laboratori di teatro, scenografia e tecniche delle luci e del suono. Tra gli spettacoli che si svolgeranno durante il festival andr\u00e0 in scena \u201c<em><strong>Macbettu<\/strong><\/em>\u00bb di <strong>Alessandro Serra<\/strong>, uno dei pi\u00f9 celebrati spettacoli teatrali degli ultimi anni che torna in via eccezionale per Props 2020.<\/p>\n<p>&nbsp;<\/p>\n<p><strong>Bookolica<\/strong> \u00e8 organizzato dall\u2019<strong>Associazione Culturale Bottega No-Made<\/strong>, con il sostegno di <strong>Regione Autonoma della Sardegna, Fondazione Banco di Sardegna, Comune di Tempio Pausania, Fondazione Sardegna Film Commission<\/strong>. Media partner: <strong>Aeroporto di Olbia Costa Smeralda, Tiscali e Profilcultura<\/strong>.<\/p>\n<p>&nbsp;<\/p>\n<p>&nbsp;<\/p>\n<p><u><strong>BOOKOLICA: GLI HIGHLIGHTS DELLA TERZA EDIZIONE<\/strong><\/u><\/p>\n<p>&nbsp;<\/p>\n<p><strong>Da gioved\u00ec 3 a domenica 6 settembre<\/strong> il festival proporr\u00e0 un <strong>calendario ricco di eventi e appuntamenti<\/strong> tra cui novit\u00e0 editoriali, presentazioni di libri, incontri con gli autori, letture di poesie, proiezioni di film, laboratori e concerti musicali.<\/p>\n<p>&nbsp;<\/p>\n<p>La <strong>prima giornata<\/strong> verr\u00e0 aperta dalla performance poetica di <strong>Domenico Brancale<\/strong> e proseguir\u00e0 all\u2019insegna della <strong>musica d\u2019autore<\/strong> con un\u2019immersione totale nell\u2019universo del cantautore siciliano <strong>Franco Battiato<\/strong>. A raccontarlo saranno numerosi ospiti: <strong>Fabio Cinti<\/strong>, musicista, cantautore e autore, tra le cui collaborazioni spiccano i nomi di Morgan, Paolo Benvegn\u00f9 e Franco Battiato; il musicista e scrittore <strong>Fabio Zuffanti<\/strong> presenter\u00e0 i libri \u201c<em><strong>Franco Battiato. Tutti i dischi e tutte le canzoni, dal 1965 al 2019<\/strong><\/em>\u201d (Arcana 2020) e \u201c<em><strong>Battiato. La voce del padrone. 1945-1982. Nascita, ascesa e consacrazione del fenomeno<\/strong><\/em>\u201d (Arcana 2018); <strong>Giuseppe Pulina<\/strong>, filosofo, docente, scrittore e direttore della rivista \u201cMneme Ammentos\u201d, presenter\u00e0 il suo libro \u201c<em><strong>La cura. Anche tu sei un essere speciale<\/strong><\/em>\u201d (Zona, 2010), in cui indaga il background filosofico e la fitta trama di suggestioni dell\u2019opera del noto cantautore.<\/p>\n<p>&nbsp;<\/p>\n<p>La <strong>seconda giornata<\/strong> sar\u00e0 dedicata ai temi ambientali e all\u2019attivismo: tra i molti interventi autorevoli figurano i nomi di <strong>Emanuele Bompan<\/strong>, giornalista ambientale, geografo e direttore della rivista \u201cMateria Rinnovabile\u201d, che parler\u00e0 in diretta streaming del suo libro \u201c<em><strong>L\u2019Atlante Geopolitico dell\u2019Acqua<\/strong><\/em>\u201d\u00a0(Hoepli 2019). L&#8217;acqua \u00e8 l&#8217;elemento naturale indispensabile per la vita sulla Terra: una risorsa preziosa da sempre oggetto di contese, conflitti e depauperamento. Bompan racconter\u00e0 in chiave geopolitica la situazione dei Paesi in cui \u00e8 maggiore la criticit\u00e0 legata ai sistemi idrici.<\/p>\n<p>Anche <strong>Simona Savini<\/strong>, attivista del Forum Italiano dei Movimenti per l\u2019Acqua, tratter\u00e0 dell\u2019acqua, della sua preservazione, del suo impatto sulle popolazioni pi\u00f9 povere e della necessit\u00e0 di salvaguardare l\u2019intero ecosistema.<\/p>\n<p>&nbsp;<\/p>\n<p>Sempre legato all\u2019ambiente sar\u00e0 l\u2019incontro con <strong>Cristian Secci<\/strong> della startup <strong>Alfred Italia<\/strong> che discuter\u00e0 della <strong>conversione ambientale<\/strong>; il talk, pensato, progettato e realizzato dalle ragazze e dai ragazzi dello Staff del Bookolica Festival, toccher\u00e0 la territorialit\u00e0 e uno degli aspetti del problema del collasso climatico, cio\u00e8 la tecnologia e come essa pu\u00f2 aiutarci per compiere piccoli progressi.<\/p>\n<p>&nbsp;<\/p>\n<p>Sul giornalismo d\u2019inchiesta si discuter\u00e0 invece con <strong>Diego Gandolfo<\/strong>, autore di \u201c<em><strong>I Signori delle citt\u00e0: la prima inchiesta completa sul potere e i segreti delle fondazioni bancarie<\/strong><\/em>\u201d.<\/p>\n<p>&nbsp;<\/p>\n<p>Il <strong>weekend<\/strong> sar\u00e0 poi dedicato alle <strong>presentazioni di libri <em>tout cour<\/em><\/strong><em>t<\/em> con alcuni importanti nomi della letteratura nazionale e internazionale: il noto scrittore e saggista <strong>Antonio Moresco<\/strong> presenter\u00e0 i libri \u201c<em><strong>Canto d\u2019Arco<\/strong><\/em>\u201d (Sem, 2019) e \u201c<em><strong>Canto degli alberi<\/strong><\/em>\u201d (Aboca, 2020); direttamente dalla Slovenia sar\u00e0 presente all\u2019interno del festival il fotografo <strong>Ziga Koritnik<\/strong> che presenter\u00e0 il libro \u201c<em><strong>Cloud Arrangers<\/strong><\/em>\u201d (Pega 2019). Ziga \u00e8 il <strong>pi\u00f9 sensibile ritrattista della scena free jazz europea<\/strong> e ha fotografato durante la sua carriera mostri sacri dell\u2019improvvisazione come Peter Br\u00f6tzmann, Joe McPhee e Mats Gustafsson. Assieme a Jonny Costantino ripercorrer\u00e0 le avventure e gli incontri indimenticabili del suo viaggio artistico mentre le sue immagini contrappunteranno, sullo schermo, i <strong>racconti di vita e di musica<\/strong>.<\/p>\n<p>&nbsp;<\/p>\n<p>Anche il <strong>cinema<\/strong> avr\u00e0 il suo spazio con un duplice affondo. Gli esplorati saranno <strong>Werner Herzog<\/strong> e <strong>Sterling Hayden<\/strong>, due figure decisamente \u201c<em>bigger than cinema<\/em>\u201d. <strong>Herzog<\/strong>, cineasta, pensatore e tra i pi\u00f9 importanti esponenti del nuovo cinema tedesco, sar\u00e0 indagato dal filosofo <strong>Francesco Cattaneo<\/strong>, gi\u00e0 traduttore di Herzog e autore di diversi saggi sul visionario filmmaker, nell\u2019ambito della presentazione del numero monografico di \u201c<em><strong>Estetica. Studi e ricerche<\/strong><\/em>\u201d. Dell\u2019attore<strong> Sterling Hayden<\/strong>, protagonista di\u00a0<em>Giungla d\u2019asfalto<\/em>\u00a0di John Huston e\u00a0<em>Rapina a mano armata<\/em>\u00a0di Stanley Kubrick, racconter\u00e0 la \u201cvita disastrata ed epica\u201d <strong>Jonny Costantino<\/strong>, scrittore e cineasta, autore del libro \u201cUn uomo con la guerra dentro\u201d (Lamantica, 2020).<\/p>\n<p>&nbsp;<\/p>\n<p>Infine, Bookolica chiuder\u00e0 l\u2019<strong>ultima giornata<\/strong> con un evento d\u2019eccezione alla presenza di <strong>Alessandro de Rosa<\/strong> co-autore con <strong>Ennio Morricone<\/strong> della sua autobiografia in conversazione \u201c<em><strong>Ennio Morricone \u2013 Inseguendo quel suono. La mia musica, la mia vita. Conversazioni con Alessandro De Rosa<\/strong><\/em>\u201d\u00a0(Mondadori, 2016). Questo libro \u00e8 il risultato di anni di incontri fra Ennio Morricone e il giovane compositore Alessandro De Rosa. \u00c8 un dialogo denso e profondo che parla di vita, di musica e dei modi meravigliosi e imprevedibili in cui vita e musica entrano in contatto e si influenzano a vicenda.\u00a0Il lungo e ricco percorso artistico di Morricone verr\u00e0 inoltre raccontato al pubblico attraverso la proiezione di un <strong>video reportage con interviste<\/strong>.<\/p>\n<p>&nbsp;<\/p>\n<p>Tutti gli eventi di Bookolica 2020 saranno trasmessi in <strong>diretta streaming<\/strong> sui social network della manifestazione.<\/p>\n<p>&nbsp;<\/p>\n<p>&nbsp;<\/p>\n<p>&nbsp;<\/p>\n<p><u><strong>INFORMAZIONI UTILI<\/strong><\/u><\/p>\n<p>&nbsp;<\/p>\n<p>TITOLO: <strong>Bookolica. Il festival dei Lettori Creativi<\/strong><\/p>\n<p>QUANDO E DOVE: <strong>Tempio Pausania, Sardegna \u2013 dal 3 al 6 settembre 2020<\/strong><\/p>\n<p>&nbsp;<\/p>\n<p>DIRETTA STREAMING:<\/p>\n<p><a href=\"http:\/\/culturaliart.musvc2.net\/e\/t?q=3%3d9U5T2%26F%3d3%26D%3d4bA%26E%3d2d9Z9%26O%3djJtJu_HQwR_Sa_LSsP_Vh_HQwR_RfQyM.f5e5bIqA.cIo_HQwR_Rf6qEkIn9c5h5sNkLaF_tqSt_46%26d%3dGwIv74.D1a5ceN%26kI%3d1d7V1\" target=\"_blank\" rel=\"noopener\" data-saferedirecturl=\"https:\/\/www.google.com\/url?q=http:\/\/culturaliart.musvc2.net\/e\/t?q%3D3%253d9U5T2%2526F%253d3%2526D%253d4bA%2526E%253d2d9Z9%2526O%253djJtJu_HQwR_Sa_LSsP_Vh_HQwR_RfQyM.f5e5bIqA.cIo_HQwR_Rf6qEkIn9c5h5sNkLaF_tqSt_46%2526d%253dGwIv74.D1a5ceN%2526kI%253d1d7V1&amp;source=gmail&amp;ust=1595961659660000&amp;usg=AFQjCNEU_FdFQw1MOo9qov7CcoZpBWPgKw\">Facebook<\/a><\/p>\n<p><a href=\"http:\/\/culturaliart.musvc2.net\/e\/t?q=4%3dHUAUA%26F%3d9%26E%3dCbG%26F%3dAdEaH%26O%3dpK3J1_IZwX_Tj_LYtY_Vn_IZwX_SoQ5N.8I3K46m.4xG_zrbt_07lBiEw9t_IZwX_SoyKlSZ6lElN2Y8EftL4ANyi2j5iKp%268%3duL2PkS.w92%2602%3dUHVEU\" target=\"_blank\" rel=\"noopener\" data-saferedirecturl=\"https:\/\/www.google.com\/url?q=http:\/\/culturaliart.musvc2.net\/e\/t?q%3D4%253dHUAUA%2526F%253d9%2526E%253dCbG%2526F%253dAdEaH%2526O%253dpK3J1_IZwX_Tj_LYtY_Vn_IZwX_SoQ5N.8I3K46m.4xG_zrbt_07lBiEw9t_IZwX_SoyKlSZ6lElN2Y8EftL4ANyi2j5iKp%25268%253duL2PkS.w92%252602%253dUHVEU&amp;source=gmail&amp;ust=1595961659660000&amp;usg=AFQjCNFVM3yk9hxuU5oRIBqHzQEFggcnRg\">Youtube<\/a><\/p>\n<p>&nbsp;<\/p>\n<p><strong>L&#8217;ACCESSO A TUTTE LE INIZIATIVE \u00c8 GRATUITO<\/strong><\/p>\n<\/div>\n<\/div>\n<div>\n<div>\n<p>Organizzato da: <strong>Associazione Culturale Bottega No-Made<\/strong><\/p>\n<\/div>\n<\/div>\n<div align=\"left\"><img decoding=\"async\" class=\"CToWUd\" title=\"Testo alternativo\" src=\"https:\/\/ci5.googleusercontent.com\/proxy\/uvUiz4W1QZJ4G7IX-JnzduaSEqxKnJCG1mTSCgfkfKU_FoTgFQv2NRx2Xzf6fZD9v9h7g9wk_9SKFaCWq8Cm5JTEd_BdFTxlCAzkuQanhQm8YS57reVsT1E_P6l2ZdE=s0-d-e1-ft#http:\/\/culturaliart.img.musvc2.net\/static\/91342\/images\/1\/Immagine%201(5).png\" alt=\"Testo alternativo\" width=\"180\" border=\"0\" \/><\/div>\n<div>\n<div>\n<p>Con il sostegno di:<\/p>\n<p>&nbsp;<\/p>\n<p><strong>Regione Autonoma della Sardegna<\/strong><\/p>\n<\/div>\n<\/div>\n<div align=\"left\"><img decoding=\"async\" class=\"CToWUd a6T\" tabindex=\"0\" title=\"Testo alternativo\" src=\"https:\/\/ci4.googleusercontent.com\/proxy\/_iTrLc098_BYlekTy-gXe8VaGiw3zXTa_LxKQnznjAUbCqRRIfLjVfHPvX9OGEKILINsLRVfG93YerBh11R6euyRt8ynfJPvTnhDaPy0E3AaYXuepM_QqGAxJPuYAQlgQrSu9CFh1vN1qurI1zvas5S9XTV9irSv=s0-d-e1-ft#http:\/\/culturaliart.img.musvc2.net\/static\/91342\/images\/1\/Schermata%202020-07-24%20alle%2010.20.07.png\" alt=\"Testo alternativo\" width=\"150\" border=\"0\" \/><\/div>\n<div align=\"left\"><\/div>\n<div>\n<div>\n<p><strong>Fondazione Banco di Sardegna<\/strong><\/p>\n<\/div>\n<\/div>\n<div align=\"left\"><img decoding=\"async\" class=\"CToWUd\" title=\"Testo alternativo\" src=\"https:\/\/ci5.googleusercontent.com\/proxy\/r8aX-3iMNXID2cfgNxHCh2v5zgVsf_zUeTrTr-WnRTgk4I0ILi4Wy8Es_X1tFeIIEK_su2ks4BTyUo4eFyh6TlkNHh79mYwD3CxhxLMIC7ncSXKj7F0muY84a6ifZ9JTUB7e0Emih4qgaA=s0-d-e1-ft#http:\/\/culturaliart.img.musvc2.net\/static\/91342\/images\/1\/Fondazione%20di%20Sardegna.png\" alt=\"Testo alternativo\" width=\"120\" border=\"0\" \/><\/div>\n<div>\n<div>\n<p><strong>Comune di Tempio Pausania<\/strong><\/p>\n<\/div>\n<\/div>\n<div align=\"left\"><img decoding=\"async\" class=\"CToWUd\" title=\"Testo alternativo\" src=\"https:\/\/ci3.googleusercontent.com\/proxy\/eHWPazcxg7t1ihcIFz-jC3hD4MZV2-UvSep4ZwTpQ8xahhVKKEmgCTmVEZC7Oj3SmFM6iRy-LzopK4V_xJwGgXwGMkZFOgNlIny0HUqaxdB_BE2Ydjdfchq6TLjU_f0nj2NxrRuMGedzsg6t41cdscGk-mf3y-v4=s0-d-e1-ft#http:\/\/culturaliart.img.musvc2.net\/static\/91342\/images\/1\/Schermata%202020-07-27%20alle%2011.18.43.png\" alt=\"Testo alternativo\" width=\"83\" border=\"0\" \/><\/div>\n<div>\n<div>\n<p><strong>Fondazione Sardegna Film Commission<\/strong><\/p>\n<\/div>\n<\/div>\n<div align=\"left\"><img decoding=\"async\" class=\"CToWUd\" title=\"Testo alternativo\" src=\"https:\/\/ci4.googleusercontent.com\/proxy\/DZNELMAZm3Wq-Q96aW3BuE3_zfbxLZ0oBsNYFGSFTJqH0K_NUCfj0KDw6bBjZj38EI-0xWfkDCD2tJiv8kmnUf_z1MCB-nOIn3gzpOou-vxE33p6tdZgZqEuKHUTBHtEr2pQZKlESnTbdM1hA4mmdJj9YZFHXNts=s0-d-e1-ft#http:\/\/culturaliart.img.musvc2.net\/static\/91342\/images\/1\/Schermata%202020-07-27%20alle%2011.19.49.png\" alt=\"Testo alternativo\" width=\"420\" border=\"0\" \/><\/div>\n<div>\n<div>\n<p>Mediapartners:<\/p>\n<p>&nbsp;<\/p>\n<p><strong>Aeroporto di Olbia Costa Smeralda<\/strong><\/p>\n<\/div>\n<\/div>\n<div align=\"left\"><img decoding=\"async\" class=\"CToWUd\" title=\"Testo alternativo\" src=\"https:\/\/ci3.googleusercontent.com\/proxy\/ag-WaZlnlaR1hTIChTj2jQ2aYtmUE8GCJvixaCSV-mDPgZ-JCgBqNYLmcfMg9m4f-sI_Ts06wuoDAKdxEC7ibmr11cTjwF0oNb9h4TpityMWkhW8b6U8Nkwg9ZHFUuXpUkES34L7tI2RQE7ZFNjq4iN8LVm2fmtT=s0-d-e1-ft#http:\/\/culturaliart.img.musvc2.net\/static\/91342\/images\/1\/Schermata%202020-07-27%20alle%2009.40.36.png\" alt=\"Testo alternativo\" width=\"120\" border=\"0\" \/><\/div>\n<div>\n<div>\n<p><strong>Tiscali<\/strong><\/p>\n<\/div>\n<\/div>\n<div align=\"left\"><img decoding=\"async\" class=\"CToWUd\" title=\"Testo alternativo\" src=\"https:\/\/ci6.googleusercontent.com\/proxy\/enJDg7pHIh6foBSedeBQt4h0YwMOpDLiqYt1JZSe4mnEYz3daG49H7tlS0Ci46mP0SJYKOIAGT_ZtQd-OmcHHYvinuGlueTc4etd5TyWKb74JbxEXJEa=s0-d-e1-ft#http:\/\/culturaliart.img.musvc2.net\/static\/91342\/images\/1\/Tiscali.jpg\" alt=\"Testo alternativo\" width=\"120\" border=\"0\" \/><\/div>\n<div>\n<div>\n<p><strong>Profilcultura<\/strong><\/p>\n<\/div>\n<\/div>\n<div align=\"left\"><img decoding=\"async\" class=\"CToWUd\" title=\"Testo alternativo\" src=\"https:\/\/ci3.googleusercontent.com\/proxy\/S11PWgs4fNIew25mc7zzneCVJ-oTuPoB0WXo-oaAWpJzrHre17FIfqOfeYfipYLTJFm9FQsTPTp-VorCL3ydwt9D2wYgofjGa42IdzbO-Dwyup34AoyZvtcwu-t_=s0-d-e1-ft#http:\/\/culturaliart.img.musvc2.net\/static\/91342\/images\/1\/ProfilCultura.png\" alt=\"Testo alternativo\" width=\"120\" border=\"0\" \/><\/div>\n<div>\n<div>\n<p><strong>CONTATTI<\/strong><\/p>\n<p>mail: <a title=\"segreteria@bookolica.it\" href=\"mailto:segreteria@bookolica.it\" target=\"_blank\" rel=\"noopener\">segreteria@bookolica.it<\/a><\/p>\n<p>&nbsp;<\/p>\n<p>SITO: <a href=\"http:\/\/culturaliart.musvc2.net\/e\/t?q=8%3dJTOYC%26E%3dM%26I%3dEaU%26J%3dCcSeJ%26N%3d46l4wO5IE_Mbvl_Xl_Kmxa_U2_Mbvl_WqPIR.mHAFzE58l.BF%269%3dxNEQnU.005%26BE%3dVKXRV\" target=\"_blank\" rel=\"noopener\" data-saferedirecturl=\"https:\/\/www.google.com\/url?q=http:\/\/culturaliart.musvc2.net\/e\/t?q%3D8%253dJTOYC%2526E%253dM%2526I%253dEaU%2526J%253dCcSeJ%2526N%253d46l4wO5IE_Mbvl_Xl_Kmxa_U2_Mbvl_WqPIR.mHAFzE58l.BF%25269%253dxNEQnU.005%2526BE%253dVKXRV&amp;source=gmail&amp;ust=1595961659661000&amp;usg=AFQjCNHH5IyGVaCGr3r14lyZFi863jJewQ\">www.bookolica.it<\/a><\/p>\n<p>FACEBOOK: <a href=\"http:\/\/culturaliart.musvc2.net\/e\/t?q=6%3dWWHWP%26H%3dF%26G%3dRdN%26H%3dPfLcW%26Q%3dwMHL8_Koye_Vy_Nfvn_Xu_Koye_U4SBP.47r8zK4D.1K2_Koye_U484H9K1B17u8GPxOyH_7tqv_G9%262%3dI0LJ9G.G4y7p3P%26xL%3dOfJYO\" target=\"_blank\" rel=\"noopener\" data-saferedirecturl=\"https:\/\/www.google.com\/url?q=http:\/\/culturaliart.musvc2.net\/e\/t?q%3D6%253dWWHWP%2526H%253dF%2526G%253dRdN%2526H%253dPfLcW%2526Q%253dwMHL8_Koye_Vy_Nfvn_Xu_Koye_U4SBP.47r8zK4D.1K2_Koye_U484H9K1B17u8GPxOyH_7tqv_G9%25262%253dI0LJ9G.G4y7p3P%2526xL%253dOfJYO&amp;source=gmail&amp;ust=1595961659661000&amp;usg=AFQjCNHGAiGcCMJ4DbjGMZZxg5fn32drog\">www.facebook.com\/<wbr \/>bookolicafestival\/<\/a><\/p>\n<p>INSTAGRAM: <a href=\"http:\/\/culturaliart.musvc2.net\/e\/t?q=7%3dNY4XG%26J%3d2%26H%3dIf0%26I%3dGh8dN%26S%3diN9Nt_Lf1Q_Wp_PRwe_Zg_Lf1Q_VuUxQ.xLtNpEs52.ApG_7yTt_GDcI4IpFxAb.0tQuCA9m_Lf1Q_Vu%26B%3dnO8TdV5p9b.3Cu%26C8%3dYAYKY\" target=\"_blank\" rel=\"noopener\" data-saferedirecturl=\"https:\/\/www.google.com\/url?q=http:\/\/culturaliart.musvc2.net\/e\/t?q%3D7%253dNY4XG%2526J%253d2%2526H%253dIf0%2526I%253dGh8dN%2526S%253diN9Nt_Lf1Q_Wp_PRwe_Zg_Lf1Q_VuUxQ.xLtNpEs52.ApG_7yTt_GDcI4IpFxAb.0tQuCA9m_Lf1Q_Vu%2526B%253dnO8TdV5p9b.3Cu%2526C8%253dYAYKY&amp;source=gmail&amp;ust=1595961659661000&amp;usg=AFQjCNG5rf7uxZnLGs25mFchx9SwUZBSWw\">www.instagram.com\/bookolica.<wbr \/>festival\/<\/a> &#8211; @bookolica.festival<\/p>\n<p>TWITTER: @BookolicaFest<\/p>\n<p>YOUTUBE: <a href=\"http:\/\/culturaliart.musvc2.net\/e\/t?q=7%3dWVJXP%26G%3dH%26H%3dRcP%26I%3dPeNdW%26P%3dyNHK_9uqu_J5_Fvjt_PA_9uqu_I0KRD.SCPAOz0.tIA_Mhwn_Ww7665H3G_9uqu_I0shbnTSbZfkrt2bVEFQ1is6A5y6rA%262%3dHBMJ8I.H3O%26zM%3dOeLZO\" target=\"_blank\" rel=\"noopener\" data-saferedirecturl=\"https:\/\/www.google.com\/url?q=http:\/\/culturaliart.musvc2.net\/e\/t?q%3D7%253dWVJXP%2526G%253dH%2526H%253dRcP%2526I%253dPeNdW%2526P%253dyNHK_9uqu_J5_Fvjt_PA_9uqu_I0KRD.SCPAOz0.tIA_Mhwn_Ww7665H3G_9uqu_I0shbnTSbZfkrt2bVEFQ1is6A5y6rA%25262%253dHBMJ8I.H3O%2526zM%253dOeLZO&amp;source=gmail&amp;ust=1595961659661000&amp;usg=AFQjCNG-XOU4FgEIcIsg0nSTRxSwKd7fYQ\">www.youtube.com\/channel\/<wbr \/>UCKJ6xK6HFaPd7EkrvjEUatg<\/a><\/p>\n<p>HASHTAG UFFICIALI: #BookolicaFestival #Bookolica2020<\/p>\n<\/div>\n<\/div>\n","protected":false},"excerpt":{"rendered":"<p>COMUNICATO STAMPA &nbsp; BOOKOLICA Il festival dei lettori creativi fa il suo ritorno in Sardegna per la terza edizione 3-6 [&hellip;]<\/p>\n","protected":false},"author":1,"featured_media":0,"comment_status":"open","ping_status":"open","sticky":false,"template":"","format":"standard","meta":{"footnotes":""},"categories":[4,10],"tags":[],"class_list":["post-11140","post","type-post","status-publish","format-standard","hentry","category-cultura","category-italiano"],"_links":{"self":[{"href":"https:\/\/www.ecoitaliano.com.ar\/index.php?rest_route=\/wp\/v2\/posts\/11140","targetHints":{"allow":["GET"]}}],"collection":[{"href":"https:\/\/www.ecoitaliano.com.ar\/index.php?rest_route=\/wp\/v2\/posts"}],"about":[{"href":"https:\/\/www.ecoitaliano.com.ar\/index.php?rest_route=\/wp\/v2\/types\/post"}],"author":[{"embeddable":true,"href":"https:\/\/www.ecoitaliano.com.ar\/index.php?rest_route=\/wp\/v2\/users\/1"}],"replies":[{"embeddable":true,"href":"https:\/\/www.ecoitaliano.com.ar\/index.php?rest_route=%2Fwp%2Fv2%2Fcomments&post=11140"}],"version-history":[{"count":0,"href":"https:\/\/www.ecoitaliano.com.ar\/index.php?rest_route=\/wp\/v2\/posts\/11140\/revisions"}],"wp:attachment":[{"href":"https:\/\/www.ecoitaliano.com.ar\/index.php?rest_route=%2Fwp%2Fv2%2Fmedia&parent=11140"}],"wp:term":[{"taxonomy":"category","embeddable":true,"href":"https:\/\/www.ecoitaliano.com.ar\/index.php?rest_route=%2Fwp%2Fv2%2Fcategories&post=11140"},{"taxonomy":"post_tag","embeddable":true,"href":"https:\/\/www.ecoitaliano.com.ar\/index.php?rest_route=%2Fwp%2Fv2%2Ftags&post=11140"}],"curies":[{"name":"wp","href":"https:\/\/api.w.org\/{rel}","templated":true}]}}