{"id":11144,"date":"2020-07-27T20:42:27","date_gmt":"2020-07-27T20:42:27","guid":{"rendered":"http:\/\/www.ecoitaliano.com.ar\/?p=11144"},"modified":"2020-07-27T20:42:27","modified_gmt":"2020-07-27T20:42:27","slug":"serena-conduce-operaclassica-eco-italiano-360","status":"publish","type":"post","link":"https:\/\/www.ecoitaliano.com.ar\/?p=11144","title":{"rendered":"Serena conduce Operaclassica Eco Italiano"},"content":{"rendered":"<p><a href=\"http:\/\/www.ecoitaliano.com.ar\/wp-content\/uploads\/2020\/07\/images.jpeg\"><img decoding=\"async\" class=\"alignnone size-full wp-image-11120\" src=\"http:\/\/www.ecoitaliano.com.ar\/wp-content\/uploads\/2020\/07\/images.jpeg\" alt=\"\" width=\"421\" height=\"120\" srcset=\"https:\/\/www.ecoitaliano.com.ar\/wp-content\/uploads\/2020\/07\/images.jpeg 421w, https:\/\/www.ecoitaliano.com.ar\/wp-content\/uploads\/2020\/07\/images-300x86.jpeg 300w, https:\/\/www.ecoitaliano.com.ar\/wp-content\/uploads\/2020\/07\/images-150x43.jpeg 150w\" sizes=\"(max-width: 421px) 100vw, 421px\" \/><\/a><\/p>\n<p class=\"western\" align=\"center\"><span style=\"color: #ff0000;\"><span style=\"font-size: medium;\"><u><b>COMUNICATO STAMPA<\/b><\/u><\/span><\/span><\/p>\n<p class=\"western\" align=\"center\"><span style=\"color: #ff0000;\"><span style=\"font-size: medium;\"><b>Il 31 luglio, al Teatro Carlo Felice, il <\/b><\/span><\/span><span style=\"color: #ff0000;\"><span style=\"font-size: medium;\"><i><b>Concerto per Genova<\/b><\/i><\/span><\/span><span style=\"color: #ff0000;\"><span style=\"font-size: medium;\"><b> in occasione dell\u2019inaugurazione del nuovo ponte: con l\u2019inedito di Ennio Morricone, diretto dal figlio Andrea, in memoria delle vittime del ponte Morandi, e un programma dedicato a Genova diretto da Fabio Luisi.<\/b><\/span><\/span><\/p>\n<p class=\"western\" align=\"justify\"><span style=\"font-size: medium;\"><b>Venerd\u00ec 31 luglio, alle ore 21:15, <\/b><\/span><span style=\"font-size: medium;\">in occasione dell\u2019inaugurazione del<\/span><span style=\"font-size: medium;\"><b> nuovo ponte \u201cGenova San Giorgio\u201d<\/b><\/span><span style=\"font-size: medium;\">,<\/span><b> <\/b><span style=\"font-size: medium;\">si terr\u00e0 al<\/span><span style=\"font-size: medium;\"><b> Teatro Carlo Felice<\/b><\/span><span style=\"font-size: medium;\"> un grande concerto dedicato alla citt\u00e0 di Genova, alla sua civilt\u00e0 musicale e alla sua storia: il <\/span><span style=\"font-size: medium;\"><i><b>Concerto per Genova<\/b><\/i><\/span><span style=\"font-size: medium;\">. <\/span><\/p>\n<p class=\"western\" align=\"justify\"><span style=\"font-size: medium;\">Aprir\u00e0 la serata la prima esecuzione assoluta di <\/span><span style=\"font-size: medium;\"><i><b>Tante pietre a ricordare<\/b><\/i><\/span><span style=\"font-size: medium;\">, per orchestra, coro e voce bianca, scritto da <\/span><span style=\"font-size: medium;\"><b>Ennio Morricone<\/b><\/span><span style=\"font-size: medium;\">, su testo proprio,<\/span><span style=\"font-size: medium;\"><b> in onore delle vittime del crollo del Ponte Morandi<\/b><\/span><span style=\"font-size: medium;\">. Composto <\/span><span style=\"font-size: medium;\"><b>su commissione del Teatro Carlo Felice e del Comune di Genova<\/b><\/span><span style=\"font-size: medium;\"> e generosamente donato alla citt\u00e0, \u00e8 l\u2019ultimo brano del Maestro. Sul podio, il figlio del compositore, <\/span><span style=\"font-size: medium;\"><b>Andrea Morricone<\/b><\/span><span style=\"font-size: medium;\">. <\/span><\/p>\n<p class=\"western\" align=\"justify\"><span style=\"font-size: medium;\">Un\u2019introduzione evocativa, dal profondo significato umano e civile, ad un programma di altissimo profilo storico-culturale, in cui spiccano <\/span><span style=\"font-size: medium;\"><b>due prime esecuzioni in tempi moderni<\/b><\/span><span style=\"font-size: medium;\">: la <\/span><span style=\"font-size: medium;\"><b>Suite n. 8 \u201cGenova\u201d (I movimento) di Lorenzo Perosi<\/b><\/span><span style=\"font-size: medium;\">, vivace, colorato e lussureggiante ritratto della Superba, e il<\/span><span style=\"font-size: medium;\"><b> \u201cQuoniam\u201d dalla <\/b><\/span><span style=\"font-size: medium;\"><i><b>Messa Solenne<\/b><\/i><\/span><span style=\"font-size: medium;\"><b> per soli, coro e orchestra di Saverio Mercadante<\/b><\/span><span style=\"font-size: medium;\">, eseguita per la prima volta nel 1868 nella Chiesa del Ges\u00f9 e frutto di una commissione di Angelo Mariani, allora direttore del Teatro Carlo Felice; un tesoro custodito nell\u2019archivio della famiglia <\/span><span style=\"font-size: medium;\"><b>Cattaneo-Adorno<\/b><\/span><span style=\"font-size: medium;\">, che ha messo gentilmente a disposizione la partitura per questa importante occasione. A dirigere l\u2019Orchestra e il Coro del Teatro Carlo Felice (preparato da <\/span><span style=\"font-size: medium;\"><b>Francesco Aliberti<\/b><\/span><span style=\"font-size: medium;\">), uno dei pi\u00f9 importanti direttori al mondo: il genovese <\/span><span style=\"font-size: medium;\"><b>Fabio Luisi<\/b><\/span><span style=\"font-size: medium;\">.<\/span><\/p>\n<p class=\"western\" align=\"justify\"><span style=\"font-size: medium;\">Completano l\u2019affresco musicale dedicato alla citt\u00e0 una selezione dal verdiano <\/span><span style=\"font-size: medium;\"><i>Simon Boccanegra <\/i><\/span><span style=\"font-size: medium;\">(l\u2019opera lirica genovese per eccellenza), una trascrizione per violino e orchestra del <\/span><span style=\"font-size: medium;\"><i>Capriccio n. 24<\/i><\/span><span style=\"font-size: medium;\"> di Paganini (violino solista e orchestratore, <\/span><span style=\"font-size: medium;\"><b>Giovanni Andrea Zanon<\/b><\/span><span style=\"font-size: medium;\">) e \u201cDal tuo stellato soglio\u201d dal <\/span><span style=\"font-size: medium;\"><i>Mos\u00e9 in Egitto<\/i><\/span><span style=\"font-size: medium;\"> di Rossini. <\/span><\/p>\n<p class=\"western\" align=\"justify\"><span style=\"font-size: medium;\">Di grande rilievo l\u2019insieme dei cantanti solisti, che comprende grandi nomi della scena lirica internazionale e giovani gi\u00e0 in carriera: <\/span><span style=\"font-size: medium;\"><b>Serena Gamberoni<\/b><\/span><span style=\"font-size: medium;\"> (soprano), <\/span><span style=\"font-size: medium;\"><b>Martina Belli<\/b><\/span><span style=\"font-size: medium;\"> (mezzosoprano), <\/span><span style=\"font-size: medium;\"><b>Francesco Meli<\/b><\/span><span style=\"font-size: medium;\"> (tenore), <\/span><span style=\"font-size: medium;\"><b>Michele Patti<\/b><\/span><span style=\"font-size: medium;\"> (baritono), <\/span><span style=\"font-size: medium;\"><b>Luca Salsi<\/b><\/span><span style=\"font-size: medium;\"> (baritono), <\/span><span style=\"font-size: medium;\"><b>Giovanni Battista Parodi<\/b><\/span><span style=\"font-size: medium;\"> (basso), <\/span><span style=\"font-size: medium;\"><b>Roberto Scandiuzzi<\/b><\/span><span style=\"font-size: medium;\"> (basso).<\/span><\/p>\n<p class=\"western\" align=\"justify\"><span style=\"font-size: medium;\">Il concerto verr\u00e0 ripreso e trasmesso in diretta da <\/span><span style=\"font-size: medium;\"><b>Primocanale <\/b><\/span><span style=\"font-size: medium;\">e, inoltre, <\/span><span style=\"font-size: medium;\"><b>potr\u00e0 essere seguito sui canali social del Teatro Carlo Felice.<\/b><\/span><\/p>\n<p class=\"western\" align=\"justify\">\u201c<span style=\"font-size: medium;\">Questo concerto \u2013 commenta il Presidente della Regione Liguria, <\/span><span style=\"font-size: medium;\"><b>Giovanni Toti<\/b><\/span><span style=\"font-size: medium;\"> \u2013 rappresenta un momento di raccoglimento che unisce un\u2019intera comunit\u00e0, che tanto ha patito per la tragedia del Morandi ma che ha anche saputo reagire con forza e determinazione. Il nuovo ponte di Genova, realizzato in meno di due anni, \u00e8 un modello, non solo per la Liguria ma per l\u2019Italia intera. Ho sempre pensato che quel cantiere dovesse andare avanti, anche nei momenti pi\u00f9 difficili, non ultimo quello della recente pandemia, non solo per riportare una regione e un Paese alla normalit\u00e0 ma anche per rispettare la memoria di chi ha perso la vita in quella tragedia e la sofferenza dei loro familiari. Per tutti noi quel ponte avr\u00e0 sempre un grande significato: del ricordo incancellabile ma anche della rinascita. Ritrovarci insieme, in quella piazza dove a un mese dal crollo la citt\u00e0 si era stretta in un forte abbraccio, credo sia un momento di condivisione che Genova, e le persone che tanto hanno lavorato, si meritano \u201d.<\/span><\/p>\n<p class=\"western\" align=\"justify\"><span style=\"font-size: medium;\">Il Sindaco di Genova, <\/span><span style=\"font-size: medium;\"><b>Marco<\/b><\/span> <span style=\"font-size: medium;\"><b>Bucci<\/b><\/span><span style=\"font-size: medium;\">, dichiara:<\/span> \u201c<span style=\"font-size: medium;\">Il pensiero alle vittime del ponte, il tributo alla citt\u00e0 per ci\u00f2 che ha vissuto e patito. Ma anche un momento per ricordare la gloriosa e operosa storia di Genova: questo \u00e8 il significato del concerto che il Teatro Carlo Felice offre alla citt\u00e0 come segno di commemorazione delle 43 vittime di ponte Morandi e celebrazione per la fine dei lavori e l\u2019apertura di ponte \u201cGenova San Giorgio\u201d. Vogliamo che sia un evento artistico culturale in cui la citt\u00e0 si senta coinvolta e si ritrovi anche nell\u2019ultima composizione della vita artistica di Ennio Morricone che ha deciso di ricordare chi ha perso la vita nel crollo del ponte e donare a Genova il suo lavoro.\u201d<\/span><\/p>\n<p class=\"western\" align=\"justify\">\u201c<span style=\"font-size: medium;\">Il <\/span><span style=\"font-size: medium;\"><i>Concerto per Genova<\/i><\/span><span style=\"font-size: medium;\"> \u2013 afferma il Sovrintendente del Teatro Carlo Felice, <\/span><span style=\"font-size: medium;\"><b>Claudio Orazi<\/b><\/span><span style=\"font-size: medium;\"> \u2013 \u00e8 un\u2019occasione per riflettere sull\u2019identit\u00e0 culturale della citt\u00e0 come motore per il futuro della citt\u00e0 stessa; \u00e8 un omaggio alla Genova che, nei secoli, \u00e8 stata un centro e al centro della cultura, raggiungendo alti gradi di sviluppo in ogni campo, artistico, urbanistico ed economico. Inoltre, insieme al Sindaco, abbiamo voluto coinvolgere il Maestro Ennio Morricone come testimone di una meditazione musicale dedicata alle vittime del ponte Morandi.\u201d<\/span><\/p>\n<p class=\"western\" align=\"justify\"><span style=\"font-size: medium;\">Il biglietto a invito sar\u00e0 in distribuzione presso l\u2019ingresso principale del Teatro Carlo Felice nei seguenti giorni e orari: <\/span><span style=\"font-size: medium;\"><b>marted\u00ec 28 luglio, orario 10-18; mercoled\u00ec 29 luglio, orario 10-14; gioved\u00ec 30 luglio, orario 10-18. <\/b><\/span><\/p>\n<p class=\"western\" align=\"justify\"><span style=\"font-size: medium;\">Grazie alla recente ordinanza della Regione Liguria, il Teatro Carlo Felice potr\u00e0 ospitare circa 900 spettatori. In ottemperanza alle norme di sicurezza e per garantire il pi\u00f9 ampio accesso di pubblico, <\/span><span style=\"font-size: medium;\"><b>si potr\u00e0 ritirare solo un biglietto per persona<\/b><\/span><span style=\"font-size: medium;\">, sino ad esaurimento dei posti disponibili. <\/span><\/p>\n<p class=\"western\" align=\"justify\"><span style=\"font-size: medium;\">Unitamente al biglietto sar\u00e0 consegnato il modulo per la tracciabilit\u00e0 da presentare, debitamente compilato, insieme al titolo d\u2019accesso, la sera del concerto.<\/span><\/p>\n<p class=\"western\" align=\"right\"><span style=\"font-size: medium;\">Genova, 27 luglio 2020,<\/span><\/p>\n<p class=\"western\" align=\"right\"><span style=\"font-size: medium;\">L\u2019Ufficio Stampa<\/span><\/p>\n<p align=\"right\"><a href=\"http:\/\/www.ecoitaliano.com.ar\/wp-content\/uploads\/2020\/07\/108176049_628719341076901_7587992296467971732_n.jpg\"><img decoding=\"async\" class=\"alignnone size-full wp-image-11015\" src=\"http:\/\/www.ecoitaliano.com.ar\/wp-content\/uploads\/2020\/07\/108176049_628719341076901_7587992296467971732_n.jpg\" alt=\"\" width=\"448\" height=\"224\" srcset=\"https:\/\/www.ecoitaliano.com.ar\/wp-content\/uploads\/2020\/07\/108176049_628719341076901_7587992296467971732_n.jpg 448w, https:\/\/www.ecoitaliano.com.ar\/wp-content\/uploads\/2020\/07\/108176049_628719341076901_7587992296467971732_n-300x150.jpg 300w, https:\/\/www.ecoitaliano.com.ar\/wp-content\/uploads\/2020\/07\/108176049_628719341076901_7587992296467971732_n-150x75.jpg 150w\" sizes=\"(max-width: 448px) 100vw, 448px\" \/><\/a><\/p>\n","protected":false},"excerpt":{"rendered":"<p>COMUNICATO STAMPA Il 31 luglio, al Teatro Carlo Felice, il Concerto per Genova in occasione dell\u2019inaugurazione del nuovo ponte: con [&hellip;]<\/p>\n","protected":false},"author":1,"featured_media":0,"comment_status":"open","ping_status":"open","sticky":false,"template":"","format":"standard","meta":{"footnotes":""},"categories":[10,40],"tags":[],"class_list":["post-11144","post","type-post","status-publish","format-standard","hentry","category-italiano","category-serena-conduce-operaclassica"],"_links":{"self":[{"href":"https:\/\/www.ecoitaliano.com.ar\/index.php?rest_route=\/wp\/v2\/posts\/11144","targetHints":{"allow":["GET"]}}],"collection":[{"href":"https:\/\/www.ecoitaliano.com.ar\/index.php?rest_route=\/wp\/v2\/posts"}],"about":[{"href":"https:\/\/www.ecoitaliano.com.ar\/index.php?rest_route=\/wp\/v2\/types\/post"}],"author":[{"embeddable":true,"href":"https:\/\/www.ecoitaliano.com.ar\/index.php?rest_route=\/wp\/v2\/users\/1"}],"replies":[{"embeddable":true,"href":"https:\/\/www.ecoitaliano.com.ar\/index.php?rest_route=%2Fwp%2Fv2%2Fcomments&post=11144"}],"version-history":[{"count":0,"href":"https:\/\/www.ecoitaliano.com.ar\/index.php?rest_route=\/wp\/v2\/posts\/11144\/revisions"}],"wp:attachment":[{"href":"https:\/\/www.ecoitaliano.com.ar\/index.php?rest_route=%2Fwp%2Fv2%2Fmedia&parent=11144"}],"wp:term":[{"taxonomy":"category","embeddable":true,"href":"https:\/\/www.ecoitaliano.com.ar\/index.php?rest_route=%2Fwp%2Fv2%2Fcategories&post=11144"},{"taxonomy":"post_tag","embeddable":true,"href":"https:\/\/www.ecoitaliano.com.ar\/index.php?rest_route=%2Fwp%2Fv2%2Ftags&post=11144"}],"curies":[{"name":"wp","href":"https:\/\/api.w.org\/{rel}","templated":true}]}}