{"id":11146,"date":"2020-07-27T20:43:58","date_gmt":"2020-07-27T20:43:58","guid":{"rendered":"http:\/\/www.ecoitaliano.com.ar\/?p=11146"},"modified":"2020-07-27T20:43:58","modified_gmt":"2020-07-27T20:43:58","slug":"serena-conduce-operaclassica-eco-italiano-361","status":"publish","type":"post","link":"https:\/\/www.ecoitaliano.com.ar\/?p=11146","title":{"rendered":"Serena conduce Operaclassica Eco Italiano"},"content":{"rendered":"<p align=\"justify\">\n<p align=\"justify\">\n<p align=\"justify\">\n<p lang=\"x-none\" align=\"justify\"><span style=\"font-family: Calibri, serif;\">Ravello, <span lang=\"it-IT\">27 luglio <\/span>2020<\/span><\/p>\n<p><span style=\"color: #000000;\"><span style=\"font-family: Roboto, serif;\"><span style=\"font-size: large;\"><b> Mercoled\u00ec il ritorno al Ravello Festival di Valery Gergiev <\/b><\/span><\/span><\/span><\/p>\n<p align=\"justify\"><span style=\"font-family: Times New Roman, serif;\"><span style=\"font-family: Roboto, serif;\">Quando a salire sul podio \u00e8 <\/span><b><span style=\"font-family: Roboto, serif;\">Valery Gergiev <\/span><\/b><span style=\"font-family: Roboto, serif;\">l\u2019aspettativa \u00e8 sempre altissima come<\/span><b> <\/b><span style=\"font-family: Roboto, serif;\">la certezza di assistere a concerti memorabili. Cos\u00ec \u00e8 stato <\/span><span style=\"font-family: Roboto, serif;\">il 23 luglio 2005 quando\u00a0<\/span><span style=\"font-family: Roboto, serif;\"><i>lo Czar<\/i><\/span><b><span style=\"font-family: Roboto, serif;\">\u00a0<\/span><\/b><span style=\"font-family: Roboto, serif;\">scese dal palco lasciando<\/span><span style=\"font-family: Roboto, serif;\"> il<\/span><b> <\/b><span style=\"font-family: Roboto, serif;\">Belvedere di Villa Rufolo<\/span><b><span style=\"font-family: Roboto, serif;\">\u00a0<\/span><\/b><span style=\"font-family: Roboto, serif;\">per l\u2019ultima volta, cos\u00ec \u00e8 stato il 21 agosto 2018, data dell\u2019ultima esibizione a Ravello e al Ravello Festival ma all\u2019Auditorium Oscar Niemeyer, cos\u00ec fu nel <\/span><span style=\"color: #252525;\"><span style=\"font-family: Arial, serif;\">1997<\/span><\/span> <span style=\"color: #252525;\"><span style=\"font-family: Arial, serif;\">quando diresse il Parsifal in forma di concerto con solista Placido Domingo. <\/span><\/span><\/span><\/p>\n<p align=\"justify\"><span style=\"font-family: Times New Roman, serif;\"><span style=\"font-family: Roboto, serif;\">Venendo al concerto in cartellone in questa edizione del Ravello Festival disegnata da Alessio Vlad, l\u2019appuntamento con Gergiev e l\u2019Orchestra Mariinsky \u00e8 per<\/span><b><span style=\"font-family: Roboto, serif;\"> mercoled\u00ec 29 luglio <\/span><\/b><span style=\"font-family: Roboto, serif;\">(ore 20.30).<\/span><\/span><\/p>\n<p align=\"justify\"><span style=\"font-family: Times New Roman, serif;\"><span style=\"font-family: Roboto, serif;\">Valery Gergiev, eclettico e precoce talento del podio \u2013 aveva 24 anni quando, nel 1977, vinse a Berlino il Premio Internazionale per la direzione d\u2019orchestra \u201cHerbert von Karajan\u201d \u2013 originario di Vladikavkaz, in Ossezia, \u00e8 figlio dalla grande scuola di Yuri Temirkanov, che lo volle nel \u201978 come assistente al Teatro Kirov di Leningrado. Nel 1988 ne divenne Direttore principale. Nel 1992 il teatro, tempio della musica e del balletto mondiale, riprese la sua denominazione originale, Teatro Mariinsky di San Pietroburgo. Glorioso teatro dove \u010cajkovskij, Musorgskij, Rimskij-Korsakov, Borodin affidarono le prime esecuzioni dei loro capolavori; dove si sono esibiti i pi\u00f9 famosi cantanti e ballerini della Russia, da F\u00ebdor \u0160aljapin ai coniugi Figner, da Galina Ulanova a Rudolf Nureyev, dove \u00e8 stato direttore del corpo di ballo, il celebre coreografo Marius Petipa. <\/span><\/span><\/p>\n<p align=\"justify\"><span style=\"font-family: Times New Roman, serif;\"><span style=\"font-family: Roboto, serif;\">L\u2019Orchestra del Mariinsky sotto la guida di Gergiev si \u00e8 distinta non solo nel repertorio operistico ma anche in grandi integrali dedicati, per esempio, alle sinfonie e ai concerti per pianoforte di Prokofiev. <\/span><\/span><\/p>\n<p align=\"justify\"><span style=\"font-family: Times New Roman, serif;\"><span style=\"font-family: Roboto, serif;\">Gergiev nel programma scelto per Ravello eseguir\u00e0 la <\/span><span style=\"font-family: Roboto, serif;\"><i>Sinfonia n.1 op.25 in Re maggiore, \u201cLa classica\u201d<\/i><\/span><span style=\"font-family: Roboto, serif;\"> del genio russo per poi spaziare dall\u2019Ouverture della Cenerentola di Gioachino Rossini, pagina che sicuramente predispone alla gioia dell\u2019ascolto a <\/span><span style=\"font-family: Roboto, serif;\"><i>le Pr\u00e9lude a l\u2019apr\u00e8s-midi d\u2019un faune<\/i><\/span><span style=\"font-family: Roboto, serif;\"> di Claude Debussy passando per l\u2019omaggio all\u2019Italia, con la IV Sinfonia in La Maggiore op.90 di Mendelssohn.<\/span><\/span><\/p>\n<p align=\"justify\"><a name=\"_GoBack\"><\/a> <span style=\"font-family: Times New Roman, serif;\"><span style=\"font-family: Roboto, serif;\"><b>I biglietti per tutti gli eventi del cartellone saranno in vendita a partire da marted\u00ec 28 luglio (ore 10) online su <\/b><\/span><span style=\"color: #0000ff;\"><u><a href=\"http:\/\/www.ravellofestival.com\/\"><span style=\"color: #000000;\"><span style=\"font-family: Roboto, serif;\"><b>www.ravellofestival.com<\/b><\/span><\/span><\/a><\/u><\/span><span style=\"font-family: Roboto, serif;\"><b> e <\/b><\/span><span style=\"color: #0000ff;\"><u><a href=\"http:\/\/www.vivaticket.com\/\"><span style=\"color: #000000;\"><span style=\"font-family: Roboto, serif;\"><b>www.vivaticket.com<\/b><\/span><\/span><\/a><\/u><\/span><span style=\"font-family: Roboto, serif;\"><b>.<\/b><\/span><\/span><\/p>\n<p align=\"justify\"><span style=\"font-family: Times New Roman, serif;\"><span style=\"font-family: Roboto, serif;\">Per info 089858422\u00a0<\/span><span style=\"color: #0000ff;\"><u><a href=\"mailto:boxoffice@ravellofestival.com\"><span style=\"color: #000000;\"><span style=\"font-family: Roboto, serif;\">boxoffice@ravellofestival.com<\/span><\/span><\/a><\/u><\/span><\/span><\/p>\n<p align=\"justify\">\n<p align=\"justify\">\n<p><span style=\"font-family: Roboto, serif;\">Mercoled\u00ec 29 luglio<\/span><\/p>\n<p><span style=\"font-family: Roboto, serif;\">Belvedere di Villa Rufolo, ore 20.30<\/span><\/p>\n<p><span style=\"font-family: Roboto, serif;\"><b>Mariinski Orchestra<\/b><\/span><\/p>\n<p><span style=\"font-family: Roboto, serif;\">Direttore <\/span><span style=\"font-family: Roboto, serif;\"><b>Valery Gergiev<\/b><\/span><\/p>\n<p><span style=\"font-family: Roboto, serif;\"><i>Musiche di<\/i><\/span><span style=\"font-family: Roboto, serif;\"> Rossini, Debussy, Prokofiev, Mendelssohn<\/span><\/p>\n<p><span style=\"font-family: Roboto, serif;\"><i>Posto unico \u20ac 50<\/i><\/span><\/p>\n<p><span style=\"color: #000000;\"><span style=\"font-family: Segoe UI, serif;\"><b>Programma<\/b><\/span><\/span><\/p>\n<p><b>Gioachino Rossini <\/b><\/p>\n<p>\u201cLa cenerentola\u201d \u2013 Ouverture<\/p>\n<p><b>Claude Debussy<\/b><\/p>\n<p>Pr\u00e9lude \u00e0 l&#8217;apr\u00e8s-midi d&#8217;un faune<\/p>\n<p><b>Sergej Prokofiev<\/b><\/p>\n<p>Sinfonia n. 1 in re maggiore, op. 25 \u00abSinfonia classica\u00bb<\/p>\n<p><b>Felix Mendelssohn<\/b><\/p>\n<p>Sinfonia n. 4 in la maggiore \u00abItaliana\u00bb, op. 90<\/p>\n<p align=\"justify\">\n<a href=\"http:\/\/www.ecoitaliano.com.ar\/wp-content\/uploads\/2020\/07\/109953715_722652128555075_1084492669198716661_n.jpg\"><img decoding=\"async\" class=\"alignnone size-full wp-image-11147\" src=\"http:\/\/www.ecoitaliano.com.ar\/wp-content\/uploads\/2020\/07\/109953715_722652128555075_1084492669198716661_n.jpg\" alt=\"\" width=\"1024\" height=\"683\" srcset=\"https:\/\/www.ecoitaliano.com.ar\/wp-content\/uploads\/2020\/07\/109953715_722652128555075_1084492669198716661_n.jpg 1024w, https:\/\/www.ecoitaliano.com.ar\/wp-content\/uploads\/2020\/07\/109953715_722652128555075_1084492669198716661_n-300x200.jpg 300w, https:\/\/www.ecoitaliano.com.ar\/wp-content\/uploads\/2020\/07\/109953715_722652128555075_1084492669198716661_n-768x512.jpg 768w, https:\/\/www.ecoitaliano.com.ar\/wp-content\/uploads\/2020\/07\/109953715_722652128555075_1084492669198716661_n-150x100.jpg 150w\" sizes=\"(max-width: 1024px) 100vw, 1024px\" \/><\/a><\/p>\n<p align=\"justify\">\n<p align=\"justify\">\n","protected":false},"excerpt":{"rendered":"<p>Ravello, 27 luglio 2020 Mercoled\u00ec il ritorno al Ravello Festival di Valery Gergiev Quando a salire sul podio \u00e8 Valery [&hellip;]<\/p>\n","protected":false},"author":1,"featured_media":0,"comment_status":"open","ping_status":"open","sticky":false,"template":"","format":"standard","meta":{"footnotes":""},"categories":[10,40],"tags":[],"class_list":["post-11146","post","type-post","status-publish","format-standard","hentry","category-italiano","category-serena-conduce-operaclassica"],"_links":{"self":[{"href":"https:\/\/www.ecoitaliano.com.ar\/index.php?rest_route=\/wp\/v2\/posts\/11146","targetHints":{"allow":["GET"]}}],"collection":[{"href":"https:\/\/www.ecoitaliano.com.ar\/index.php?rest_route=\/wp\/v2\/posts"}],"about":[{"href":"https:\/\/www.ecoitaliano.com.ar\/index.php?rest_route=\/wp\/v2\/types\/post"}],"author":[{"embeddable":true,"href":"https:\/\/www.ecoitaliano.com.ar\/index.php?rest_route=\/wp\/v2\/users\/1"}],"replies":[{"embeddable":true,"href":"https:\/\/www.ecoitaliano.com.ar\/index.php?rest_route=%2Fwp%2Fv2%2Fcomments&post=11146"}],"version-history":[{"count":0,"href":"https:\/\/www.ecoitaliano.com.ar\/index.php?rest_route=\/wp\/v2\/posts\/11146\/revisions"}],"wp:attachment":[{"href":"https:\/\/www.ecoitaliano.com.ar\/index.php?rest_route=%2Fwp%2Fv2%2Fmedia&parent=11146"}],"wp:term":[{"taxonomy":"category","embeddable":true,"href":"https:\/\/www.ecoitaliano.com.ar\/index.php?rest_route=%2Fwp%2Fv2%2Fcategories&post=11146"},{"taxonomy":"post_tag","embeddable":true,"href":"https:\/\/www.ecoitaliano.com.ar\/index.php?rest_route=%2Fwp%2Fv2%2Ftags&post=11146"}],"curies":[{"name":"wp","href":"https:\/\/api.w.org\/{rel}","templated":true}]}}