{"id":11628,"date":"2020-09-02T17:18:53","date_gmt":"2020-09-02T17:18:53","guid":{"rendered":"http:\/\/www.ecoitaliano.com.ar\/?p=11628"},"modified":"2020-09-02T17:18:53","modified_gmt":"2020-09-02T17:18:53","slug":"serena-conduce-operaclassica-eco-italiano-426","status":"publish","type":"post","link":"https:\/\/www.ecoitaliano.com.ar\/?p=11628","title":{"rendered":"Serena conduce Operaclassica Eco Italiano"},"content":{"rendered":"<p><a href=\"http:\/\/www.ecoitaliano.com.ar\/wp-content\/uploads\/2020\/08\/71468203_496902180859183_1394590398000660480_n.png\"><img decoding=\"async\" class=\"alignnone size-full wp-image-11583\" src=\"http:\/\/www.ecoitaliano.com.ar\/wp-content\/uploads\/2020\/08\/71468203_496902180859183_1394590398000660480_n.png\" alt=\"\" width=\"128\" height=\"81\" \/><\/a><\/p>\n<p><span style=\"font-family: Arial, serif;\"><span style=\"font-size: small;\"><b>Ufficio Stampa 1\/09\/2020<\/b><\/span><\/span><\/p>\n<p align=\"center\"><span style=\"font-size: xx-large;\"><b>UN\u2019ESTATE <\/b><\/span><span style=\"font-size: xx-large;\"><i><b>NEL CUORE DELLA MUSICA <\/b><\/i><\/span><\/p>\n<p align=\"center\"><span style=\"font-size: x-large;\"><b>FRA TRADIZIONE E INNOVAZIONE ARTISTICA<\/b><\/span><\/p>\n<p align=\"center\"><span style=\"font-size: medium;\"><b>Successo di presenze ed attenzione per lo straordinario Festival d\u2019Estate 2020: <\/b><\/span><\/p>\n<p align=\"center\"><span style=\"font-size: medium;\"><b>un assetto inedito, in sicurezza, di grande effetto. <\/b><\/span><\/p>\n<p align=\"center\"><span style=\"font-size: medium;\"><b>Una parata di stelle dell\u2019Opera italiana ed internazionale ed una coraggiosa sperimentazione nell\u2019offerta musicale in undici serate uniche e indimenticabili. <\/b><\/span><\/p>\n<p align=\"center\"><span style=\"font-size: medium;\"><b>Un Festival interamente dedicato ad Ezio Bosso che fin dall\u2019inizio ha seguito con grande vicinanza ed affetto la nascita di questa straordinaria edizione,<\/b><\/span><\/p>\n<p align=\"center\"><span style=\"font-size: medium;\"><b>con lo sguardo rivolto al 2021.<\/b><\/span><\/p>\n<p align=\"center\"><span style=\"font-family: Calibri, serif;\"><span style=\"font-size: small;\">Fuochi d\u2019artificio all\u2019Arena di Verona dopo il <\/span><\/span><span style=\"font-family: Calibri, serif;\"><span style=\"font-size: small;\"><i>Gala Rossini<\/i><\/span><\/span><span style=\"font-family: Calibri, serif;\"><span style=\"font-size: small;\">, Festival d\u2019estate 2020 &#8211; Foto Ennevi<\/span><\/span><\/p>\n<p align=\"justify\"><b>Con una media di circa 2.000 spettatori e un incasso medio superiore ai 100.000 euro per ogni serata, l\u2019Arena di Verona si \u00e8 dimostrata, anche in quest\u2019anno di emergenza sanitaria, il palcoscenico all\u2019aperto pi\u00f9 capiente e frequentato del mondo, creando in massima sicurezza un Festival che ha saputo unire princ\u00ecpi etici e sociali, supporto al territorio, creativit\u00e0 e innovazione artistica. <\/b><\/p>\n<p align=\"justify\"><a name=\"_GoBack\"><\/a> 11 diverse <i>prime,<\/i> programmi musicali originali e nuovi per l\u2019Arena, che hanno contribuito, tra tradizione ed innovazione, a coinvolgere nuove fasce di pubblico: <b>1.600 operatori sanitari <\/b>nazionali<b> <\/b>presenti sin dallo spettacolo inaugurale <i>Cuore italiano della musica<\/i>; la commovente esecuzione del <i>Requiem<\/i> di Mozart, dedicato alle vittime del Covid, alla presenza dei loro <b>familiari e dei Sindaci della Provincia di Verona in rappresentanza di tutto il territorio<\/b>, resa possibile grazie al sostegno di Confindustria; l\u2019ampio pubblico di <b>famiglie con bambini<\/b> accorso per il <i>Gala Rossini<\/i>; una presenza importante di <b>spettatori stranieri, pari al 40%<\/b>, che hanno cos\u00ec confermato il loro affetto per l\u2019Arena nonostante le difficolt\u00e0 del viaggiare, ribadendo la leadership areniana tra i palcoscenici internazionali.<\/p>\n<p align=\"justify\">Da parte della Fondazione Arena di Verona un caloroso ringraziamento al main sponsor <b>UniCredit <\/b>che<b> <\/b>da oltre 20 anni \u00e8 a fianco del nostro teatro, e a tutti gli sponsor che hanno confermato il loro sostegno, ai numerosi <b>donor privati<\/b> e a tutti i <b>partner<\/b> che hanno assicurato il loro sostegno aiutando a tutelare la vocazione artistica internazionale della Fondazione Arena. Uno speciale ringraziamento va anche ai Parlamentari e ai Consiglieri regionali veronesi, che hanno consentito l\u2019ampliamento della capienza originalmente prevista dell\u2019anfiteatro, e a tutti gli straordinari Artisti che hanno partecipato alle serate del Festival con grande generosit\u00e0 per amore dell\u2019Arena di Verona, garantendo cos\u00ec una stagione di assoluta eccellenza artistica, sostenibile economicamente.<\/p>\n<p align=\"justify\">Lo sforzo creativo e produttivo di quest\u2019anno ha consentito di mantenere inalterata la posizione di eccellenza dell\u2019Arena di Verona tra i teatri del mondo, eccellenza confermata dalla grande attesa per il Festival 2021 che, tra vendite e prelazioni di biglietteria, \u00e8 ampiamente superiore all\u2019andamento storico degli ultimi anni.<\/p>\n<p align=\"justify\">Va evidenziato che l\u2019imponente lavoro di comunicazione messo in piedi per arginare i danni della pandemia, ha permesso alla Fondazione Arena di ottenere importanti risultati sui Social, che hanno visto triplicati i contatti sulle piattaforme Facebook (367.864 utenti) e Instagram (1.360.834), nonostante il ridotto numero di serate, ampliando cos\u00ec l\u2019orizzonte d\u2019attesa per la prossima stagione e veicolando gi\u00e0 in questa il 15% delle vendite di biglietteria.<\/p>\n<p align=\"justify\"><b>Federico Sboarina, Sindaco e Presidente della Fondazione Arena, dichiara:<\/b> <i>\u00abUna cosa \u00e8 certa, per tutto il resto della mia vita non dimenticher\u00f2 mai questa edizione 2020 del Festival in Arena. La ricorder\u00f2 come esempio di ci\u00f2 che significa essere veronesi: rimboccarsi le maniche e lavorare sodo per risolvere i problemi come la questione sulla capienza del teatro, ma anche saper trovare soluzioni innovative e capaci di attirare pubblico in un&#8217;estate tanto anomala. Ringrazio tutta la dirigenza e i lavoratori di Fondazione perch\u00e9 hanno saputo concretizzare quella che a maggio sembrava una &#8216;missione impossibile&#8217;. Ma ringrazio anche tutti gli artisti che ci hanno dato fiducia nell&#8217;accettare il nostro invito, quando sembrava che nessuno spettacolo dal vivo fosse possibile. Invece, abbiamo realizzato un&#8217;edizione straordinaria, che io ricorder\u00f2 per l&#8217;emozione di una Arena inedita con una visuale di grande impatto per il coro a 360 gradi e per i titoli mai portati prima sul nostro palcoscenico. Il pubblico ha capito e apprezzato il nostro impegno ed \u00e8 per questo che gi\u00e0 da ora siamo al lavoro per realizzare un Festival 2021 altrettanto storico. La strada della qualit\u00e0 che ho voluto intraprendere tre anni fa \u00e8 la via maestra da non abbandonare e quella che porta le maggiori soddisfazioni, come quelle di quest&#8217;anno. Il nostro teatro si conferma punto di riferimento internazionale per la lirica e gli spettacoli di alto livello\u00bb<\/i>.<\/p>\n<p align=\"justify\">Le misure eccezionali che l\u2019Italia e il mondo intero si sono trovati ad affrontare nel 2020 hanno infatti spinto a creare una soluzione nuova, unica nel suo genere. \u00ab<i>Questo \u00e8 stato fatto<\/i> \u2013 come afferma <b>Cecilia Gasdia,<\/b> <b>Sovrintendente e Direttore Artistico della Fondazione Arena di Verona<\/b> \u2013<i> per offrire un\u2019edizione necessariamente nuova e diversa, rispettando tutte le condizioni sanitarie, ma senza rinunciare alla vocazione dello spettacolo vero e proprio, perch\u00e9 l\u2019Arena lo merita, lo meritano i suoi lavoratori e il suo pubblico. Per primi in Italia abbiamo immaginato un Festival nuovo, come non lo si era mai visto in 107 anni di storia, prima che vi fosse una reale previsione sulla possibile riapertura dei teatri. Ed il mio pi\u00f9 grande e commosso ringraziamento va ad Ezio Bosso, musicista e amico, cui abbiamo dedicato questo Festival straordinario: lui, che doveva essere sul podio della Nona sinfonia di Beethoven, nelle settimane di stop forzato ci \u00e8 sempre stato vicino, con una forza d\u2019animo inesausta e propositiva. Anche a lui dobbiamo la creazione di questo palcoscenico centrale con un coro a 360 gradi: un simbolico \u201cabbraccio alle moltitudini\u201d, come recita l\u2019Ode alla gioia di Schiller che avrebbe dovuto dirigere. Come artista ringrazio dal profondo del cuore la generosit\u00e0 di tutti gli artisti che hanno fortemente desiderato stare al fianco dell\u2019Arena di Verona per sostenerla in questo momento di difficolt\u00e0, rendendo questo cartellone davvero indimenticabile, aiutandoci ad osare e a pensare ulteriori nuove idee e sorprese per il futuro<\/i>\u00bb.<\/p>\n<p align=\"justify\">Anche il <b>Direttore Generale Gianfranco De Cesaris<\/b> esprime la propria soddisfazione<i>: \u00abRicorderemo questa stagione\u00a0come la stagione della Responsabilit\u00e0 e della Consapevolezza. <\/i><i><b>Responsabilit\u00e0 <\/b><\/i><i>nel senso che FAV \u00e8 al centro di una comunit\u00e0 di donne e uomini, artisti, lavoratori, aziende dell\u2019indotto\u00a0e citt\u00e0 tutta, rispetto alla quale si \u00e8 sentito fortissimo il richiamo di fare qualcosa e non rimanere in disparte, vittime\u00a0rassegnate della pandemia. Con coraggio e con il contributo di tutti abbiamo messo in scena queste 11 serate che rimarranno nella storia della Fondazione, per l\u2019unicit\u00e0 della proposta e per l\u2019eccezionalit\u00e0 della situazione nella quale si sono svolte. <\/i><i><b>Consapevolezza<\/b><\/i><i> perch\u00e9 gli accadimenti di quest\u2019anno evidenziano in maniera definitiva quanto la Fondazione Arena di Verona sia fondamentale punto di riferimento culturale e motore economico della nostra amata Citt\u00e0\u00bb. <\/i><\/p>\n<p align=\"justify\">Questo Festival ha visto per la prima volta l\u2019Arena cos\u00ec come costruita dagli antichi Romani, \u201carredata\u201d con il nuovo palcoscenico centrale per l\u2019Orchestra (625 metri quadrati) e 90 postazioni per altrettanti artisti del Coro che hanno seguito, esaltandola, l\u2019elisse areniana. Dal 25 luglio al 29 agosto il pubblico ha potuto vedere e ascoltare un cast di star mondiali, quasi impossibili da trovare tutte insieme nel panorama dei maggiori teatri internazionali: <b>10 direttori<\/b>, <b>1 giovane solista<\/b> di fama internazionale, <b>57 voci<\/b> tra le migliori al mondo, di cui ben <b>12 al proprio debutto nell\u2019anfiteatro veronese<\/b> tra giovani di talento e grandi artisti affermati finalmente giunti in Arena:<\/p>\n<table width=\"652\" cellspacing=\"0\" cellpadding=\"7\">\n<colgroup>\n<col width=\"634\" \/> <\/colgroup>\n<tbody>\n<tr>\n<td valign=\"top\" width=\"634\">\n<p align=\"justify\"><b>Marcelo \u00c1lvarez, Fabio Armiliato, Marco Armiliato, Daniela Barcellona, Andrea Battistoni, Jordi Bern\u00e0cer, Jader Bignamini, Lavinia Bini, Carlo Bosi, Eleonora Buratto, Alvise Casellati, Mario Cassi, Nicol\u00f2 Ceriani, Francesco Ivan Ciampa, Annamaria Chiuri, Alessandro Corbelli, Donata D\u2019Annunzio Lombardi, Pl\u00e1cido Domingo, Alex Esposito, Yusif Eyvazov, Barbara Frittoli, Riccardo Frizza, Roberto Frontali, Sonia Ganassi, Alberto Gazale, Dario Giorgel\u00e8, Giorgio Giuseppini, Vittorio Grigolo, Ekaterina Gubanova, Hui He, Saioa Hern\u00e1ndez, Gustav Kuhn, Carlo Lepore, Rosanna Lo Greco, Davide Luciano, Ambrogio Maestri, Mihaela Marcu, Alice Marini, Francesco Meli, Ricarda Merbeth, Gianfranco Montresor, Marcello Nardis, Anna Netrebko, Leo Nucci, Daniel Oren, Lisette Oropesa, Michele Pertusi, Simone Piazzola, Saimir Pirgu, Biagio Pizzuti, Piero Pretti, Katia Ricciarelli, Rossana Rinaldi, Luca Salsi, Fabio Sartori, Enea Scala, Levy Sekgapane, Maria Jos\u00e9 Siri, Annalisa Stroppa, Roberto Tagliavini, Marina Viotti, Vittoria Yeo, Sonya Yoncheva, Riccardo Zanellato, Giovanni Andrea Zanon.<\/b><\/p>\n<\/td>\n<\/tr>\n<\/tbody>\n<\/table>\n<p align=\"justify\">Si \u00e8 trattato di un Festival intenso, condensato in sole 11 serate tutte diverse, vere e proprie premi\u00e8re. Coraggiose proposte che hanno allargato gli orizzonti del pubblico e i suoi componenti, per un\u2019Arena sempre pi\u00f9 partecipata e condivisa, mai silenziosa, memore della sua funzione culturale e soprattutto sociale. Certo il <b>focus del 2020 \u00e8 stata la musica<\/b> senza mai per\u00f2 rinunciare all\u2019impatto visivo dell\u2019anfiteatro, animato e dipinto di luci grazie al <i><b>lighting design <\/b><\/i><b>di Paolo Mazzon<\/b>.<\/p>\n<p align=\"justify\">Sono davvero molti i \u201cdebutti\u201d di repertorio nel Festival d\u2019estate 2020: il 31 luglio ha avuto luogo la prima esecuzione in Arena del <i>Requiem<\/i> di Mozart, divenuta celebrazione collettiva e tempo della memoria, dedicata a tutte le vittime della pandemia da Covid 19, partecipata anche da molti loro famigliari; il 7 agosto si \u00e8 avuta la prima serata interamente dedicata all\u2019intenso e possente sinfonismo di Richard Wagner dopo l\u2019unicum del 1983 e l\u2019ultima opera del 1963; il 13 agosto \u00e8 stata la volta dei compositori veneti Salieri, Albinoni, Tartini e soprattutto delle <i>Quattro stagioni<\/i> vivaldiane; il 14 agosto nella serata monografica rossiniana, accanto al celebre <i>Barbiere<\/i>, si sono ascoltate per la prima volta in Arena <i>Semiramide<\/i> e <i>Cenerentola<\/i>; nel fine settimana pucciniano si sono ascoltati il debutto dell\u2019esilarante <i>Gianni Schicchi<\/i> per la regia del protagonista Leo Nucci e il primo lavoro dell\u2019autore lucchese, <i>Le Villi<\/i>. Anche l\u2019ultimo fine settimana, nel segno di Pl\u00e1cido Domingo, ha proposto pagine da <i>Fedora<\/i> di Giordano, <i>Tha\u00efs<\/i> di Massenet, <i>Giovanna d\u2019Arco<\/i> e <i>I Masnadieri<\/i> di Verdi, tutti mai rappresentati all\u2019Arena.<\/p>\n<p align=\"justify\">Cos\u00ec come assolutamente inedite a Verona sono altre opere di cui si sono avuti gustosi e appassionanti assaggi: <i>Adriana Lecouvreur<\/i> di Cilea, <i>I Vespri siciliani<\/i> e <i>Luisa Miller<\/i> di Verdi, <i>Don Pasquale<\/i> di Donizetti, <i>Tristan und Isolde<\/i> e <i>Der fliegende Holl\u00e4nder<\/i> di Wagner.<\/p>\n<p align=\"justify\">Molti sono anche i ritorni nell\u2019estate 2020 di brani provenienti da titoli un tempo celebrati in Arena, molto attesi da appassionati e curiosi: <i>Andrea Ch\u00e9nier<\/i> di Giordano (assente dal 1986), <i>L\u2019Elisir d\u2019amore<\/i> e <i>La Favorita<\/i> di Donizetti (rappresentati rispettivamente solo nel 1936 e nel 1958), <i>Guglielmo Tell<\/i> di Rossini (unica edizione nel 1931), <i>Manon Lescaut<\/i> di Puccini (1970), <i>Manon<\/i> di Massenet (1951), persino grandi titoli verdiani: <i>Don Carlo<\/i> (ultima produzione: 1992), <i>Macbeth<\/i> (1997), <i>La Forza del destino<\/i> (2000), <i>I Lombardi alla prima crociata <\/i>(1984), <i>Otello<\/i> (1994), <i>Simon Boccanegra<\/i> (1973), <i>Ernani<\/i> (1972), titoli giustamente omaggiati nel gala verdiano dell\u20198 agosto con Buratto, Meli, Salsi e il ritorno di Daniel Oren; quindi <i>Tannh\u00e4user<\/i> e <i>Meistersinger<\/i> di Wagner (1938 e 1931).<\/p>\n<p>&nbsp;<\/p>\n<p><span style=\"color: #000000;\"><span style=\"font-family: Calibri, serif;\"><span style=\"font-size: xx-small;\"><i>Il cuore italiano della Musica<\/i><\/span><\/span><span style=\"font-family: Calibri, serif;\"><span style=\"font-size: xx-small;\">, Festival d\u2019estate 2020 &#8211; Foto Ennevi<\/span><\/span><\/span><\/p>\n<p>L <img decoding=\"async\" src=\"file:\/\/\/tmp\/lu27493ln402j.tmp\/lu27493ln4039_tmp_430467b4b000c5a4.jpg\" width=\"273\" height=\"174\" name=\"Immagine 11\" align=\"left\" border=\"0\" hspace=\"12\" \/> a parata di stelle \u00e8 iniziata gi\u00e0 nella serata di apertura, quando il 25 luglio ha avuto luogo una vera e propria staffetta artistica, una festa della rinascita per omaggiare <i>Il Cuore italiano della Musica<\/i>, con 25 nomi italiani di prestigio uniti per omaggiare medici ed operatori sanitari di ogni ordine e grado.<\/p>\n<p align=\"justify\">Anna Netrebko e Yusif Eyvazov, coppia d\u2019oro dell\u2019Opera, sono tornati il 1\u00b0 agosto per uno straordinario concerto insieme ad Ekaterina Gubanova e Ambrogio Maestri, rafforzando ulteriormente quel legame con Verona e l\u2019Arena che proseguir\u00e0 anche nel Festival 2021. Se la serata dedicata a Vivaldi ha azzardato un nuovo repertorio, riuscendo nell\u2019intento concludendosi con ben sette bis e pubblico in visibilio, Rossini ha riempito i gradoni areniani di bambini e famiglie affascinati e divertiti. Puccini ha fatto sorridere di cuore esorcizzando le paure del virus con il suo scaltro <i>Gianni Schicchi<\/i> e ha registrato un\u2019altissima affluenza con il suo Gala dedicato a <i>Boh\u00e8me<\/i>, <i>Tosca<\/i> e <i>Butterfly<\/i> con nove stelle dirette dal veronese Battistoni. Infine l\u2019Arena \u00e8 sempre il palcoscenico pi\u00f9 amato dall\u2019intramontabile Pl\u00e1cido Domingo, artista legato a Verona da ormai 51 anni di fulgida carriera, doppiamente impegnato come solista e direttore d\u2019orchestra insieme a stelle del calibro di Saioa Hern\u00e1ndez, Vittorio Grigolo e Sonya Yoncheva, in due serate che hanno registrato nuovamente il tutto esaurito.<\/p>\n<p align=\"justify\"><span style=\"font-family: Calibri, serif;\">La <\/span><span style=\"font-family: Calibri, serif;\"><b>partecipazione dei media<\/b><\/span><span style=\"font-family: Calibri, serif;\"> ha confermato una costante attenzione all\u2019impegno di Fondazione Arena e alla qualit\u00e0 artistica degli appuntamenti del Festival, grazie alla novit\u00e0 del palco centrale che ha richiamato la stampa nazionale ed internazionale. <\/span><span style=\"font-family: Calibri, serif;\">I riscontri televisivi e radiofonici sono stati davvero consistenti, a fianco di una presenza capillare su carta stampata e web attestata da numerose segnalazioni di agenzie di stampa, quotidiani e dalle pubblicazioni nelle <\/span><span style=\"font-family: Calibri, serif;\"><b>testate di settore. <\/b><\/span><span style=\"font-family: Calibri, serif;\">I media locali e le numerose testate online hanno dato grande spazio alle attivit\u00e0 della stagione estiva con interviste, servizi e rubriche di approfondimento, tenendo viva l\u2019attenzione della citt\u00e0 sul suo Festival. <\/span><\/p>\n<p align=\"justify\"><span style=\"font-family: Calibri, serif;\">Infine, g<\/span><span style=\"font-family: Calibri, serif;\">razie alla consolidata collaborazione tra Fondazione Arena e UNITEL, una delle pi\u00f9 prestigiose societ\u00e0 di produzione e distribuzione di spettacoli filmati al mondo, <\/span><span style=\"font-family: Calibri, serif;\">il Festival 2020 ha visto la ripresa de<\/span><span style=\"font-family: Calibri, serif;\">l Requiem di Mozart del 31 luglio, proposto in Arena per la prima volta<\/span><span style=\"font-family: Calibri, serif;\">, e del<\/span><span style=\"font-family: Calibri, serif;\">le serate conclusive del 28 e 29 agosto con protagonista Pl\u00e1cido Domingo. <\/span><\/p>\n<p align=\"justify\"><span style=\"font-family: Calibri, serif;\"><b>Verona Capitale Internazionale dell\u2019Opera<\/b><\/span><span style=\"font-family: Calibri, serif;\"> \u00e8 il progetto realizzato da Fondazione Arena in collaborazione con il Comune di Verona che, per il secondo anno consecutivo, rafforza il ruolo culturale di Verona costruendo un sistema diffuso di attivit\u00e0 integrate per <\/span><span style=\"font-family: Calibri, serif;\"><b>raccontare il fascino multiforme della tradizione operistica<\/b><\/span><span style=\"font-family: Calibri, serif;\">.<\/span><\/p>\n<p align=\"justify\"><span style=\"font-family: Calibri, serif;\">Alla luce del successo ottenuto nel 2019 che ha visto l\u2019installazione di allestimenti scenografici in vari punti della citt\u00e0, l\u2019iniziativa anche per il 2020 ha valorizzato il ruolo assoluto di Verona quale leader nella diffusione della cultura operistica. In occasione del Festival d\u2019estate 2020 sono stati posizionati elementi di scenografia sapientemente illuminati accanto all\u2019hashtag <\/span><span style=\"font-family: Calibri, serif;\"><b>#inarena<\/b><\/span><span style=\"font-family: Calibri, serif;\">, trasformando lo spazio urbano in \u201cspazio d\u2019arte\u201d.<\/span><\/p>\n<p align=\"justify\"><span style=\"font-family: Calibri, serif;\">Cuore dello spettacolo diffuso \u00e8 stata Piazza Bra, trasformata in un palcoscenico all\u2019aperto grazie a un impianto acustico che ha riprodotto in filodiffusione le pi\u00f9 note arie d\u2019opera.<\/span><\/p>\n<p align=\"justify\"><span style=\"font-family: Calibri, serif;\">Un social LED wall invece consente ancora di vivere in diretta le <\/span><span style=\"font-family: Calibri, serif;\"><b>esperienze legate all\u2019opera in citt\u00e0<\/b><\/span><span style=\"font-family: Calibri, serif;\">. Dai selfie scattati vicino agli elementi scenici installati per la citt\u00e0, al cartellone dei prossimi spettacoli, il ledwall interagisce condividendo in tempo reale numerose immagini con l\u2019hashtag #inarena.<\/span><\/p>\n<p align=\"justify\"><span style=\"font-family: Calibri, serif;\">In un anno di forti restrizioni e cautele, Fondazione Arena ha mantenuto l\u2019impegno preso con i propri lavoratori, i sostenitori, il pubblico, la citt\u00e0 ed il territorio, creando un unicum nel panorama teatrale, culturale e turistico del 2020. Si ricordano inoltre, per tutte le date del Festival d\u2019estate 2020, le speciali tariffe istituite per il pubblico veronese, avvicinato al proprio teatro, e per gli operatori sanitari, categoria che pi\u00f9 si \u00e8 impegnata in prima linea in particolare nei mesi di emergenza. <\/span><\/p>\n<p align=\"justify\">\n<p align=\"justify\">\n<p align=\"justify\"><span style=\"font-family: Calibri, serif;\"><span style=\"font-size: medium;\"><b>Informazioni<\/b><\/span><\/span><b> <\/b><\/p>\n<p align=\"justify\"><span style=\"font-family: Calibri, serif;\"><b>Ufficio Stampa Fondazione Arena di Verona<\/b><\/span><\/p>\n<p align=\"justify\"><span style=\"font-family: Calibri, serif;\">Via Roma 7\/D, 37121 Verona<\/span><\/p>\n<p align=\"justify\"><span style=\"font-family: Calibri, serif;\">tel. (+39) 045 805.1861-1905-1891-1939 <\/span><\/p>\n<p align=\"justify\"><span style=\"font-family: Calibri, serif;\">&#8211; <\/span><span style=\"color: #0000ff;\"><u><a href=\"http:\/\/www.arena.it\/\"><span style=\"font-family: Calibri, serif;\">www.arena.it<\/span><\/a><\/u><\/span><\/p>\n<p align=\"justify\"><span style=\"font-family: Calibri, serif;\"><b>Biglietteria<\/b><\/span><\/p>\n<p><span style=\"font-family: Calibri, serif;\">Via Dietro Anfiteatro 6\/B, 37121 Verona<\/span><\/p>\n<p align=\"justify\"><span style=\"font-family: Calibri, serif;\"><span lang=\"en-US\">tel. (+39) 045 59.65.17 &#8211; fax (+39) 045 801.3287<\/span><\/span><\/p>\n<p align=\"justify\"><span style=\"color: #0000ff;\"><u><a href=\"mailto:biglietteria@arenadiverona.it\"><span style=\"font-family: Calibri, serif;\"><span lang=\"en-US\">biglietteria@arenadiverona.it<\/span><\/span><\/a><\/u><\/span><span style=\"font-family: Calibri, serif;\"><span lang=\"en-US\"> &#8211; <\/span><\/span><span style=\"color: #0000ff;\"><u><a href=\"http:\/\/www.arena.it\/\"><span style=\"font-family: Calibri, serif;\"><span lang=\"en-US\">www.arena.it<\/span><\/span><\/a><\/u><\/span><\/p>\n<p align=\"justify\"><span style=\"font-family: Calibri, serif;\"><b>Call center (+39) 045 800.51.51 <\/b><\/span><\/p>\n<p align=\"justify\"><span style=\"font-family: Calibri, serif;\"><b>Punti di prevendita <\/b><\/span><span style=\"color: #0000ff;\"><u><a href=\"http:\/\/www.geticket.it\/it-IT\/punti_venditait.html\"><span style=\"font-family: Calibri, serif;\"><b>Geticket<\/b><\/span><\/a><\/u><\/span><\/p>\n<p align=\"justify\"><span style=\"font-family: Calibri, serif;\"><b>Press and Media Advisor Alessia Capelletti con Marina Nocilla <\/b><\/span><\/p>\n<p align=\"justify\"><span style=\"color: #0000ff;\"><u><a href=\"mailto:consulenti@capelletti-moja.com\"><span style=\"font-family: Calibri, serif;\"><span lang=\"en-US\">consulenti@capelletti-moja.com<\/span><\/span><\/a><\/u><\/span><\/p>\n<p><span style=\"font-family: Calibri, serif;\"><span lang=\"en-US\">Tel. +39 347 5801910 \/ Tel. <\/span><\/span><span style=\"font-family: Calibri, serif;\">+39 338 717226<\/span><\/p>\n<p><a href=\"http:\/\/www.ecoitaliano.com.ar\/wp-content\/uploads\/2020\/09\/3.-Programma-e-prezzi-Arena-Opera-Festival-2021.doc\">3.-Programma-e-prezzi-Arena-Opera-Festival-2021<\/a><\/p>\n","protected":false},"excerpt":{"rendered":"<p>Ufficio Stampa 1\/09\/2020 UN\u2019ESTATE NEL CUORE DELLA MUSICA FRA TRADIZIONE E INNOVAZIONE ARTISTICA Successo di presenze ed attenzione per lo [&hellip;]<\/p>\n","protected":false},"author":1,"featured_media":0,"comment_status":"open","ping_status":"open","sticky":false,"template":"","format":"standard","meta":{"footnotes":""},"categories":[10,40],"tags":[],"class_list":["post-11628","post","type-post","status-publish","format-standard","hentry","category-italiano","category-serena-conduce-operaclassica"],"_links":{"self":[{"href":"https:\/\/www.ecoitaliano.com.ar\/index.php?rest_route=\/wp\/v2\/posts\/11628","targetHints":{"allow":["GET"]}}],"collection":[{"href":"https:\/\/www.ecoitaliano.com.ar\/index.php?rest_route=\/wp\/v2\/posts"}],"about":[{"href":"https:\/\/www.ecoitaliano.com.ar\/index.php?rest_route=\/wp\/v2\/types\/post"}],"author":[{"embeddable":true,"href":"https:\/\/www.ecoitaliano.com.ar\/index.php?rest_route=\/wp\/v2\/users\/1"}],"replies":[{"embeddable":true,"href":"https:\/\/www.ecoitaliano.com.ar\/index.php?rest_route=%2Fwp%2Fv2%2Fcomments&post=11628"}],"version-history":[{"count":0,"href":"https:\/\/www.ecoitaliano.com.ar\/index.php?rest_route=\/wp\/v2\/posts\/11628\/revisions"}],"wp:attachment":[{"href":"https:\/\/www.ecoitaliano.com.ar\/index.php?rest_route=%2Fwp%2Fv2%2Fmedia&parent=11628"}],"wp:term":[{"taxonomy":"category","embeddable":true,"href":"https:\/\/www.ecoitaliano.com.ar\/index.php?rest_route=%2Fwp%2Fv2%2Fcategories&post=11628"},{"taxonomy":"post_tag","embeddable":true,"href":"https:\/\/www.ecoitaliano.com.ar\/index.php?rest_route=%2Fwp%2Fv2%2Ftags&post=11628"}],"curies":[{"name":"wp","href":"https:\/\/api.w.org\/{rel}","templated":true}]}}