{"id":11695,"date":"2020-09-08T11:32:28","date_gmt":"2020-09-08T11:32:28","guid":{"rendered":"http:\/\/www.ecoitaliano.com.ar\/?p=11695"},"modified":"2020-09-08T11:32:28","modified_gmt":"2020-09-08T11:32:28","slug":"locchio-dellarte-a-venezia","status":"publish","type":"post","link":"https:\/\/www.ecoitaliano.com.ar\/?p=11695","title":{"rendered":"\u00abL&#8217;OCCHIO DELL&#8217;ARTE\u00bb A Venezia"},"content":{"rendered":"<p><a href=\"http:\/\/www.ecoitaliano.com.ar\/wp-content\/uploads\/2020\/09\/locandina-web.jpg\"><img decoding=\"async\" class=\"alignnone size-full wp-image-11696\" src=\"http:\/\/www.ecoitaliano.com.ar\/wp-content\/uploads\/2020\/09\/locandina-web.jpg\" alt=\"\" width=\"707\" height=\"1000\" srcset=\"https:\/\/www.ecoitaliano.com.ar\/wp-content\/uploads\/2020\/09\/locandina-web.jpg 707w, https:\/\/www.ecoitaliano.com.ar\/wp-content\/uploads\/2020\/09\/locandina-web-212x300.jpg 212w, https:\/\/www.ecoitaliano.com.ar\/wp-content\/uploads\/2020\/09\/locandina-web-106x150.jpg 106w\" sizes=\"(max-width: 707px) 100vw, 707px\" \/><\/a><\/p>\n<p align=\"center\"><span style=\"font-family: Times New Roman, serif;\"><span style=\"font-size: medium;\"><b>COMUNICATO STAMPA<\/b><\/span><\/span><\/p>\n<p align=\"center\"><a name=\"_GoBack\"><\/a><\/p>\n<p align=\"center\"><span style=\"color: #222222;\"><span style=\"font-family: Arial, serif;\"><span style=\"font-size: large;\"><b>\u00abLo chiamavano Trinit\u00e0\u00bb<\/b><\/span><\/span><\/span><\/p>\n<p align=\"center\"><span style=\"color: #222222;\"><span style=\"font-family: Arial, serif;\"><span style=\"font-size: large;\"><i>Racconti da una magia.<\/i><\/span><\/span><\/span><\/p>\n<p align=\"center\"><span style=\"color: #222222;\"><span style=\"font-family: Arial, serif;\"><span style=\"font-size: large;\"><i><b>(1970\/2020)<\/b><\/i><\/span><\/span><\/span><\/p>\n<p><span style=\"color: #222222;\"><span style=\"font-family: Arial, serif;\"><span style=\"font-size: medium;\"><b>11 Settembre 2020<\/b><\/span><\/span><\/span><\/p>\n<p><span style=\"color: #7f7f7f;\"><span style=\"font-family: Book Antiqua, serif;\"><span style=\"font-size: small;\"><b>CA&#8217; SAGREDO HOTEL *****L<\/b><\/span><\/span><\/span><\/p>\n<p><span style=\"color: #222222;\"><span style=\"font-family: Arial, serif;\"><span style=\"font-size: medium;\"><i><b>Sala della Musica<\/b><\/i><\/span><\/span><\/span><span style=\"color: #222222;\"><span style=\"font-family: Arial, serif;\"><span style=\"font-size: medium;\">\u00a0<\/span><\/span><\/span><\/p>\n<p><span style=\"color: #222222;\"><span style=\"font-family: Arial, serif;\"><span style=\"font-size: medium;\"><b>Venezia<\/b><\/span><\/span><\/span><\/p>\n<p><span style=\"color: #222222;\"><span style=\"font-family: Arial, serif;\"><span style=\"font-size: medium;\">Inizio<\/span><\/span><\/span><span style=\"color: #222222;\"><span style=\"font-family: Arial, serif;\"><span style=\"font-size: medium;\"><b>\u00a0ore 19.00<\/b><\/span><\/span><\/span><\/p>\n<p align=\"justify\"><span style=\"font-family: Times New Roman, serif;\"><span style=\"font-size: medium;\">Appuntamento a <\/span><\/span><span style=\"font-family: Times New Roman, serif;\"><span style=\"font-size: medium;\"><b>Venezia<\/b><\/span><\/span><span style=\"font-family: Times New Roman, serif;\"><span style=\"font-size: medium;\"> il prossimo <\/span><\/span><span style=\"font-family: Times New Roman, serif;\"><span style=\"font-size: medium;\"><b>11 Settembre<\/b><\/span><\/span><span style=\"font-family: Times New Roman, serif;\"><span style=\"font-size: medium;\">, alle <\/span><\/span><span style=\"font-family: Times New Roman, serif;\"><span style=\"font-size: medium;\"><b>ore 19.00<\/b><\/span><\/span><span style=\"font-family: Times New Roman, serif;\"><span style=\"font-size: medium;\">, per ricordare i <\/span><\/span><span style=\"font-family: Times New Roman, serif;\"><span style=\"font-size: medium;\"><b>50 anni<\/b><\/span><\/span> <span style=\"font-family: Times New Roman, serif;\"><span style=\"font-size: medium;\"><i>del cult movie <\/i><\/span><\/span><span style=\"font-family: Times New Roman, serif;\"><span style=\"font-size: medium;\"><i><b>\u201cLo chiamavano Trinit\u00e0\u00bb<\/b><\/i><\/span><\/span><span style=\"font-family: Times New Roman, serif;\"><span style=\"font-size: medium;\">, che proprio in questo 2020 festeggia il traguardo del mezzo secolo di vita.<\/span><\/span><\/p>\n<p align=\"justify\"><span style=\"font-family: Times New Roman, serif;\"><span style=\"font-size: medium;\">L\u2019organizzazione, sotto l\u2019<\/span><\/span><span style=\"font-family: Times New Roman, serif;\"><span style=\"font-size: medium;\"><b>egida morale della<\/b><\/span><\/span> <span style=\"font-family: Times New Roman, serif;\"><span style=\"font-size: medium;\"><b>Citt\u00e0 di Venezia<\/b><\/span><\/span><span style=\"font-family: Times New Roman, serif;\"><span style=\"font-size: medium;\">, in <\/span><\/span><span style=\"font-family: Times New Roman, serif;\"><span style=\"font-size: medium;\"><b>collaborazione con l\u2019Associazione Veneziana Albergatori e l\u2019Associazione culturale <\/b><\/span><\/span><span style=\"font-family: Times New Roman, serif;\"><span style=\"font-size: medium;\"><i><b>Occhio dell\u2019Arte APS<\/b><\/i><\/span><\/span><span style=\"font-family: Times New Roman, serif;\"><span style=\"font-size: medium;\">, \u00e8 in concomitanza con la Mostra del Cinema di quest\u2019anno, e l\u2019evento culturale prodotto ha come titolo <\/span><\/span><span style=\"font-family: Times New Roman, serif;\"><span style=\"font-size: medium;\"><i><b>\u201cLo chiamavano Trinit\u00e0\u201d \u2013 Racconti da una magia (1970\/2020).<\/b><\/i><\/span><\/span><\/p>\n<p align=\"justify\"><span style=\"font-family: Times New Roman, serif;\"><span style=\"font-size: medium;\">Grazie all\u2019accoglienza nello storico e prestigioso <\/span><\/span><span style=\"font-family: Times New Roman, serif;\"><span style=\"font-size: medium;\"><b>CA&#8217; SAGREDO HOTEL *****L <\/b><\/span><\/span><span style=\"font-family: Times New Roman, serif;\"><span style=\"font-size: medium;\">per volont\u00e0 del suo <\/span><\/span><span style=\"font-family: Times New Roman, serif;\"><span style=\"font-size: medium;\"><i>Direttore Generale<\/i><\/span><\/span> <span style=\"font-family: Times New Roman, serif;\"><span style=\"font-size: medium;\"><b>Lorenza Lain<\/b><\/span><\/span><span style=\"font-family: Times New Roman, serif;\"><span style=\"font-size: medium;\">, gli ospiti che si saranno prenotati incontreranno e sentiranno dal vivo ospiti d\u2019eccezione, legati indissolubilmente a quell\u2019indimenticabile successo internazionale : lo <\/span><\/span><span style=\"font-family: Times New Roman, serif;\"><span style=\"font-size: medium;\"><i>sceneggiatore, regista e scrittore<\/i><\/span><\/span> <span style=\"font-family: Times New Roman, serif;\"><span style=\"font-size: medium;\"><b>Marco Tullio Barboni<\/b><\/span><\/span><span style=\"font-family: Times New Roman, serif;\"><span style=\"font-size: medium;\"> ( figlio di quell\u2019 <\/span><\/span><span style=\"font-family: Times New Roman, serif;\"><span style=\"font-size: medium;\"><b>Enzo Barboni\/ E. B. Clucher<\/b><\/span><\/span><span style=\"font-family: Times New Roman, serif;\"><span style=\"font-size: medium;\">, che <\/span><\/span><span style=\"font-family: Times New Roman, serif;\"><span style=\"font-size: medium;\"><i>Trinit\u00e0<\/i><\/span><\/span><span style=\"font-family: Times New Roman, serif;\"><span style=\"font-size: medium;\"> lo scrisse e lo diresse, inaugurando una pagina indimenticabile del nostro Cinema) e il <\/span><\/span><span style=\"font-family: Times New Roman, serif;\"><span style=\"font-size: medium;\"><i>produttore cinematografico, sceneggiatore e regista<\/i><\/span><\/span> <span style=\"font-family: Times New Roman, serif;\"><span style=\"font-size: medium;\"><b>Giuseppe Pedersoli<\/b><\/span><\/span><span style=\"font-family: Times New Roman, serif;\"><span style=\"font-size: medium;\"> (figlio di quel <\/span><\/span><span style=\"font-family: Times New Roman, serif;\"><span style=\"font-size: medium;\"><b>Carlo Pedersoli\/Bud Spencer<\/b><\/span><\/span><span style=\"font-family: Times New Roman, serif;\"><span style=\"font-size: medium;\"> amatissimo protagonista nello Sport prima e nel Cinema poi).<\/span><\/span><\/p>\n<p align=\"justify\"><span style=\"font-family: Times New Roman, serif;\"><span style=\"font-size: medium;\">Una intervista pubblica ai due figli d\u2019Arte tra ricordi, fotografie e qualche pillola video sar\u00e0 curata dalla <\/span><\/span><span style=\"font-family: Times New Roman, serif;\"><span style=\"font-size: medium;\"><i>giornalista<\/i><\/span><\/span><span style=\"font-family: Times New Roman, serif;\"><span style=\"font-size: medium;\"> nonch\u00e8 <\/span><\/span><span style=\"font-family: Times New Roman, serif;\"><span style=\"font-size: medium;\"><i>Presidente dell\u2019Occhio dell\u2019Arte APS <\/i><\/span><\/span> <span style=\"font-family: Times New Roman, serif;\"><span style=\"font-size: medium;\"><b>Lisa Bernardini<\/b><\/span><\/span><span style=\"font-family: Times New Roman, serif;\"><span style=\"font-size: medium;\">, che coordiner\u00e0 una narrazione-testimonianza della profonda amicizia dei rispettivi padri, continuata poi nella generazione dei figli.<\/span><\/span><\/p>\n<p align=\"justify\"><span style=\"font-family: Times New Roman, serif;\"><span style=\"font-size: medium;\">Nel film, ricordiamo che Terence Hill \u00e8 l&#8217;eponimo Trinit\u00e0, scanzonato pistolero vagabondo, che, riunitosi al fratello fuorilegge interpretato da Bud Spencer, si trova inaspettatamente preso tra le mire dell&#8217;avido proprietario terriero Hartmann e la comunit\u00e0 di pacifici mormoni che ne ostacolano i piani. Invaghitosi delle belle figlie del capo della comunit\u00e0, Trinit\u00e0 decide di prendere le parti dei religiosi; ne segue una serie di situazioni tipiche del genere, tra colossali mangiate e scazzottate, a creare un formato dal grande successo di pubblico, fino a oggi. <\/span><\/span><\/p>\n<p align=\"justify\"><span style=\"font-family: Times New Roman, serif;\"><span style=\"font-size: medium;\">Marco Tullio Barboni sveler\u00e0 aneddoti nascosti legati al set e vissuti in prima persona, perch\u00e9 esordi\u2019 appena diciottenne in qualit\u00e0 di secondo aiuto regista. Racconter\u00e0 dettagli, particolari, episodi di quel Film che sono sconosciuti al grande pubblico poich\u00e9 relativi al <\/span><\/span><span style=\"font-family: Times New Roman, serif;\"><span style=\"font-size: medium;\"><i>back stage<\/i><\/span><\/span><span style=\"font-family: Times New Roman, serif;\"><span style=\"font-size: medium;\">, e descriver\u00e0 l\u2019importanza magica di alcuni incroci del caso che hanno portato alla creazione di un amatissimo capolavoro di Cinema famoso ovunque sin dagli esordi.<\/span><\/span><\/p>\n<p align=\"justify\"><span style=\"font-family: Times New Roman, serif;\"><span style=\"font-size: medium;\">Tanti gli aspetti che come per magia si sono incrociati ed hanno dato vita ad una alchimia unica. <\/span><\/span><span style=\"font-family: Times New Roman, serif;\"><span style=\"font-size: medium;\"><i>\u00abLo chiamavano Trinit\u00e0\u00bb<\/i><\/span><\/span><span style=\"font-family: Times New Roman, serif;\"><span style=\"font-size: medium;\"> vide in primis l&#8217;esordio del celebre duo Bud Spencer\/Terence Hill, voluto dall&#8217;intuizione di Italo Zingarelli che produsse il copione rifiutato per mesi dagli altri produttori, prevedendo per primo il potenziale popolare della formula \u00abwestern + cazzotti = risate\u00bb. Nel set di quel film, tutto \u00e8 stato perfetto: gli attori, i costumi, i trucchi, gli stuntmen, per non parlare della colonna sonora di un allora esordiente <\/span><\/span><span style=\"font-family: Times New Roman, serif;\"><span style=\"font-size: medium;\"><b>Franco Micalizzi<\/b><\/span><\/span><span style=\"font-family: Times New Roman, serif;\"><span style=\"font-size: medium;\">. Il Fato ha giocato un ruolo determinante per il successo di <\/span><\/span><span style=\"font-family: Times New Roman, serif;\"><span style=\"font-size: medium;\"><i>\u201cLo chiamavano Trinit\u00e0\u201d,<\/i><\/span><\/span><span style=\"font-family: Times New Roman, serif;\"><span style=\"font-size: medium;\"> e durante l\u2019incontro se ne capiranno bene i motivi.<\/span><\/span><\/p>\n<p align=\"justify\"><span style=\"font-family: Times New Roman, serif;\"><span style=\"font-size: medium;\">Giuseppe Pedersoli, dal canto suo, sveler\u00e0 aspetti pubblici e privati dell\u2019 amato padre, descrivendone il carisma ed il carattere sfaccettato da uomo imprevedibile e dal temperamento affascinante, dotato per natura di prestanza fisica e talento, celebrato con affetto in ogni parte del mondo.<\/span><\/span><\/p>\n<p align=\"justify\"><span style=\"font-family: Times New Roman, serif;\"><span style=\"font-size: medium;\">Sar\u00e0 nella dorata <\/span><\/span><span style=\"font-family: Times New Roman, serif;\"><span style=\"font-size: medium;\"><b>Sala della Musica <\/b><\/span><\/span><span style=\"font-family: Times New Roman, serif;\"><span style=\"font-size: medium;\">che si svolger\u00e0 l\u2019incontro, con una acustica perfetta, fra gli innumerevoli affreschi attribuiti a Gaspare Diziani che rivestono completamente le pareti, tra finte nicchie con dentro le figure monocrome di Minerva, Nettuno, Cibele, Marte, Venere, Mercurio, Giunone e Giove, e con il soffitto dal quale, entro una finta balaustra, appare Apollo sul carro del sole circondato dagli altri dei dell\u2019Olimpo mentre fa precipitare i vizi capitali.<\/span><\/span><\/p>\n<p align=\"justify\"><span style=\"font-family: Times New Roman, serif;\"><span style=\"font-size: medium;\">La cornice ospitante, impreziosita anche dal soffitto dal quale scendono splendidi lampadari in preziosa foglia d\u2019oro (mentre sul pavimento campeggia grandioso lo stemma araldico della casata dei Sagredo), vedr\u00e0 l\u2019accoglienza degli ospiti da parte dell\u2019 <\/span><\/span><span style=\"font-family: Times New Roman, serif;\"><span style=\"font-size: medium;\"><i>Assessore della Citt\u00e0 di Venezia<\/i><\/span><\/span> <span style=\"font-family: Times New Roman, serif;\"><span style=\"font-size: medium;\"><b>Simone Venturini<\/b><\/span><\/span><span style=\"font-family: Times New Roman, serif;\"><span style=\"font-size: medium;\"> e di <\/span><\/span><span style=\"font-family: Times New Roman, serif;\"><span style=\"font-size: medium;\"><b>Claudio Scarpa<\/b><\/span><\/span><span style=\"font-family: Times New Roman, serif;\"><span style=\"font-size: medium;\">, <\/span><\/span><span style=\"font-family: Times New Roman, serif;\"><span style=\"font-size: medium;\"><i>Console Onorario dell\u2019Uruguay a Venezia<\/i><\/span><\/span><span style=\"font-family: Times New Roman, serif;\"><span style=\"font-size: medium;\"> nonch\u00e9 <\/span><\/span><span style=\"font-family: Times New Roman, serif;\"><span style=\"font-size: medium;\"><i>Delegato per il Veneto del Grupo Consular de America Latina<\/i><\/span><\/span><span style=\"font-family: Times New Roman, serif;\"><span style=\"font-size: medium;\"> che ha patrocinato l\u2019importante iniziativa. Tra il pubblico, presenzieranno anche un\u2019altra figlia di Bud, <\/span><\/span><span style=\"font-family: Times New Roman, serif;\"><span style=\"font-size: medium;\"><b>Diamante Pedersoli<\/b><\/span><\/span><span style=\"font-family: Times New Roman, serif;\"><span style=\"font-size: medium;\">, nella vita apprezzato <\/span><\/span><span style=\"font-family: Times New Roman, serif;\"><span style=\"font-size: medium;\"><i>architetto<\/i><\/span><\/span><span style=\"font-family: Times New Roman, serif;\"><span style=\"font-size: medium;\"> ed <\/span><\/span><span style=\"font-family: Times New Roman, serif;\"><span style=\"font-size: medium;\"><i>interior design<\/i><\/span><\/span><span style=\"font-family: Times New Roman, serif;\"><span style=\"font-size: medium;\">, e la <\/span><\/span><span style=\"font-family: Times New Roman, serif;\"><span style=\"font-size: medium;\"><i>produttrice <\/i><\/span><\/span><span style=\"font-family: Times New Roman, serif;\"><span style=\"font-size: medium;\"><b>Gaia Gorrini<\/b><\/span><\/span><span style=\"font-family: Times New Roman, serif;\"><span style=\"font-size: medium;\"> (che di Bud \u00e8 nipote).<\/span><\/span><\/p>\n<p align=\"justify\"><span style=\"font-family: Times New Roman, serif;\"><span style=\"font-size: medium;\"><b>Ringraziamenti doverosi per il supporto morale, tecnico e mediatico <\/b><\/span><\/span><span style=\"font-family: Times New Roman, serif;\"><span style=\"font-size: medium;\">all\u2019 <\/span><\/span><span style=\"font-family: Times New Roman, serif;\"><span style=\"font-size: medium;\"><b>Annuario del Cinema Italiano &amp; Audiovisivi, <\/b><\/span><\/span><span style=\"font-family: Times New Roman, serif;\"><span style=\"font-size: medium;\">all\u2019<\/span><\/span><span style=\"font-family: Times New Roman, serif;\"><span style=\"font-size: medium;\"><b> Associazione Compositori Musica per Film, <\/b><\/span><\/span><span style=\"font-family: Times New Roman, serif;\"><span style=\"font-size: medium;\">all\u2019eccellenza imprenditoriale italiana<\/span><\/span><span style=\"font-family: Times New Roman, serif;\"><span style=\"font-size: medium;\"><b> Damiana Fiorentini Gioielli, <\/b><\/span><\/span><span style=\"font-family: Times New Roman, serif;\"><span style=\"font-size: medium;\">a <\/span><\/span><span style=\"font-family: Times New Roman, serif;\"><span style=\"font-size: medium;\"><b>Colonne Sonore <\/b><\/span><\/span><span style=\"font-family: Times New Roman, serif;\"><span style=\"font-size: medium;\">&#8211; in particolare a<\/span><\/span><span style=\"font-family: Times New Roman, serif;\"><span style=\"font-size: medium;\"><b> Massimo Privitera e ad Andrea Rurali (Direttore di Cineavatar) &#8211; <\/b><\/span><\/span><span style=\"font-family: Times New Roman, serif;\"><span style=\"font-size: medium;\">e a<\/span><\/span><span style=\"font-family: Times New Roman, serif;\"><span style=\"font-size: medium;\"><b> Gp Magazine.<\/b><\/span><\/span><\/p>\n<p align=\"justify\"><span style=\"color: #7f7f7f;\"><span style=\"font-family: Times New Roman, serif;\"><span style=\"font-size: medium;\"><b>Info sull\u2019evento:<\/b><\/span><\/span><\/span><\/p>\n<p align=\"center\"><span style=\"color: #7f7f7f;\"><span style=\"font-family: Times New Roman, serif;\"><span style=\"font-size: medium;\"><b>CA&#8217; SAGREDO HOTEL *****L\u00a0<\/b><\/span><\/span><\/span><span style=\"color: #222222;\"><span style=\"font-family: Times New Roman, serif;\"><span style=\"font-size: medium;\"><b><br \/>\n<\/b><\/span><\/span><\/span><span style=\"color: #7f7f7f;\"><span style=\"font-family: Times New Roman, serif;\"><span style=\"font-size: medium;\"><b>Campo Santa Sofia 4198\/99 &#8211; Ca&#8217; D&#8217;Oro<\/b><\/span><\/span><\/span><span style=\"color: #222222;\"><span style=\"font-family: Times New Roman, serif;\"><span style=\"font-size: medium;\"><br \/>\n<\/span><\/span><\/span><\/p>\n<p align=\"center\"><span style=\"color: #222222;\"><span style=\"font-family: Times New Roman, serif;\"><span style=\"font-size: large;\"><u><b>Ingresso libero<\/b><\/u><\/span><\/span><\/span><span style=\"color: #222222;\"><span style=\"font-family: Times New Roman, serif;\"><span style=\"font-size: large;\"><u>\u00a0con\u00a0<\/u><\/span><\/span><\/span><span style=\"color: #222222;\"><span style=\"font-family: Times New Roman, serif;\"><span style=\"font-size: large;\"><i><u><b>reservation<\/b><\/u><\/i><\/span><\/span><\/span><span style=\"color: #222222;\"><span style=\"font-family: Times New Roman, serif;\"><span style=\"font-size: large;\"><u><b> obbligatoria<\/b><\/u><\/span><\/span><\/span><\/p>\n<p align=\"center\"><span style=\"color: #222222;\"><span style=\"font-family: Times New Roman, serif;\"><span style=\"font-size: large;\">evento\u00a0in linea con le disposizioni anti-covid<\/span><\/span><\/span><\/p>\n<p><span style=\"color: #222222;\"><span style=\"font-family: Times New Roman, serif;\"><span style=\"font-size: medium;\"><b>MODALITA\u2019 DI PRENOTAZIONE: scrivere a <\/b><\/span><\/span><\/span><span style=\"color: #0563c1;\"><u><a href=\"mailto:casagredo@casagredohotel.com\"><span style=\"font-family: Times New Roman, serif;\"><span style=\"font-size: medium;\"><b>casagredo@casagredohotel.com<\/b><\/span><\/span><\/a><\/u><\/span><span style=\"color: #222222;\"><span style=\"font-family: Times New Roman, serif;\"><span style=\"font-size: medium;\"><b>\u00a0 (oppure telefonare a\u00a0<\/b><\/span><\/span><\/span><span style=\"color: #7f7f7f;\"><span style=\"font-family: Times New Roman, serif;\"><span style=\"font-size: medium;\"><b>+39 041 2413111 &#8211; Fax: +39 041 2413521<\/b><\/span><\/span><\/span><\/p>\n<p align=\"center\"><span style=\"font-family: Times New Roman, serif;\"><span style=\"font-size: medium;\">Associazione culturale Occhio dell\u2019Arte<\/span><\/span><\/p>\n<p align=\"center\"><span style=\"font-family: Times New Roman, serif;\"><span style=\"font-size: medium;\">www.occhiodellarte.org<\/span><\/span><\/p>\n<p align=\"center\"><span style=\"font-family: Times New Roman, serif;\"><span style=\"font-size: medium;\">Tel. 347 1488234<\/span><\/span><\/p>\n<p>&nbsp;<\/p>\n<p>&nbsp;<\/p>\n","protected":false},"excerpt":{"rendered":"<p>COMUNICATO STAMPA \u00abLo chiamavano Trinit\u00e0\u00bb Racconti da una magia. (1970\/2020) 11 Settembre 2020 CA&#8217; SAGREDO HOTEL *****L Sala della Musica\u00a0 [&hellip;]<\/p>\n","protected":false},"author":1,"featured_media":0,"comment_status":"open","ping_status":"open","sticky":false,"template":"","format":"standard","meta":{"footnotes":""},"categories":[33,10],"tags":[],"class_list":["post-11695","post","type-post","status-publish","format-standard","hentry","category-espectaculo","category-italiano"],"_links":{"self":[{"href":"https:\/\/www.ecoitaliano.com.ar\/index.php?rest_route=\/wp\/v2\/posts\/11695","targetHints":{"allow":["GET"]}}],"collection":[{"href":"https:\/\/www.ecoitaliano.com.ar\/index.php?rest_route=\/wp\/v2\/posts"}],"about":[{"href":"https:\/\/www.ecoitaliano.com.ar\/index.php?rest_route=\/wp\/v2\/types\/post"}],"author":[{"embeddable":true,"href":"https:\/\/www.ecoitaliano.com.ar\/index.php?rest_route=\/wp\/v2\/users\/1"}],"replies":[{"embeddable":true,"href":"https:\/\/www.ecoitaliano.com.ar\/index.php?rest_route=%2Fwp%2Fv2%2Fcomments&post=11695"}],"version-history":[{"count":0,"href":"https:\/\/www.ecoitaliano.com.ar\/index.php?rest_route=\/wp\/v2\/posts\/11695\/revisions"}],"wp:attachment":[{"href":"https:\/\/www.ecoitaliano.com.ar\/index.php?rest_route=%2Fwp%2Fv2%2Fmedia&parent=11695"}],"wp:term":[{"taxonomy":"category","embeddable":true,"href":"https:\/\/www.ecoitaliano.com.ar\/index.php?rest_route=%2Fwp%2Fv2%2Fcategories&post=11695"},{"taxonomy":"post_tag","embeddable":true,"href":"https:\/\/www.ecoitaliano.com.ar\/index.php?rest_route=%2Fwp%2Fv2%2Ftags&post=11695"}],"curies":[{"name":"wp","href":"https:\/\/api.w.org\/{rel}","templated":true}]}}