{"id":11698,"date":"2020-09-08T13:31:27","date_gmt":"2020-09-08T13:31:27","guid":{"rendered":"http:\/\/www.ecoitaliano.com.ar\/?p=11698"},"modified":"2020-09-08T13:31:27","modified_gmt":"2020-09-08T13:31:27","slug":"al-via-le-iscrizioni-per-partecipare-alla-rome-art-week-2020","status":"publish","type":"post","link":"https:\/\/www.ecoitaliano.com.ar\/?p=11698","title":{"rendered":"Al via le iscrizioni per partecipare alla Rome Art Week 2020"},"content":{"rendered":"<div>\n<div>\n<p>&nbsp;<\/p>\n<p><strong>Aperte le iscrizioni per partecipare alla Rome Art Week 2020<\/strong><\/p>\n<\/div>\n<\/div>\n<div align=\"center\"><img decoding=\"async\" class=\"CToWUd a6T\" tabindex=\"0\" title=\"Testo alternativo\" src=\"https:\/\/ci3.googleusercontent.com\/proxy\/pfQavXyrAFsDCrqpPfnsVrevEMoqIXhSKFMLqu1s35bNleyE8DPrwo8tjgPiizQ-8ug0479tcUMyMjQ_qGL7iwg14QFDi-FLVt-irv6_pHDgV1RyNOoklpOqGGpoM2LNWrKEozGgBcI3_ZhHq5ZpDNCrrF8xGDWieV4wkLHYY-Rigi2ulwyAA_j_pbTSJ74dFonlsQ=s0-d-e1-ft#http:\/\/culturaliart.img.musvc2.net\/static\/91342\/images\/1\/Casina%20Valadier%20-%20Inaugurazione%20-%20Alberto%20Della%20Porta.jpg\" alt=\"Testo alternativo\" width=\"600\" align=\"middle\" border=\"0\" \/><\/div>\n<div align=\"center\"><\/div>\n<table role=\"presentation\" border=\"0\" width=\"100%\" cellspacing=\"0\" cellpadding=\"0\">\n<tbody>\n<tr valign=\"top\">\n<td valign=\"top\">\n<table role=\"presentation\" border=\"0\" width=\"100%\" cellspacing=\"0\" cellpadding=\"0\" align=\"center\">\n<tbody>\n<tr valign=\"top\">\n<td valign=\"top\"><\/td>\n<\/tr>\n<\/tbody>\n<\/table>\n<\/td>\n<\/tr>\n<\/tbody>\n<\/table>\n<div>\n<div>\n<p>Anche quest\u2019anno la Citt\u00e0 Eterna si tinge di viola. <strong>Dal 26 al 31 ottobre<\/strong> \u00e8 prevista la <strong>quinta edizione<\/strong> di <strong>Rome Art Week<\/strong>, la settimana dedicata all\u2019arte contemporanea della Capitale.<\/p>\n<p>&nbsp;<\/p>\n<p>La manifestazione a cadenza annuale, promossa da <strong>KOU<\/strong>, Associazione culturale per la promozione delle arti visive, si pone come strumento di amplificazione al servizio di tutte le figure professionali che ruotano attorno all\u2019Arte Contemporanea romana.<\/p>\n<p>&nbsp;<\/p>\n<p><strong>RAW \u00e8 infatti un collettore di artisti, strutture espositive, curatori ed altri esperti del settore<\/strong> e funge per loro da vetrina. Oltre agli eventi fruibili durante la settimana della manifestazione, il sito <strong><a href=\"http:\/\/culturaliart.musvc2.net\/e\/t?q=7%3dHY9XA%26J%3d7%26H%3dCgC%26I%3dAhCdH%26S%3dn5j9gN3N_xubx_95_1yYt_AD_xubx_806U3.LxKk51R39nI.iIv%26B%3dsO2TiV.wCz%26C2%3dYFYHf\" target=\"_blank\" rel=\"noopener\" data-saferedirecturl=\"https:\/\/www.google.com\/url?q=http:\/\/culturaliart.musvc2.net\/e\/t?q%3D7%253dHY9XA%2526J%253d7%2526H%253dCgC%2526I%253dAhCdH%2526S%253dn5j9gN3N_xubx_95_1yYt_AD_xubx_806U3.LxKk51R39nI.iIv%2526B%253dsO2TiV.wCz%2526C2%253dYFYHf&amp;source=gmail&amp;ust=1599658242466000&amp;usg=AFQjCNGaMYNn6JmO5BB5SP0C0NoVCc-bLw\">www.romeartweek.com<\/a><\/strong> \u00e8 un vero e proprio portale di networking in cui ogni artista, struttura, curatore ha a disposizione uno spazio personale mediante il quale pu\u00f2 promuovere il proprio lavoro.<\/p>\n<p>&nbsp;<\/p>\n<p>La piattaforma online \u00e8, inoltre, un ottimo strumento per il pubblico dove pu\u00f2 consultare il ricco calendario degli eventi della settimana di RAW, nonch\u00e9 le tappe delle diverse visite guidate, i percorsi suggeriti e gli approfondimenti su ogni singolo iscritto.<\/p>\n<p>&nbsp;<\/p>\n<p><strong>Rome Art Week \u00e8 quindi anche uno strumento che crea legami di valore tra il pubblico e il mondo degli artisti, dei curatori e delle strutture attraverso il contatto diretto con l\u2019arte.<\/strong><\/p>\n<p>&nbsp;<\/p>\n<p><strong>Le iscrizioni resteranno aperte fino al 30 settembre<\/strong> e sono compilabili completamente online sul sito dell\u2019evento. RAW vuole essere una manifestazione di democrazia dell\u2019arte che si sostiene grazie alle donazioni volontarie, non sono quindi previsti costi d\u2019iscrizione e di ingresso agli eventi.<\/p>\n<p>&nbsp;<\/p>\n<p>Possono partecipare a RAW <strong>strutture, artisti e curatori<\/strong>; le prime devono avere sede a Roma e operare con continuit\u00e0 nel settore dell\u2019Arte Contemporanea; gli artisti devono esercitare in maniera comprovata l\u2019attivit\u00e0 nell\u2019ambito artistico contemporaneo; i curatori devono proporre dei progetti sul territorio romano e il loro lavoro deve essere basato anch\u2019esso sull\u2019Arte Contemporanea.<\/p>\n<p>&nbsp;<\/p>\n<p><strong>Rome Art Week \u00e8 un evento creato dalle persone per le persone. Vuoi far parte dell\u2019onda viola?<\/strong><\/p>\n<p>&nbsp;<\/p>\n<p><u><strong>INFORMAZIONI UTILI<\/strong><\/u><\/p>\n<p>TITOLO: <strong>Rome Art Week 2020<\/strong><\/p>\n<p>DOVE: <strong>Roma \u2013 varie sedi<\/strong><\/p>\n<p><strong>ISCRIZIONI PER PARTECIPARE APERTE FINO AL 30 SETTEMBRE<\/strong><\/p>\n<p>QUANDO: <strong>dal 26 al 31 ottobre 2020<\/strong><\/p>\n<p>&nbsp;<\/p>\n<p><strong>CONTATTI<\/strong><\/p>\n<p>MAIL:<a title=\"info@romeartweek.com\" href=\"mailto:info@romeartweek.com\" target=\"_blank\" rel=\"noopener\">info@romeartweek.com<\/a><\/p>\n<p>TEL: <a title=\"tel:+390621128870\" href=\"tel:+390621128870\" target=\"_blank\" rel=\"noopener\">+39 06 21128870<\/a><\/p>\n<p>MOB: <a title=\"tel:+393500789289\" href=\"tel:+393500789289\" target=\"_blank\" rel=\"noopener\">+39 350 0789289<\/a><\/p>\n<p>SITO: <a href=\"http:\/\/culturaliart.musvc2.net\/e\/t?q=7%3dHXCXA%26I%3dA%26H%3dCfG%26I%3dAgGdH%26R%3dr5j8kN3M_2ubw_C5_1xct_AC_2ubw_B06T7.LxJo51Q79nH.mIv%26A%3dwO2SmV.wB4%26C2%3dXJYHe\" target=\"_blank\" rel=\"noopener\" data-saferedirecturl=\"https:\/\/www.google.com\/url?q=http:\/\/culturaliart.musvc2.net\/e\/t?q%3D7%253dHXCXA%2526I%253dA%2526H%253dCfG%2526I%253dAgGdH%2526R%253dr5j8kN3M_2ubw_C5_1xct_AC_2ubw_B06T7.LxJo51Q79nH.mIv%2526A%253dwO2SmV.wB4%2526C2%253dXJYHe&amp;source=gmail&amp;ust=1599658242466000&amp;usg=AFQjCNG4Psbo9MMLYrHVZG3XfK3WbrkOiA\">www.romeartweek.com<\/a><\/p>\n<p>FACEBOOK: <a href=\"http:\/\/culturaliart.musvc2.net\/e\/t?q=6%3dRXEWK%26I%3dC%26G%3dMfI%26H%3dKgIcR%26R%3dt4t8mMCM_4tlw_E4_Axes_KC_4tlw_D9FT9.9t0q58Lw.68J_4tlw_D9ALy8tO6PxBw%267%3d6R5OvY.z8C%26F5%3dTSbKa\" target=\"_blank\" rel=\"noopener\" data-saferedirecturl=\"https:\/\/www.google.com\/url?q=http:\/\/culturaliart.musvc2.net\/e\/t?q%3D6%253dRXEWK%2526I%253dC%2526G%253dMfI%2526H%253dKgIcR%2526R%253dt4t8mMCM_4tlw_E4_Axes_KC_4tlw_D9FT9.9t0q58Lw.68J_4tlw_D9ALy8tO6PxBw%25267%253d6R5OvY.z8C%2526F5%253dTSbKa&amp;source=gmail&amp;ust=1599658242466000&amp;usg=AFQjCNH3iIe-IpN0LoEMHN2-G9cmGyq5fQ\">www.facebook.com\/romeartweek<\/a><\/p>\n<p>INSTAGRAM: <a href=\"http:\/\/culturaliart.musvc2.net\/e\/t?q=7%3dORJXH%26C%3dH%26H%3dJZN%26I%3dHaNdO%26L%3dyN0G_9uiq_J5_8rjt_H7_9uiq_I0CND.C4JA5wIrG.sF4_Lgtg_VvI6Gu29NC6vE_8rjt_H7%26u%3dGAJC7H.EvN%26yJ%3d5q2rHdKZO\" target=\"_blank\" rel=\"noopener\" data-saferedirecturl=\"https:\/\/www.google.com\/url?q=http:\/\/culturaliart.musvc2.net\/e\/t?q%3D7%253dORJXH%2526C%253dH%2526H%253dJZN%2526I%253dHaNdO%2526L%253dyN0G_9uiq_J5_8rjt_H7_9uiq_I0CND.C4JA5wIrG.sF4_Lgtg_VvI6Gu29NC6vE_8rjt_H7%2526u%253dGAJC7H.EvN%2526yJ%253d5q2rHdKZO&amp;source=gmail&amp;ust=1599658242466000&amp;usg=AFQjCNGdWEUeJrACKZddKewlSyrhDnBPsQ\">www.instagram.com\/romeartweek\/<\/a><\/p>\n<p>TWITTER: <a href=\"http:\/\/culturaliart.musvc2.net\/e\/t?q=5%3dPRDVI%26C%3dB%26F%3dKZH%26G%3dIaHbP%26L%3dsLAG_3sjq_D3_9rdr_I7_3sjq_C8DN8.LD05LvI.nG4_Ibug_SqJ6Dp39K87vB_3sjq_C8%26u%3dD6KC4C.FvK%26tK%3dHa3r2lFaO\" target=\"_blank\" rel=\"noopener\" data-saferedirecturl=\"https:\/\/www.google.com\/url?q=http:\/\/culturaliart.musvc2.net\/e\/t?q%3D5%253dPRDVI%2526C%253dB%2526F%253dKZH%2526G%253dIaHbP%2526L%253dsLAG_3sjq_D3_9rdr_I7_3sjq_C8DN8.LD05LvI.nG4_Ibug_SqJ6Dp39K87vB_3sjq_C8%2526u%253dD6KC4C.FvK%2526tK%253dHa3r2lFaO&amp;source=gmail&amp;ust=1599658242466000&amp;usg=AFQjCNHfEzQMQsMMR66ib90cEeDUesZ_eQ\">www.twitter.com\/romeartweek\/<\/a><\/p>\n<p>VIMEO: <a href=\"http:\/\/culturaliart.musvc2.net\/e\/t?q=9%3dQSLZJ%26D%3dJ%26J%3dLaP%26K%3dJbPfQ%26M%3d1PBH_Awkr_L7_0slv_J8_Awkr_KBEOF.R1ExK.uG6_Niui_XxJ8Iw3APE7xG_0slv_J8%26w%3dICKE9J.FxP%261K%3dJfMa7s3tQ\" target=\"_blank\" rel=\"noopener\" data-saferedirecturl=\"https:\/\/www.google.com\/url?q=http:\/\/culturaliart.musvc2.net\/e\/t?q%3D9%253dQSLZJ%2526D%253dJ%2526J%253dLaP%2526K%253dJbPfQ%2526M%253d1PBH_Awkr_L7_0slv_J8_Awkr_KBEOF.R1ExK.uG6_Niui_XxJ8Iw3APE7xG_0slv_J8%2526w%253dICKE9J.FxP%25261K%253dJfMa7s3tQ&amp;source=gmail&amp;ust=1599658242466000&amp;usg=AFQjCNEOLDAVmV4-e20FC6n4PwJJDoJoSw\">www.vimeo.com\/romeartweek\/<\/a><\/p>\n<\/div>\n<\/div>\n<div align=\"center\"><img decoding=\"async\" class=\"CToWUd a6T\" tabindex=\"0\" title=\"Testo alternativo\" src=\"https:\/\/ci6.googleusercontent.com\/proxy\/BXuj-4rF68ld78UXOk5Te6IxeUBuMh1QkHm1lrzDlUKLbPcTEyUUsIUe2x0Lh6S-h24TPIhLLr_Wk82PDC7fBX3-_AKCUup44s6BhGDNyEPcvdRclrkGdMz04jgr_OpTu5uMHlAXGHiT9F9u=s0-d-e1-ft#http:\/\/culturaliart.img.musvc2.net\/static\/91342\/images\/1\/Rome-Art-Week-2020-partner_1.jpg\" alt=\"Testo alternativo\" width=\"600\" align=\"middle\" border=\"0\" \/><\/div>\n<div align=\"center\"><\/div>\n<div>\n<div>\n<p><strong>Kou Associazione no-profit per la promozione della arti visive<\/strong><\/p>\n<\/div>\n<\/div>\n<div align=\"left\"><img decoding=\"async\" class=\"CToWUd\" title=\"Testo alternativo\" src=\"https:\/\/ci4.googleusercontent.com\/proxy\/NsTuQtWTVNAecHXYU0HFRpdH4ou3xPhSEMSzgS6BNDNvabu7Sn1rff-cgdVZMAj1kxtkckjqbB__llSRnpEc2p71ay3yIps2VyzcZZJaXpHNbQyHZ6loNg=s0-d-e1-ft#http:\/\/culturaliart.img.musvc2.net\/static\/91342\/images\/1\/Logo_Kou.jpg\" alt=\"Testo alternativo\" width=\"120\" border=\"0\" \/><\/div>\n<div>\n<div>\n<p>SITO: <a href=\"http:\/\/culturaliart.musvc2.net\/e\/t?q=A%3dEV8b8%26G%3d6%26L%3d0dB%26M%3d8eBhE%26P%3dm9g6fRzK_wyYu_89_xvXx_8A_wyYu_7D3R2.IuP.sCz%269%3drSyQhZ.t0y%26Gy%3dVEcEc\" target=\"_blank\" rel=\"noopener\" data-saferedirecturl=\"https:\/\/www.google.com\/url?q=http:\/\/culturaliart.musvc2.net\/e\/t?q%3DA%253dEV8b8%2526G%253d6%2526L%253d0dB%2526M%253d8eBhE%2526P%253dm9g6fRzK_wyYu_89_xvXx_8A_wyYu_7D3R2.IuP.sCz%25269%253drSyQhZ.t0y%2526Gy%253dVEcEc&amp;source=gmail&amp;ust=1599658242466000&amp;usg=AFQjCNGwA8JyMPHcZp1WHmVYnxjwVZ2dFQ\">www.kou.net<\/a><\/p>\n<p>&nbsp;<\/p>\n<p>&nbsp;<\/p>\n<p><strong>UFFICIO STAMPA ROME ART WEEK<\/strong><\/p>\n<p>MAIL: <a title=\"press@romeartweek.com\" href=\"mailto:press@romeartweek.com\" target=\"_blank\" rel=\"noopener\">press@romeartweek.com<\/a><\/p>\n<p>TEL: <a title=\"tel:0621128870\" href=\"tel:0621128870\" target=\"_blank\" rel=\"noopener\">06 21128870<\/a><\/p>\n<p>MOB: <a title=\"tel:3500789289\" href=\"tel:3500789289\" target=\"_blank\" rel=\"noopener\">350 0789289<\/a><\/p>\n<p>&nbsp;<\/p>\n<p><strong>UFFICIO STAMPA NAZIONALE<\/strong><\/p>\n<p><strong>CULTURALIA DI NORMA WALTMANN<\/strong><\/p>\n<p>MAIL: <a title=\"info@culturaliart.com\" href=\"mailto:info@culturaliart.com\" target=\"_blank\" rel=\"noopener\">info@culturaliart.com<\/a><\/p>\n<p>WEB: <a href=\"http:\/\/culturaliart.musvc2.net\/e\/t?q=5%3dFTNV9%26E%3dL%26F%3dAbR%26G%3d9cRbF%26N%3d33h4vL1I_CsZs_N3_ytnr_99_CsZs_M84PH.52EEMy47AhKE.5vF%26y%3dE2LG59.GzL%26pL%3dLbBbS\" target=\"_blank\" rel=\"noopener\" data-saferedirecturl=\"https:\/\/www.google.com\/url?q=http:\/\/culturaliart.musvc2.net\/e\/t?q%3D5%253dFTNV9%2526E%253dL%2526F%253dAbR%2526G%253d9cRbF%2526N%253d33h4vL1I_CsZs_N3_ytnr_99_CsZs_M84PH.52EEMy47AhKE.5vF%2526y%253dE2LG59.GzL%2526pL%253dLbBbS&amp;source=gmail&amp;ust=1599658242467000&amp;usg=AFQjCNHrer--96O8MypP-BLWtWqHHYz__g\">www.culturaliart.com<\/a><\/p>\n<p>TEL: <a title=\"tel:0516569105\" href=\"tel:0516569105\" target=\"_blank\" rel=\"noopener\">051-6569105<\/a><\/p>\n<p>MOB: <a title=\"tel:3922527126\" href=\"tel:3922527126\" target=\"_blank\" rel=\"noopener\">392-2527126<\/a><\/p>\n<\/div>\n<\/div>\n<div align=\"center\"><\/div>\n","protected":false},"excerpt":{"rendered":"<p>&nbsp; Aperte le iscrizioni per partecipare alla Rome Art Week 2020 Anche quest\u2019anno la Citt\u00e0 Eterna si tinge di viola. [&hellip;]<\/p>\n","protected":false},"author":1,"featured_media":0,"comment_status":"open","ping_status":"open","sticky":false,"template":"","format":"standard","meta":{"footnotes":""},"categories":[4,10],"tags":[],"class_list":["post-11698","post","type-post","status-publish","format-standard","hentry","category-cultura","category-italiano"],"_links":{"self":[{"href":"https:\/\/www.ecoitaliano.com.ar\/index.php?rest_route=\/wp\/v2\/posts\/11698","targetHints":{"allow":["GET"]}}],"collection":[{"href":"https:\/\/www.ecoitaliano.com.ar\/index.php?rest_route=\/wp\/v2\/posts"}],"about":[{"href":"https:\/\/www.ecoitaliano.com.ar\/index.php?rest_route=\/wp\/v2\/types\/post"}],"author":[{"embeddable":true,"href":"https:\/\/www.ecoitaliano.com.ar\/index.php?rest_route=\/wp\/v2\/users\/1"}],"replies":[{"embeddable":true,"href":"https:\/\/www.ecoitaliano.com.ar\/index.php?rest_route=%2Fwp%2Fv2%2Fcomments&post=11698"}],"version-history":[{"count":0,"href":"https:\/\/www.ecoitaliano.com.ar\/index.php?rest_route=\/wp\/v2\/posts\/11698\/revisions"}],"wp:attachment":[{"href":"https:\/\/www.ecoitaliano.com.ar\/index.php?rest_route=%2Fwp%2Fv2%2Fmedia&parent=11698"}],"wp:term":[{"taxonomy":"category","embeddable":true,"href":"https:\/\/www.ecoitaliano.com.ar\/index.php?rest_route=%2Fwp%2Fv2%2Fcategories&post=11698"},{"taxonomy":"post_tag","embeddable":true,"href":"https:\/\/www.ecoitaliano.com.ar\/index.php?rest_route=%2Fwp%2Fv2%2Ftags&post=11698"}],"curies":[{"name":"wp","href":"https:\/\/api.w.org\/{rel}","templated":true}]}}