{"id":11700,"date":"2020-09-08T18:29:48","date_gmt":"2020-09-08T18:29:48","guid":{"rendered":"http:\/\/www.ecoitaliano.com.ar\/?p=11700"},"modified":"2020-09-08T18:29:48","modified_gmt":"2020-09-08T18:29:48","slug":"laquila-per-due-giorni-capitale-del-jazz-ammira-il-rinato-palazzo-ardinghelli-la-presentazione-del-restauro-e-le-visite-guidate-nel-gioiello-settecentesco-che-diventa-museo-maxxi","status":"publish","type":"post","link":"https:\/\/www.ecoitaliano.com.ar\/?p=11700","title":{"rendered":"L\u2019AQUILA, PER DUE GIORNI CAPITALE DEL JAZZ, AMMIRA IL RINATO PALAZZO ARDINGHELLI &#8211; La presentazione del restauro e le visite guidate nel gioiello settecentesco che diventa museo MAXXI"},"content":{"rendered":"<div id='gallery-1' class='gallery galleryid-11700 gallery-columns-3 gallery-size-thumbnail'><figure class='gallery-item'>\n\t\t\t<div class='gallery-icon landscape'>\n\t\t\t\t<a href='https:\/\/www.ecoitaliano.com.ar\/?attachment_id=11701'><img decoding=\"async\" width=\"150\" height=\"150\" src=\"https:\/\/www.ecoitaliano.com.ar\/wp-content\/uploads\/2020\/09\/LAquila-jazz-in-unedizione-ante-Covid-150x150.jpg\" class=\"attachment-thumbnail size-thumbnail\" alt=\"\" \/><\/a>\n\t\t\t<\/div><\/figure><figure class='gallery-item'>\n\t\t\t<div class='gallery-icon landscape'>\n\t\t\t\t<a href='https:\/\/www.ecoitaliano.com.ar\/?attachment_id=11702'><img decoding=\"async\" width=\"150\" height=\"150\" src=\"https:\/\/www.ecoitaliano.com.ar\/wp-content\/uploads\/2020\/09\/Paolo-Fresu-150x150.jpg\" class=\"attachment-thumbnail size-thumbnail\" alt=\"\" \/><\/a>\n\t\t\t<\/div><\/figure><figure class='gallery-item'>\n\t\t\t<div class='gallery-icon landscape'>\n\t\t\t\t<a href='https:\/\/www.ecoitaliano.com.ar\/?attachment_id=11703'><img decoding=\"async\" width=\"150\" height=\"150\" src=\"https:\/\/www.ecoitaliano.com.ar\/wp-content\/uploads\/2020\/09\/Cerimonia-inaugurale.1-150x150.jpg\" class=\"attachment-thumbnail size-thumbnail\" alt=\"\" \/><\/a>\n\t\t\t<\/div><\/figure><figure class='gallery-item'>\n\t\t\t<div class='gallery-icon landscape'>\n\t\t\t\t<a href='https:\/\/www.ecoitaliano.com.ar\/?attachment_id=11704'><img decoding=\"async\" width=\"150\" height=\"150\" src=\"https:\/\/www.ecoitaliano.com.ar\/wp-content\/uploads\/2020\/09\/Palazzo-Ardinghelli.1-150x150.jpg\" class=\"attachment-thumbnail size-thumbnail\" alt=\"\" \/><\/a>\n\t\t\t<\/div><\/figure><figure class='gallery-item'>\n\t\t\t<div class='gallery-icon landscape'>\n\t\t\t\t<a href='https:\/\/www.ecoitaliano.com.ar\/?attachment_id=11705'><img decoding=\"async\" width=\"150\" height=\"150\" src=\"https:\/\/www.ecoitaliano.com.ar\/wp-content\/uploads\/2020\/09\/Palazzo-Ardinghelli.2-150x150.jpg\" class=\"attachment-thumbnail size-thumbnail\" alt=\"\" \/><\/a>\n\t\t\t<\/div><\/figure><figure class='gallery-item'>\n\t\t\t<div class='gallery-icon landscape'>\n\t\t\t\t<a href='https:\/\/www.ecoitaliano.com.ar\/?attachment_id=11706'><img decoding=\"async\" width=\"150\" height=\"150\" src=\"https:\/\/www.ecoitaliano.com.ar\/wp-content\/uploads\/2020\/09\/Cerimonia-inaugurale-150x150.jpg\" class=\"attachment-thumbnail size-thumbnail\" alt=\"\" \/><\/a>\n\t\t\t<\/div><\/figure><figure class='gallery-item'>\n\t\t\t<div class='gallery-icon landscape'>\n\t\t\t\t<a href='https:\/\/www.ecoitaliano.com.ar\/?attachment_id=11707'><img decoding=\"async\" width=\"150\" height=\"150\" src=\"https:\/\/www.ecoitaliano.com.ar\/wp-content\/uploads\/2020\/09\/Palazzo-Ardinghelli-lesedra-150x150.jpg\" class=\"attachment-thumbnail size-thumbnail\" alt=\"\" \/><\/a>\n\t\t\t<\/div><\/figure><figure class='gallery-item'>\n\t\t\t<div class='gallery-icon landscape'>\n\t\t\t\t<a href='https:\/\/www.ecoitaliano.com.ar\/?attachment_id=11708'><img decoding=\"async\" width=\"150\" height=\"150\" src=\"https:\/\/www.ecoitaliano.com.ar\/wp-content\/uploads\/2020\/09\/Palazzo-Ardinghelli.3-150x150.jpg\" class=\"attachment-thumbnail size-thumbnail\" alt=\"\" \/><\/a>\n\t\t\t<\/div><\/figure><figure class='gallery-item'>\n\t\t\t<div class='gallery-icon portrait'>\n\t\t\t\t<a href='https:\/\/www.ecoitaliano.com.ar\/?attachment_id=11709'><img decoding=\"async\" width=\"150\" height=\"150\" src=\"https:\/\/www.ecoitaliano.com.ar\/wp-content\/uploads\/2020\/09\/Palazzo-Ardinghelli.4-150x150.jpg\" class=\"attachment-thumbnail size-thumbnail\" alt=\"\" \/><\/a>\n\t\t\t<\/div><\/figure><figure class='gallery-item'>\n\t\t\t<div class='gallery-icon landscape'>\n\t\t\t\t<a href='https:\/\/www.ecoitaliano.com.ar\/?attachment_id=11710'><img decoding=\"async\" width=\"150\" height=\"150\" src=\"https:\/\/www.ecoitaliano.com.ar\/wp-content\/uploads\/2020\/09\/Palazzo-Ardinghelli.5-150x150.jpg\" class=\"attachment-thumbnail size-thumbnail\" alt=\"\" \/><\/a>\n\t\t\t<\/div><\/figure><figure class='gallery-item'>\n\t\t\t<div class='gallery-icon landscape'>\n\t\t\t\t<a href='https:\/\/www.ecoitaliano.com.ar\/?attachment_id=11711'><img decoding=\"async\" width=\"150\" height=\"150\" src=\"https:\/\/www.ecoitaliano.com.ar\/wp-content\/uploads\/2020\/09\/Palazzo-Ardinghelli.6-150x150.jpg\" class=\"attachment-thumbnail size-thumbnail\" alt=\"\" \/><\/a>\n\t\t\t<\/div><\/figure><figure class='gallery-item'>\n\t\t\t<div class='gallery-icon landscape'>\n\t\t\t\t<a href='https:\/\/www.ecoitaliano.com.ar\/?attachment_id=11712'><img decoding=\"async\" width=\"150\" height=\"150\" src=\"https:\/\/www.ecoitaliano.com.ar\/wp-content\/uploads\/2020\/09\/Santa-Maria-Paganica-vista-da-Palazzo-Ardinghelli-150x150.jpg\" class=\"attachment-thumbnail size-thumbnail\" alt=\"\" \/><\/a>\n\t\t\t<\/div><\/figure>\n\t\t<\/div>\n\n<p>&nbsp;<\/p>\n<p><a name=\"_GoBack\"><\/a> <span style=\"font-family: Arial Narrow, serif;\"><span style=\"font-size: medium;\">8 settembre 2020<\/span><\/span><\/p>\n<p align=\"center\"><span style=\"font-family: Arial Narrow, serif;\"><span style=\"font-size: medium;\"><b>L\u2019AQUILA, PER DUE GIORNI CAPITALE DEL JAZZ, AMMIRA IL RINATO PALAZZO ARDINGHELLI<\/b><\/span><\/span><\/p>\n<p align=\"center\"><span style=\"font-family: Arial Narrow, serif;\"><span style=\"font-size: medium;\"><b>La presentazione del restauro e le visite guidate nel gioiello settecentesco che diventa museo MAXXI<\/b><\/span><\/span><\/p>\n<p align=\"center\"><span style=\"font-family: Arial Narrow, serif;\"><span style=\"font-size: medium;\">di <\/span><\/span><span style=\"font-family: Arial Narrow, serif;\"><span style=\"font-size: medium;\"><b>Goffredo Palmerini<\/b><\/span><\/span><\/p>\n<p align=\"justify\"><span style=\"font-family: Times New Roman, serif;\"><span style=\"font-size: medium;\"><span style=\"font-family: Arial Narrow, serif;\"><span style=\"font-size: small;\">L\u2019AQUILA \u2013 Per due giorni, il 5 e 6 settembre, <\/span><\/span><span style=\"font-family: Arial Narrow, serif;\"><span style=\"font-size: small;\"><b>L\u2019Aquila<\/b><\/span><\/span><span style=\"font-family: Arial Narrow, serif;\"><span style=\"font-size: small;\"> \u00e8 tornata ad essere capitale del jazz italiano. Due intense giornate di concerti, con quasi 200 musicisti impegnati a suonare in suggestivi contesti architettonici del centro storico della citt\u00e0, che sta rinascendo man mano dalle ferite inferte dal terremoto del 2009. Un grande evento musicale e culturale ne progetto <\/span><\/span><span style=\"font-family: Arial Narrow, serif;\"><span style=\"font-size: small;\">\u201c<\/span><\/span><span style=\"font-family: Arial Narrow, serif;\"><span style=\"font-size: small;\"><i>Il Jazz italiano per le terre del sisma<\/i><\/span><\/span><span style=\"font-family: Arial Narrow, serif;\"><span style=\"font-size: small;\">\u201d,<\/span><\/span><span style=\"font-family: Arial Narrow, serif;\"><span style=\"font-size: small;\"> ideato e promosso per L\u2019Aquila da <\/span><\/span><span style=\"font-family: Arial Narrow, serif;\"><span style=\"font-size: small;\"><b>Paolo Fresu<\/b><\/span><\/span><span style=\"font-family: Arial Narrow, serif;\"><span style=\"font-size: small;\">, che lo ha diretto per cinque anni dalla prima edizione nel 2015, esteso due anni dopo anche agli altri centri colpiti dal sisma del 2016,<\/span><\/span><span style=\"font-family: Arial Narrow, serif;\"><span style=\"font-size: small;\"> con il fine di sensibilizzare e rafforzare l\u2019impegno alla ricostruzione nelle terre del cratere sismico delle quattro regioni coinvolte \u2013 Abruzzo, Lazio, Marche e Umbria \u2013 grazie al coinvolgimento organizzativo della Federazione Nazionale \u201cIl Jazz Italiano\u201d. Quest\u2019anno il testimone lasciato da <\/span><\/span><span style=\"font-family: Arial Narrow, serif;\"><span style=\"font-size: small;\"><b>Paolo Fresu<\/b><\/span><\/span><span style=\"font-family: Arial Narrow, serif;\"><span style=\"font-size: small;\"> \u00e8 stato raccolto da tre nuovi direttori artistici, che hanno coordinato il programma e condotto il festival: <\/span><\/span><span style=\"font-family: Arial Narrow, serif;\"><span style=\"font-size: small;\"><b>Ada Montellanico<\/b><\/span><\/span><span style=\"font-family: Arial Narrow, serif;\"><span style=\"font-size: small;\"> (cantante, musicista e presidente dell\u2019Associazione \u201cIl Jazz va a Scuola\u201d), <\/span><\/span><span style=\"font-family: Arial Narrow, serif;\"><span style=\"font-size: small;\"><b>Simone Graziano<\/b><\/span><\/span><span style=\"font-family: Arial Narrow, serif;\"><span style=\"font-size: small;\"> (musicista e presidente dell\u2019Associazione Musicisti Italiani di Jazz) e <\/span><\/span><span style=\"font-family: Arial Narrow, serif;\"><span style=\"font-size: small;\"><b>Luciano Linzi<\/b><\/span><\/span><span style=\"font-family: Arial Narrow, serif;\"><span style=\"font-size: small;\"> (direttore artistico della Casa del Jazz e del Festival JAZZMI). La magnifica kermesse musicale, con il coordinamento operativo dell\u2019Associazione I-Jazz, insieme al Ministero per i Beni e le Attivit\u00e0 culturali e per il Turismo (Mibact), al Comune dell\u2019Aquila-Progetto Restart, al main sponsor Societ\u00e0 Italiana degli Autori ed Editori (SIAE), a Nuovo IMAIE e ai numerosi partner tecnici coinvolti, inclusa Radio1 Rai media partner della rassegna.<\/span><\/span><\/span><\/span><\/p>\n<p align=\"justify\"><span style=\"font-family: Times New Roman, serif;\"><span style=\"font-size: medium;\"><span style=\"font-family: Arial Narrow, serif;\"><span style=\"font-size: small;\">I concerti &#8211; in Piazza Duomo, Parco del Castello, Piazza Palazzo, Piazza Chiarino, Piazza Santa Maria Paganica, Piazza Santa Margherita, Fronte Casa dello Studente, Fontana delle 99 Cannelle, Aula Magna del Dipartimento di Scienze Umane &#8211; si sono svolti tutti nel rigoroso rispetto delle norme anti Covid. Come si diceva, quasi duecento sono stati i musicisti impegnati nella rassegna \u2013 tra i quali Enrico Intra, Antonello Salis, Simone Zanchini, Stefano Cocco Cantini, Silvia Bolognesi, Ares Tavolazzi, Roberto Ottaviano, Pietro Tonolo, Mauro Ottolini, Fabrizio Bosso, Giovanni Guidi, Marco Colonna, Marcella Carboni, Dario Cecchini, Susanna Stivali, Naomi Berril \u2013 con un programma che ha riservato forte attenzione alle nuove generazioni e \u201cal femminile\u201d. <\/span><\/span><span style=\"font-family: Arial Narrow, serif;\"><span style=\"font-size: small;\"><b>Giulio Rapetti, <\/b><\/span><\/span><span style=\"font-family: Arial Narrow, serif;\"><span style=\"font-size: small;\">presidente della SIAE e in arte l\u2019insigne <\/span><\/span><span style=\"font-family: Arial Narrow, serif;\"><span style=\"font-size: small;\"><b>Mogol<\/b><\/span><\/span><span style=\"font-family: Arial Narrow, serif;\"><span style=\"font-size: small;\">, ha dichiarato: \u201c<\/span><\/span><span style=\"font-family: Arial Narrow, serif;\"><span style=\"font-size: small;\"><i>SIAE sostiene come main sponsor<\/i><\/span><\/span><span style=\"font-family: Arial Narrow, serif;\"><span style=\"font-size: small;\"> \u201cIl jazz italiano per L\u2019Aquila\u201d <\/span><\/span><span style=\"font-family: Arial Narrow, serif;\"><span style=\"font-size: small;\"><i>sin dalla nascita di questo meraviglioso evento, nel 2015. Quest\u2019anno aggiungiamo un importante tassello, per guardare al futuro con una certezza in pi\u00f9 e con ottimismo: sottoscrivendo il protocollo d\u2019intesa con il Comune dell\u2019Aquila, la Societ\u00e0 Italiana degli Autori ed Editori ha voluto dare un ulteriore segnale concreto di vicinanza a una citt\u00e0 che \u00e8 stata profondamente colpita dal terremoto e che con grande sacrificio e perseveranza sta ricostruendo il suo tessuto vitale. In questo percorso di rinascita la musica ha sempre avuto un ruolo di primo piano. Per confermare il supporto, in un anno cos\u00ec difficile come quello che stiamo tutti vivendo, a un progetto che riesce a coniugare musica e solidariet\u00e0, SIAE ha deciso di destinare 300.000 euro al finanziamento delle prossime edizioni della manifestazione. In base ai dati SIAE relativi al 2019 <\/i><\/span><\/span><span style=\"font-family: Arial Narrow, serif;\"><span style=\"font-size: small;\">\u2013 ha concluso <\/span><\/span><span style=\"font-family: Arial Narrow, serif;\"><span style=\"font-size: small;\"><b>Mogol<\/b><\/span><\/span><span style=\"font-family: Arial Narrow, serif;\"><span style=\"font-size: small;\"> \u2013, <\/span><\/span><span style=\"font-family: Arial Narrow, serif;\"><span style=\"font-size: small;\"><i>il jazz vede incrementi superiori al 4% degli indicatori economici, attinenti alla spesa al botteghino e alla spesa del pubblico, mentre gli ingressi hanno fatto registrare una crescita di oltre 5 punti percentuali. L\u2019augurio \u00e8 proprio che il legame che si \u00e8 creato tra il jazz e la citt\u00e0 dell\u2019Aquila si rafforzi e che questo genere musicale possa rappresentare sempre pi\u00f9 una determinante opportunit\u00e0 artistica per il patrimonio culturale italiano<\/i><\/span><\/span><span style=\"font-family: Arial Narrow, serif;\"><span style=\"font-size: small;\">\u201d.<\/span><\/span><\/span><\/span><\/p>\n<p align=\"justify\"><span style=\"font-family: Times New Roman, serif;\"><span style=\"font-size: medium;\"><span style=\"font-family: Arial Narrow, serif;\"><span style=\"font-size: small;\">Notevole, come sempre, il successo riservato alla rassegna jazz aquilana, significativi gli apprezzamenti per l\u2019organizzazione impeccabile, per la qualit\u00e0 musicale, ma anche riguardo le misure di sicurezza e distanziamento adottate contro la pandemia. E tuttavia la star indiscussa nei due giorni di eventi nella citt\u00e0 capoluogo d\u2019Abruzzo \u00e8 stata una perla dell\u2019architettura settecentesca aquilana, <\/span><\/span><span style=\"font-family: Arial Narrow, serif;\"><span style=\"font-size: small;\"><b>Palazzo Ardinghelli<\/b><\/span><\/span><span style=\"font-family: Arial Narrow, serif;\"><span style=\"font-size: small;\">, inaugurato nella mattinata di sabato 5 settembre ed eccezionalmente aperto alle visite. Nei due giorni di sabato e domenica ben oltre 600 le visite guidate dagli studenti dell\u2019Accademia di Belle Arti dell\u2019Aquila, che hanno permesso a gruppi di visitatori, locali e d\u2019ogni parte d\u2019Italia, d\u2019ammirare il restauro dello stupendo palazzo barocco che, tra un paio di mesi, aprir\u00e0 come sede museale <\/span><\/span><span style=\"font-family: Arial Narrow, serif;\"><span style=\"font-size: small;\"><b>MAXXI L\u2019AQUILA<\/b><\/span><\/span><span style=\"font-family: Arial Narrow, serif;\"><span style=\"font-size: small;\">.<\/span><\/span><\/span><\/span><\/p>\n<p align=\"justify\"><span style=\"font-family: Arial Narrow, serif;\">Dunque sabato 5 settembre \u00e8 stata un\u2019altra data storica nella rinascita dell\u2019Aquila. Un palazzo straordinario \u00e8 stato restituito alla comunit\u00e0 aquilana e non solo. Un pezzo di storia della citt\u00e0 torna a vivere e ad interagire con il territorio. Un gioiello del barocco aquilano che rinasce dopo un attento restauro e diventa polo della creativit\u00e0 contemporanea e laboratorio di futuro. Un esempio ammirevole di collaborazione internazionale e tra le istituzioni. Un contributo alla ricostruzione della citt\u00e0 dopo il terremoto del 2009, all\u2019insegna della cultura. Tutto questo \u00e8 <\/span><span style=\"font-family: Arial Narrow, serif;\"><b>MAXXI L\u2019AQUILA<\/b><\/span><span style=\"font-family: Arial Narrow, serif;\">, progetto che ha visto il Ministero per i Beni Culturali e il Turismo e la Fondazione MAXXI &#8211; di concerto con il Comune dell\u2019Aquila, la Regione Abruzzo e le istituzioni del territorio tra cui l\u2019Universit\u00e0, il Gran Sasso Science Institute, l\u2019Accademia di Belle Arti, l\u2019Istituzione Sinfonica Abruzzese, il Teatro Stabile ed altre ancora &#8211; impegnati insieme per un grande obiettivo. Quello di contribuire al rilancio del territorio ferito dal sisma attraverso la cultura, recuperando con un sapiente restauro <\/span><span style=\"font-family: Arial Narrow, serif;\"><b>Palazzo Ardinghelli<\/b><\/span><span style=\"font-family: Arial Narrow, serif;\">, il magnifico palazzo settecentesco devastato dal terremoto, restituendolo alla suggestiva bellezza barocca dei suoi spazi luminosi, multiformi e avvolgenti, e offrendolo alla comunit\u00e0 come nuovo luogo collettivo, una piattaforma di creativit\u00e0 culturale, aperta e condivisa, al servizio della rinascita della citt\u00e0. <\/span><\/p>\n<p align=\"justify\"><span style=\"font-family: Arial Narrow, serif;\">Il restauro di <\/span><span style=\"font-family: Arial Narrow, serif;\"><b>Palazzo Ardinghelli<\/b><\/span><span style=\"font-family: Arial Narrow, serif;\">, realizzato grazie al generoso contributo della <\/span><span style=\"font-family: Arial Narrow, serif;\"><b>Federazione Russa<\/b><\/span><span style=\"font-family: Arial Narrow, serif;\"> e frutto di otto anni di certosino lavoro degli esperti e dei tecnici dei Beni culturali del territorio, \u00e8 stato presentato a <\/span><span style=\"font-family: Arial Narrow, serif;\"><b>L\u2019Aquila<\/b><\/span><span style=\"font-family: Arial Narrow, serif;\"> nella mattinata di sabato 5 settembre in un incontro all\u2019aperto davanti al Palazzo, in Piazza Santa Maria Paganica, da pochi giorni dotata di un nuovo impianto di illuminazione che ne fa risplendere la bellezza anche di sera, ulteriore contributo alla riqualificazione urbana. Alla cerimonia inaugurale, introdotta da <\/span><span style=\"font-family: Arial Narrow, serif;\"><b>Margherita Guccione<\/b><\/span><span style=\"font-family: Arial Narrow, serif;\">, Direttore generale per la creativit\u00e0 contemporanea del Mibact e <\/span><span style=\"font-family: Arial Narrow, serif;\"><b>Pietro Barrera<\/b><\/span><span style=\"font-family: Arial Narrow, serif;\">, Segretario generale della Fondazione MAXXI, sono intervenuti <\/span><span style=\"font-family: Arial Narrow, serif;\"><b>Anna Laura Orrico<\/b><\/span><span style=\"font-family: Arial Narrow, serif;\">, Sottosegretario del Ministero per i Beni e le Attivit\u00e0 culturali e per il Turismo; i Consiglieri dell\u2019Ambasciata della Federazione Russa in Italia <\/span><span style=\"font-family: Arial Narrow, serif;\"><b>Alexey Fadeev<\/b><\/span><span style=\"font-family: Arial Narrow, serif;\"> e <\/span><span style=\"font-family: Arial Narrow, serif;\"><b>Konstantin Belyaev<\/b><\/span><span style=\"font-family: Arial Narrow, serif;\">; <\/span><span style=\"font-family: Arial Narrow, serif;\"><b>Stefano D\u2019Amico<\/b><\/span><span style=\"font-family: Arial Narrow, serif;\">, Segretario regionale de Mibact per l\u2019Abruzzo; <\/span><span style=\"font-family: Arial Narrow, serif;\"><b>Alessandra Vittorini<\/b><\/span><span style=\"font-family: Arial Narrow, serif;\">, Soprintendente Archeologia, Belle arti e Paesaggio per la citt\u00e0 dell\u2019Aquila e i Comuni del Cratere; <\/span><span style=\"font-family: Arial Narrow, serif;\"><b>Marco Marsilio<\/b><\/span><span style=\"font-family: Arial Narrow, serif;\">, Presidente della Regione Abruzzo; <\/span><span style=\"font-family: Arial Narrow, serif;\"><b>Pierluigi Biondi<\/b><\/span><span style=\"font-family: Arial Narrow, serif;\">, Sindaco dell\u2019Aquila; <\/span><span style=\"font-family: Arial Narrow, serif;\"><b>Giovanna Melandri<\/b><\/span><span style=\"font-family: Arial Narrow, serif;\">, Presidente Fondazione MAXXI. Presenti inoltre <\/span><span style=\"font-family: Arial Narrow, serif;\"><b>Hou Hanru<\/b><\/span><span style=\"font-family: Arial Narrow, serif;\">, Direttore artistico del MAXXI, e <\/span><span style=\"font-family: Arial Narrow, serif;\"><b>Bartolomeo Pietromarchi<\/b><\/span><span style=\"font-family: Arial Narrow, serif;\">, Direttore del MAXXI Arte che curer\u00e0 la mostra inaugurale. <\/span><\/p>\n<p align=\"justify\"><span style=\"font-family: Arial Narrow, serif;\">Come nel dettaglio chiarisce una nota congiunta degli uffici stampa del MAXXI e del Segretariato Regionale Abruzzo del Mibact, <\/span><span style=\"font-family: Arial Narrow, serif;\"><b>Palazzo Ardinghelli<\/b><\/span><span style=\"font-family: Arial Narrow, serif;\">, storica dimora dell\u2019omonima famiglia d\u2019origine toscana, \u00e8 considerato uno dei massimi esempi del barocco aquilano, l\u2019unico nella regione che ha la facciata con balconata a quota variata. Situato in pieno centro storico, fu edificato tra il 1732 e il 1743, dopo il devastante terremoto che nel 1703 distrusse la citt\u00e0. Progettato dall&#8217;architetto romano <\/span><span style=\"font-family: Arial Narrow, serif;\"><b>Francesco Fontana<\/b><\/span><span style=\"font-family: Arial Narrow, serif;\">, figlio del pi\u00f9 celebre Carlo, \u00e8 caratterizzato da un cortile porticato da cui parte lo scalone monumentale di derivazione borrominiana, sovrastato dai dipinti datati 1744 dell\u2019artista veneto <\/span><span style=\"font-family: Arial Narrow, serif;\"><b>Vincenzo Damini<\/b><\/span><span style=\"font-family: Arial Narrow, serif;\">, che rappresentano i Quattro Continenti e l\u2019Aurora. Proprio la corte interna che attraversa l\u2019edificio, collegando piazza Santa Maria Paganica e via Garibaldi, render\u00e0 il museo uno spazio pubblico aperto alla citt\u00e0, creando un ideale parallelo con la piazza del MAXXI a Roma, disegnata da <\/span><span style=\"font-family: Arial Narrow, serif;\"><b>Zaha Hadid<\/b><\/span><span style=\"font-family: Arial Narrow, serif;\">, che unisce due aree del quartiere Flaminio. Nelle prime due sale del piano nobile del Palazzo fanno bella mostra due camini monumentali. Dalla parte opposta, invece, dopo il Salone principale, oggi Sala della Voliera, e una teoria di stanze incastonate una dentro l\u2019altra, il cerchio di un ideale percorso si conclude con la Cappella di famiglia, dove sar\u00e0 esposta l\u2019opera pensata appositamente dal maestro <\/span><span style=\"font-family: Arial Narrow, serif;\"><b>Ettore Spalletti<\/b><\/span><span style=\"font-family: Arial Narrow, serif;\">. <\/span><\/p>\n<p align=\"justify\"><span style=\"font-family: Arial Narrow, serif;\">Dopo la morte di <\/span><span style=\"font-family: Arial Narrow, serif;\"><b>Filippo Ardinghelli<\/b><\/span><span style=\"font-family: Arial Narrow, serif;\">, in assenza di eredi, per il Palazzo iniziarono secoli di progressivo degrado. Alla fine del secolo scorso, ha ospitato prima gli Uffici della Pretura, poi l\u2019Anagrafe del Comune, sino a essere venduto al Demanio dello Stato e nel 2008 affidato al Mibact. Il terremoto del 2009 danneggi\u00f2 gravemente la struttura del palazzo, che gi\u00e0 versava in una generale condizione di abbandono. La forte scossa della notte del 6 aprile caus\u00f2 il ribaltamento delle pareti del cortile e il crollo parziale del porticato, oltre a diversi danni all\u2019apparato dei saloni del piano superiore, dovuti al massiccio crollo in diversi punti della copertura. Con la corsa alla solidariet\u00e0 internazionale verso la citt\u00e0 colpita dal disastroso terremoto, accentuatasi dopo i lavori del <\/span><span style=\"font-family: Arial Narrow, serif;\"><b>G8<\/b><\/span><span style=\"font-family: Arial Narrow, serif;\"> che si tenne a L\u2019Aquila nel luglio del 2009, il Governo della<\/span><span style=\"font-family: Arial Narrow, serif;\"><b> Federazione Russa<\/b><\/span><span style=\"font-family: Arial Narrow, serif;\"> individu\u00f2 due beni monumentali da adottare per garantirne il restauro, destinandovi una generosa donazione di complessivi 9 milioni di Euro: la <\/span><span style=\"font-family: Arial Narrow, serif;\"><b>Chiesa di San Gregorio Magno<\/b><\/span><span style=\"font-family: Arial Narrow, serif;\">, nella frazione di San Gregorio e, nel cuore dell\u2019Aquila, proprio <\/span><span style=\"font-family: Arial Narrow, serif;\"><b>Palazzo Ardinghelli<\/b><\/span><span style=\"font-family: Arial Narrow, serif;\">, per il quale \u00e8 stato utilizzato parte del contributo russo pari a 7,2 milioni di Euro ed altri 3 milioni circa stanziati dal Governo italiano. I tecnici del Mibct hanno sottoposto il Palazzo a un sapiente intervento di restauro conservativo, consolidamento e miglioramento sismico. Il restauro ha anche restituito le continuit\u00e0 interrotte gi\u00e0 prima del terremoto, come la sequenza androne-corte-accesso posteriore, recuperata nelle sue valenze figurative e architettoniche. Anche questo restauro ha riservato \u201csorprese\u201d, con ritrovamenti che sottolineano la stratificazione dell\u2019edificio, come le pietre d\u2019un antico portale, o un dipinto che raffigura due putti sul soffitto d\u2019una delle stanze, o ancora le decorazioni che s\u2019intravedono sulle pareti esterne del cortile. <\/span><\/p>\n<p align=\"justify\"><span style=\"font-family: Arial Narrow, serif;\">L\u2019imponente e raffinata cifra di <\/span><span style=\"font-family: Arial Narrow, serif;\"><b>Palazzo Ardinghelli<\/b><\/span><span style=\"font-family: Arial Narrow, serif;\">, l\u2019innata sua spazialit\u00e0 che crea un naturale percorso nella successione dei saloni e delle stanze, ha fatto s\u00ec che il Ministro per i Beni culturali <\/span><span style=\"font-family: Arial Narrow, serif;\"><b>Dario Franceschini<\/b><\/span><span style=\"font-family: Arial Narrow, serif;\">, in visita a L\u2019Aquila nel 2014, vedesse l\u2019edificio gi\u00e0 destinato a diventare uno spazio espositivo d\u2019eccellenza. Da quella prima suggestione \u00e8 nato il progetto di <\/span><span style=\"font-family: Arial Narrow, serif;\"><b>MAXXI L\u2019AQUILA<\/b><\/span><span style=\"font-family: Arial Narrow, serif;\">, uno spazio dedicato alla creativit\u00e0 contemporanea nel pieno della storia della citt\u00e0, in uno dei suoi monumenti pi\u00f9 affascinanti. <\/span><span style=\"font-family: Arial Narrow, serif;\"><b>Palazzo Ardinghelli<\/b><\/span><span style=\"font-family: Arial Narrow, serif;\">, magistralmente restaurato, sta quindi per diventare un centro vivo di cultura non solo per la citt\u00e0 dell\u2019Aquila, tappa concreta d\u2019un processo di recupero del patrimonio che ruota intorno al valore sociale, inclusivo ed identitario dei beni culturali, legandoli a una loro vitale e quotidiana fruizione, per dare senso e contenuto ai luoghi restaurati. <\/span><\/p>\n<p align=\"justify\"><span style=\"font-family: Arial Narrow, serif;\"><b>MAXXI L\u2019AQUILA<\/b><\/span><span style=\"font-family: Arial Narrow, serif;\"> sar\u00e0 inaugurato il prossimo <\/span><span style=\"font-family: Arial Narrow, serif;\"><b>30 ottobre 2020<\/b><\/span><span style=\"font-family: Arial Narrow, serif;\">, alla presenza del Ministro dei Beni culturali <\/span><span style=\"font-family: Arial Narrow, serif;\"><b>Dario Franceschini<\/b><\/span><span style=\"font-family: Arial Narrow, serif;\"> e dell\u2019Ambasciatore della Federazione Russa in Italia <\/span><span style=\"font-family: Arial Narrow, serif;\"><b>Sergey Razov<\/b><\/span><span style=\"font-family: Arial Narrow, serif;\">, con la partecipazione di <\/span><span style=\"font-family: Arial Narrow, serif;\"><b>Cassa Depositi e Prestiti<\/b><\/span><span style=\"font-family: Arial Narrow, serif;\">, che ha supportato la realizzazione degli apparati tecnologici per la nuova funzione museale del Palazzo. Il progetto espositivo \u00e8 stato pensato per valorizzare fin da subito l\u2019architettura del Palazzo, in relazione con le committenze realizzate appositamente da cinque importanti artisti italiani individuati dal Ministero nel 2015: <\/span><span style=\"font-family: Arial Narrow, serif;\"><b>Elisabetta Benassi<\/b><\/span><span style=\"font-family: Arial Narrow, serif;\">, <\/span><span style=\"font-family: Arial Narrow, serif;\"><b>Daniela De Lorenzo<\/b><\/span><span style=\"font-family: Arial Narrow, serif;\">, <\/span><span style=\"font-family: Arial Narrow, serif;\"><b>Nunzio, Alberto Garutti<\/b><\/span><span style=\"font-family: Arial Narrow, serif;\"> e il maestro <\/span><span style=\"font-family: Arial Narrow, serif;\"><b>Ettore Spalletti<\/b><\/span><span style=\"font-family: Arial Narrow, serif;\">, recentemente scomparso, cui \u00e8 dedicato uno degli spazi pi\u00f9 suggestivi. A queste opere si aggiunge il progetto di <\/span><span style=\"font-family: Arial Narrow, serif;\"><b>Anastasia Potemkina<\/b><\/span><span style=\"font-family: Arial Narrow, serif;\">, giovane artista russa, prodotto in collaborazione con la VAC Foundation di <\/span><span style=\"font-family: Arial Narrow, serif;\"><b>Mosca<\/b><\/span><span style=\"font-family: Arial Narrow, serif;\"> e realizzato con la partecipazione dell\u2019Accademia di Belle Arti dell\u2019Aquila, come primo passo per valorizzare il dialogo tra artisti russi e italiani. Un&#8217;attenzione speciale \u00e8 data alla fotografia, con la committenza affidata a <\/span><span style=\"font-family: Arial Narrow, serif;\"><b>Paolo Pellegrin<\/b><\/span><span style=\"font-family: Arial Narrow, serif;\"> e dedicata a <\/span><span style=\"font-family: Arial Narrow, serif;\"><b>L&#8217;Aquila<\/b><\/span><span style=\"font-family: Arial Narrow, serif;\">, e quella affidata a <\/span><span style=\"font-family: Arial Narrow, serif;\"><b>Stefano Cerio<\/b><\/span><span style=\"font-family: Arial Narrow, serif;\">, dedicata al territorio abruzzese. <\/span><\/p>\n<p align=\"justify\"><span style=\"font-family: Arial Narrow, serif;\">Questo denso percorso sar\u00e0 integrato e rafforzato da una selezione di opere provenienti dalle collezioni di arte, architettura e fotografia del <\/span><span style=\"font-family: Arial Narrow, serif;\"><b>MAXXI<\/b><\/span><span style=\"font-family: Arial Narrow, serif;\"> scelte per la loro capacit\u00e0 di riflettere sugli ambiti spaziali ideali e materiali che determinano il luogo o ne sono determinati. La mostra \u00e8 quindi occasione per esplorare e sperimentare tutti gli spazi del museo, dalla corte allo scalone principale, dalla cappella alla teoria di sale espositive che si susseguono senza soluzione di continuit\u00e0, in un itinerario che da un lato guarda allo straordinario lavoro di restauro realizzato per restituire l\u2019edificio alla citt\u00e0 e al pubblico, dall\u2019altro accompagna le riflessioni sul sodalizio tra la luce, il colore, lo spazio e l\u2019ambiente e la sua percezione, in una scala urbana e territoriale tra il visionario e l\u2019utopico, attraverso i lavori di autori quali <\/span><span style=\"font-family: Arial Narrow, serif;\"><b>Monica Bonvicini, Maurizio Cattelan, Enzo Cucchi, Bruna Esposito, Giulio Paolini, Piero Manzoni, Maurizio Nannucci, Liliana Moro, Sou Fujimoto, Superstudio, Giovanni Michelucci, Bernard Khoury, Yona Friedman, Guido Guidi, Giovanni Chiaramonte, Olivo Barbieri, Allora &amp; Calzadilla<\/b><\/span><span style=\"font-family: Arial Narrow, serif;\">. <\/span><\/p>\n<p align=\"justify\"><span style=\"font-family: Arial Narrow, serif;\">Legittime, dunque, le dichiarazioni di soddisfazione espresse nel corso della cerimonia inaugurale da tutti gli intervenuti, in una luminosa mattinata di sole che faceva risplendere la pietra bianca della facciata del Palazzo, in contrappunto all\u2019impareggiabile azzurro d\u2019un cielo terso quale <\/span><span style=\"font-family: Arial Narrow, serif;\"><b>L\u2019Aquila<\/b><\/span><span style=\"font-family: Arial Narrow, serif;\"> sovente sa regalare. Per brevit\u00e0 riportiamo solo uno stralcio dell\u2019intervento del sindaco <\/span><span style=\"font-family: Arial Narrow, serif;\"><b>Pierluigi Biondi<\/b><\/span><span style=\"font-family: Arial Narrow, serif;\"> e dell\u2019arch. <\/span><span style=\"font-family: Arial Narrow, serif;\"><b>Alessandra Vittorini<\/b><\/span><span style=\"font-family: Arial Narrow, serif;\">, Soprintendente per L\u2019Aquila e cratere. \u201c<\/span><span style=\"font-family: Arial Narrow, serif;\"><i>La restituzione alla comunit\u00e0 di Palazzo Ardinghelli e l\u2019istituzione della sede aquilana del MAXXI<\/i><\/span><span style=\"font-family: Arial Narrow, serif;\"> \u2013 ha dichiarato il sindaco <\/span><span style=\"font-family: Arial Narrow, serif;\"><b>Biondi <\/b><\/span><span style=\"font-family: Arial Narrow, serif;\">&#8211; <\/span><span style=\"font-family: Arial Narrow, serif;\"><i>segnano un determinante punto di svolta nella narrazione del complesso ma entusiasmante percorso di rinascita intrapreso all\u2019indomani del sisma del 2009. L\u2019eleganza, la bellezza e l\u2019arte sono elementi complementari ai processi di ricostruzione materiale di una citt\u00e0 fiera della sua tradizione storica, alla base della candidatura a Capitale Italiana della cultura 2022<\/i><\/span><span style=\"font-family: Arial Narrow, serif;\">\u201d.<\/span><\/p>\n<p align=\"justify\"><span style=\"font-family: Arial Narrow, serif;\">Molto argomentato l\u2019intervento conclusivo diella Soprintendente <\/span><span style=\"font-family: Arial Narrow, serif;\"><b>Alessandra Vittorini<\/b><\/span><span style=\"font-family: Arial Narrow, serif;\">, che da 8 anni guida con eccezionale carisma l\u2019\u00e9quipe dei tecnici impegnati, per la parte che compete alla struttura che dirige, il complesso lavoro della ricostruzione dell\u2019Aquila e dei centri del cratere sismico. Particolarmente del centro storico dell\u2019Aquila, meravigliosa citt\u00e0 d\u2019arte che ha il 70% del suo straordinario patrimonio architettonico entro le mura urbiche soggetto all\u2019attenzione della Soprintendenza. Un\u2019opera rilevante, consapevole non solo del valore della ricostruzione materiale della citt\u00e0 capoluogo d\u2019Abruzzo, ma anche del profondo significato civile, culturale ed identitario che essa rappresenta per l\u2019intera comunit\u00e0 aquilana. \u201c<\/span><span style=\"font-family: Arial Narrow, serif;\"><i>Nella complessa ricostruzione che ci vede impegnati da oltre dieci anni, in una citt\u00e0 che da sette secoli crolla e rinasce su s\u00e9 stessa<\/i><\/span><span style=\"font-family: Arial Narrow, serif;\"> \u2013 ha affermato tra l\u2019altro la Soprintendente <\/span><span style=\"font-family: Arial Narrow, serif;\"><b>Alessandra Vittorini<\/b><\/span><span style=\"font-family: Arial Narrow, serif;\"> \u2013 <\/span><span style=\"font-family: Arial Narrow, serif;\"><i>questo luogo offre oggi le sue inedite meraviglie pienamente recuperate grazie a un restauro attento e rigoroso. La sorprendente sequenza che attraversa la corte semicircolare e si fa strada urbana, lo scalone monumentale, i saloni e i fluidi spazi interni compongono un insieme di suggestiva bellezza. Tutto ci\u00f2 \u00e8 il frutto di attenzione e rigore, dedizione e competenza tecnica di cui dobbiamo essere grati a tutti i protagonisti che ne hanno accompagnato il recupero. Ringrazio quindi, per la Soprintendenza, <\/i><\/span><span style=\"font-family: Arial Narrow, serif;\"><i><b>Franco De Vitis <\/b><\/i><\/span><span style=\"font-family: Arial Narrow, serif;\"><i>e <\/i><\/span><span style=\"font-family: Arial Narrow, serif;\"><i><b>Biancamaria Colasacco<\/b><\/i><\/span><span style=\"font-family: Arial Narrow, serif;\"><i>. E tutta la nostra squadra che opera dal 2009 nel difficile scenario cittadino. \u00c8 grazie al loro lavoro che oggi stiamo riscoprendo nel passato le radici per il nostro futuro, in un percorso costante e progressivo che ha visto nel centro storico e nel patrimonio culturale i luoghi di una nuova e ritrovata identit\u00e0, di una appartenenza collettiva fatta di memoria e di rinascita<\/i><\/span><span style=\"font-family: Arial Narrow, serif;\">\u201d. Ricordato, infine, l&#8217;architetto <\/span><span style=\"font-family: Arial Narrow, serif;\"><b>Claudio Finarelli<\/b><\/span><span style=\"font-family: Arial Narrow, serif;\"> che, in qualit\u00e0 di Responsabile unico del procedimento nei lavori di restauro di Palazzo Ardinghelli, aveva impegnato il suo consueto bagaglio d\u2019esperienza e saggezza per raggiungere questo risultato. Un destino avverso gli ha impedito di vederne il felice esito.<\/span><\/p>\n<p align=\"justify\"><span style=\"font-family: Arial Narrow, serif;\">Solo un\u2019annotazione, di chi scrive, a commento del significativo evento inaugurale di <\/span><span style=\"font-family: Arial Narrow, serif;\"><b>Palazzo Ardinghelli<\/b><\/span><span style=\"font-family: Arial Narrow, serif;\">.<\/span> <span style=\"font-family: Arial Narrow, serif;\">La magnificenza e la bellezza del Palazzo stride con la condizione della <\/span><span style=\"font-family: Arial Narrow, serif;\"><b>Chiesa di Santa Maria Paganica<\/b><\/span><span style=\"font-family: Arial Narrow, serif;\">, sofferente d\u2019un penoso degrado nelle lacerazioni inferte dal terremoto del 2009, ancora lontana dal suo restauro. Ancor pi\u00f9 mortificante perch\u00e9 al Palazzo, restaurato grazie ad una donazione della <\/span><span style=\"font-family: Arial Narrow, serif;\"><b>Russia<\/b><\/span><span style=\"font-family: Arial Narrow, serif;\">, fa da contrappunto la chiesa frontistante, che aveva avuto la promessa d\u2019una donazione di 4,5 milioni dagli <\/span><span style=\"font-family: Arial Narrow, serif;\"><b>Stati Uniti<\/b><\/span><span style=\"font-family: Arial Narrow, serif;\"> nel luglio 2009, promessa cui purtroppo non \u00e8 stato dato seguito, neanche con soluzioni diverse da quella annunciata. Giova qui ricordare che la <\/span><span style=\"font-family: Arial Narrow, serif;\"><b>Francia<\/b><\/span><span style=\"font-family: Arial Narrow, serif;\"> ha contribuito per 3,250 milioni di Euro al restauro la Chiesa di Santa Maria del Suffragio, la <\/span><span style=\"font-family: Arial Narrow, serif;\"><b>Germania <\/b><\/span><span style=\"font-family: Arial Narrow, serif;\">ha finanziato per 3 milioni di Euro il restauro della Chiesa di San Pietro Apostolo ad Onna, lodevolmente il <\/span><span style=\"font-family: Arial Narrow, serif;\"><b>Kazakistan<\/b><\/span><span style=\"font-family: Arial Narrow, serif;\"> ha finanziato d\u2019iniziativa, per un importo di 1,7 milioni di Euro, il restauro dell\u2019Oratorio di San Giuseppe dei Minimi. Anche <\/span><span style=\"font-family: Arial Narrow, serif;\"><b>Canada<\/b><\/span><span style=\"font-family: Arial Narrow, serif;\">, <\/span><span style=\"font-family: Arial Narrow, serif;\"><b>Giappone<\/b><\/span><span style=\"font-family: Arial Narrow, serif;\"> e <\/span><span style=\"font-family: Arial Narrow, serif;\"><b>Australia<\/b><\/span><span style=\"font-family: Arial Narrow, serif;\">, con specifiche donazioni, hanno contribuito a realizzare nuove opere con destinazione culturale, sociale, sportiva e universitaria. Cadute invece nel vuoto anche le promesse di <\/span><span style=\"font-family: Arial Narrow, serif;\"><b>Spagna<\/b><\/span><span style=\"font-family: Arial Narrow, serif;\"> e <\/span><span style=\"font-family: Arial Narrow, serif;\"><b>Gran Bretagna<\/b><\/span><span style=\"font-family: Arial Narrow, serif;\">. Sicch\u00e9 <\/span><span style=\"font-family: Arial Narrow, serif;\"><b>Santa Maria Paganica<\/b><\/span><span style=\"font-family: Arial Narrow, serif;\">, con un insufficiente finanziamento dello Stato italiano di 5 milioni e in attesa di ulteriori fondi a copertura della spesa presunta in circa 20 milioni di Euro per il suo restauro, resta ancora nel suo attuale stato di lacerazione, lanciando al cielo il suo grido di dolore. <\/span><\/p>\n","protected":false},"excerpt":{"rendered":"<p>&nbsp; 8 settembre 2020 L\u2019AQUILA, PER DUE GIORNI CAPITALE DEL JAZZ, AMMIRA IL RINATO PALAZZO ARDINGHELLI La presentazione del restauro [&hellip;]<\/p>\n","protected":false},"author":1,"featured_media":0,"comment_status":"open","ping_status":"open","sticky":false,"template":"","format":"standard","meta":{"footnotes":""},"categories":[33,10],"tags":[],"class_list":["post-11700","post","type-post","status-publish","format-standard","hentry","category-espectaculo","category-italiano"],"_links":{"self":[{"href":"https:\/\/www.ecoitaliano.com.ar\/index.php?rest_route=\/wp\/v2\/posts\/11700","targetHints":{"allow":["GET"]}}],"collection":[{"href":"https:\/\/www.ecoitaliano.com.ar\/index.php?rest_route=\/wp\/v2\/posts"}],"about":[{"href":"https:\/\/www.ecoitaliano.com.ar\/index.php?rest_route=\/wp\/v2\/types\/post"}],"author":[{"embeddable":true,"href":"https:\/\/www.ecoitaliano.com.ar\/index.php?rest_route=\/wp\/v2\/users\/1"}],"replies":[{"embeddable":true,"href":"https:\/\/www.ecoitaliano.com.ar\/index.php?rest_route=%2Fwp%2Fv2%2Fcomments&post=11700"}],"version-history":[{"count":0,"href":"https:\/\/www.ecoitaliano.com.ar\/index.php?rest_route=\/wp\/v2\/posts\/11700\/revisions"}],"wp:attachment":[{"href":"https:\/\/www.ecoitaliano.com.ar\/index.php?rest_route=%2Fwp%2Fv2%2Fmedia&parent=11700"}],"wp:term":[{"taxonomy":"category","embeddable":true,"href":"https:\/\/www.ecoitaliano.com.ar\/index.php?rest_route=%2Fwp%2Fv2%2Fcategories&post=11700"},{"taxonomy":"post_tag","embeddable":true,"href":"https:\/\/www.ecoitaliano.com.ar\/index.php?rest_route=%2Fwp%2Fv2%2Ftags&post=11700"}],"curies":[{"name":"wp","href":"https:\/\/api.w.org\/{rel}","templated":true}]}}