{"id":11721,"date":"2020-09-08T22:58:16","date_gmt":"2020-09-08T22:58:16","guid":{"rendered":"http:\/\/www.ecoitaliano.com.ar\/?p=11721"},"modified":"2020-09-08T22:58:16","modified_gmt":"2020-09-08T22:58:16","slug":"serena-conduce-operaclassica-eco-italiano-440","status":"publish","type":"post","link":"https:\/\/www.ecoitaliano.com.ar\/?p=11721","title":{"rendered":"Serena conduce Operaclassica Eco Italiano"},"content":{"rendered":"<p class=\"western\" lang=\"it-IT\" align=\"center\"><span style=\"color: #ff0000;\"><span style=\"font-family: MS Reference Sans Serif, sans-serif;\"><u><b>COMUNICATO STAMPA<\/b><\/u><\/span><\/span><\/p>\n<p class=\"western\" lang=\"it-IT\" align=\"center\"><span style=\"color: #ff0000;\"><span style=\"font-family: MS Reference Sans Serif, sans-serif;\"><b>Gioved\u00ec 10 settembre, al Teatro Carlo Felice, il primo concerto dell\u2019<\/b><\/span><\/span><span style=\"color: #ff0000;\"><span style=\"font-family: MS Reference Sans Serif, sans-serif;\"><i><b>Omaggio a Beethoven<\/b><\/i><\/span><\/span><span style=\"color: #ff0000;\"><span style=\"font-family: MS Reference Sans Serif, sans-serif;\"><b>, con il giovane Leonardo Sini sul podio<\/b><\/span><\/span><\/p>\n<p class=\"western\" lang=\"it-IT\" align=\"justify\"><span style=\"font-family: MS Reference Sans Serif, sans-serif;\">Il Teatro Carlo Felice riapre nel nome di <\/span><span style=\"font-family: MS Reference Sans Serif, sans-serif;\"><b>Beethoven<\/b><\/span><span style=\"font-family: MS Reference Sans Serif, sans-serif;\">, uno dei pi\u00f9 grandi compositori di tutti i tempi, di cui quest\u2019anno si festeggia in tutto il mondo il 250\u00b0 anniversario della nascita. <\/span><span style=\"font-family: MS Reference Sans Serif, sans-serif;\"><i><b>Omaggio a Beethoven<\/b><\/i><\/span><span style=\"font-family: MS Reference Sans Serif, sans-serif;\"> \u00e8 il titolo del trittico di concerti che la fondazione lirico-sinfonica genovese dedica al Maestro di Bonn, dando spazio soprattutto al Beethoven delle ouvertures da concerto (comprese quelle meno note e raramente eseguite) e a quello delle sinfonie precedenti il grande spartiacque della \u201cQuinta\u201d. <\/span><\/p>\n<p class=\"western\" lang=\"it-IT\" align=\"justify\"><span style=\"font-family: MS Reference Sans Serif, sans-serif;\">Il primo appuntamento \u00e8 <\/span><span style=\"font-family: MS Reference Sans Serif, sans-serif;\"><b>gioved\u00ec 10 settembre<\/b><\/span><span style=\"font-family: MS Reference Sans Serif, sans-serif;\">, alle <\/span><span style=\"font-family: MS Reference Sans Serif, sans-serif;\"><b>ore 20:00<\/b><\/span><span style=\"font-family: MS Reference Sans Serif, sans-serif;\">, con <\/span><span style=\"font-family: MS Reference Sans Serif, sans-serif;\"><b>Leonardo Sini<\/b><\/span><span style=\"font-family: MS Reference Sans Serif, sans-serif;\"> sul podio dell\u2019<\/span><span style=\"font-family: MS Reference Sans Serif, sans-serif;\"><b>Orchestra del Teatro Carlo Felice<\/b><\/span><span style=\"font-family: MS Reference Sans Serif, sans-serif;\">, giovane direttore che nel suo curriculum vanta la vittoria<\/span><span style=\"font-family: MS Reference Sans Serif, sans-serif;\"> del Primo Premio al prestigioso Concorso Internazionale di direzione d\u2019orchestra \u201cMaestro Solti\u201d. Sini \u00e8 stato applaudito di recente, al Festival di Nervi, ne <\/span><span style=\"font-family: MS Reference Sans Serif, sans-serif;\"><i>Le creature di Prometeo\/Le creature di Capucci<\/i><\/span><span style=\"font-family: MS Reference Sans Serif, sans-serif;\">, un\u2019altra serata interamente beethoveniana. <\/span><\/p>\n<p class=\"western\" lang=\"it-IT\" align=\"justify\"><span style=\"font-family: MS Reference Sans Serif, sans-serif;\">Il programma si apre con tre ouvertures che mostrano l\u2019interesse di Beethoven per questa forma di \u201cracconto\u201d musicale intensa e concentrata, in un solo tempo: <\/span><span style=\"font-family: MS Reference Sans Serif, sans-serif;\"><i>Le rovine di Atene<\/i><\/span><span style=\"font-family: MS Reference Sans Serif, sans-serif;\">, op. 113, <\/span><span style=\"font-family: MS Reference Sans Serif, sans-serif;\"><i>Per l\u2019onomastico<\/i><\/span><span style=\"font-family: MS Reference Sans Serif, sans-serif;\">, op. 115, <\/span><span style=\"font-family: MS Reference Sans Serif, sans-serif;\"><i>Re Stefano<\/i><\/span><span style=\"font-family: MS Reference Sans Serif, sans-serif;\">, op. 117. Segue, e chiude, la Sinfonia n. 1 in Do maggiore, op. 21, primo incontro di Beethoven con il genere sinfonico, destinato a diventare quello beethoveniano per eccellenza. Il celebre attacco <\/span><span style=\"font-family: MS Reference Sans Serif, sans-serif;\"><i>in medias res<\/i><\/span><span style=\"font-family: MS Reference Sans Serif, sans-serif;\"> della sinfonia \u2013 che d\u00e0 la sensazione che la musica sia gi\u00e0 cominciata prima del suo inizio effettivo \u2013 \u00e8 un gesto innovatore che testimonia quanto fosse gi\u00e0 forte la personalit\u00e0 compositiva del giovane Beethoven, allora appena trentenne. <\/span><\/p>\n<p class=\"western\" lang=\"it-IT\" align=\"justify\"><span style=\"font-family: MS Reference Sans Serif, sans-serif;\">Per coloro che ne sono gi\u00e0 in possesso, \u00e8 possibile utilizzare, per questo concerto,<\/span><b> <\/b><span style=\"font-family: MS Reference Sans Serif, sans-serif;\">i <\/span><span style=\"font-family: MS Reference Sans Serif, sans-serif;\"><b>voucher <\/b><\/span><span style=\"font-family: MS Reference Sans Serif, sans-serif;\">relativi agli spettacoli della Stagione lirica e sinfonica 2019-20 del Teatro Carlo Felice <\/span><span style=\"font-family: MS Reference Sans Serif, sans-serif;\"><b>annullati a causa dell\u2019emergenza sanitaria<\/b><\/span><span style=\"font-family: MS Reference Sans Serif, sans-serif;\">.<\/span><\/p>\n<p class=\"western\" lang=\"it-IT\" align=\"justify\"><span style=\"font-family: MS Reference Sans Serif, sans-serif;\">Al fine di mantenere il\u00a0distanziamento sociale necessario a garantire la sicurezza del pubblico,<\/span><span style=\"font-family: MS Reference Sans Serif, sans-serif;\"><b> i posti a disposizione in platea saranno circa \u00a0<\/b><\/span><strong><span style=\"font-family: MS Reference Sans Serif, sans-serif;\">950<\/span><\/strong><strong><span style=\"font-family: MS Reference Sans Serif, sans-serif;\">,<\/span><\/strong> <strong><span style=\"font-family: MS Reference Sans Serif, sans-serif;\">come da ordinanza<\/span><\/strong> <span style=\"font-family: MS Reference Sans Serif, sans-serif;\">\u00a0della Regione Liguria. Si ricorda, inoltre, che il 2 luglio scorso il Teatro Carlo Felice ha ottenuto,<\/span><b> <\/b><span style=\"font-family: MS Reference Sans Serif, sans-serif;\">primo teatro al mondo, la<\/span><span style=\"font-family: MS Reference Sans Serif, sans-serif;\"><b> \u201cBiosafety Trust Certification\u201d<\/b><\/span><span style=\"font-family: MS Reference Sans Serif, sans-serif;\">,<\/span><b> <\/b><span style=\"font-family: MS Reference Sans Serif, sans-serif;\">ossia lo schema certificativo dei sistemi di gestione pensato da <\/span><span style=\"font-family: MS Reference Sans Serif, sans-serif;\"><b>RINA <\/b><\/span><span style=\"font-family: MS Reference Sans Serif, sans-serif;\">per prevenire e controllare il propagarsi delle infezioni e per tutelare la salute delle persone nei luoghi di aggregazione. <\/span><\/p>\n<p class=\"western\" lang=\"it-IT\" align=\"justify\"><span style=\"font-family: MS Reference Sans Serif, sans-serif;\">Prezzi: intero 15 Euro; ridotto (abbonati e under 26) 12 Euro.<\/span><\/p>\n<p lang=\"it-IT\" align=\"right\"><span style=\"font-family: MS Reference Sans Serif, sans-serif;\">Genova, 8 settembre 2020,<\/span><\/p>\n<p lang=\"it-IT\" align=\"right\"><span style=\"font-family: MS Reference Sans Serif, sans-serif;\">L\u2019Ufficio Stampa<\/span><\/p>\n<div id='gallery-1' class='gallery galleryid-11721 gallery-columns-3 gallery-size-thumbnail'><figure class='gallery-item'>\n\t\t\t<div class='gallery-icon landscape'>\n\t\t\t\t<a href='https:\/\/www.ecoitaliano.com.ar\/?attachment_id=11722'><img decoding=\"async\" width=\"150\" height=\"150\" src=\"https:\/\/www.ecoitaliano.com.ar\/wp-content\/uploads\/2020\/09\/119011619_1245918595750312_9185747379532809909_n-150x150.jpg\" class=\"attachment-thumbnail size-thumbnail\" alt=\"\" \/><\/a>\n\t\t\t<\/div><\/figure><figure class='gallery-item'>\n\t\t\t<div class='gallery-icon landscape'>\n\t\t\t\t<a href='https:\/\/www.ecoitaliano.com.ar\/?attachment_id=11723'><img decoding=\"async\" width=\"150\" height=\"150\" src=\"https:\/\/www.ecoitaliano.com.ar\/wp-content\/uploads\/2020\/09\/119007912_1230725037304748_310868734976020097_n-150x150.jpg\" class=\"attachment-thumbnail size-thumbnail\" alt=\"\" \/><\/a>\n\t\t\t<\/div><\/figure><figure class='gallery-item'>\n\t\t\t<div class='gallery-icon landscape'>\n\t\t\t\t<a href='https:\/\/www.ecoitaliano.com.ar\/?attachment_id=11724'><img decoding=\"async\" width=\"150\" height=\"150\" src=\"https:\/\/www.ecoitaliano.com.ar\/wp-content\/uploads\/2020\/09\/119018373_239750454043589_6944113602519429954_n-150x150.jpg\" class=\"attachment-thumbnail size-thumbnail\" alt=\"\" \/><\/a>\n\t\t\t<\/div><\/figure>\n\t\t<\/div>\n\n","protected":false},"excerpt":{"rendered":"<p>COMUNICATO STAMPA Gioved\u00ec 10 settembre, al Teatro Carlo Felice, il primo concerto dell\u2019Omaggio a Beethoven, con il giovane Leonardo Sini [&hellip;]<\/p>\n","protected":false},"author":1,"featured_media":0,"comment_status":"open","ping_status":"open","sticky":false,"template":"","format":"standard","meta":{"footnotes":""},"categories":[10,40],"tags":[],"class_list":["post-11721","post","type-post","status-publish","format-standard","hentry","category-italiano","category-serena-conduce-operaclassica"],"_links":{"self":[{"href":"https:\/\/www.ecoitaliano.com.ar\/index.php?rest_route=\/wp\/v2\/posts\/11721","targetHints":{"allow":["GET"]}}],"collection":[{"href":"https:\/\/www.ecoitaliano.com.ar\/index.php?rest_route=\/wp\/v2\/posts"}],"about":[{"href":"https:\/\/www.ecoitaliano.com.ar\/index.php?rest_route=\/wp\/v2\/types\/post"}],"author":[{"embeddable":true,"href":"https:\/\/www.ecoitaliano.com.ar\/index.php?rest_route=\/wp\/v2\/users\/1"}],"replies":[{"embeddable":true,"href":"https:\/\/www.ecoitaliano.com.ar\/index.php?rest_route=%2Fwp%2Fv2%2Fcomments&post=11721"}],"version-history":[{"count":0,"href":"https:\/\/www.ecoitaliano.com.ar\/index.php?rest_route=\/wp\/v2\/posts\/11721\/revisions"}],"wp:attachment":[{"href":"https:\/\/www.ecoitaliano.com.ar\/index.php?rest_route=%2Fwp%2Fv2%2Fmedia&parent=11721"}],"wp:term":[{"taxonomy":"category","embeddable":true,"href":"https:\/\/www.ecoitaliano.com.ar\/index.php?rest_route=%2Fwp%2Fv2%2Fcategories&post=11721"},{"taxonomy":"post_tag","embeddable":true,"href":"https:\/\/www.ecoitaliano.com.ar\/index.php?rest_route=%2Fwp%2Fv2%2Ftags&post=11721"}],"curies":[{"name":"wp","href":"https:\/\/api.w.org\/{rel}","templated":true}]}}