{"id":11732,"date":"2020-09-10T08:58:42","date_gmt":"2020-09-10T08:58:42","guid":{"rendered":"http:\/\/www.ecoitaliano.com.ar\/?p=11732"},"modified":"2020-09-10T08:58:42","modified_gmt":"2020-09-10T08:58:42","slug":"lisef-nella-storia-delluniversita-dellaquila","status":"publish","type":"post","link":"https:\/\/www.ecoitaliano.com.ar\/?p=11732","title":{"rendered":"L\u2019ISEF NELLA STORIA DELL\u2019UNIVERSITA\u2019 DELL\u2019AQUILA"},"content":{"rendered":"<p><a href=\"http:\/\/www.ecoitaliano.com.ar\/wp-content\/uploads\/2020\/09\/Enrico-Cavalli.jpg\"><img decoding=\"async\" class=\"alignnone size-full wp-image-11733\" src=\"http:\/\/www.ecoitaliano.com.ar\/wp-content\/uploads\/2020\/09\/Enrico-Cavalli.jpg\" alt=\"\" width=\"648\" height=\"513\" srcset=\"https:\/\/www.ecoitaliano.com.ar\/wp-content\/uploads\/2020\/09\/Enrico-Cavalli.jpg 648w, https:\/\/www.ecoitaliano.com.ar\/wp-content\/uploads\/2020\/09\/Enrico-Cavalli-300x238.jpg 300w, https:\/\/www.ecoitaliano.com.ar\/wp-content\/uploads\/2020\/09\/Enrico-Cavalli-150x119.jpg 150w\" sizes=\"(max-width: 648px) 100vw, 648px\" \/><\/a><\/p>\n<p align=\"center\"><span style=\"font-family: Georgia, serif;\"><span style=\"font-size: large;\"><b>L\u2019ISEF NELLA STORIA DELL\u2019UNIVERSITA\u2019 DELL\u2019AQUILA<\/b><\/span><\/span><\/p>\n<p align=\"center\"><span style=\"font-family: Georgia, serif;\"><span style=\"font-size: large;\">di <\/span><\/span><span style=\"font-family: Georgia, serif;\"><span style=\"font-size: large;\"><b>Enrico Cavalli<\/b><\/span><\/span><\/p>\n<p align=\"justify\"><a name=\"_GoBack\"><\/a><\/p>\n<p align=\"justify\"><span style=\"font-family: Georgia, serif;\">L\u2019AQUILA &#8211; A due secoli dalla sua grande conurbazione medievale del 1254, la citt\u00e0 di Aquila conosceva il \u201csecolo d\u2019oro\u201d. Interazione di virtuosismi ecclesiastici e magistrature municipali, davano visibilit\u00e0 europea alla \u201cseconda\u201d e \u201cmagnifica cittade\u201d del regno di Napoli, sede di zecca demaniale e di <\/span><span style=\"font-family: Georgia, serif;\"><i>Studium<\/i><\/span><span style=\"font-family: Georgia, serif;\"> universitario nel 1458-1464, per volont\u00e0 del re <\/span><span style=\"font-family: Georgia, serif;\"><b>Ferrante I di Aragona<\/b><\/span><span style=\"font-family: Georgia, serif;\">. L\u2019universit\u00e0 aquilana assumeva i contorni delle omologhe e storiche accademie di <\/span><span style=\"font-family: Georgia, serif;\"><b>Bologna<\/b><\/span><span style=\"font-family: Georgia, serif;\">, <\/span><span style=\"font-family: Georgia, serif;\"><b>Siena<\/b><\/span><span style=\"font-family: Georgia, serif;\"> e <\/span><span style=\"font-family: Georgia, serif;\"><b>Perugia<\/b><\/span><span style=\"font-family: Georgia, serif;\">, ma attese a funzionare, perch\u00e9 ad impartire l&#8217;istruzione superiore, dal 1596 fu il Collegio gesuitico che alla stregua di quelli di <\/span><span style=\"font-family: Georgia, serif;\"><b>Napoli<\/b><\/span><span style=\"font-family: Georgia, serif;\">, <\/span><span style=\"font-family: Georgia, serif;\"><b>Madrid, Lisbona, Parigi<\/b><\/span><span style=\"font-family: Georgia, serif;\">, diviene la fucina di classi dirigenti abruzzesi e di accademie culturali, finch\u00e9 per l\u2019espulsione borbonica dei preti loyolani nel 1767, subentr\u00f2 il Collegio Reale con cattedre dal 1785 al 1792 di teologia, filosofia, storia, matematica, lettere, lingua greca, chimica, anatomia, medicina teorica e pratica, chirurgia, ostetricia.<\/span><\/p>\n<p align=\"justify\"><span style=\"font-family: Georgia, serif;\"><b>Giuseppe Napoleone<\/b><\/span><span style=\"font-family: Georgia, serif;\"> nel 1807 spost\u00f2 i suddetti corsi al Santo Spirito di Sulmona, riportati in sede originaria da <\/span><span style=\"font-family: Georgia, serif;\"><b>Gioacchino Murat<\/b><\/span><span style=\"font-family: Georgia, serif;\">, col compito di formazione superiore per tutti gli Abruzzi nel 1814; una funzione accreditata nella Restaurazione, in quanto il rescritto di <\/span><span style=\"font-family: Georgia, serif;\"><b>re Ferdinando I<\/b><\/span><span style=\"font-family: Georgia, serif;\"> del 14 gennaio 1817, stabil\u00ec che ad <\/span><span style=\"font-family: Georgia, serif;\"><b>Aquila<\/b><\/span><span style=\"font-family: Georgia, serif;\"> come solo a <\/span><span style=\"font-family: Georgia, serif;\"><b>Bari, Salerno, Catanzaro<\/b><\/span><span style=\"font-family: Georgia, serif;\">, avesse luogo il <\/span><span style=\"font-family: Georgia, serif;\"><b>Reale Liceo<\/b><\/span><span style=\"font-family: Georgia, serif;\"> con gli insegnamenti di diritto, anatomia, fisiologia, chirurgia, ostetricia, chimica, farmacia, medicina legale, scienze varie.<\/span><\/p>\n<p align=\"justify\"><span style=\"font-family: Georgia, serif;\">In coincidenza del ritornato, nel 1839, <\/span><span style=\"font-family: Georgia, serif;\"><i>Collegium Aquilanum Societatis<\/i><\/span> <span style=\"font-family: Georgia, serif;\"><i>Iesu<\/i><\/span><span style=\"font-family: Georgia, serif;\">, la citt\u00e0 assurgeva a modello educativo di alto significato nella penisola, infatti i <\/span><span style=\"font-family: Georgia, serif;\"><b>Gesuiti <\/b><\/span><span style=\"font-family: Georgia, serif;\">assunsero il Convitto annesso al <\/span><span style=\"font-family: Georgia, serif;\"><b>Reale Liceo<\/b><\/span><span style=\"font-family: Georgia, serif;\">, che nel costituzionalismo del 1848 si dotava di Biblioteca provinciale. Nel voto di adesione allo Stato Unitario, la municipalit\u00e0 di <\/span><span style=\"font-family: Georgia, serif;\"><b>Aquila degli Abruzzi<\/b><\/span><span style=\"font-family: Georgia, serif;\">, il 17 marzo 1861, richiese il mantenimento delle strutture amministrative e giurisdizionali che ne avevano fatto da secoli, la capitale regionale; fra questi voti inoltrati al governo italiano, stette il riconoscimento delle cattedre annesse al Liceo, di qui, nel 1865, la loro trasformazione in Scuole Universitarie di Farmacia, Notariato e Chirurgia minore. In virt\u00f9 del decreto governativo del 3 dicembre 1874, gli studenti aquilani potevano abilitarsi alle professioni di farmacista, chirurgo minore ed agrimensore alle suddette Scuole Universitarie, contemporaneamente, laureandosi all\u2019Ateneo di Napoli. <\/span><\/p>\n<p align=\"justify\"><span style=\"font-family: Georgia, serif;\">Col secolo breve, dal liberalismo al fascismo, le leggi di riordino del settore universitario, non prevedevano sviluppi delle Scuole aquilane di Notariato, Farmacia, Ostetricia, che anzi in applicazione di legge n.1054 del 1923, voluta dal ministro della Pubblica Istruzione, <\/span><span style=\"font-family: Georgia, serif;\"><b>Giovanni Gentile<\/b><\/span><span style=\"font-family: Georgia, serif;\">, erano abolite dal regio decreto del 30 settembre di quell\u2019anno, una perdita municipale compensata dalla istituzione ad Aquila del Provveditorato agli studi regionali nel 1925, quindi, al grande ospedale San Salvatore, la restituzione sostanziale di Ostetricia, fra le prime scuole nazionali del genere, nel 1938.<\/span><\/p>\n<p align=\"justify\"><span style=\"font-family: Georgia, serif;\">In epoca repubblicana, nell\u2019ambito della lotta per il capoluogo abruzzese, riprese giocoforza l\u2019idea della <\/span><span style=\"font-family: Georgia, serif;\"><b>L\u2019Aquila<\/b><\/span><span style=\"font-family: Georgia, serif;\"> \u201cAtene d\u2019Abruzzo\u201d. Grazie alla<\/span><span style=\"font-family: Georgia, serif;\"><i> mission<\/i><\/span><span style=\"font-family: Georgia, serif;\"> municipalistica dell\u2019accademico, patrizio, parlamentare di vaglia <\/span><span style=\"font-family: Georgia, serif;\"><b>Vincenzo Rivera<\/b><\/span><span style=\"font-family: Georgia, serif;\"> nel 1949, si arriva all&#8217;inaugurazione dei corsi universitari estivi per studenti abruzzesi, pur immatricolatisi alle facolt\u00e0 di tutta Italia. Erano le basi per la fondazione di una <\/span><span style=\"font-family: Georgia, serif;\"><b>libera universit\u00e0 dell&#8217;Aquila<\/b><\/span><span style=\"font-family: Georgia, serif;\">, sostenuta da enti locali e dai patrocini politici in auge, i cui tasselli sono l\u2019ottenimento in sequenza: il 15 dicembre 1952, l&#8217;Istituto Universitario di Magistero pareggiato, vicino all\u2019antico Collegio gesuitico; i corsi universitari liberi di Scienze fisiche e matematiche e del biennio propedeutico di Ingegneria all\u2019ex Colonia montana di Roio, nel 1961; strutture di ricerca scientifica come gli Osservatori Astronomico e Botanico al Gran Sasso d&#8217;Italia, gli Osservatori Geodinamico e Magnetico (ripresa della intuizione arcidiocesana del 1888), il Museo Paleontologico al Castello spagnolo (emulo del Museo Naturale al convento francescano di San Giuliano).<\/span><\/p>\n<p align=\"justify\"><span style=\"font-family: Georgia, serif;\">Slancio alla prospettiva universitaria aquilana, laddove, emergono analoghi tentativi in altre parti di un <\/span><span style=\"font-family: Georgia, serif;\"><b>Abruzzo<\/b><\/span><span style=\"font-family: Georgia, serif;\">, non pi\u00f9 col <\/span><span style=\"font-family: Georgia, serif;\"><b>Molise<\/b><\/span><span style=\"font-family: Georgia, serif;\"> dal 1963, venne dalla nascita del <\/span><span style=\"font-family: Georgia, serif;\"><b>Centro Sportivo Universitario<\/b><\/span><span style=\"font-family: Georgia, serif;\">, dall\u2019apposita \u201cbiciclettata\u201d degli studenti cittadini su Roma, benedetta dall\u2019Arcivescovo <\/span><span style=\"font-family: Georgia, serif;\"><b>Costantino Stella<\/b><\/span><span style=\"font-family: Georgia, serif;\"> e trasversale politica aquilana, per sensibilizzare il Ministero della Pubblica Istruzione, a dare applicazione al DPR., del 18 agosto 1964, istitutivo della <\/span><span style=\"font-family: Georgia, serif;\"><b>libera Universit\u00e0 degli Studi dell&#8217;Aquila<\/b><\/span><span style=\"font-family: Georgia, serif;\">. Si registra qualche battuta d\u2019arresto, perch\u00e9 si perdeva la possibilit\u00e0 di ottenere la Facolt\u00e0 di Economia per veti abruzzesi, reatini, umbri, ma il grande luminare <\/span><span style=\"font-family: Georgia, serif;\"><b>Paride Stefanini<\/b><\/span><span style=\"font-family: Georgia, serif;\">, riusciva a far insediare alle falde del Gran Sasso un Istituto Superiore Sanitario, il primo passo per ricostituire la gloriosa accademia \u201cflebotomica\u201d aquilana che diventa uno snodo della moderna vicenda universitaria nel capoluogo abruzzese.<\/span><\/p>\n<p align=\"justify\"><span style=\"font-family: Georgia, serif;\">Nelle trame dell\u2019Universit\u00e0 aquilana prendeva corpo l\u2019idea di una struttura accademica finalizzabile al benessere psicofisico delle giovani generazioni che reclamano nuovi agoni, in una fase storica di contestazione generazionale e che viene ammorbidita e finalizzata su sbocchi concreti: un nucleo di esperti e docenti di educazione fisica ancora in et\u00e0 agonistica fonda la <\/span><span style=\"font-family: Georgia, serif;\"><b>Societ\u00e0 di Educazione Fisica dell\u2019Aquila<\/b><\/span><span style=\"font-family: Georgia, serif;\">, giustappunto a promuovere, attraverso sfide regionali in varie discipline sportive, quello che sar\u00e0 di presso l\u2019<\/span><span style=\"font-family: Georgia, serif;\"><b>Istituto Superiore di Educazione Fisica<\/b><\/span><span style=\"font-family: Georgia, serif;\">, sito alla Villa comunale nell\u2019ex palazzo GIL, il luogo di educazione sportiva del cessato regime, per il biennio di studi 1965-67. L\u2019undicesimo ISEF nazionale ebbe un boom di iscrizioni, a merito dell\u2019attivismo del professor <\/span><span style=\"font-family: Georgia, serif;\"><b>Geg\u00e8 Bonanni<\/b><\/span><span style=\"font-family: Georgia, serif;\"> coadiuvato dal collega <\/span><span style=\"font-family: Georgia, serif;\"><b>Nicola Bruno<\/b><\/span><span style=\"font-family: Georgia, serif;\"> e dai padri francescani <\/span><span style=\"font-family: Georgia, serif;\"><b>Osvaldo Lemme<\/b><\/span><span style=\"font-family: Georgia, serif;\"> e <\/span><span style=\"font-family: Georgia, serif;\"><b>Casimiro Centi<\/b><\/span><span style=\"font-family: Georgia, serif;\">.<\/span><\/p>\n<p align=\"justify\"><span style=\"font-family: Georgia, serif;\">Ma le autorit\u00e0 ministeriali avevano tardato a riconoscere quei corsi di educazione fisica con valore legale, proprio, in mancanza della realizzazione della <\/span><span style=\"font-family: Georgia, serif;\"><b>Facolt\u00e0 di Medicina<\/b><\/span><span style=\"font-family: Georgia, serif;\"> che prende il largo nel 1969-70 ed il cui target disciplinare era legato all\u2019ISEF cittadino. Il lavoro degli enti che sostenevano il progetto di elevazione delle scienze motorie al rango di sapere accademico fu coordinato nelle stanze ministeriali dagli onorevoli aquilani, <\/span><span style=\"font-family: Georgia, serif;\"><b>Lorenzo Natali<\/b><\/span><span style=\"font-family: Georgia, serif;\"> in testa.<\/span><\/p>\n<p align=\"justify\"><span style=\"font-family: Georgia, serif;\">Nel 1968 sorge l\u2019ufficiale istituto deputato alla pedagogia e pratica agonistica in una citt\u00e0 antesignana non solo abruzzese per il verbo sportivo, e che sfornando istruttori e docenti scolastici in serie e in attesa della trasformazione in laurea di <\/span><span style=\"font-family: Georgia, serif;\"><b>Scienze Motorie<\/b><\/span><span style=\"font-family: Georgia, serif;\"> lungo gli anni, si avvale delle iscrizioni ai suoi corsi dei massimi atleti italiani, come i calciatori <\/span><span style=\"font-family: Georgia, serif;\"><b>Chinaglia<\/b><\/span><span style=\"font-family: Georgia, serif;\"> (ci dice Dante Capaldi \u201dsequestrato\u201d goliardicamente pro richiamare al riconoscimento universitario), <\/span><span style=\"font-family: Georgia, serif;\"><b>Rocca, Conte<\/b><\/span><span style=\"font-family: Georgia, serif;\">, il pentatleta <\/span><span style=\"font-family: Georgia, serif;\"><b>Masala<\/b><\/span><span style=\"font-family: Georgia, serif;\">, l\u2019olimpionico e vastese <\/span><span style=\"font-family: Georgia, serif;\"><b>Tartaglia<\/b><\/span><span style=\"font-family: Georgia, serif;\"> o di quelli che non riescono ad immatricolarvisi, come la freccia tricolore <\/span><span style=\"font-family: Georgia, serif;\"><b>Mennea<\/b><\/span><span style=\"font-family: Georgia, serif;\">.<\/span><\/p>\n<p align=\"justify\"><span style=\"font-family: Georgia, serif;\">Non fu fucina di formazione di atleti, allenatori, dirigenti, professori di \u201ceducazione fisica\u201d, bens\u00ec anche luogo di ricerca tecnicistica, pedagogica e storiografica sullo sport attraverso tesi di laurea, convegni, pubblicazioni tipo le monografie sui primissimi agonisti aquilani dei secoli XV-XVII come il felsineo <\/span><span style=\"font-family: Georgia, serif;\"><b>De Marchi<\/b><\/span><span style=\"font-family: Georgia, serif;\">, scalatore al Gran Sasso, ed <\/span><span style=\"font-family: Georgia, serif;\"><b>Arcangelo Tuccaro<\/b><\/span><span style=\"font-family: Georgia, serif;\">, maestro ginnico. Insomma, dall\u2019<\/span><span style=\"font-family: Georgia, serif;\"><b>ISEF<\/b><\/span><span style=\"font-family: Georgia, serif;\"> uscirono contributi scientifici da porsi alla attenzione degli studiosi.<\/span><\/p>\n<p align=\"justify\"><span style=\"font-family: Georgia, serif;\">Con l\u2019anno accademico 1982-1983, grazie al lavoro parlamentare del senatore <\/span><span style=\"font-family: Georgia, serif;\"><b>Achille Accili<\/b><\/span><span style=\"font-family: Georgia, serif;\">, le Facolt\u00e0 di Magistero, Medicina e Chirurgia, Ingegneria e Scienze Matematiche, Fisiche e Naturali-Biologia, che costituivano il nucleo ufficiale, insomma, della libera Universit\u00e0 degli Studi dell&#8217;Aquila, finalmente, divennero statali. Cos\u00ec, al decadere della ipotesi di una Facolt\u00e0 di Agraria distaccandola a Rieti, seguirono a ruota nel 1991 l\u2019agognata Facolt\u00e0 di Economia con sezione turistica a Sulmona, e, nel 1993 la trasformazione della Facolt\u00e0 di Magistero in Lettere e Filosofia, e dal 1996, con maggiorazione di Scienze della Formazione, significativamente a quattrocento anni di distanza dal Collegio educativo dei Gesuiti.<\/span><\/p>\n<p align=\"justify\"><span style=\"font-family: Georgia, serif;\">Il polo umanistico, in linea ad un trend nazionale che predilige il fattore tecnico-scientifico, accusava la perdita della Facolt\u00e0 di Scienze Religiose (essendo presente in citt\u00e0, dal 1978, l\u2019Issraq della Pontificia Lateranense) e quasi in contemporanea, all\u2019uscita del Collegio Gesuitico nel 2008, circostanza inopinata e poco approfondita dai gestori della vita pubblica locale, ma a compensare, giungevano i riconoscimenti MIUR, nel 1999, delle Facolt\u00e0 di Psicologia e Biotecnologie.<\/span><\/p>\n<p align=\"justify\"><span style=\"font-family: Georgia, serif;\">All\u2019alba del XXI secolo, aspetto positivo per l\u2019economia del nostro discorso, la agognata trasformazione dell\u2019ISEF in <\/span><span style=\"font-family: Georgia, serif;\"><b>Facolt\u00e0 di Scienze Motorie<\/b><\/span><span style=\"font-family: Georgia, serif;\">, collocabile ai suburbi dell\u2019ex ONPI ed ex fabbrica Optimes, prima della stabilizzazione da \u201critorno al futuro\u201d, ovvero accanto alla Facolt\u00e0 di Medicina, nel polo complesso di Coppito; difatti tale corso di laurea, volto a plasmare figure professionali \u201cin grado di svolgere ruoli di adeguata responsabilit\u00e0 e professionalit\u00e0 nello sviluppo di programmi tecnico-pratici riferiti alle attivit\u00e0 motorie e sportive in ambiti diversi\u201d, viene inserito nel Dipartimento di Scienze cliniche applicate e biotecnologiche.<\/span><\/p>\n<p align=\"justify\"><span style=\"font-family: Georgia, serif;\">Per la legge n. 240 del 30 dicembre 2010 e del nuovo Statuto d\u2019Ateneo nel 2012, si riorganizzavano le strutture didattiche e di ricerca, attraverso aperture dipartimentali sul territorio. Oltre i poli medici e tecnico-scientifici a Coppito e Pile, nascono centri di elevata formazione e ricerca: CETEMPS e DEWS, gli interdipartimentali CERFIS, DMTA, M&amp;MOCS, nonch\u00e9 attivit\u00e0 di collegamento al\u00a0Giardino Botanico Alpino, ai <\/span><span style=\"font-family: Georgia, serif;\"><b>Laboratori Nazionali del Gran Sasso<\/b><\/span><span style=\"font-family: Georgia, serif;\">\u00a0dell&#8217;Istituto Nazionale di Fisica Nucleare, al recentissimo istituto di ricerca ed alta formazione del <\/span><span style=\"font-family: Georgia, serif;\"><b>Gran Sasso Science Institute<\/b><\/span><span style=\"font-family: Georgia, serif;\">.<\/span><\/p>\n<p align=\"justify\"><span style=\"font-family: Georgia, serif;\">Di grande tradizione universitaria aquilana, sono gli scambi culturali e scientifici con eccellenza di ogni parte del globo; rapporti di collaborazione scientifica, con imprese di risonanza internazionale, aventi sede a <\/span><span style=\"font-family: Georgia, serif;\"><b>L\u2019Aquila<\/b><\/span><span style=\"font-family: Georgia, serif;\">. Per tutte queste funzioni di alto profilo scientifico, l\u2019<\/span><span style=\"font-family: Georgia, serif;\"><b>Universit\u00e0 dell\u2019Aquila<\/b><\/span><span style=\"font-family: Georgia, serif;\"> attrattiva di studenti stranieri, assurge a primaria azienda economica del territorio e con fortissima integrazione nel locale tessuto sociale.<\/span><\/p>\n<p align=\"justify\"><span style=\"font-family: Georgia, serif;\">Col sisma del 2009, l\u2019<\/span><span style=\"font-family: Georgia, serif;\"><b>Universit\u00e0 dell\u2019Aquila<\/b><\/span><span style=\"font-family: Georgia, serif;\"> accelerando l\u2019edificazione all\u2019ex ospedale San Salvatore della Facolt\u00e0 di Scienze Umane e del Rettorato al palazzo Camponeschi nel 2017, assurge a prima grande entit\u00e0 pubblica a tornare nel centro storico, proprio, l\u00ec dove era stati delineati, quasi settecento anni fa, i crismi di una citt\u00e0 inserita nei circuiti culturali europei. L\u2019Universit\u00e0 dell\u2019Aquila, l\u2019istituzione erede dello <\/span><span style=\"font-family: Georgia, serif;\"><i>Studium<\/i><\/span><span style=\"font-family: Georgia, serif;\"> del \u201csecolo d\u2019oro\u201d, vuole e pu\u00f2 e deve ritessere le trame della grande ricostruzione civica, anche per questo \u00e8 giusto celebrare l\u2019ISEF, che non pu\u00f2 disgiungersi dallo studio delle valorialit\u00e0 storiche di un territorio dal quale ha preso forma morale e materiale il 20 dicembre 1968.<\/span><\/p>\n<p>&nbsp;<\/p>\n","protected":false},"excerpt":{"rendered":"<p>L\u2019ISEF NELLA STORIA DELL\u2019UNIVERSITA\u2019 DELL\u2019AQUILA di Enrico Cavalli L\u2019AQUILA &#8211; A due secoli dalla sua grande conurbazione medievale del 1254, [&hellip;]<\/p>\n","protected":false},"author":1,"featured_media":0,"comment_status":"open","ping_status":"open","sticky":false,"template":"","format":"standard","meta":{"footnotes":""},"categories":[43,10],"tags":[],"class_list":["post-11732","post","type-post","status-publish","format-standard","hentry","category-historias","category-italiano"],"_links":{"self":[{"href":"https:\/\/www.ecoitaliano.com.ar\/index.php?rest_route=\/wp\/v2\/posts\/11732","targetHints":{"allow":["GET"]}}],"collection":[{"href":"https:\/\/www.ecoitaliano.com.ar\/index.php?rest_route=\/wp\/v2\/posts"}],"about":[{"href":"https:\/\/www.ecoitaliano.com.ar\/index.php?rest_route=\/wp\/v2\/types\/post"}],"author":[{"embeddable":true,"href":"https:\/\/www.ecoitaliano.com.ar\/index.php?rest_route=\/wp\/v2\/users\/1"}],"replies":[{"embeddable":true,"href":"https:\/\/www.ecoitaliano.com.ar\/index.php?rest_route=%2Fwp%2Fv2%2Fcomments&post=11732"}],"version-history":[{"count":0,"href":"https:\/\/www.ecoitaliano.com.ar\/index.php?rest_route=\/wp\/v2\/posts\/11732\/revisions"}],"wp:attachment":[{"href":"https:\/\/www.ecoitaliano.com.ar\/index.php?rest_route=%2Fwp%2Fv2%2Fmedia&parent=11732"}],"wp:term":[{"taxonomy":"category","embeddable":true,"href":"https:\/\/www.ecoitaliano.com.ar\/index.php?rest_route=%2Fwp%2Fv2%2Fcategories&post=11732"},{"taxonomy":"post_tag","embeddable":true,"href":"https:\/\/www.ecoitaliano.com.ar\/index.php?rest_route=%2Fwp%2Fv2%2Ftags&post=11732"}],"curies":[{"name":"wp","href":"https:\/\/api.w.org\/{rel}","templated":true}]}}