{"id":12503,"date":"2020-11-04T18:03:55","date_gmt":"2020-11-04T18:03:55","guid":{"rendered":"http:\/\/www.ecoitaliano.com.ar\/?p=12503"},"modified":"2020-11-04T18:03:55","modified_gmt":"2020-11-04T18:03:55","slug":"serena-conduce-operaclassica-eco-italiano-521","status":"publish","type":"post","link":"https:\/\/www.ecoitaliano.com.ar\/?p=12503","title":{"rendered":"Serena conduce Operaclassica Eco Italiano"},"content":{"rendered":"<p lang=\"it-IT\"><span style=\"font-family: Simoncini Garamond, Times New Roman;\"><span style=\"font-size: medium;\"><span style=\"font-family: Arial, sans-serif;\"><span style=\"font-size: small;\"><b>Ufficio Stampa<\/b><\/span><\/span><b> <\/b><span style=\"font-family: Arial, sans-serif;\"><span style=\"font-size: small;\"><b> 5\/11\/2020<\/b><\/span><\/span><\/span><\/span><\/p>\n<p class=\"western\" lang=\"it-IT\" align=\"center\"><span style=\"font-size: x-large;\"><b>10\u00b0 CONCERTO TRA CLASSICO E ROMANTICO: GLUCK, SPONTINI, BELLINI E LA MESSA DELL\u2019INCORONAZIONE DI MOZART<\/b><\/span><\/p>\n<p class=\"western\" lang=\"it-IT\" align=\"center\"><span style=\"font-size: large;\"><b>STAGIONE SINFONICA 2020<\/b><\/span><b> <\/b><span style=\"font-size: large;\"><b>DI FONDAZIONE ARENA AL TEATRO FILARMONICO<\/b><\/span><\/p>\n<p class=\"western\" lang=\"it-IT\" align=\"center\"><span style=\"color: #0070c0;\"><b>Concerto disponibile in streaming da venerd\u00ec 6 novembre alle 20.00<\/b><\/span><\/p>\n<p class=\"western\" lang=\"it-IT\" align=\"center\"><span style=\"color: #0070c0;\"><b>sulla webtv di Fondazione Arena al link<\/b><\/span><b> <\/b><span style=\"color: #0000ff;\"><u><a href=\"http:\/\/arena.it\/tv\"><span style=\"color: #000000;\"><b>http:\/\/arena.it\/tv<\/b><\/span><\/a><\/u><\/span> <span style=\"color: #0070c0;\"><b>e sulle piattaforme Facebook e Youtube.<\/b><\/span><\/p>\n<p class=\"western\" lang=\"it-IT\" align=\"center\"><span style=\"color: #0070c0;\"><b>L&#8217;iniziativa \u00e8 realizzata in collaborazione con Anfols Teatri nell&#8217;ambito del progetto<\/b><\/span> <span style=\"color: #0000ff;\"><a href=\"https:\/\/www.facebook.com\/hashtag\/apertinonostantetutto?__eep__=6&amp;__cft__%5B0%5D=AZXRg8FBPeHSVD1RS7lo_0eZppxvk59WJSaa7tDcFZNxaEWBPyM_q79m7HSpOMncTSgdOv27ImA_oipMvnDeRgmoZkKYxg89DzRxrsf6qLKPzsQCFALAKLxLBQKvU0nngZhO5GmODz1TcwZmBF2qE9XDDkE0PoLFmL5B5AQQ3jljqSA8HVDi58RCHJL1stVek5ObxJPLr5PzICeh_9ebRNzE&amp;__tn__=*NK-R\"><b>#apertinonostantetutto<\/b><\/a><\/span><\/p>\n<p class=\"western\" lang=\"it-IT\" align=\"center\"><img decoding=\"async\" src=\"file:\/\/\/tmp\/lu166053pidaq.tmp\/lu166053pidbk_tmp_8eea781f18a43cf8.jpg\" width=\"355\" height=\"242\" name=\"Imagen1\" align=\"bottom\" border=\"0\" \/><\/p>\n<p class=\"western\" lang=\"it-IT\" align=\"center\"><span style=\"font-size: xx-small;\">Alessandro D\u2019Agostini<\/span><\/p>\n<p class=\"western\" lang=\"it-IT\" align=\"justify\"><span style=\"font-size: medium;\"><b>Al suo debutto al Teatro Filarmonico, il maestro Alessandro D\u2019Agostini dirige un programma dedicato agli impulsi drammatici e romantici che percorrono la bellezza neoclassica del Settecento. Accanto alle <\/b><\/span><span style=\"font-size: medium;\"><i><b>ouverture<\/b><\/i><\/span><span style=\"font-size: medium;\"><b> da opere di Gluck e Spontini, l\u2019Orchestra dell\u2019Arena propone una rara <\/b><\/span><span style=\"font-size: medium;\"><b>sinfonia<\/b><\/span><span style=\"font-size: medium;\"><b> giovanile di Bellini e soprattutto la luminosa <\/b><\/span><span style=\"font-size: medium;\"><i><b>Messa dell\u2019Incoronazione<\/b><\/i><\/span><span style=\"font-size: medium;\"><b> di Mozart con il Coro preparato da Vito Lombardi e i solisti Gilda Fiume, Alessandra Andreetti, Antonino Scarbaci e Francesco Azzolini. <\/b><\/span><\/p>\n<p class=\"western\" lang=\"it-IT\" align=\"justify\"><span style=\"color: #000000;\"><span style=\"font-size: medium;\"><b>Il concerto del 31 ottobre, con 4800 visualizzazioni su Youtube, 1700 sulla webtv e oltre 400 spettatori in diretta Facebook, ha premiato l\u2019impegno di Fondazione Arena che insieme all\u2019ANSA e alle altre Fondazioni aderenti all\u2019ANFOLS, porta online gli spettacoli chiusi al pubblico a seguito del DPCM della scorsa settimana nell&#8217;ambito del progetto<\/b><\/span><\/span> <span style=\"color: #0000ff;\"><a href=\"https:\/\/www.facebook.com\/hashtag\/apertinonostantetutto?__eep__=6&amp;__cft__%5B0%5D=AZXRg8FBPeHSVD1RS7lo_0eZppxvk59WJSaa7tDcFZNxaEWBPyM_q79m7HSpOMncTSgdOv27ImA_oipMvnDeRgmoZkKYxg89DzRxrsf6qLKPzsQCFALAKLxLBQKvU0nngZhO5GmODz1TcwZmBF2qE9XDDkE0PoLFmL5B5AQQ3jljqSA8HVDi58RCHJL1stVek5ObxJPLr5PzICeh_9ebRNzE&amp;__tn__=*NK-R\"><span style=\"font-size: medium;\"><b>#apertinonostantetutto<\/b><\/span><\/a><\/span><span style=\"color: #050505;\"><span style=\"font-size: medium;\">.<\/span><\/span><\/p>\n<p class=\"western\" lang=\"it-IT\" align=\"justify\"><span style=\"font-size: medium;\"><b>Il concerto sar\u00e0 trasmesso venerd\u00ec 6 novembre alle 20.00 sulla webtv <\/b><\/span><span style=\"font-size: medium;\"><b>di Fondazione Arena al link <\/b><\/span><span style=\"color: #0000ff;\"><u><a href=\"http:\/\/arena.it\/tv\"><span style=\"color: #000000;\"><span style=\"font-size: medium;\"><b>http:\/\/arena.it\/tv<\/b><\/span><\/span><\/a><\/u><\/span> <span style=\"font-size: medium;\"><b>e rester\u00e0 disponibile in streaming anche<\/b><\/span><span style=\"font-size: medium;\"><b> sulle piattaforme Facebook e Youtube.<\/b><\/span><\/p>\n<p class=\"western\" lang=\"it-IT\" align=\"justify\"><span style=\"font-size: medium;\">Il programma che inaugura il novembre sinfonico di Fondazione Arena al Teatro Filarmonico \u00e8 nettamente diviso in due diverse parti, legate da un filo rosso storico e tonale: nella prima si alternano compositori operistici tra fine Settecento e primo Ottocento che unirono diverse e anche coraggiose forme di sperimentazione tra teatro d\u2019effetto ed esercizi di stile sinfonici. <\/span><\/p>\n<p class=\"western\" lang=\"it-IT\" align=\"justify\"><span style=\"font-size: medium;\">Christoph Willibald Gluck (1714-1787) apre il metaforico sipario del 6 novembre. Rappresentata per la prima volta a Vienna nel 1767 e riveduta per le scene parigine nove anni dopo, <\/span><span style=\"font-size: medium;\"><i>Alceste <\/i><\/span><span style=\"font-size: medium;\">\u00e8 tra le opere pi\u00f9 significative della riforma gluckiana, volta a portare maggiore concisione e verit\u00e0 drammatica nel teatro musicale. La sua breve <\/span><span style=\"font-size: medium;\"><i>Ouverture<\/i><\/span><span style=\"font-size: medium;\"> ne \u00e8 gi\u00e0 una perfetta sintesi strumentale, per l\u2019atmosfera cupa dell\u2019incipit <\/span><span style=\"font-size: medium;\"><i>Lento<\/i><\/span><span style=\"font-size: medium;\"> in re minore e per il successivo sviluppo in <\/span><span style=\"font-size: medium;\"><i>Andante<\/i><\/span><span style=\"font-size: medium;\">, che ben anticipa la tensione che pervade l\u2019opera. La versione da concerto \u00e8 quella dell\u2019originaria stesura viennese, che nel 1776 sarebbe stata in parte sacrificata per raccordarsi direttamente all\u2019ingresso del Coro con un modernissimo colpo di teatro. <\/span><\/p>\n<p class=\"western\" lang=\"it-IT\" align=\"justify\"><span style=\"font-size: medium;\">L\u2019opera pi\u00f9 famosa di Gaspare Spontini (1774-1851), nonostante una produzione prolifica per il teatro ed un notevole successo che lo port\u00f2 a lavorare in Francia, Prussia ed Inghilterra, rimane <\/span><span style=\"font-size: medium;\"><i>La Vestale<\/i><\/span><span style=\"font-size: medium;\">. Composta nel 1807 per Parigi, racconta la storia d\u2019impossibile amore tra la protagonista Giulia, destinata a diventare appunto una vestale, e il generale romano Licinio. Anche la <\/span><span style=\"font-size: medium;\"><i>Sinfonia<\/i><\/span><span style=\"font-size: medium;\"> introduttiva segue la struttura che prevede un drammatico <\/span><span style=\"font-size: medium;\"><i>Presto assai agitato<\/i><\/span><span style=\"font-size: medium;\"> preceduto da un solenne e misterioso <\/span><span style=\"font-size: medium;\"><i>Andante sostenuto<\/i><\/span><span style=\"font-size: medium;\">. Pur con sviluppo e finale molto diverso, la trama de <\/span><span style=\"font-size: medium;\"><i>La Vestale<\/i><\/span><span style=\"font-size: medium;\"> non pu\u00f2 non richiamare quella dell\u2019intensa <\/span><span style=\"font-size: medium;\"><i>Norma<\/i><\/span><span style=\"font-size: medium;\"> di Bellini, terzo autore in locandina. <\/span><\/p>\n<p class=\"western\" lang=\"it-IT\" align=\"justify\"><span style=\"font-size: medium;\">La <\/span><span style=\"font-size: medium;\"><i>Sinfonia in re minore<\/i><\/span><span style=\"font-size: medium;\"> di Vincenzo Bellini (1801-1835), di incerta datazione come altre otto sinfonie poco conosciute, \u00e8 ascrivibile agli anni giovanili del talentuoso compositore catanese: divisa secondo la forma bipartita in una introduzione lenta (<\/span><span style=\"font-size: medium;\"><i>Andante maestoso<\/i><\/span><span style=\"font-size: medium;\">) ed uno sviluppo in tempo pi\u00f9 mosso (<\/span><span style=\"font-size: medium;\"><i>Allegro con spirito<\/i><\/span><span style=\"font-size: medium;\">), rivela tutta la raffinatezza dell\u2019orchestrazione e la ricca invenzione melodica che contraddistingueranno le grandiose opere della maturit\u00e0, compendio di dramma e belcanto. Oltre alla gi\u00e0 citata <\/span><span style=\"font-size: medium;\"><i>Norma<\/i><\/span><span style=\"font-size: medium;\">, sono molti gli esempi tra cui<\/span><span style=\"font-size: medium;\"><i> I Capuleti e i Montecchi<\/i><\/span><span style=\"font-size: medium;\">,<\/span><span style=\"font-size: medium;\"><i> La Sonnambula<\/i><\/span><span style=\"font-size: medium;\"> e<\/span><span style=\"font-size: medium;\"><i> I Puritani. <\/i><\/span><\/p>\n<p class=\"western\" lang=\"it-IT\" align=\"justify\"><span style=\"font-size: medium;\">La seconda parte del concerto non \u00e8 operistica, ma \u00e8 dominata interamente da un capolavoro sacro di Wolfgang Amadeus Mozart (1756-1791), che nella sua sterminata produzione riusc\u00ec ad infondere anche nella musica liturgica, cameristica, concertistica e sinfonica il proprio naturale talento teatrale e drammatico: l\u2019esempio lampante \u00e8 la concisa e insieme gloriosa <\/span><span style=\"font-size: medium;\"><i>Messa dell\u2019incoronazione<\/i><\/span><span style=\"font-size: medium;\"> KV 317. Composta nel 1779 per la festivit\u00e0 salisburghese dell\u2019Incoronazione di una immagine della Vergine ritenuta miracolosa sin dagli anni \u201940 del Settecento, \u00e8 tra gli esiti pi\u00f9 alti del lungo apprendistato mozartiano al servizio dell\u2019Arcivescovo Colloredo. La messa, in tonalit\u00e0 prevalente di do maggiore, unisce le forme semplici tipiche della <\/span><span style=\"font-size: medium;\"><i>Missa brevis<\/i><\/span><span style=\"font-size: medium;\"> alla solennit\u00e0 del contrappunto e degli interventi solistici, con un\u2019originale ripresa ciclica del tema iniziale. Protagonista assoluto della pagina \u00e8 il <\/span><span style=\"font-size: medium;\"><b>Coro<\/b><\/span><span style=\"font-size: medium;\"> preparato da <\/span><span style=\"font-size: medium;\"><b>Vito Lombardi<\/b><\/span><span style=\"font-size: medium;\">, mentre sul podio del Filarmonico fa il suo esordio il direttore <\/span><span style=\"font-size: medium;\"><b>Alessandro D\u2019Agostini<\/b><\/span><span style=\"font-size: medium;\">, esperto interprete del repertorio operistico e sinfonico in particolare dei secoli qui rappresentati. Nelle parti soliste sono impegnati il soprano <\/span><span style=\"font-size: medium;\"><b>Gilda Fiume<\/b><\/span><span style=\"font-size: medium;\"> e gli Artisti del Coro <\/span><span style=\"font-size: medium;\"><b>Alessandra Andreetti<\/b><\/span><span style=\"font-size: medium;\"> (m<\/span><span style=\"font-size: medium;\">ezzosoprano), <\/span><span style=\"font-size: medium;\"><b>Antonino Scarbaci<\/b><\/span><span style=\"font-size: medium;\"> (tenore) e <\/span><span style=\"font-size: medium;\"><b>Francesco Azzolini<\/b><\/span><span style=\"font-size: medium;\"> (basso).<\/span><\/p>\n<p class=\"western\" lang=\"it-IT\" align=\"justify\"><span style=\"font-size: medium;\">La grandiosa messa mozartiana \u00e8 un ulteriore omaggio al genio di Salisburgo in occasione dei 250 anni esatti dal suo passaggio a Verona, ricorrenza gi\u00e0 celebrata in gennaio da Fondazione Arena con il concerto d\u2019apertura della Stagione Sinfonica. <\/span><\/p>\n<p class=\"western\" lang=\"it-IT\" align=\"center\"><span style=\"color: #ff0000;\"><img decoding=\"async\" src=\"file:\/\/\/tmp\/lu166053pidaq.tmp\/lu166053pidbk_tmp_3c9285cc65cedc77.png\" width=\"102\" height=\"15\" name=\"Imagen2\" align=\"bottom\" border=\"0\" \/> <\/span><\/p>\n<p class=\"western\" lang=\"it-IT\" align=\"justify\"><span style=\"font-size: medium;\">La <\/span><span style=\"font-size: medium;\"><b>Stagione Artistica<\/b><\/span><span style=\"font-size: medium;\">\u00a0del Teatro Filarmonico rappresenta, da anni, un momento molto atteso e aperto ad un vasto pubblico di appassionati, non solo veronesi. Sostenerla per <\/span><span style=\"font-size: medium;\"><b>Banco BPM<\/b><\/span><span style=\"font-size: medium;\">, partner della stagione per l&#8217;undicesimo anno consecutivo, significa dare continuit\u00e0 alle proprie radici solidaristiche, promuovere la cultura in tutte le sue espressioni e al contempo unirsi al fermento di una citt\u00e0, Verona, parte integrante di Banco BPM.<\/span><\/p>\n<p class=\"western\" lang=\"it-IT\" align=\"center\"><span style=\"color: #ff0000;\"><img decoding=\"async\" src=\"file:\/\/\/tmp\/lu166053pidaq.tmp\/lu166053pidbk_tmp_3c9285cc65cedc77.png\" width=\"102\" height=\"15\" name=\"Imagen3\" align=\"bottom\" border=\"0\" \/> <\/span><\/p>\n<p class=\"western\" lang=\"it-IT\" align=\"justify\"><b>Informazioni<\/b><\/p>\n<p class=\"western\" lang=\"it-IT\"><b>Ufficio Stampa Fondazione Arena di Verona <\/b>\u2013 Via Roma 7\/D, 37121 Verona<\/p>\n<p class=\"western\" lang=\"en-US\">tel. (+39) 045 805.1861-1905-1891<\/p>\n<p class=\"western\" lang=\"it-IT\"><a href=\"mailto:ufficio.stampa@arenadiverona.it\"><span style=\"color: #0000ff;\"><span lang=\"en-US\"><u>ufficio.stampa@arenadiverona.it<\/u><\/span><\/span><\/a><span lang=\"en-US\"> \u2013 <\/span><a href=\"http:\/\/www.arena.it\/\"><span style=\"color: #0000ff;\"><span lang=\"en-US\"><u>www.arena.it<\/u><\/span><\/span><\/a><\/p>\n<p class=\"western\" lang=\"it-IT\"><u><b>Biglietteria Arena di Verona<\/b><\/u><\/p>\n<p class=\"western\" lang=\"it-IT\">Via Dietro Anfiteatro 6\/b, 37121 Verona<\/p>\n<p class=\"western\" lang=\"it-IT\">Tel. 045 596517 &#8211; Fax 045 8013287<\/p>\n<p class=\"western\" lang=\"it-IT\">Call center 045 8005151 &#8211; Punti di prevendita <span style=\"color: #0000ff;\"><u><a href=\"http:\/\/www.geticket.it\/it-IT\/punti_venditait.html\">Geticket<\/a><\/u><\/span><\/p>\n<p class=\"western\" lang=\"it-IT\"><i>Orari<\/i><\/p>\n<p class=\"western\" lang=\"it-IT\">da luned\u00ec a venerd\u00ec 10:30-16:00<\/p>\n<p class=\"western\" lang=\"it-IT\">sabato 09:15-12:45<\/p>\n<p class=\"western\" lang=\"it-IT\" align=\"justify\"><a href=\"mailto:biglietteria@arenadiverona.it\"><span style=\"color: #0000ff;\"><u>biglietteria@arenadiverona.it<\/u><\/span><\/a> \u2013 <a href=\"http:\/\/www.arena.it\/\"><span style=\"color: #0000ff;\"><u>www.arena.it<\/u><\/span><\/a><\/p>\n<p class=\"western\" lang=\"it-IT\" align=\"center\"><span style=\"color: #ff0000;\"><img decoding=\"async\" src=\"file:\/\/\/tmp\/lu166053pidaq.tmp\/lu166053pidbk_tmp_3c9285cc65cedc77.png\" width=\"102\" height=\"15\" name=\"Immagine\" align=\"bottom\" border=\"0\" \/> <\/span><\/p>\n<p class=\"western\" lang=\"it-IT\" align=\"center\">Venerd\u00ec 6 novembre 2020 \u2013 ore 20.00<\/p>\n<p class=\"western\" lang=\"it-IT\" align=\"center\"><span style=\"color: #0070c0;\"><span style=\"font-size: large;\"><i><b>Stagione sinfonica 2020 <\/b><\/i><\/span><\/span><\/p>\n<p class=\"western\" lang=\"it-IT\" align=\"center\"><span style=\"font-size: large;\"><i><b>10\u00b0 Concerto<\/b><\/i><\/span><\/p>\n<p class=\"western\" lang=\"it-IT\">\n<p class=\"western\" lang=\"it-IT\" align=\"center\"><span lang=\"fr-FR\">Christoph Willibald Gluck<\/span><i> <\/i><\/p>\n<p class=\"western\" lang=\"it-IT\" align=\"center\"><span lang=\"en-US\">Ouverture<\/span><span lang=\"en-US\">, <\/span><span lang=\"en-US\">da <\/span><span lang=\"en-US\"><i>Alceste<\/i><\/span><\/p>\n<p class=\"western\" lang=\"fr-FR\" align=\"center\">\n<p class=\"western\" lang=\"it-IT\" align=\"center\">Gaspare Spontini<\/p>\n<p class=\"western\" lang=\"it-IT\" align=\"center\"><i>Sinfonia<\/i>, da <i>La Vestale<\/i><\/p>\n<p class=\"western\" lang=\"it-IT\" align=\"center\">Vincenzo Bellini<\/p>\n<p class=\"western\" lang=\"it-IT\" align=\"center\"><i>Sinfonia in re minore<\/i><\/p>\n<p class=\"western\" lang=\"it-IT\" align=\"center\">Wolfgang Amadeus Mozart<\/p>\n<p class=\"western\" lang=\"it-IT\" align=\"center\"><i>Messa \u201cdell&#8217;incoronazione\u201d (Kr\u00f6nungsmesse)<\/i><\/p>\n<p class=\"western\" lang=\"it-IT\" align=\"center\"><i>per soli, coro e orchestra in do maggiore KV 317<\/i><\/p>\n<p class=\"western\" lang=\"it-IT\" align=\"center\"><span style=\"font-size: medium;\"><b>Alessandro D\u2019Agostini<\/b><\/span><span style=\"font-size: medium;\">, Direttore<\/span><\/p>\n<p class=\"western\" lang=\"it-IT\" align=\"center\"><b>Gilda Fiume<\/b>, Soprano<\/p>\n<p class=\"western\" lang=\"it-IT\" align=\"center\"><b>Alessandra Andreetti<\/b>, Mezzosoprano<\/p>\n<p class=\"western\" lang=\"it-IT\" align=\"center\"><b>Antonino Scarbaci<\/b>, Tenore<\/p>\n<p class=\"western\" lang=\"it-IT\" align=\"center\"><b>Francesco Azzolini<\/b>, Basso<\/p>\n<p class=\"western\" lang=\"it-IT\" align=\"center\">\n<p class=\"western\" lang=\"it-IT\" align=\"center\">\n<p class=\"western\" lang=\"it-IT\" align=\"center\">Orchestra e Coro della Fondazione Arena di Verona<\/p>\n<p class=\"western\" lang=\"it-IT\" align=\"center\">Maestro Del Coro <b>Vito Lombardi<\/b><\/p>\n<h1 class=\"western\" lang=\"it-IT\"><span style=\"font-family: Calibri, sans-serif;\"><span style=\"font-size: small;\">ALESSANDRO D\u2019AGOSTINI<\/span><\/span><\/h1>\n<p class=\"western\" lang=\"it-IT\" align=\"justify\"><span style=\"font-family: Calibri, sans-serif;\"><span style=\"font-size: small;\"><span style=\"color: #000000;\">Direttore d\u2019orchestra<\/span><\/span><\/span><\/p>\n<p lang=\"it-IT\" align=\"justify\"><span style=\"font-family: Times New Roman, serif;\"><span style=\"font-size: medium;\"><span style=\"font-family: Calibri, sans-serif;\"><span style=\"font-size: small;\"><b>Alessandro d\u2019Agostini<\/b><\/span><\/span><span style=\"font-family: Calibri, sans-serif;\"><span style=\"font-size: small;\"> si diploma in pianoforte, direzione d\u2019orchestra e si perfeziona con Piero Bellugi e Massimo de Bernart, del quale \u00e8 l\u2019ultimo assistente.\u00a0<\/span><\/span><\/span><\/span><\/p>\n<p lang=\"it-IT\" align=\"justify\"><span style=\"font-family: Times New Roman, serif;\"><span style=\"font-size: medium;\"><span style=\"font-family: Calibri, sans-serif;\"><span style=\"font-size: small;\">Nel 2002 esordisce con <\/span><\/span><span style=\"color: #000000;\"><i><span style=\"font-family: Calibri, sans-serif;\"><span style=\"font-size: small;\">Guglielmo Tell<\/span><\/span><\/i><\/span><i> <\/i><span style=\"font-family: Calibri, sans-serif;\"><span style=\"font-size: small;\">di Rossini, in una produzione As.Li.Co, nei Teatri del Circuito Lombardo e al Teatro Comunale di Bologna. Sempre per As.Li.Co dirige successivamente <\/span><\/span><span style=\"font-family: Calibri, sans-serif;\"><span style=\"font-size: small;\"><i>Orfeo ed Euridice <\/i><\/span><\/span><span style=\"font-family: Calibri, sans-serif;\"><span style=\"font-size: small;\">di Gluck e <\/span><\/span><span style=\"font-family: Calibri, sans-serif;\"><span style=\"font-size: small;\"><i>L\u2019Elisir d\u2019amore<\/i><\/span><\/span><span style=\"font-family: Calibri, sans-serif;\"><span style=\"font-size: small;\"> di Donizetti.<\/span><\/span><\/span><\/span><\/p>\n<p class=\"western\" lang=\"it-IT\" align=\"justify\"><span style=\"font-family: Calibri, sans-serif;\"><span style=\"font-size: small;\">Tra le sue collaborazioni vi sono quelle con il Macerata Opera Festival, il Teatro Lirico di Cagliari, il Teatro Regio di Parma e con il Festival Verdi, il Teatro Massimo di Palermo, il Teatro dell\u2019Opera di Roma, il Maggio Musicale Fiorentino, il Teatro Comunale di Modena, il circuito dei teatri lombardi di Como, Brescia, Cremona, Pavia, il Teatro Comunale di Bologna, l\u2019opera di Tenerife, il Teatro Nazionale di Macedonia a Skopje ove dirige con successo una vasta gamma del repertorio italiano, da Rossini a Puccini fino alla musica contemporanea.<\/span><\/span><\/p>\n<p class=\"western\" lang=\"it-IT\" align=\"justify\"><span style=\"font-family: Calibri, sans-serif;\"><span style=\"font-size: small;\">Collabora con l\u2019Orchestra Sinfonica dell\u2019Emilia Romagna A. Toscanini, la Filarmonica A. Toscanini, l\u2019Orchestra del Teatro Lirico di Cagliari, I Pomeriggi Musicali di Milano, la Filarmonica Veneta G. Malipiero, la Filarmonica Italiana di Piacenza, la Makedonska Filharmonija, la Russian Philarmonic Orchestra, la St. Petersburgh Academic Philarmonic Orchestra, la Novaya Rossiya Orchestra di Mosca.<\/span><\/span><\/p>\n<p class=\"western\" lang=\"it-IT\" align=\"justify\"><span style=\"font-family: Calibri, sans-serif;\"><span style=\"font-size: small;\">Recentemente \u00e8 protagonista della stagione lirica del Teatro delle Muse di Ancona dove dirige <i>La Sonnambula<\/i> di Bellini.<\/span><\/span><\/p>\n<p class=\"western\" lang=\"it-IT\" align=\"justify\"><span style=\"font-family: Calibri, sans-serif;\"><span style=\"font-size: small;\">Debutta al Teatro Filarmonico dirigendo il decimo appuntamento della Stagione Sinfonica 2020.<\/span><\/span><\/p>\n<div id='gallery-1' class='gallery galleryid-12503 gallery-columns-3 gallery-size-thumbnail'><figure class='gallery-item'>\n\t\t\t<div class='gallery-icon landscape'>\n\t\t\t\t<a href='https:\/\/www.ecoitaliano.com.ar\/?attachment_id=12504'><img decoding=\"async\" width=\"150\" height=\"150\" src=\"https:\/\/www.ecoitaliano.com.ar\/wp-content\/uploads\/2020\/11\/123969245_979506625863317_3816623605238364087_n-150x150.jpg\" class=\"attachment-thumbnail size-thumbnail\" alt=\"\" \/><\/a>\n\t\t\t<\/div><\/figure><figure class='gallery-item'>\n\t\t\t<div class='gallery-icon landscape'>\n\t\t\t\t<a href='https:\/\/www.ecoitaliano.com.ar\/?attachment_id=12505'><img decoding=\"async\" width=\"98\" height=\"71\" src=\"https:\/\/www.ecoitaliano.com.ar\/wp-content\/uploads\/2020\/11\/123529504_751141548810908_5305284233120757335_n.png\" class=\"attachment-thumbnail size-thumbnail\" alt=\"\" \/><\/a>\n\t\t\t<\/div><\/figure><figure class='gallery-item'>\n\t\t\t<div class='gallery-icon landscape'>\n\t\t\t\t<a href='https:\/\/www.ecoitaliano.com.ar\/?attachment_id=12506'><img decoding=\"async\" width=\"150\" height=\"150\" src=\"https:\/\/www.ecoitaliano.com.ar\/wp-content\/uploads\/2020\/11\/123619351_272194380877720_4671424057480947125_n-150x150.jpg\" class=\"attachment-thumbnail size-thumbnail\" alt=\"\" \/><\/a>\n\t\t\t<\/div><\/figure><figure class='gallery-item'>\n\t\t\t<div class='gallery-icon landscape'>\n\t\t\t\t<a href='https:\/\/www.ecoitaliano.com.ar\/?attachment_id=12225'><img decoding=\"async\" width=\"102\" height=\"15\" src=\"https:\/\/www.ecoitaliano.com.ar\/wp-content\/uploads\/2020\/10\/73381197_518351148947685_7683778204296806400_n.png\" class=\"attachment-thumbnail size-thumbnail\" alt=\"\" \/><\/a>\n\t\t\t<\/div><\/figure><figure class='gallery-item'>\n\t\t\t<div class='gallery-icon landscape'>\n\t\t\t\t<a href='https:\/\/www.ecoitaliano.com.ar\/?attachment_id=12507'><img decoding=\"async\" width=\"150\" height=\"150\" src=\"https:\/\/www.ecoitaliano.com.ar\/wp-content\/uploads\/2020\/11\/123532125_313272766695278_7676640735782302251_n-150x150.jpg\" class=\"attachment-thumbnail size-thumbnail\" alt=\"\" \/><\/a>\n\t\t\t<\/div><\/figure>\n\t\t<\/div>\n\n<p><a href=\"http:\/\/www.ecoitaliano.com.ar\/wp-content\/uploads\/2020\/11\/123564945_402813261106016_5783622634937952113_n.jpg\"><img decoding=\"async\" class=\"alignnone size-full wp-image-12508\" src=\"http:\/\/www.ecoitaliano.com.ar\/wp-content\/uploads\/2020\/11\/123564945_402813261106016_5783622634937952113_n.jpg\" alt=\"\" width=\"1448\" height=\"2048\" srcset=\"https:\/\/www.ecoitaliano.com.ar\/wp-content\/uploads\/2020\/11\/123564945_402813261106016_5783622634937952113_n.jpg 1448w, https:\/\/www.ecoitaliano.com.ar\/wp-content\/uploads\/2020\/11\/123564945_402813261106016_5783622634937952113_n-212x300.jpg 212w, https:\/\/www.ecoitaliano.com.ar\/wp-content\/uploads\/2020\/11\/123564945_402813261106016_5783622634937952113_n-768x1086.jpg 768w, https:\/\/www.ecoitaliano.com.ar\/wp-content\/uploads\/2020\/11\/123564945_402813261106016_5783622634937952113_n-724x1024.jpg 724w, https:\/\/www.ecoitaliano.com.ar\/wp-content\/uploads\/2020\/11\/123564945_402813261106016_5783622634937952113_n-106x150.jpg 106w\" sizes=\"(max-width: 1448px) 100vw, 1448px\" \/><\/a><\/p>\n","protected":false},"excerpt":{"rendered":"<p>Ufficio Stampa 5\/11\/2020 10\u00b0 CONCERTO TRA CLASSICO E ROMANTICO: GLUCK, SPONTINI, BELLINI E LA MESSA DELL\u2019INCORONAZIONE DI MOZART STAGIONE SINFONICA [&hellip;]<\/p>\n","protected":false},"author":1,"featured_media":0,"comment_status":"open","ping_status":"open","sticky":false,"template":"","format":"standard","meta":{"footnotes":""},"categories":[10,40],"tags":[],"class_list":["post-12503","post","type-post","status-publish","format-standard","hentry","category-italiano","category-serena-conduce-operaclassica"],"_links":{"self":[{"href":"https:\/\/www.ecoitaliano.com.ar\/index.php?rest_route=\/wp\/v2\/posts\/12503","targetHints":{"allow":["GET"]}}],"collection":[{"href":"https:\/\/www.ecoitaliano.com.ar\/index.php?rest_route=\/wp\/v2\/posts"}],"about":[{"href":"https:\/\/www.ecoitaliano.com.ar\/index.php?rest_route=\/wp\/v2\/types\/post"}],"author":[{"embeddable":true,"href":"https:\/\/www.ecoitaliano.com.ar\/index.php?rest_route=\/wp\/v2\/users\/1"}],"replies":[{"embeddable":true,"href":"https:\/\/www.ecoitaliano.com.ar\/index.php?rest_route=%2Fwp%2Fv2%2Fcomments&post=12503"}],"version-history":[{"count":0,"href":"https:\/\/www.ecoitaliano.com.ar\/index.php?rest_route=\/wp\/v2\/posts\/12503\/revisions"}],"wp:attachment":[{"href":"https:\/\/www.ecoitaliano.com.ar\/index.php?rest_route=%2Fwp%2Fv2%2Fmedia&parent=12503"}],"wp:term":[{"taxonomy":"category","embeddable":true,"href":"https:\/\/www.ecoitaliano.com.ar\/index.php?rest_route=%2Fwp%2Fv2%2Fcategories&post=12503"},{"taxonomy":"post_tag","embeddable":true,"href":"https:\/\/www.ecoitaliano.com.ar\/index.php?rest_route=%2Fwp%2Fv2%2Ftags&post=12503"}],"curies":[{"name":"wp","href":"https:\/\/api.w.org\/{rel}","templated":true}]}}