{"id":12532,"date":"2020-11-06T17:59:23","date_gmt":"2020-11-06T17:59:23","guid":{"rendered":"http:\/\/www.ecoitaliano.com.ar\/?p=12532"},"modified":"2020-11-06T18:00:11","modified_gmt":"2020-11-06T18:00:11","slug":"12532","status":"publish","type":"post","link":"https:\/\/www.ecoitaliano.com.ar\/?p=12532","title":{"rendered":"Serena conduce Operaclassica Eco Italiano"},"content":{"rendered":"<p class=\"western\" lang=\"it-IT\" align=\"center\"><span style=\"color: #ff0000;\"><span style=\"font-family: MS Reference Sans Serif, sans-serif;\"><u><b>COMUNICATO STAMPA<\/b><\/u><\/span><\/span><\/p>\n<p class=\"western\" lang=\"it-IT\" align=\"center\"><span style=\"color: #ff0000;\"><span style=\"font-family: MS Reference Sans Serif, sans-serif;\"><b>Il Teatro Carlo Felice tra le eccellenze artistiche italiane scelte per celebrare<\/b><\/span><\/span><\/p>\n<p class=\"western\" lang=\"it-IT\" align=\"center\"><span style=\"color: #ff0000;\"><span style=\"font-family: MS Reference Sans Serif, sans-serif;\"><b>Il 50\u00b0 Anniversario dell\u2019Instaurazione delle Relazioni Diplomatiche tra l\u2019Italia e la Cina<\/b><\/span><\/span><\/p>\n<p class=\"western\" lang=\"it-IT\" align=\"justify\"><span style=\"font-family: MS Reference Sans Serif, sans-serif;\">In occasione della <\/span><span style=\"font-family: MS Reference Sans Serif, sans-serif;\"><b>Celebrazione del 50\u00b0 Anniversario dell\u2019Instaurazione delle Relazioni Diplomatiche tra l\u2019Italia e la Cina<\/b><\/span><span style=\"font-family: MS Reference Sans Serif, sans-serif;\">, il Ministero della Cultura e del Turismo Cinese e il Ministero per i Beni e le Attivit\u00e0 Culturali e per il Turismo della Repubblica Italiana, in collaborazione con il Forum Culturale Italia-Cina, hanno organizzato la manifestazione artistica on line dedicata allo spettacolo dal vivo (<\/span><span style=\"color: #0000ff;\"><u><a href=\"https:\/\/www.youtube.com\/watch?v=gZf4bMU_TYQ\"><span style=\"font-family: MS Reference Sans Serif, sans-serif;\">https:\/\/www.youtube.com\/watch?v=gZf4bMU_TYQ<\/span><\/a><\/u><\/span><span style=\"font-family: MS Reference Sans Serif, sans-serif;\">), con la partecipazione di prestigiose compagini artistiche cinesi e italiane, tra cui il <\/span><span style=\"font-family: MS Reference Sans Serif, sans-serif;\"><b>Teatro Carlo Felice di Genova.<\/b><\/span><\/p>\n<p class=\"western\" lang=\"it-IT\" align=\"justify\">\u201c<span style=\"font-family: MS Reference Sans Serif, sans-serif;\">Il Teatro Carlo Felice \u2013 dichiara il Sovrintendente <\/span><span style=\"font-family: MS Reference Sans Serif, sans-serif;\"><b>Claudio Orazi<\/b><\/span><span style=\"font-family: MS Reference Sans Serif, sans-serif;\"> \u2013 esprime viva gratitudine al Governo italiano e della Repubblica Popolare Cinese per la scelta di presentare, nell\u2019ambito di tale significativo appuntamento per la diplomazia culturale tra i due paesi, il concerto in forma scenica <\/span><span style=\"font-family: MS Reference Sans Serif, sans-serif;\"><i>Le creature di Prometeo<\/i><\/span><span style=\"font-family: MS Reference Sans Serif, sans-serif;\">, prodotto dal Teatro Carlo Felice-Festival Internazionale della Musica e del Balletto\/Nervi 2020 e dal Festival dei Due Mondi di Spoleto la scorsa estate. Il progetto, realizzato in occasione del 250\u00b0 anniversario della nascita di Beethoven, ha particolarmente colpito per l\u2019originalit\u00e0 della proposta che ha combinato una grande pagina musicale con il genio creativo di Roberto Capucci nel contesto di due straordinari luoghi di interesse artistico ed ambientale come i Parchi di Nervi di Genova e Piazza Duomo di Spoleto. Dopo lo straordinario successo conseguito durante le due serate e sulla spinta della partecipazione televisiva al citato evento, il Teatro Carlo Felice conta di riprendere questa fortunata produzione la prossima estate in alcuni luoghi dell\u2019arte italiani.<\/span><\/p>\n<p class=\"western\" lang=\"it-IT\" align=\"justify\"><span style=\"font-family: MS Reference Sans Serif, sans-serif;\">Tutto ci\u00f2 si \u00e8 reso possibile grazie alla volont\u00e0 e al contributo del Comune di Genova e della Regione Liguria, che hanno fortemente sostenuto le attivit\u00e0 del Teatro durante la scorsa estate.\u201d <\/span><\/p>\n<p lang=\"it-IT\" align=\"right\"><span style=\"font-family: MS Reference Sans Serif, sans-serif;\">Genova, 6 novembre 2020,<\/span><\/p>\n<p lang=\"it-IT\" align=\"right\"><span style=\"font-family: MS Reference Sans Serif, sans-serif;\">l\u2019Ufficio Stampa<\/span><\/p>\n","protected":false},"excerpt":{"rendered":"<p>COMUNICATO STAMPA Il Teatro Carlo Felice tra le eccellenze artistiche italiane scelte per celebrare Il 50\u00b0 Anniversario dell\u2019Instaurazione delle Relazioni [&hellip;]<\/p>\n","protected":false},"author":1,"featured_media":0,"comment_status":"open","ping_status":"open","sticky":false,"template":"","format":"standard","meta":{"footnotes":""},"categories":[10,40],"tags":[],"class_list":["post-12532","post","type-post","status-publish","format-standard","hentry","category-italiano","category-serena-conduce-operaclassica"],"_links":{"self":[{"href":"https:\/\/www.ecoitaliano.com.ar\/index.php?rest_route=\/wp\/v2\/posts\/12532","targetHints":{"allow":["GET"]}}],"collection":[{"href":"https:\/\/www.ecoitaliano.com.ar\/index.php?rest_route=\/wp\/v2\/posts"}],"about":[{"href":"https:\/\/www.ecoitaliano.com.ar\/index.php?rest_route=\/wp\/v2\/types\/post"}],"author":[{"embeddable":true,"href":"https:\/\/www.ecoitaliano.com.ar\/index.php?rest_route=\/wp\/v2\/users\/1"}],"replies":[{"embeddable":true,"href":"https:\/\/www.ecoitaliano.com.ar\/index.php?rest_route=%2Fwp%2Fv2%2Fcomments&post=12532"}],"version-history":[{"count":0,"href":"https:\/\/www.ecoitaliano.com.ar\/index.php?rest_route=\/wp\/v2\/posts\/12532\/revisions"}],"wp:attachment":[{"href":"https:\/\/www.ecoitaliano.com.ar\/index.php?rest_route=%2Fwp%2Fv2%2Fmedia&parent=12532"}],"wp:term":[{"taxonomy":"category","embeddable":true,"href":"https:\/\/www.ecoitaliano.com.ar\/index.php?rest_route=%2Fwp%2Fv2%2Fcategories&post=12532"},{"taxonomy":"post_tag","embeddable":true,"href":"https:\/\/www.ecoitaliano.com.ar\/index.php?rest_route=%2Fwp%2Fv2%2Ftags&post=12532"}],"curies":[{"name":"wp","href":"https:\/\/api.w.org\/{rel}","templated":true}]}}