{"id":12561,"date":"2020-11-09T23:59:28","date_gmt":"2020-11-09T23:59:28","guid":{"rendered":"http:\/\/www.ecoitaliano.com.ar\/?p=12561"},"modified":"2020-11-09T23:59:28","modified_gmt":"2020-11-09T23:59:28","slug":"prende-il-via-castello-errante-con-giacomo-ferrara-padrino-deccezione-la-iv-edizione-della-residenza-internazionale-di-cinema-in-italia","status":"publish","type":"post","link":"https:\/\/www.ecoitaliano.com.ar\/?p=12561","title":{"rendered":"Prende il via Castello Errante con Giacomo Ferrara padrino d&#8217;eccezione: la IV edizione della residenza internazionale di cinema in Italia"},"content":{"rendered":"<div align=\"center\"><img decoding=\"async\" class=\"CToWUd\" title=\"Testo alternativo\" src=\"https:\/\/ci3.googleusercontent.com\/proxy\/BXf-6OAZ9W92JECBHgdPNAq9ylpI6XlRP1ZChNJTjFTJqVlA7sma_tJzCiFbs4GbzUM_iSJKjp0KUsJCqp5YUVqHs04RrKY6rcBdU08jzGV3MJybrvPAlzXiDn252MP-p2odz01g=s0-d-e1-ft#http:\/\/culturaliart.img.musvc2.net\/static\/91342\/images\/1\/CE_logo_orizzontale(0).png\" alt=\"Testo alternativo\" width=\"270\" align=\"middle\" border=\"0\" \/><\/div>\n<div>\n<div>\n<p>&nbsp;<\/p>\n<p><strong>Prende il via Castello Errante:<\/strong><\/p>\n<p><strong>la prima Residenza Internazionale del Cinema in Italia<\/strong><\/p>\n<p>&nbsp;<\/p>\n<p><strong><em>Giacomo Ferrara si conferma<\/em><\/strong><\/p>\n<p><strong><em>padrino d\u2019eccezione della IV edizione<\/em><\/strong><\/p>\n<p>&nbsp;<\/p>\n<p><strong><em>In partenza la prima fase online:<\/em><\/strong><\/p>\n<p><strong><em>si punta sul digitale per ampliare l\u2019internazionalizzazione<\/em><\/strong><\/p>\n<p>&nbsp;<\/p>\n<\/div>\n<\/div>\n<div align=\"center\"><img decoding=\"async\" class=\"CToWUd a6T\" tabindex=\"0\" title=\"Testo alternativo\" src=\"https:\/\/ci4.googleusercontent.com\/proxy\/YDNkHcfY2WOOXtvXQ3xkBWUhDD1Hy5SI2dnPhWJg8883W9qAvYnE9MR_vbPqwOqjEdBi5_J71K6Y2zngJ4BC-rwdZnV54bmZwdFoGsDfxlM_XPcdb6CnVKTkeaUC4w=s0-d-e1-ft#http:\/\/culturaliart.img.musvc2.net\/static\/91342\/images\/1\/giacomoferrara.png\" alt=\"Testo alternativo\" width=\"480\" align=\"middle\" border=\"0\" \/><\/div>\n<div align=\"center\"><\/div>\n<div>\n<div>\n<p>&nbsp;<\/p>\n<p>Periodo: <strong>novembre 2020 \u2013 marzo 2021<\/strong><\/p>\n<p><strong>Online \u2013 Borgo del Lazio<\/strong><\/p>\n<p>&nbsp;<\/p>\n<p>&nbsp;<\/p>\n<p>Luned\u00ec 9 novembre si \u00e8 svolta la presentazione ufficiale della <strong>IV edizione<\/strong> di <strong>Castello Errante<\/strong>, la <strong>prima residenza internazionale di cinema che coinvolge l\u2019America Latina<\/strong> <strong>e l\u2019Italia<\/strong> e che quest\u2019anno si sviluppa attorno al <strong>tema della magia<\/strong>, pensata come il superamento della crisi globale in corso attraverso la capacit\u00e0 di cambiare rotta e dove l\u2019uomo ripensa il suo rapporto con l&#8217;ambiente e con se stesso.<\/p>\n<p>&nbsp;<\/p>\n<p>Figura di spicco della nuova edizione \u00e8 <strong>Giacomo Ferrara<\/strong>, <strong>padrino d\u2019eccezione<\/strong> del progetto e attore italiano divenuto celebre grazie alla magistrale interpretazione del ruolo di Spadino nella nota serie tv <strong>Suburra<\/strong>, acclamata da critica e pubblico. Dopo l\u2019esperienza positiva dell\u2019anno precedente come testimonial di Castello Errante, <strong>Giacomo Ferrara<\/strong> ha voluto riconfermare la sua partecipazione anche per il 2020-2021 con un <strong>ruolo che lo vedr\u00e0 attivo nello sviluppo del progetto<\/strong>: collaborer\u00e0, infatti, a stretto contatto con la troupe e il team organizzativo per quanto riguarda la parte attoriale.<\/p>\n<p>&nbsp;<\/p>\n<p>Durante la presentazione, alla quale hanno partecipato l\u2019<strong>Istituto Italo Latino Americano-IILA, <\/strong>le<strong> Ambasciate di Argentina, Cile, Colombia, Cuba, Honduras, Messico, Nicaragua, Per\u00f9, Panama, Repubblica Domenicana <\/strong>e<strong> Uruguay, la referente del Programma Ibermedia<\/strong>, gli studenti, i docenti e tutti i professionisti coinvolti, sono state annunciate le <strong>novit\u00e0 di questa IV edizione<\/strong>: prima fra tutte, Castello Errante quest\u2019anno <strong>ha voluto puntare sul digitale<\/strong>, non solo a causa dell\u2019emergenza sanitaria in corso, ma soprattutto come s<strong>trumento propulsore per ampliare l\u2019internazionalizzazione della residenza<\/strong>.<\/p>\n<p>&nbsp;<\/p>\n<p>&nbsp;<\/p>\n<p><u><strong>Tra online e onsite: un format innovativo<\/strong><\/u><\/p>\n<p>&nbsp;<\/p>\n<p>Proprio per rafforzare ulteriormente lo spirito internazionale della residenza, la nuova edizione di Castello Errante si presenta in forma ibrida: la prima fase dei lavori si svolger\u00e0 <strong>online<\/strong> a partire da <strong>met\u00e0 novembre<\/strong> e vedr\u00e0 il coinvolgimento di una <strong>troupe specializzata<\/strong> di <strong>studenti <em>under<\/em> 35<\/strong> (selezionati dalle pi\u00f9 importanti Scuole di Cinematografia italiane e dell&#8217;America Latina) ed <strong>esperti del settore<\/strong> che si confronteranno sulla formazione teorica e i lavori di sviluppo e pre-produzione. Nei mesi di febbraio e marzo 2021 si entrer\u00e0 nel vivo dei lavori con l\u2019arrivo della troupe in un <strong>Borgo della Regione Lazio<\/strong>, che realizzer\u00e0 <strong>quattro progetti audiovisivi<\/strong> &#8211; un <strong>corto documentario<\/strong>, un <strong>corto fiction<\/strong>, <strong>due spot<\/strong> &#8211; e parteciper\u00e0 a <em><strong>masterclass<\/strong><\/em> e <em><strong>workshop<\/strong> <\/em>con personalit\u00e0 di spicco del mondo del cinema.<\/p>\n<p>&nbsp;<\/p>\n<p>Questo <strong>nuovo format<\/strong> \u00e8 stato scelto per ottimizzare al massimo la collaborazione tra i differenti Paesi dell\u2019America Latina e i numerosi addetti ai lavori che ogni anno vengono coinvolti nella residenza. Castello Errante supera i confini delle Nazioni attraverso il <strong>linguaggio universale dell\u2019arte cinematografica<\/strong>: \u00e8 un progetto che vede, nella cooperazione e nella multiculturalit\u00e0, una grande occasione di apprendimento e, nell\u2019utilizzo degli <strong>strumenti dell\u2019era digitale<\/strong>, una lungimirante opportunit\u00e0 di scambio, dove ogni partecipante porta la propria esperienza e la propria idea creativa. Le differenti culture dell\u2019America Latina entrano cos\u00ec a contatto e si influenzano a vicenda, in un processo di collaborazione e interscambio stimolante che confluisce nel prodotto cinematografico finale.<\/p>\n<p>&nbsp;<\/p>\n<p>Grazie a questa sperimentazione innovativa, Castello Errante si presenta con un format unico mai realizzato prima, che crea un collegamento storico e culturale tra America Latina e Italia e che promuove le diversit\u00e0, i <strong>nuovi linguaggi espressivi<\/strong> e il <strong>patrimonio cinematografico e audiovisivo<\/strong>, all\u2019insegna della <strong>ricerca<\/strong> e dello <strong>scambio<\/strong> <strong>internazionale<\/strong>, della formazione e della produzione nel campo dell\u2019audiovisivo, innescando processi di sensibilizzazione, <strong>valorizzazione del territorio <\/strong>e crescita.<\/p>\n<p>&nbsp;<\/p>\n<p>&nbsp;<\/p>\n<p><u><strong>I partecipanti della IV edizione<\/strong><\/u><\/p>\n<p>&nbsp;<\/p>\n<p>Castello Errante crea un <strong>filo diretto tra la formazione accademica e la pratica pi\u00f9 propriamente associata all\u2019industria audiovisiva<\/strong>. La troupe specializzata che parteciper\u00e0 alla residenza \u00e8 composta da <strong>20 studenti<\/strong> ai quali, a seconda della propria formazione, \u00e8 affidato un ruolo specifico e professionale all\u2019interno del gruppo di lavoro: <strong>regista del corto di fiction<\/strong>;<strong> regista del corto documentario<\/strong>;<strong> direzione della fotografia<\/strong>;<strong> assistente camera<\/strong>;<strong> secondo assistente camera; assistente alla regia<\/strong>;<strong> direzione del suono<\/strong>; <strong>microfonista<\/strong>;<strong> gaffer<\/strong>;<strong> attore\/attrice<\/strong>;<strong> costumista<\/strong>;<strong> make-up artist<\/strong>;<strong> scenografo\/a<\/strong>;<strong> assistente scenografo\/a<\/strong>;<strong> montatore<\/strong>;<strong> musicista colonna sonora<\/strong>;<strong> filmaker<\/strong>;<strong> designer grafico<\/strong>;<strong> assistente di produzione<\/strong>;<strong> assistente dell&#8217;organizzazione<\/strong>.<\/p>\n<p>&nbsp;<\/p>\n<p>&nbsp;<\/p>\n<p><u><strong>Fase online: dall\u2019idea al progetto \u2013 novembre 2020<\/strong><\/u><\/p>\n<p>&nbsp;<\/p>\n<p>La prima parte di Castello Errante sar\u00e0 svolta <strong>online<\/strong> a partire da met\u00e0 novembre: per due settimane la troupe sar\u00e0 impegnata nei <strong>lavori di sviluppo e pre-produzione cinematografica<\/strong>. Dalle sceneggiature, gi\u00e0 selezionate nei mesi scorsi dal team organizzativo di Castello Errante, si arriver\u00e0 alla creazione e allo sviluppo dei prodotti audiovisivi finali. I partecipanti saranno coinvolti <strong>in riunioni, workshop e momenti di formazione alla presenza di docenti ed esperti del settore<\/strong>. Nel programma online sono previste <strong>6 masterclass tematiche<\/strong>:<\/p>\n<ul>\n<li>\u00ab<em>Dall\u2019idea al progetto: sviluppo del soggetto e costruzione di storie cinematografiche\u201d<\/em>, docente <strong>C\u00e8sar Gonz\u00e0lez \u00c1lvarez<\/strong><\/li>\n<li><em>\u201cCinematografia digitale: studio e valutazione delle telecamere\u201d<\/em>, docente <strong>Alfonso Parra<\/strong><\/li>\n<li><em>\u201cAvvicinamento alla creazione di immagini narrative\u201d<\/em>, docente <strong>Marijke Van Kets<\/strong><\/li>\n<li><em>\u201cNarrativa interattiva e fiction: come i videogames hanno infranto la quarta dimensione\u201d<\/em>, docente <strong>Guglielmo de Gregori<\/strong><\/li>\n<li><em>\u201cGreen shooting: sustentabilidad cinematogr\u00e0fica\u201d<\/em>, docente <strong>Katrin Richthofer<\/strong><\/li>\n<li>\u00ab<em>I codici iconografici del cinema contemporaneo\u201d<\/em>, docente <strong>Flavio De Bernardinis<\/strong><\/li>\n<\/ul>\n<p>&nbsp;<\/p>\n<p>\u00c8 prevista inoltre la masterclass di uno dei montatori pi\u00f9 importanti del cinema italiano, <strong>Roberto Perpignani<\/strong>, che segue lo sviluppo di questo progetto sin dalla prima edizione; nonch\u00e9 un evento di promozione cinematografica aperto al pubblico, che Castello Errante organizzer\u00e0 in sinergia e collaborazione con la <strong>Fondazione Cinema per Roma<\/strong>.<\/p>\n<p>&nbsp;<\/p>\n<p>&nbsp;<\/p>\n<p><u><strong>Fase onsite: il cinema come strumento di valorizzazione del patrimonio italiano \u2013 febbraio\/marzo 2021<\/strong><\/u><\/p>\n<p>&nbsp;<\/p>\n<p>Il percorso formativo si concluder\u00e0 con l\u2019<strong>esperienza sul campo<\/strong> nei mesi di febbraio e marzo 2021. Come nelle scorse edizioni, anche quest\u2019anno Castello Errante sceglier\u00e0 un <strong>Borgo della Regione Lazio<\/strong>, che si differenzia per il suo patrimonio culturale e paesaggistico: sar\u00e0 il quartier generale della troupe dove lavorer\u00e0 e svilupper\u00e0 i propri prodotti cinematografici che avranno come motore la <strong>valorizzazione<\/strong> di tutti quegli aspetti che il territorio ospitante possiede, in termini architettonici, artistici, paesaggistici, storici e culturali.<\/p>\n<p><strong>Castello Errante promuove in questo modo l\u2019immagine dell\u2019Italia all\u2019estero attraverso il mezzo cinematografico<\/strong>: grazie a questa formula cos\u00ec innovativa e alla promozione dei prodotti audiovisivi realizzati, il nostro Paese viaggia in tutto il mondo all\u2019interno di festival ed eventi internazionali come ad esempio il <em><strong>Festival BOGOSHORT<\/strong><\/em> di Bogot\u00e0 e il <em><strong>Festival Internacional de Cina Icaro<\/strong><\/em> in Guatemala, solo per citarne alcuni.<\/p>\n<p>&nbsp;<\/p>\n<p>Il tutto verr\u00e0 supportato da un <strong>attento studio del territorio<\/strong> e delle sue potenzialit\u00e0, con un\u2019estrema <strong>attenzione verso l\u2019ambiente<\/strong>: Castello Errante sposa a pieno l\u2019ecosostenibilit\u00e0, rispetta l\u2019ambiente e le differenze culturali, promuovendo le nuove tecnologie a servizio di una valorizzazione sensibile e consapevole del patrimonio. Per questo motivo all\u2019interno della residenza viene promosso l\u2019utilizzo di <strong>materiali green ecosostenibili<\/strong>, sia durante le fasi di produzione on set che durante quelle di realizzazione dell\u2019intero evento. Castello Errante coinvolge, inoltre, tutti i cittadini, gli abitanti del territorio e i turisti della Regione Lazio che vengono inevitabilmente resi partecipi dal progetto a pi\u00f9 livelli e promuove uno stile di vita sano, il<strong> consumo di prodotti a km zero<\/strong>, il rispetto della natura, nonch\u00e9 tutte le idee innovative capaci di generare socialit\u00e0 e crescita.<\/p>\n<p>&nbsp;<\/p>\n<p>Durante la fase onsite, inoltre, la troupe parteciper\u00e0 a incontri e workshop con <strong>personalit\u00e0 del mondo del cinema<\/strong> e ad attivit\u00e0 di formazione audiovisiva curata dagli studenti internazionali e rivolta ai ragazzi del territorio.<\/p>\n<p>&nbsp;<\/p>\n<p>&nbsp;<\/p>\n<p>&nbsp;<\/p>\n<p><strong>Castello Errante<\/strong> \u00e8 un\u2019iniziativa ideata da<strong> Adele Dell&#8217;Erario<\/strong>, organizzata dalla <strong>Occhi di Giove srl<\/strong> e realizzata in collaborazione con l&#8217;<strong>Istituto Italo Latino<\/strong> <strong>Americano-IILA<\/strong>, le <strong>Ambasciate di Argentina, Cile, Colombia, Costa Rica, Cuba, Guatemala, Honduras, Messico, Nicaragua, Panama, Repubblica Domenicana e Uruguay<\/strong>, nonch\u00e9 la <strong>Roma Lazio Film Commission<\/strong> e il <strong>Centro Sperimentale di Cinematografia di Roma<\/strong>. Il progetto \u00e8 sostenuto dal\u00a0<strong>Ministero dei Beni e delle Attivit\u00e0 Culturali (MIBACT)<\/strong>,\u00a0dalla\u00a0<strong>Regione Lazio<\/strong> e dal <strong>Programa Ibermedia<\/strong>.<\/p>\n<p>&nbsp;<\/p>\n<p>&nbsp;<\/p>\n<p>&nbsp;<\/p>\n<p><u><strong>INFORMAZIONI UTILI<\/strong><\/u><\/p>\n<p>&nbsp;<\/p>\n<p>TITOLO: <strong>Castello Errante \u2013 prima residenza internazionale cinematografica. IV edizione<\/strong><\/p>\n<p>PERIODO: <strong>da novembre 2020 a marzo 2021<\/strong><\/p>\n<p>&nbsp;<\/p>\n<p>DA UN\u2019IDEA DI: <strong>Adele Dell\u2019Erario<\/strong><\/p>\n<p>ORGANIZZATO DA: <strong>Occhi di Giove Srl<\/strong><\/p>\n<p>IN COLLABORAZIONE CON: <strong>l\u2019Istituto Italo Latino Americano-IILA, le Ambasciate di Argentina, Cile, Colombia, Costa Rica, Cuba, Guatemala, Honduras, Messico, Nicaragua, Repubblica Domenicana e Uruguay, la Roma Lazio Film Commission e il Centro Sperimentale di Cinematografia di Roma<\/strong><\/p>\n<p>CON IL SOSTEGNO DI: <strong>Il Ministero per i beni e le attivit\u00e0 culturali e per il turismo<\/strong> <strong>(MIBACT)<\/strong>, <strong>Regione Lazio<\/strong>, <strong>Programma Ibermedia<\/strong><\/p>\n<p>&nbsp;<\/p>\n<p><strong>CONTATTI<\/strong><\/p>\n<p>MAIL: <a title=\"info@occhidigiove.it\" href=\"mailto:info@occhidigiove.it\" target=\"_blank\" rel=\"noopener\">info@occhidigiove.it<\/a><\/p>\n<p>WEB: <a href=\"http:\/\/culturaliart.musvc2.net\/e\/t?q=7%3dIT8XB%26E%3d6%26H%3dEV6%26I%3dBcBdI%26N%3dmN4I_wucs_85_2tXt_B9_wucs_707P2.7kLy9vEt92KfH48-wCm.By_LavU_Vp_KVwZ_VkO4F_xI5Kh9_2tXt_C7s5k4f97Lq94MjL_2tXt_BYzNw_Fj8sNr_LavU_Wn8r5sE_wucs_7Z5Mr_7kFu5s0s_LavU_WnFfCvNu%268%3dwNxPmU.s94%26Bx%3dUJZ6a\" target=\"_blank\" rel=\"noopener\" data-saferedirecturl=\"https:\/\/www.google.com\/url?q=http:\/\/culturaliart.musvc2.net\/e\/t?q%3D7%253dIT8XB%2526E%253d6%2526H%253dEV6%2526I%253dBcBdI%2526N%253dmN4I_wucs_85_2tXt_B9_wucs_707P2.7kLy9vEt92KfH48-wCm.By_LavU_Vp_KVwZ_VkO4F_xI5Kh9_2tXt_C7s5k4f97Lq94MjL_2tXt_BYzNw_Fj8sNr_LavU_Wn8r5sE_wucs_7Z5Mr_7kFu5s0s_LavU_WnFfCvNu%25268%253dwNxPmU.s94%2526Bx%253dUJZ6a&amp;source=gmail&amp;ust=1605052719252000&amp;usg=AFQjCNH6lVEUkVPU3wbQVxDQE4wRgPfW2g\">www.castelloerrante-ric.it\/<\/a><\/p>\n<p>FACEBOOK: <a href=\"http:\/\/culturaliart.musvc2.net\/e\/t?q=3%3dHY4TA%26J%3d2%26D%3dDa2%26E%3dAh8ZH%26S%3diJ3N_sqbx_41_1yTp_AD_sqbx_366Ux.6jAf2xMl.3xK_sqbx_36l9tJnJmEnPs1wRf.HrA_sqbx_36_1yTp_BDvJv_QpK1Af_HZ1Q_SmLfM2JfJ3Cs_HZ1Q_RESuC_vCe94K_sqbx_44nKb9u_PRsY_Z7K3K_d1vNb9pL_sqbx_44v9jB4N%26e%3dC4Qw3A.L1j9bfJ%26rQ%3d2ZFY8\" target=\"_blank\" rel=\"noopener\" data-saferedirecturl=\"https:\/\/www.google.com\/url?q=http:\/\/culturaliart.musvc2.net\/e\/t?q%3D3%253dHY4TA%2526J%253d2%2526D%253dDa2%2526E%253dAh8ZH%2526S%253diJ3N_sqbx_41_1yTp_AD_sqbx_366Ux.6jAf2xMl.3xK_sqbx_36l9tJnJmEnPs1wRf.HrA_sqbx_36_1yTp_BDvJv_QpK1Af_HZ1Q_SmLfM2JfJ3Cs_HZ1Q_RESuC_vCe94K_sqbx_44nKb9u_PRsY_Z7K3K_d1vNb9pL_sqbx_44v9jB4N%2526e%253dC4Qw3A.L1j9bfJ%2526rQ%253d2ZFY8&amp;source=gmail&amp;ust=1605052719252000&amp;usg=AFQjCNEf3HOQGpF0OwLx9ncxdXdrCucNVQ\">www.facebook.com\/<wbr \/>castelloerrante.ric\/<\/a><\/p>\n<p>INSTAGRAM: <a href=\"http:\/\/culturaliart.musvc2.net\/e\/t?q=5%3dTQCVM%26B%3dA%26F%3dPSA%26G%3dMZGbT%26K%3drLEF_2snp_C3_Cqcr_M6_2snp_B8HM7.A9I432HkE.xEw_JlsZ_T13kKE5vD052JvD47C53Ay5xRv_Hauk_Rp_JlsZ_U1K4E_DE5Jx5_2snp_C6957K754LzH_2snp_BXFJw_Ez4sM8_Hauk_Sn781sD_Cqcr_MV5L8_3kEA1s99_Hauk_SnEv9vMA%264%3dwM3v1kDLmT.954%26AD%3dQJYLW\" target=\"_blank\" rel=\"noopener\" data-saferedirecturl=\"https:\/\/www.google.com\/url?q=http:\/\/culturaliart.musvc2.net\/e\/t?q%3D5%253dTQCVM%2526B%253dA%2526F%253dPSA%2526G%253dMZGbT%2526K%253drLEF_2snp_C3_Cqcr_M6_2snp_B8HM7.A9I432HkE.xEw_JlsZ_T13kKE5vD052JvD47C53Ay5xRv_Hauk_Rp_JlsZ_U1K4E_DE5Jx5_2snp_C6957K754LzH_2snp_BXFJw_Ez4sM8_Hauk_Sn781sD_Cqcr_MV5L8_3kEA1s99_Hauk_SnEv9vMA%25264%253dwM3v1kDLmT.954%2526AD%253dQJYLW&amp;source=gmail&amp;ust=1605052719252000&amp;usg=AFQjCNFBofXK85X-LHarHhzxjgFpgL4rAA\">www.instagram.com\/<wbr \/>castelloerranteresidenza\/<\/a><\/p>\n<p>YOUTUBE: <a href=\"http:\/\/culturaliart.musvc2.net\/e\/t?q=A%3dEXEb8%26I%3dC%26L%3dAZC%26M%3d8gIhE%26R%3dtRzM_4yYw_E9_xxex_8C_4yYw_DD3T9.GtP69mOmK.iLy_PWzb_Zl0mQzBxJuB4PgK6CxB5GjBzXg_Oc1V_Yr_PWzb_alR6K_yL7PiB_4yYw_EBtB9QrB6RkO_4yYw_Dd1Qy_KkAuSs_Oc1V_ZpCs8uJ_xxex_8c7Rs_0mKv8uEt_Oc1V_ZpKgFxSv%26A%3dyS9g8mySoZ.tB6%26Gy%3dXLe7d\" target=\"_blank\" rel=\"noopener\" data-saferedirecturl=\"https:\/\/www.google.com\/url?q=http:\/\/culturaliart.musvc2.net\/e\/t?q%3DA%253dEXEb8%2526I%253dC%2526L%253dAZC%2526M%253d8gIhE%2526R%253dtRzM_4yYw_E9_xxex_8C_4yYw_DD3T9.GtP69mOmK.iLy_PWzb_Zl0mQzBxJuB4PgK6CxB5GjBzXg_Oc1V_Yr_PWzb_alR6K_yL7PiB_4yYw_EBtB9QrB6RkO_4yYw_Dd1Qy_KkAuSs_Oc1V_ZpCs8uJ_xxex_8c7Rs_0mKv8uEt_Oc1V_ZpKgFxSv%2526A%253dyS9g8mySoZ.tB6%2526Gy%253dXLe7d&amp;source=gmail&amp;ust=1605052719252000&amp;usg=AFQjCNGtE44cBql58DJbxu1a5HvZjPQNuw\">www.youtube.com\/channel\/<wbr \/>UCVWbhVNwFMkRWiu_GZrqmaA?view_<wbr \/>as=subscriber<\/a><\/p>\n<\/div>\n<\/div>\n<div align=\"center\"><\/div>\n","protected":false},"excerpt":{"rendered":"<p>&nbsp; Prende il via Castello Errante: la prima Residenza Internazionale del Cinema in Italia &nbsp; Giacomo Ferrara si conferma padrino [&hellip;]<\/p>\n","protected":false},"author":1,"featured_media":0,"comment_status":"open","ping_status":"open","sticky":false,"template":"","format":"standard","meta":{"footnotes":""},"categories":[4,10],"tags":[],"class_list":["post-12561","post","type-post","status-publish","format-standard","hentry","category-cultura","category-italiano"],"_links":{"self":[{"href":"https:\/\/www.ecoitaliano.com.ar\/index.php?rest_route=\/wp\/v2\/posts\/12561","targetHints":{"allow":["GET"]}}],"collection":[{"href":"https:\/\/www.ecoitaliano.com.ar\/index.php?rest_route=\/wp\/v2\/posts"}],"about":[{"href":"https:\/\/www.ecoitaliano.com.ar\/index.php?rest_route=\/wp\/v2\/types\/post"}],"author":[{"embeddable":true,"href":"https:\/\/www.ecoitaliano.com.ar\/index.php?rest_route=\/wp\/v2\/users\/1"}],"replies":[{"embeddable":true,"href":"https:\/\/www.ecoitaliano.com.ar\/index.php?rest_route=%2Fwp%2Fv2%2Fcomments&post=12561"}],"version-history":[{"count":0,"href":"https:\/\/www.ecoitaliano.com.ar\/index.php?rest_route=\/wp\/v2\/posts\/12561\/revisions"}],"wp:attachment":[{"href":"https:\/\/www.ecoitaliano.com.ar\/index.php?rest_route=%2Fwp%2Fv2%2Fmedia&parent=12561"}],"wp:term":[{"taxonomy":"category","embeddable":true,"href":"https:\/\/www.ecoitaliano.com.ar\/index.php?rest_route=%2Fwp%2Fv2%2Fcategories&post=12561"},{"taxonomy":"post_tag","embeddable":true,"href":"https:\/\/www.ecoitaliano.com.ar\/index.php?rest_route=%2Fwp%2Fv2%2Ftags&post=12561"}],"curies":[{"name":"wp","href":"https:\/\/api.w.org\/{rel}","templated":true}]}}