{"id":12636,"date":"2020-11-12T18:22:50","date_gmt":"2020-11-12T18:22:50","guid":{"rendered":"http:\/\/www.ecoitaliano.com.ar\/?p=12636"},"modified":"2020-11-12T18:22:50","modified_gmt":"2020-11-12T18:22:50","slug":"serena-conduce-operaclassica-eco-italiano-531","status":"publish","type":"post","link":"https:\/\/www.ecoitaliano.com.ar\/?p=12636","title":{"rendered":"Serena conduce Operaclassica Eco Italiano"},"content":{"rendered":"<p>VINICIO CAPOSSELA E MARLENE KUNTZ<br \/>\nINATTESE Gemme DEL BAREZZI FESTIVAL 2020<\/p>\n<p>Con loro i Post Nebbia e Sara Loreni si aggiungono a<br \/>\nBrunori Sas, Margherita Vicario, Pop X, Fadi, Ettore Giuradei,<br \/>\nValentina Polinori, Guido Maria Grillo, William Manera.<br \/>\nCostretti a cancellare la loro partecipazione Andrea Laszlo De Simone, Massimo Volume e Colombre.<\/p>\n<p>venerd\u00ec 13, sabato 14 novembre 2020<br \/>\nin live streaming dal Teatro Regio di Parma<br \/>\nsu teatroregioparma.it tramite la piattaforma Payperlive di Zeye<\/p>\n<p>Ecco sbocciare nuove gemme che non ti aspetti. Vinicio Capossela e Marlene Kuntz impreziosiscono il XIV Barezzi Festival confermando la propria inattesa partecipazione in due concerti in live streaming originali ed esclusivi, pensati per questa speciale edizione del Barezzi Festival. Inoltre la line up si arricchisce anche dei concerti di Post Nebbia e Sara Loreni.<\/p>\n<p>Cos\u00ec grazie alla disponibilit\u00e0 degli artisti, al coraggio e alla determinazione del Teatro Regio di Parma e del Barezzi Festival di portare la musica dal vivo pi\u00f9 vicina a ciascuno di noi, perch\u00e9 #laculturacura, secondo uno dei temi di Parma Capitale Italiana per la Cultura 2020+21, si superano gli ostacoli che in questo difficile contesto sembrano farsi insormontabili.<\/p>\n<p>\u201c\u00c8 stata una dichiarazione d\u2019amore per Parma, il Teatro Regio, il Barezzi Festival e il suo pubblico quella di Vinicio Capossela e Marlene Kuntz che, insieme a Post Nebbia e Sara Loreni, hanno accettato a ventiquattr\u2019ore dal debutto, di unirsi a noi e alle altre Gemme di questa edizione: Brunori Sas, Margherita Vicario, Pop X, Fadi, Ettore Giuradei, Valentina Polinori, Guido Maria Grillo, William Manera, dichiara Giovanni Sparano direttore artistico di Barezzi Festival. Ringrazio Andrea Laszlo De Simone, Massimo Volume e Colombre che quest\u2019anno non potranno esibirsi e ci auguriamo di avere nuove occasioni per poterli accogliere e applaudire\u201d.<\/p>\n<p>Prende dunque testardamente il via domani la quattordicesima edizione di Barezzi Festival, in programma il 13 e 14 novembre, trasmessa interamente in streaming dal Teatro Regio di Parma su teatroregioparma.it tramite la piattaforma Payperlive di Zeye.<\/p>\n<p>La line up del festival, pur variata, continua a essere composta dai nomi pi\u00f9 affermati e dalle promesse pi\u00f9 brillanti del panorama musicale italiano: Brunori Sas, Vinicio Capossela e Marlene Kuntz, che saranno in live streaming; Margherita Vicario, Pop X, Fadi, Post Nebbia, Ettore Giuradei, Sara Loreni, Valentina Polinori, Guido Maria Grillo e William Manera, protagonisti di concerti esclusivi disponibili sulla piattaforma dalle ore 19.00 del giorno di programmazione.<\/p>\n<p>Il Teatro Regio accoglier\u00e0 e liberer\u00e0 i loro talenti in luoghi inusuali, alcuni dei quali non sono mai stati prima d\u2019ora spazi performativi, come la Sartoria, la Sala di Scenografia, il Ballatoio del Palcoscenico, che si svelano oggi per la prima volta anche al pubblico diventando la sorprendente ribalta di emozionanti concerti.<\/p>\n<p>IL PROGRAMMA<\/p>\n<p>Venerd\u00ec 13 novembre 2020 alle ore 20.00 il palcoscenico del Teatro Regio ospita in diretta streaming il concerto di Brunori Sas, una delle gemme pi\u00f9 brillanti del panorama musicale italiano contemporaneo, il cui ultimo lavoro discografico Cip! ha vinto la Targa Tenco 2020 come Miglior Album. Il cantautore calabrese sar\u00e0 accompagnato in trio dai suoi musicisti. I proventi della vendita dei biglietti del concerto, cos\u00ec come l\u2019intero cachet dell\u2019artista, andranno a sostenere, attraverso il collettivo Approdi e l\u2019Associazione La Terra di Piero, i lavoratori dello spettacolo dal vivo della Calabria.<br \/>\nLa serata \u00e8 arricchita dai concerti acustici realizzati in esclusiva per Barezzi Festival che il pubblico trover\u00e0 sulla piattaforma e potr\u00e0 ascoltare a partire dalle ore 19.00. Protagonisti Fadi, cantautore afro-romagnolo finalista a Sanremo Giovani tra le rivelazioni musicali di questo 2020, in un intimo home concert; i Post Nebbia, band padovana nata dalle esplorazioni di home recording di Carlo Corbellini fresca del successo del nuovo album Canale Paesaggi, che si esibiscono sul palcoscenico; la raffinata voce di Guido Maria Grillo, che si libra nella Sala di Scenografia, e il cantautore e pianista siciliano William Manera dal Ballatoio del Palcoscenico.<\/p>\n<p>Sabato 14 novembre 2020 alle ore 20.00 in live streaming sul palcoscenico del Regio arriva Vinicio Capossela, amato artista il cui inesauribile estro creativo e poetico quest\u2019anno festeggia trent\u2019anni di carriera, cominciati con il successo dell\u2019esordio discografico \u201cAll\u2019una e trentacinque circa\u201d. Il suo concerto per Barezzi sar\u00e0 unico e speciale, un omaggio ai grandi mecenati della sua vita.<br \/>\nAlle ore 22.30 sempre dal palcoscenico del Regio in diretta i Marlene Kuntz, la band capitanata da Cristiano Godano che ha fatto la storia dell\u2019alternative rock in Italia ed \u00e8 per la prima volta ospite di Barezzi Festival.<br \/>\nProtagonisti dei concerti esclusivi disponibili sulla piattaforma dalle ore 19.00 saranno Margherita Vicario, cantautrice e attrice romana dal talento versatile e dalla grande libert\u00e0 creativa, che si esibisce sul main stage del Regio, e i live acustici dello straniante e imprevedibile collettivo trentino Pop X che nella Sala di Scenografia interpreta il malinconico it-pop dai tocchi caraibici del loro Antille, di Ettore Giuradei e il suo cantautorato delicato dalla Sartoria del Regio e dell\u2019elegante performer, producer e cantautrice Sara Loreni, dal Ridotto del teatro con la sua loop station. In home concert, la cantautrice romana Valentina Polinori con il suo ultimo disco Trasparenti.<\/p>\n<p>BIGLIETTI, RIMBORSI, AGEVOLAZIONI PER SPETTATORI SENSIBILI E DIVERSAMENTE ABILI<\/p>\n<p>Il pubblico pu\u00f2 seguire via streaming il XIV Barezzi Festival acquistando su teatroregioparma.it i biglietti per ciascuna delle due giornate, secondo il programma indicato (ven 13\/11, biglietto per 5 concerti \u20ac12,90; sab 14\/11 biglietto per 7 concerti \u20ac12,90), oppure l\u2019abbonamento alle due giornate (12 concerti \u20ac19,90).<br \/>\nTutti i concerti, comprese le registrazioni dei live streaming, resteranno disponibili su teatroregioparma.it e potranno essere acquistati fino al 30 novembre prossimo.<br \/>\nGli spettatori sensibili e diversamente abili hanno la possibilit\u00e0 di seguire lo streaming gratuitamente, sino al raggiungimento degli accessi dedicati disponibili, facendone richiesta a biglietteria@teatroregioparma.it.<br \/>\nColoro che desiderano richiedere il rimborso del biglietto per le variazioni occorse al programma, possono farlo entro le ore 12.00 del 14 novembre scrivendo a biglietteria@teatroregioparma.it<\/p>\n<p>IL BAREZZI FESTIVAL<\/p>\n<p>Il festival, organizzato e prodotto dal Teatro Regio di Parma e nato da un\u2019idea di Giovanni Sparano, che ne cura la direzione artistica, si ispira alla figura di Antonio Barezzi, il mecenate che per primo riconobbe il talento del giovane Giuseppe Verdi sostenendone gli studi. E sar\u00e0 proprio un novello Barezzi, di cui l\u2019oste Diego Sorba vestir\u00e0 i panni, a guidarci tra i diversi concerti: un presentatore venuto dal passato per aiutare a vivere meglio il presente e proiettarci verso il futuro.<\/p>\n<p>Il Barezzi Festival, sin dall\u2019inizio, si caratterizza per una tensione costante tra sperimentazione e recupero della tradizione, con lo sguardo teso in avanti e la consapevolezza del passato. In quattordici anni ha ospitato centinaia di artisti internazionali tra i quali: Franco Battiato, Wim Mertens, Brad Mehldau, Joshua Redman, Clap Clap, Philip Glass, Herbie Hancock, Stefano Bollani, Rufus Wainwright, Gary Lucas, Ulver, Benjamin Clementine, The Notwist, Brian Auger, Fred Wesley, Enrico Rava, Morton Subotnick, Giovanni Lindo Ferretti, Michael Kiwanuka, Anna Calvi, Paolo Conte, Echo and the Bunnymen, Calexico, Nils Frahm.<\/p>\n<p>PARTNER E SPONSOR<\/p>\n<p>Il XIV Barezzi Festival \u00e8 realizzato nell\u2019ambito di Parma Capitale Italiana per la Cultura 2020+21 grazie al contributo di: Ministero per i beni e le attivit\u00e0 culturali e per il turismo, Regione Emilia Romagna, Comune di Parma, oltre che con il sostegno della Fondazione Cariparma e dell\u2019Associazione Parma, io ci sto! Main sponsor, Conad Sapori e Dintorni, Chiesi Farmaceutici, Ares. Sponsor Toyota Italia, Albinea Canali Partner La Toscanini Otium Tabarro, Alberto, Orfeo Hospitality Partner Novotel Streaming a cura di Zeye<br \/>\nProduzione e Organizzazione Teatro Regio di Parma<br \/>\nDirezione artistica Giovanni Sparano<\/p>\n<p>CONTATTI<\/p>\n<p>www.teatroregioparma.it<br \/>\nwww.barezzifestival.it<br \/>\ninfo@barezzifestival.it<br \/>\nFacebook: @barezzi.festival\/<br \/>\nInstagram: @barezzifestival\/<br \/>\n#BarezziFestival2020<\/p>\n<p>Parma, 12 novembre 2020<\/p>\n<p>Barezzi Festival Ufficio stampa<\/p>\n<p>Giulia Zanichelli<br \/>\n+393401808965<br \/>\ngiulia.zanichelli@gdgpress.com<\/p>\n<p>Alessandro Gambino<br \/>\n+393208366055<br \/>\nalessandro@gdgpress.com<br \/>\nBarezzi Festival<br \/>\nAddetto stampa media locali<\/p>\n<p>Lucia Gallotta<br \/>\n+39 3491377574<br \/>\nluciagallotta@yahoo.it<br \/>\nTeatro Regio di Parma<br \/>\nResponsabile Area Comunicazione<br \/>\nPaolo Maier<br \/>\n+39 0521 203969<br \/>\np.maier@teatroregioparma.it<br \/>\nstampa@teatroregioparma.it<\/p>\n<p>PROGRAMMA<\/p>\n<p>venerd\u00ec 13 novembre 2020<\/p>\n<p>Live streaming<\/p>\n<p>ore 20.00 Teatro Regio<br \/>\nBrunori Sas<\/p>\n<p>Dalle ore 19.00 in esclusiva<\/p>\n<p>Guido Maria Grillo concerto acustico dalla Sala di Scenografia<br \/>\nWilliam Manera concerto acustico dal Ballatoio del Palcoscenico<br \/>\nFadi home concert acustico<br \/>\nPost Nebbia \u2013 Teatro Regio<\/p>\n<p>sabato 14 novembre 2020<\/p>\n<p>Live streaming<\/p>\n<p>ore 20.00 Teatro Regio<br \/>\nVinicio Capossela<\/p>\n<p>ore 22.30 Teatro Regio<br \/>\nMarlene Kuntz<\/p>\n<p>Dalle ore 19.00 in esclusiva<\/p>\n<p>Margherita Vicario concerto dal Teatro Regio<br \/>\nPop X concerto acustico dalla Sala di Scenografia<br \/>\nColombre concerto acustico dal Ridotto<br \/>\nEttore Giuradei concerto acustico dalla Sartoria<br \/>\nValentina Polinori home concert acustico<br \/>\nSara Loreni \u2013 concerto acustico dal Ridotto<\/p>\n<div id='gallery-1' class='gallery galleryid-12636 gallery-columns-3 gallery-size-thumbnail'><figure class='gallery-item'>\n\t\t\t<div class='gallery-icon landscape'>\n\t\t\t\t<a href='https:\/\/www.ecoitaliano.com.ar\/?attachment_id=12586'><img decoding=\"async\" width=\"150\" height=\"150\" src=\"https:\/\/www.ecoitaliano.com.ar\/wp-content\/uploads\/2020\/11\/124033687_3258858744223174_6934066776426333760_n-150x150.png\" class=\"attachment-thumbnail size-thumbnail\" alt=\"\" srcset=\"https:\/\/www.ecoitaliano.com.ar\/wp-content\/uploads\/2020\/11\/124033687_3258858744223174_6934066776426333760_n-150x150.png 150w, https:\/\/www.ecoitaliano.com.ar\/wp-content\/uploads\/2020\/11\/124033687_3258858744223174_6934066776426333760_n.png 264w\" sizes=\"(max-width: 150px) 100vw, 150px\" \/><\/a>\n\t\t\t<\/div><\/figure><figure class='gallery-item'>\n\t\t\t<div class='gallery-icon landscape'>\n\t\t\t\t<a href='https:\/\/www.ecoitaliano.com.ar\/?attachment_id=12585'><img decoding=\"async\" width=\"150\" height=\"150\" src=\"https:\/\/www.ecoitaliano.com.ar\/wp-content\/uploads\/2020\/11\/124020377_297989871296273_4360700443050534913_n-150x150.png\" class=\"attachment-thumbnail size-thumbnail\" alt=\"\" srcset=\"https:\/\/www.ecoitaliano.com.ar\/wp-content\/uploads\/2020\/11\/124020377_297989871296273_4360700443050534913_n-150x150.png 150w, https:\/\/www.ecoitaliano.com.ar\/wp-content\/uploads\/2020\/11\/124020377_297989871296273_4360700443050534913_n-300x300.png 300w, https:\/\/www.ecoitaliano.com.ar\/wp-content\/uploads\/2020\/11\/124020377_297989871296273_4360700443050534913_n.png 329w\" sizes=\"(max-width: 150px) 100vw, 150px\" \/><\/a>\n\t\t\t<\/div><\/figure>\n\t\t<\/div>\n\n","protected":false},"excerpt":{"rendered":"<p>VINICIO CAPOSSELA E MARLENE KUNTZ INATTESE Gemme DEL BAREZZI FESTIVAL 2020 Con loro i Post Nebbia e Sara Loreni si [&hellip;]<\/p>\n","protected":false},"author":1,"featured_media":0,"comment_status":"open","ping_status":"open","sticky":false,"template":"","format":"standard","meta":{"footnotes":""},"categories":[10,40],"tags":[],"class_list":["post-12636","post","type-post","status-publish","format-standard","hentry","category-italiano","category-serena-conduce-operaclassica"],"_links":{"self":[{"href":"https:\/\/www.ecoitaliano.com.ar\/index.php?rest_route=\/wp\/v2\/posts\/12636","targetHints":{"allow":["GET"]}}],"collection":[{"href":"https:\/\/www.ecoitaliano.com.ar\/index.php?rest_route=\/wp\/v2\/posts"}],"about":[{"href":"https:\/\/www.ecoitaliano.com.ar\/index.php?rest_route=\/wp\/v2\/types\/post"}],"author":[{"embeddable":true,"href":"https:\/\/www.ecoitaliano.com.ar\/index.php?rest_route=\/wp\/v2\/users\/1"}],"replies":[{"embeddable":true,"href":"https:\/\/www.ecoitaliano.com.ar\/index.php?rest_route=%2Fwp%2Fv2%2Fcomments&post=12636"}],"version-history":[{"count":0,"href":"https:\/\/www.ecoitaliano.com.ar\/index.php?rest_route=\/wp\/v2\/posts\/12636\/revisions"}],"wp:attachment":[{"href":"https:\/\/www.ecoitaliano.com.ar\/index.php?rest_route=%2Fwp%2Fv2%2Fmedia&parent=12636"}],"wp:term":[{"taxonomy":"category","embeddable":true,"href":"https:\/\/www.ecoitaliano.com.ar\/index.php?rest_route=%2Fwp%2Fv2%2Fcategories&post=12636"},{"taxonomy":"post_tag","embeddable":true,"href":"https:\/\/www.ecoitaliano.com.ar\/index.php?rest_route=%2Fwp%2Fv2%2Ftags&post=12636"}],"curies":[{"name":"wp","href":"https:\/\/api.w.org\/{rel}","templated":true}]}}