{"id":12654,"date":"2020-11-14T18:00:49","date_gmt":"2020-11-14T18:00:49","guid":{"rendered":"http:\/\/www.ecoitaliano.com.ar\/?p=12654"},"modified":"2020-11-14T18:01:51","modified_gmt":"2020-11-14T18:01:51","slug":"serena-conduce-operaclassica-eco-italiano-532","status":"publish","type":"post","link":"https:\/\/www.ecoitaliano.com.ar\/?p=12654","title":{"rendered":"Serena conduce Operaclassica Eco Italiano"},"content":{"rendered":"<p class=\"western\" align=\"center\"><span style=\"font-family: Times New Roman, serif;\"><span style=\"font-size: x-large;\"><b>Juraj Val\u010duha sul podio<\/b><\/span><\/span><\/p>\n<p class=\"western\" align=\"center\"><span style=\"font-family: Times New Roman, serif;\"><span style=\"font-size: x-large;\"><b>per dirigere il Notturno n1 op.70 di Martucci <\/b><\/span><\/span><\/p>\n<p class=\"western\" align=\"center\"><span style=\"font-family: Times New Roman, serif;\"><span style=\"font-size: x-large;\"><b>e la Sinfonia n.6 in si minore op.74 di <\/b><\/span><\/span><span style=\"font-size: x-large;\"><b><span style=\"font-family: Times New Roman, serif;\">\u010cajkovskij<\/span><\/b><\/span><\/p>\n<p class=\"western\" align=\"justify\"><a name=\"_Hlk56248452\"><\/a> <span style=\"font-size: large;\"><span style=\"font-family: Times New Roman, serif;\">Si \u00e8 tenuto questa mattina alle ore 12.00 il concerto programmato in streaming diretto da Juraj Val\u010duha che ha visto l\u2019Orchestra del Teatro di San Carlo eseguire la versione per orchestra del <\/span><\/span><span style=\"font-size: large;\"><i><span style=\"font-family: Times New Roman, serif;\">Notturno n.1, op. 70<\/span><\/i><\/span><span style=\"font-size: large;\"><span style=\"font-family: Times New Roman, serif;\"> di Giuseppe Martucci e la <\/span><\/span><span style=\"font-size: large;\"><i><span style=\"font-family: Times New Roman, serif;\">Sinfonia n.6 in si minore op.74 <\/span><\/i><\/span><span style=\"font-size: large;\"><span style=\"font-family: Times New Roman, serif;\">\u201cPatetica\u201d di P\u00ebtr Il&#8217;i\u010d \u010cajkovskij.<\/span><\/span><\/p>\n<p class=\"western\" align=\"justify\"><span style=\"font-size: large;\"><span style=\"font-family: Times New Roman, serif;\">Il concerto, che rientra nell\u2019iniziativa \u201cAperti nonostante tutto\u201d dell\u2019Anfols, Associazione nazionale delle Fondazioni Lirico Sinfoniche, sar\u00e0 on line gioved\u00ec 19 novembre a partire dalle ore 19.00 sulla WebTV Anfols (<\/span><\/span><a href=\"http:\/\/www.anfols.it\/webtv\"><span style=\"font-family: Times New Roman, serif;\"><span style=\"font-size: large;\"><u>www.anfols.it\/webtv<\/u><\/span><\/span><\/a><span style=\"font-size: large;\"><span style=\"font-family: Times New Roman, serif;\">), sul sito web ansa (<\/span><\/span><a href=\"http:\/\/www.ansa.it\/\"><span style=\"font-family: Times New Roman, serif;\"><span style=\"font-size: large;\"><u>www.ansa.it<\/u><\/span><\/span><\/a><span style=\"font-size: large;\"><span style=\"font-family: Times New Roman, serif;\">), sul portale dell&#8217;Ecosistema digitale per la Cultura della Regione Campania (<\/span><\/span><a href=\"https:\/\/cultura.regione.campania.it\/\"><span style=\"font-family: Times New Roman, serif;\"><span style=\"font-size: large;\"><u>https:\/\/cultura.regione.campania.it<\/u><\/span><\/span><\/a><span style=\"font-size: large;\"><span style=\"font-family: Times New Roman, serif;\">) e sul nostro canale YouTube (<\/span><\/span><a href=\"https:\/\/www.youtube.com\/user\/teatrodisancarlo\"><span style=\"font-family: Times New Roman, serif;\"><span style=\"font-size: large;\"><u>https:\/\/www.youtube.com\/user\/teatrodisancarlo<\/u><\/span><\/span><\/a><span style=\"font-size: large;\"><span style=\"font-family: Times New Roman, serif;\">).<\/span><\/span><\/p>\n<p class=\"western\" align=\"justify\"><span style=\"font-size: large;\"><span style=\"font-family: Times New Roman, serif;\">Il concerto sar\u00e0 poi disponibile on demand sulla WebTV Teatro San Carlo (www.cetv-online.it) e sulla nostra WatchTV di Facebook (<\/span><\/span><a href=\"https:\/\/it-it.facebook.com\/pg\/teatrodisancarlo\/videos\/?ref=page_internal\"><span style=\"font-family: Times New Roman, serif;\"><span style=\"font-size: large;\"><u>https:\/\/it-it.facebook.com\/pg\/teatrodisancarlo\/videos\/?ref=page_internal<\/u><\/span><\/span><\/a><span style=\"font-size: large;\"><span style=\"font-family: Times New Roman, serif;\">).<\/span><\/span><\/p>\n<p class=\"western\" align=\"justify\"><span style=\"font-size: large;\"><span style=\"font-family: Times New Roman, serif;\">Prossimamente in streaming anche il <\/span><\/span><span style=\"color: #000000;\"><span style=\"font-family: Times New Roman, serif;\"><span style=\"font-size: large;\">Balletto del Teatro di San Carlo con <\/span><\/span><\/span><span style=\"color: #000000;\"><span style=\"font-family: Times New Roman, serif;\"><span style=\"font-size: large;\"><i>Le Quattro Stagioni<\/i><\/span><\/span><\/span><span style=\"color: #000000;\"><span style=\"font-family: Times New Roman, serif;\"><span style=\"font-size: large;\">, coreografia che Giuseppe Picone ha realizzato sulle musiche di Antonio Vivaldi, Il Coro del Teatro di San Carlo diretto da <\/span><\/span><\/span><span style=\"font-family: Times New Roman, serif;\"><span style=\"font-size: large;\"><span style=\"color: #000000;\">Gea Garatti Ansini che eseguir\u00e0 <\/span><\/span><\/span><span style=\"font-family: Times New Roman, serif;\"><span style=\"font-size: large;\"><i><span style=\"color: #000000;\">La petite messe solennelle<\/span><\/i><\/span><\/span><span style=\"font-family: Times New Roman, serif;\"><span style=\"font-size: large;\"><span style=\"color: #000000;\"> di Gioachino Rossini nella versione per soli, coro, due pianoforti e armonium, e il Quartetto d\u2019archi del Teatro di San Carlo composto da Cecilia Laca, Luigi Buonomo, Antonio Bossone, che sar\u00e0 impegnato nel <\/span><\/span><\/span><span style=\"font-family: Times New Roman, serif;\"><span style=\"font-size: large;\"><i><span style=\"color: #000000;\">Quartetto per archi n. 8 in do minore, op. 110<\/span><\/i><\/span><\/span><i> <\/i><span style=\"font-family: Times New Roman, serif;\"><span style=\"font-size: large;\"><span style=\"color: #000000;\">di<\/span><\/span><\/span><i> <\/i><em><span style=\"color: #000000;\"><span style=\"font-family: Times New Roman, serif;\"><span style=\"font-size: large;\">Dmitrij \u0160ostakovi\u010d e il <\/span><\/span><\/span><\/em><span style=\"font-family: Times New Roman, serif;\"><span style=\"font-size: large;\"><i><span style=\"color: #000000;\">Quartetto per archi n.4<\/span><\/i><\/span><\/span> <span style=\"font-family: Times New Roman, serif;\"><span style=\"font-size: large;\"><i><span style=\"color: #000000;\">in do minore, op. 18 <\/span><\/i><\/span><\/span><em><span style=\"color: #000000;\"><span style=\"font-family: Times New Roman, serif;\"><span style=\"font-size: large;\">di <\/span><\/span><\/span><\/em><span style=\"font-family: Times New Roman, serif;\"><span style=\"font-size: large;\"><span style=\"color: #000000;\">Ludwig van Beethoven. <\/span><\/span><\/span><\/p>\n<p class=\"western\" align=\"justify\"><span style=\"font-size: medium;\"><span style=\"font-family: Times New Roman, serif;\">Gioved\u00ec 19 Novembre 2020, disponibile online a partire dalle ore 19<\/span><\/span><\/p>\n<p class=\"western\" align=\"justify\"><span style=\"font-size: medium;\"><span style=\"font-family: Times New Roman, serif;\">Teatro di San Carlo \u2013 Streaming<\/span><\/span><\/p>\n<p class=\"western\" align=\"justify\"><span style=\"font-size: medium;\"><b><span style=\"font-family: Times New Roman, serif;\">JURAJ VAL\u010cUHA<\/span><\/b><\/span><\/p>\n<p class=\"western\" align=\"justify\"><span style=\"font-size: medium;\"><span style=\"font-family: Times New Roman, serif;\">Direttore | <\/span><\/span><span style=\"font-size: medium;\"><b><span style=\"font-family: Times New Roman, serif;\">Juraj Val\u010duha<\/span><\/b><\/span><\/p>\n<p class=\"western\" align=\"justify\"><span style=\"font-size: medium;\"><b><span style=\"font-family: Times New Roman, serif;\">Giuseppe Martucci<\/span><\/b><\/span><\/p>\n<p class=\"western\" align=\"justify\"><span style=\"font-size: medium;\"><span style=\"font-family: Times New Roman, serif;\">Notturno n.1, op. 70 <\/span><\/span><\/p>\n<p class=\"western\" align=\"justify\"><span style=\"font-size: medium;\"><b><span style=\"font-family: Times New Roman, serif;\">P\u00ebtr Il&#8217;i\u010d \u010cajkovskij<\/span><\/b><\/span><\/p>\n<p class=\"western\" align=\"justify\"><span style=\"font-size: medium;\"><span style=\"font-family: Times New Roman, serif;\">Sinfonia n.6 in si minore op.74 \u201cPatetica\u201d<\/span><\/span><\/p>\n<p class=\"western\" align=\"justify\"><span style=\"font-family: Times New Roman, serif;\"><span style=\"font-size: medium;\"><b>Orchestra del Teatro di San Carlo<\/b><\/span><\/span><\/p>\n<p class=\"western\" align=\"justify\"><span style=\"color: #000000;\"><span style=\"font-family: Times New Roman, serif;\"><span style=\"font-size: medium;\"><b>Disponibile online a partire dalle ore\u00a019 del\u00a019 novembre 2020<\/b><\/span><\/span><\/span><\/p>\n<p class=\"western\" align=\"justify\"><a name=\"_Hlk56247048\"><\/a> <span style=\"font-size: medium;\"><span style=\"font-family: Times New Roman, serif;\">&gt; Sulla WebTV Anfols<\/span><\/span><\/p>\n<p class=\"western\" align=\"justify\"><span style=\"font-size: medium;\"><span style=\"font-family: Times New Roman, serif;\">www.anfols.it\/webtv<\/span><\/span><\/p>\n<p class=\"western\" align=\"justify\"><span style=\"font-family: Times New Roman, serif;\"><span style=\"font-size: medium;\">&gt; Sul sito web dell&#8217;ANSA<\/span><\/span><\/p>\n<p class=\"western\" align=\"justify\"><span style=\"font-size: medium;\"><span style=\"font-family: Times New Roman, serif;\">www.ansa.it<\/span><\/span><\/p>\n<p class=\"western\" align=\"justify\"><span style=\"font-family: Times New Roman, serif;\"><span style=\"font-size: medium;\">&gt; Sul portale dell&#8217;Ecosistema digitale per la Cultura della Regione Campania<\/span><\/span><\/p>\n<p class=\"western\" align=\"justify\"><span style=\"font-size: medium;\"><span style=\"font-family: Times New Roman, serif;\">https:\/\/cultura.regione.campania.it<\/span><\/span><\/p>\n<p class=\"western\" align=\"justify\"><span style=\"font-family: Times New Roman, serif;\"><span style=\"font-size: medium;\">&gt; Sul nostro canale YouTube<\/span><\/span><\/p>\n<p class=\"western\" align=\"justify\"><span style=\"font-size: medium;\"><span style=\"font-family: Times New Roman, serif;\">https:\/\/www.youtube.com\/user\/teatrodisancarlo<\/span><\/span><\/p>\n<p class=\"western\" align=\"justify\"><span style=\"font-size: medium;\"><span style=\"font-family: Times New Roman, serif;\">ON DEMAND<\/span><\/span><\/p>\n<p class=\"western\" align=\"justify\"><span style=\"font-size: medium;\"><span style=\"font-family: Times New Roman, serif;\">&gt; Sulla nostra WebTV<\/span><\/span><\/p>\n<p class=\"western\" align=\"justify\"><span style=\"font-size: medium;\"><span style=\"font-family: Times New Roman, serif;\">http:\/\/cetv-online.it\/index.php<\/span><\/span><\/p>\n<p class=\"western\" align=\"justify\"><span style=\"font-size: medium;\"><span style=\"font-family: Times New Roman, serif;\">&gt; Sulla nostra WatchTV di Facebook<\/span><\/span><\/p>\n<p class=\"western\" align=\"justify\"><a name=\"_Hlk56247108\"><\/a> <span style=\"font-size: medium;\"><span style=\"font-family: Times New Roman, serif;\">https:\/\/it-it.facebook.com\/pg\/teatrodisancarlo\/videos\/?ref=page_internal<\/span><\/span><\/p>\n<p class=\"western\" align=\"justify\"><b>Cenni storici: <\/b><\/p>\n<p class=\"western\" align=\"justify\"><b>Giuseppe Martucci <\/b><\/p>\n<p class=\"western\" align=\"justify\">(1856-1909)<\/p>\n<p class=\"western\" align=\"justify\"><i>Notturno n.1<\/i>, <i>op. 70<\/i><\/p>\n<p class=\"western\" align=\"justify\">La carriera di Giuseppe Martucci, musicista nato a Capua nel 1856, esattamente un secolo dopo Wolfgang Mozart, fu una eccezione nel panorama musicale italiano della fine dell\u2019Ottocento, interamente dominato dalla musica operistica. Infatti fin dagli esordi come bambino prodigio, educato nella nascente scuola pianistica creata a Napoli dagli allievi di Thalberg, mostr\u00f2 una innata inclinazione internazionale e mitteleuropea nei suoi gusti artistici, che lo port\u00f2 prima come pianista poi come direttore d\u2019orchestra ad eseguire sempre brani di autori non italiani e soprattutto non diresse mai opere ad eccezione del <i>Tristano<\/i> di Wagner. Dopo aver diretto il Liceo Musicale di Bologna divenne nel 1902 direttore del Conservatorio di Napoli dove aveva studiato, fino alla scomparsa nel 1909. Anche come compositore, fin dall\u2019et\u00e0 di 16 anni, Martucci segu\u00ec il modello del sinfonismo tedesco considerando la musica strumentale come \u201cmusica assoluta\u201d e la pi\u00f9 alta forma di espressione della musica occidentale. Tutta l\u2019opera orchestrale di Martucci \u00e8 stata incisa in disco circa 40 anni fa dal compositore e direttore napoletano Francesco d\u2019Avalos. Oltre a due sinfonie e due concerti per pianoforte e orchestra, trascrisse per l\u2019organico orchestrale anche alcuni suoi brani per pianoforte, tra cui il <i>Notturno in Sol bemolle maggiore<\/i> poi divenuto opera 70, che era stato composto tra il 1888 e il 1891. In questo brano, come in altri simili, Martucci riesce a esprimere, con maggiore libert\u00e0 formale rispetto alle sinfonie, il suo stato d\u2019animo intimo e dolcemente melanconico, forse gi\u00e0 nostalgico per un\u2019epoca che si avvertiva ormai giunta alla sua conclusione. Proprio per questo, nonostante il suo sforzo intellettuale di guardare al nord dell\u2019Europa, il <i>Notturno<\/i> presenta una linea melodica incantata e coinvolgente, che lo apparenta ai simili esempi magistrali forniti in altrettanto celebri Intermezzi strumentali da operisti italiani come Mascagni e Puccini, e che ne ha assicurato una continua presenza nei programmi concertisti di tutto il mondo.<\/p>\n<p class=\"western\" align=\"justify\"><b>P<\/b><span lang=\"nl-NL\"><b>\u00eb<\/b><\/span><b>tr Il&#8217;i\u010d \u010cajkovskij<\/b><\/p>\n<p class=\"western\" align=\"justify\">(1840-1893)<\/p>\n<p class=\"western\" align=\"justify\"><i>Sinfonia n.6 in si minore op.74<\/i> \u201cPatetica\u201d<\/p>\n<p class=\"western\" align=\"justify\">1. Adagio. Allegro non troppo<\/p>\n<p class=\"western\" align=\"justify\">2. Allegro con grazia<\/p>\n<p class=\"western\" align=\"justify\">3. Allegro molto vivace<\/p>\n<p class=\"western\" align=\"justify\">4. Adagio lamentoso. Andante<\/p>\n<p class=\"western\" align=\"justify\">Con la <i>Sesta Sinfonia<\/i> si chiude il ciclo sinfonico avviato da \u010cajkovskij con la giovanile <i>Prima Sinfonia<\/i> del 1866, quando l\u2019autore, a 26 anni, aveva appena completato gli studi al Conservatorio di San Pietroburgo. Si tratta di uno dei cicli sinfonici pi\u00f9 importanti di quel secolo e il primo significativo contributo russo al modello imposto da Beethoven e che a sua volta influenzer\u00e0 Mahler. Ma quando \u010cajkovskij scrive la sua ultima sinfonia Brahms aveva gi\u00e0 completato il suo pi\u00f9 breve ciclo di quattro sinfonie, chiudendo di fatto il sinfonismo romantico. Il compositore russo si trovava peraltro in una situazione di grave prostrazione fisica e soprattutto mentale, che lo avrebbe portato a terminare tragicamente la sua esistenza solo nove giorni dopo la prima esecuzione di quell\u2019ultimo lavoro in cui aveva riversato tutte le sue esperienze e forse anche le sue frustrazioni. La denominazione \u201cPath\u00e9tique\u201d con cui \u00e8 conosciuta la <i>Sesta Sinfonia<\/i> non \u00e8 del compositore ma di suo fratello Modest, sull\u2019onda della sensazione di dolore e presagio che l\u2019ascolto gli aveva trasmesso. Oggi in italiano la parola \u201cpatetico\u201d ha una connotazione negativa ma per tutto il Romanticismo prevaleva l\u2019interpretazione datane dal filosofo Schiller alla fine de Settecento, secondo cui il \u201cpatetico\u201d \u00e8 la vera essenza del sublime, che si pu\u00f2 raggiungere solo attraverso la rappresentazione della natura sofferente: non a caso una delle pi\u00f9 celebri sonate per pianoforte di Beethoven era stata intitolata \u201cPath\u00e9tique\u201d. Di dolore \u010cajkovskij ne aveva da vendere, dopo la fine del suo matrimonio di facciata e poi anche della relazione platonica (che aveva comportato un costante aiuto finanziario) con la sua mecenate Madame von Meck (il cui nome russo Nadezhda significava \u201cSperanza\u201d), cui si aggiunse la morte della sorella; ma soprattutto per la impossibilit\u00e0 di esprimere la sua vera identit\u00e0 di omosessuale. Il progetto della sua ultima Sinfonia era partito alcuni anni prima con la volont\u00e0 di scrivere una sorta di autobiografia in musica, un \u201cprogramma segreto\u201d come lui stesso lo defin\u00ec che ricapitolasse tutta la sua vita, come il bisogno di un bilancio finale. \u010cajkovskij appare letteralmente ossessionato da questa ultima sinfonia, e per questo alcuni studiosi l\u2019hanno considerata una sorta di Requiem scritto per se stesso, consapevole della sua imminente fine. Non a caso la Sinfonia inizia con una melodia triste e lugubre, e poi &#8211; dopo un tema sentimentale divenuto un emblema della musica romantica, un vero tema d\u2019amore, poi un secondo movimento danzato in forma di valzer e uno scherzo vitale, quasi dionisiaco, &#8211; si conclude con un \u201cAdagio Lamentoso\u201d che riprende l\u2019atmosfera sognante del primo tempo ma ormai senza speranza, adagiandosi verso una serenit\u00e0 che \u00e8 ormai di un altro mondo.<\/p>\n<p class=\"western\" align=\"justify\"><span style=\"font-family: Times New Roman, serif;\"><span style=\"font-size: medium;\"><i><b>Con preghiera di pubblicazione e\/o diffusione <\/b><\/i><\/span><\/span><\/p>\n<p class=\"western\"><span style=\"font-family: Times New Roman, serif;\"><span style=\"font-size: medium;\"><b>Rossana Russo<\/b><\/span><\/span><\/p>\n<p class=\"western\"><span style=\"font-family: Times New Roman, serif;\"><span style=\"font-size: medium;\">Responsabile della Comunicazione Creativa e Strategica e Relazioni con la Stampa<\/span><\/span><\/p>\n<p class=\"western\"><u><a href=\"mailto:r.russo@teatrosancarlo.it\"><span style=\"font-family: Times New Roman, serif;\"><span style=\"font-size: medium;\">r.russo@teatrosancarlo.it<\/span><\/span><\/a><\/u><\/p>\n<p class=\"western\"><span style=\"font-family: Times New Roman, serif;\"><span style=\"font-size: medium;\">cell 335 7431980<\/span><\/span><\/p>\n<p class=\"western\"><span style=\"font-family: Times New Roman, serif;\"><span style=\"font-size: medium;\"><b>Giulia Romito<\/b><\/span><\/span><\/p>\n<p class=\"western\"><span style=\"font-family: Times New Roman, serif;\"><span style=\"font-size: medium;\">Comunicazione e Stampa <\/span><\/span><\/p>\n<p class=\"western\"><u><a href=\"mailto:g.romito@teatrosancarlo.it\"><span style=\"font-family: Times New Roman, serif;\"><span style=\"font-size: medium;\">g.romito@teatrosancarlo.it<\/span><\/span><\/a><\/u><\/p>\n<p class=\"western\"><span style=\"font-family: Times New Roman, serif;\"><span style=\"font-size: medium;\">0817972301<\/span><\/span><\/p>\n<p class=\"western\"><span style=\"font-family: Times New Roman, serif;\"><span style=\"font-size: medium;\"><i><b>Cenni storici <\/b><\/i><\/span><\/span><span style=\"font-family: Times New Roman, serif;\"><span style=\"font-size: medium;\"><b>a cura di Dinko Fabris <\/b><\/span><\/span><b> <\/b><\/p>\n<p><a href=\"http:\/\/www.ecoitaliano.com.ar\/wp-content\/uploads\/2020\/11\/123644970_2956539171298904_610211620183231437_n-1.jpg\"><img decoding=\"async\" class=\"alignnone size-full wp-image-12655\" src=\"http:\/\/www.ecoitaliano.com.ar\/wp-content\/uploads\/2020\/11\/123644970_2956539171298904_610211620183231437_n-1.jpg\" alt=\"\" width=\"1503\" height=\"1000\" srcset=\"https:\/\/www.ecoitaliano.com.ar\/wp-content\/uploads\/2020\/11\/123644970_2956539171298904_610211620183231437_n-1.jpg 1503w, https:\/\/www.ecoitaliano.com.ar\/wp-content\/uploads\/2020\/11\/123644970_2956539171298904_610211620183231437_n-1-300x200.jpg 300w, https:\/\/www.ecoitaliano.com.ar\/wp-content\/uploads\/2020\/11\/123644970_2956539171298904_610211620183231437_n-1-768x511.jpg 768w, https:\/\/www.ecoitaliano.com.ar\/wp-content\/uploads\/2020\/11\/123644970_2956539171298904_610211620183231437_n-1-1024x681.jpg 1024w, https:\/\/www.ecoitaliano.com.ar\/wp-content\/uploads\/2020\/11\/123644970_2956539171298904_610211620183231437_n-1-150x100.jpg 150w\" sizes=\"(max-width: 1503px) 100vw, 1503px\" \/><\/a><\/p>\n","protected":false},"excerpt":{"rendered":"<p>Juraj Val\u010duha sul podio per dirigere il Notturno n1 op.70 di Martucci e la Sinfonia n.6 in si minore op.74 [&hellip;]<\/p>\n","protected":false},"author":1,"featured_media":0,"comment_status":"open","ping_status":"open","sticky":false,"template":"","format":"standard","meta":{"footnotes":""},"categories":[10,40],"tags":[],"class_list":["post-12654","post","type-post","status-publish","format-standard","hentry","category-italiano","category-serena-conduce-operaclassica"],"_links":{"self":[{"href":"https:\/\/www.ecoitaliano.com.ar\/index.php?rest_route=\/wp\/v2\/posts\/12654","targetHints":{"allow":["GET"]}}],"collection":[{"href":"https:\/\/www.ecoitaliano.com.ar\/index.php?rest_route=\/wp\/v2\/posts"}],"about":[{"href":"https:\/\/www.ecoitaliano.com.ar\/index.php?rest_route=\/wp\/v2\/types\/post"}],"author":[{"embeddable":true,"href":"https:\/\/www.ecoitaliano.com.ar\/index.php?rest_route=\/wp\/v2\/users\/1"}],"replies":[{"embeddable":true,"href":"https:\/\/www.ecoitaliano.com.ar\/index.php?rest_route=%2Fwp%2Fv2%2Fcomments&post=12654"}],"version-history":[{"count":0,"href":"https:\/\/www.ecoitaliano.com.ar\/index.php?rest_route=\/wp\/v2\/posts\/12654\/revisions"}],"wp:attachment":[{"href":"https:\/\/www.ecoitaliano.com.ar\/index.php?rest_route=%2Fwp%2Fv2%2Fmedia&parent=12654"}],"wp:term":[{"taxonomy":"category","embeddable":true,"href":"https:\/\/www.ecoitaliano.com.ar\/index.php?rest_route=%2Fwp%2Fv2%2Fcategories&post=12654"},{"taxonomy":"post_tag","embeddable":true,"href":"https:\/\/www.ecoitaliano.com.ar\/index.php?rest_route=%2Fwp%2Fv2%2Ftags&post=12654"}],"curies":[{"name":"wp","href":"https:\/\/api.w.org\/{rel}","templated":true}]}}