{"id":12665,"date":"2020-11-15T13:47:52","date_gmt":"2020-11-15T13:47:52","guid":{"rendered":"http:\/\/www.ecoitaliano.com.ar\/?p=12665"},"modified":"2020-11-15T13:48:16","modified_gmt":"2020-11-15T13:48:16","slug":"12665","status":"publish","type":"post","link":"https:\/\/www.ecoitaliano.com.ar\/?p=12665","title":{"rendered":"COMUNICATO STAMPA uscita del libro \u00abZampognari mito dell&#8217;Abruzzo pastorale\u00bb di Antonio Bini"},"content":{"rendered":"<p><a href=\"http:\/\/www.ecoitaliano.com.ar\/wp-content\/uploads\/2020\/11\/copertina-zampognari-.jpg\"><img decoding=\"async\" class=\"alignnone size-full wp-image-12667\" src=\"http:\/\/www.ecoitaliano.com.ar\/wp-content\/uploads\/2020\/11\/copertina-zampognari-.jpg\" alt=\"\" width=\"1417\" height=\"1530\" srcset=\"https:\/\/www.ecoitaliano.com.ar\/wp-content\/uploads\/2020\/11\/copertina-zampognari-.jpg 1417w, https:\/\/www.ecoitaliano.com.ar\/wp-content\/uploads\/2020\/11\/copertina-zampognari--278x300.jpg 278w, https:\/\/www.ecoitaliano.com.ar\/wp-content\/uploads\/2020\/11\/copertina-zampognari--768x829.jpg 768w, https:\/\/www.ecoitaliano.com.ar\/wp-content\/uploads\/2020\/11\/copertina-zampognari--948x1024.jpg 948w, https:\/\/www.ecoitaliano.com.ar\/wp-content\/uploads\/2020\/11\/copertina-zampognari--139x150.jpg 139w\" sizes=\"(max-width: 1417px) 100vw, 1417px\" \/><\/a><\/p>\n<div id='gallery-1' class='gallery galleryid-12665 gallery-columns-3 gallery-size-thumbnail'><figure class='gallery-item'>\n\t\t\t<div class='gallery-icon landscape'>\n\t\t\t\t<a href='https:\/\/www.ecoitaliano.com.ar\/?attachment_id=12666'><img decoding=\"async\" width=\"150\" height=\"150\" src=\"https:\/\/www.ecoitaliano.com.ar\/wp-content\/uploads\/2020\/11\/Philippe-Daverio-a-Guardiagrele-ph.-Francesca-Rapini-150x150.jpg\" class=\"attachment-thumbnail size-thumbnail\" alt=\"\" \/><\/a>\n\t\t\t<\/div><\/figure><figure class='gallery-item'>\n\t\t\t<div class='gallery-icon landscape'>\n\t\t\t\t<a href='https:\/\/www.ecoitaliano.com.ar\/?attachment_id=12668'><img decoding=\"async\" width=\"150\" height=\"150\" src=\"https:\/\/www.ecoitaliano.com.ar\/wp-content\/uploads\/2020\/11\/1024px-Affresco_San_silvestro_parete_destra1-150x150.jpg\" class=\"attachment-thumbnail size-thumbnail\" alt=\"\" \/><\/a>\n\t\t\t<\/div><\/figure>\n\t\t<\/div>\n\n<p class=\"western\" lang=\"it-IT\" align=\"center\"><span style=\"color: #000000;\"><span style=\"font-family: Calibri, sans-serif;\"><span style=\"font-size: large;\"><b>ZAMPOGNARI MITO DELL\u2019ABRUZZO PASTORALE, <\/b><\/span><\/span><\/span><span style=\"color: #000000;\"><span style=\"font-family: Calibri, sans-serif;\"><span style=\"font-size: large;\"><b>di Antonio Bini<\/b><\/span><\/span><\/span><b> <\/b><\/p>\n<p class=\"western\" lang=\"it-IT\" align=\"center\"><span style=\"font-family: Calibri, sans-serif;\"><b>(Edizioni Menab\u00f2)<\/b><\/span><\/p>\n<p class=\"western\" lang=\"it-IT\" align=\"center\"><span style=\"color: #000000;\"><span style=\"font-family: Calibri, sans-serif;\"><span style=\"font-size: large;\"><i><b>Pubblicato il libro che ricostruisce il fascino ancestrale degli zampognari<br \/>\ne aiuta a riscoprire le loro tracce<\/b><\/i><\/span><\/span><\/span><\/p>\n<p class=\"western\" lang=\"it-IT\" align=\"justify\"><span style=\"color: #000000;\"><span style=\"font-family: Calibri, sans-serif;\">Il Natale aveva musiche tutte sue, giunte spesso fino a noi ed ogni popolo ha le sue tradizioni. In Italia i canti erano accompagnati dallo strumento classico dei pastori, la zampogna, \u201c<\/span><\/span><span style=\"color: #000000;\"><span style=\"font-family: Calibri, sans-serif;\"><i>Tibia utricularis<\/i><\/span><\/span><span style=\"color: #000000;\"><span style=\"font-family: Calibri, sans-serif;\">\u201d, nota per la sua forma e per i suoi originalissimi suoni, da cui sprigionava una primitiva e straordinaria potenza espressiva che affascinava bambini e adulti, di qualsiasi et\u00e0. Nella foto allegata, si pu\u00f2 notare lo storico dell\u2019arte <\/span><\/span><span style=\"color: #000000;\"><span style=\"font-family: Calibri, sans-serif;\"><b>Philippe Daverio<\/b><\/span><\/span><span style=\"color: #000000;\"><span style=\"font-family: Calibri, sans-serif;\"> incuriosito e divertito, intento a fotografare gli zampognari incontrati a <\/span><\/span><span style=\"color: #000000;\"><span style=\"font-family: Calibri, sans-serif;\"><b>Guardiagrele <\/b><\/span><\/span><span style=\"color: #000000;\"><span style=\"font-family: Calibri, sans-serif;\">nel 2012. La forma dello strumento, la sua costruzione e la stessa maniera di suonarla cambiano a seconda delle aree geografiche e nelle differenti epoche.<\/span><\/span><\/p>\n<p class=\"western\" lang=\"it-IT\" align=\"justify\"><span style=\"color: #000000;\"><span style=\"font-family: Calibri, sans-serif;\">La zampogna era particolarmente diffusa nel centro-sud Italia fino ad un secolo fa anche in <\/span><\/span><span style=\"color: #000000;\"><span style=\"font-family: Calibri, sans-serif;\"><b>Abruzzo<\/b><\/span><\/span><span style=\"color: #000000;\"><span style=\"font-family: Calibri, sans-serif;\"> ma le guerre, il terremoto del 1915, il crollo dell\u2019economia pastorale e l\u2019emigrazione, ne avevano provocato la pressoch\u00e9 totale scomparsa. Un fenomeno musicale e culturale particolarmente trascurato, se non addirittura rimosso, in quanto legato alla civilt\u00e0 pastorale, ritenuta eredit\u00e0 spesso insopportabile rispetto ai percorsi di modernit\u00e0 e di omologazione culturale e sociale in atto. Eppure la storia degli zampognari ha lasciato tracce rilevanti.<\/span><\/span><\/p>\n<p class=\"western\" lang=\"it-IT\" align=\"justify\"><span style=\"color: #000000;\"><span style=\"font-family: Calibri, sans-serif;\">Il saggio di <\/span><\/span><span style=\"color: #000000;\"><span style=\"font-family: Calibri, sans-serif;\"><b>Antonio Bini<\/b><\/span><\/span><span style=\"color: #000000;\"><span style=\"font-family: Calibri, sans-serif;\"> \u201c<\/span><\/span><span style=\"color: #000000;\"><span style=\"font-family: Calibri, sans-serif;\"><i>Zampognari mito dell\u2019Abruzzo pastorale<\/i><\/span><\/span><span style=\"color: #000000;\"><span style=\"font-family: Calibri, sans-serif;\">\u201d, edito da <\/span><\/span><span style=\"color: #000000;\"><span style=\"font-family: Calibri, sans-serif;\"><b>D\u2019Abruzzo-Menab\u00f2<\/b><\/span><\/span><span style=\"color: #000000;\"><span style=\"font-family: Calibri, sans-serif;\">, uscito in questi giorni, ricostruisce la memoria perduta degli zampognari abruzzesi attraverso una straordinaria serie di riferimenti letterari musicali e artistici italiani e stranieri che permettono di avventurarsi piacevolmente nella storia di questi singolari pastori-musicisti, anche grazie ad un accurato e documentato corredo di immagini (oltre un centinaio) che arricchiscono il libro. <\/span><\/span><\/p>\n<p class=\"western\" lang=\"it-IT\" align=\"justify\"><span style=\"color: #000000;\"><span style=\"font-family: Calibri, sans-serif;\">Le tracce pi\u00f9 vaste, infatti, sono state recuperate dall\u2019autore soprattutto tra le fonti straniere, i racconti di viaggiatori del <\/span><\/span><span style=\"color: #000000;\"><span style=\"font-family: Calibri, sans-serif;\"><b>Grand Tour<\/b><\/span><\/span><span style=\"color: #000000;\"><span style=\"font-family: Calibri, sans-serif;\"> e dalle numerose incisioni e opere di artisti stregati da quei suoni ancestrali e dai rozzi costumi degli zampognari. <\/span><\/span><span style=\"color: #000000;\"><span style=\"font-family: Calibri, sans-serif;\"><b>Roma<\/b><\/span><\/span><span style=\"color: #000000;\"><span style=\"font-family: Calibri, sans-serif;\">, allora terminale del Grand Tour in Italia, costituiva lo scenario dove inevitabilmente era possibile imbattersi negli zampognari sin dalla fine di novembre, con l\u2019inizio della novena di Natale. Altri viaggiatori li incontrarono a <\/span><\/span><span style=\"color: #000000;\"><span style=\"font-family: Calibri, sans-serif;\"><b>Napoli<\/b><\/span><\/span><span style=\"color: #000000;\"><span style=\"font-family: Calibri, sans-serif;\">, altri ancora testimoniarono la loro presenza in varie localit\u00e0 della regione, mentre altri ancora incontrarono i pastori transumanti dall\u2019Abruzzo nel <\/span><\/span><span style=\"color: #000000;\"><span style=\"font-family: Calibri, sans-serif;\"><b>Tavoliere in Puglia<\/b><\/span><\/span><span style=\"color: #000000;\"><span style=\"font-family: Calibri, sans-serif;\">. La zampogna era infatti la malinconica compagna della solitudine dei pastori.<\/span><\/span><\/p>\n<p class=\"western\" lang=\"it-IT\" align=\"justify\"><span style=\"color: #000000;\"><span style=\"font-family: Calibri, sans-serif;\">Il tema degli zampognari \u00e8 presente anche nella decorazione di diverse antiche chiese, tra cui la cattedrale di <\/span><\/span><span style=\"color: #000000;\"><span style=\"font-family: Calibri, sans-serif;\"><b>Atri <\/b><\/span><\/span><span style=\"color: #000000;\"><span style=\"font-family: Calibri, sans-serif;\">(affreschi di <\/span><\/span><span style=\"color: #000000;\"><span style=\"font-family: Calibri, sans-serif;\"><b>Andrea De Litio<\/b><\/span><\/span><span style=\"color: #000000;\"><span style=\"font-family: Calibri, sans-serif;\">), Santa Maria Assunta di <\/span><\/span><span style=\"color: #000000;\"><span style=\"font-family: Calibri, sans-serif;\"><b>Assergi<\/b><\/span><\/span><span style=\"color: #000000;\"><span style=\"font-family: Calibri, sans-serif;\">, San Panfilo a <\/span><\/span><span style=\"color: #000000;\"><span style=\"font-family: Calibri, sans-serif;\"><b>Tornimparte<\/b><\/span><\/span><span style=\"color: #000000;\"><span style=\"font-family: Calibri, sans-serif;\">, di San Silvestro a <\/span><\/span><span style=\"color: #000000;\"><span style=\"font-family: Calibri, sans-serif;\"><b>L\u2019Aquila<\/b><\/span><\/span><span style=\"color: #000000;\"><span style=\"font-family: Calibri, sans-serif;\">, ecc. In quest\u2019ultima chiesa, solo recentemente, in sede di restauro post-sisma, dalla rimozione di intonaci sono riemersi affreschi, probabilmente duecenteschi, tra cui una nativit\u00e0 con un pastore, circondato dalle sue pecore, intento a suonare la zampogna. Sembra quasi la metafora della riscoperta della zampogna. <\/span><\/span><\/p>\n<p class=\"western\" lang=\"it-IT\" align=\"justify\"><span style=\"color: #000000;\"><span style=\"font-family: Calibri, sans-serif;\"><b>Antonio Bini<\/b><\/span><\/span><span style=\"color: #000000;\"><span style=\"font-family: Calibri, sans-serif;\"> mette in evidenza soprattutto le tracce pi\u00f9 diffuse e presenti anche nella societ\u00e0 di oggi che rivivono in tante composizioni di musicisti che nel corso dei secoli trassero da loro ispirazione. Il musicologo tedesco <\/span><\/span><span style=\"color: #000000;\"><span style=\"font-family: Calibri, sans-serif;\"><b>Hans Geller,<\/b><\/span><\/span><span style=\"color: #000000;\"><span style=\"font-family: Calibri, sans-serif;\"> che studi\u00f2 l\u2019influenza che gli zampognari abruzzesi esercitarono sui compositori stranieri, giunse addirittura a sostenere che gran parte delle pastorali dei pi\u00f9 celebri autori presero ispirazione da loro (1954).<\/span><\/span><\/p>\n<p class=\"western\" lang=\"it-IT\" align=\"justify\"><span style=\"color: #000000;\"><span style=\"font-family: Calibri, sans-serif;\">Tra questi, in particolare, nel libro si ricordano soprattutto <\/span><\/span><span style=\"color: #000000;\"><span style=\"font-family: Calibri, sans-serif;\"><b>Hector Berlioz<\/b><\/span><\/span><span style=\"color: #000000;\"><span style=\"font-family: Calibri, sans-serif;\">, che compose \u201c<\/span><\/span><span style=\"font-family: Calibri, sans-serif;\"><i>S<\/i><\/span><em><span style=\"font-family: Calibri, sans-serif;\">\u00e9r\u00e9nade <\/span><\/em><em><span style=\"font-family: Calibri, sans-serif;\">d&#8217;un montagnard<\/span><\/em><span style=\"font-family: Calibri, sans-serif;\"><i>\u00a0des Abruzzes \u00e0 sa ma\u00eetresse<\/i><\/span><span style=\"font-family: Calibri, sans-serif;\">\u00bb e <\/span><span style=\"font-family: Calibri, sans-serif;\"><b>Georg Friedrich\u00a0<\/b><\/span><em><span style=\"font-family: Calibri, sans-serif;\"><b>H\u00e4ndel<\/b><\/span><\/em><em><span style=\"font-family: Calibri, sans-serif;\">, che dedico la XIII parte del celebre oratorio <\/span><\/em><em><span style=\"font-family: Calibri, sans-serif;\">Messiah <\/span><\/em><em><span style=\"font-family: Calibri, sans-serif;\">all\u2019arcadica \u201cPifa\u201d, abbreviazione di pifera o pifferaio. Una recente operazione di restituzione alle sonorit\u00e0 originarie delle zampogne e delle ciaramelle \u00e8 stata curata dal maestro <\/span><\/em><em><span style=\"font-family: Calibri, sans-serif;\"><b>Antonello Di Matteo<\/b><\/span><\/em><em><span style=\"font-family: Calibri, sans-serif;\">, gi\u00e0 direttore artistico dell\u2019Associazione Zampogne D\u2019Abruzzo e attualmente componente della Philarmonic Orchestra di <\/span><\/em><em><span style=\"font-family: Calibri, sans-serif;\"><b>Philadelphia<\/b><\/span><\/em><em><span style=\"font-family: Calibri, sans-serif;\"> e docente della <\/span><\/em><em><span style=\"font-family: Calibri, sans-serif;\"><b>Drexell University<\/b><\/span><\/em><em><span style=\"font-family: Calibri, sans-serif;\">. Le due esecuzioni, a cura di un quartetto di giovani talentuosi musicisti dell\u2019Associazione Zampogne d\u2019Abruzzo, possono essere ascoltate consultando il libro attraverso il QRcode. Attinse dalle antiche novene dei pastori anche <\/span><\/em><em><span style=\"font-family: Calibri, sans-serif;\"><b>S. Alfonso Maria de Liguori<\/b><\/span><\/em><em><span style=\"font-family: Calibri, sans-serif;\">, che su quelle melodie adatt\u00f2 il suo celebre \u201c<\/span><\/em><em><span style=\"font-family: Calibri, sans-serif;\">Tu scendi dalle stelle<\/span><\/em><em><span style=\"font-family: Calibri, sans-serif;\">\u201d. <\/span><\/em><\/p>\n<p class=\"western\" lang=\"it-IT\" align=\"justify\"><em><span style=\"font-family: Calibri, sans-serif;\">Il saggio rilancia il ruolo che ebbe il compositore <\/span><\/em><em><span style=\"font-family: Calibri, sans-serif;\"><b>Vittorio Pepe<\/b><\/span><\/em><em><span style=\"font-family: Calibri, sans-serif;\">, amico e coetaneo di <\/span><\/em><em><span style=\"font-family: Calibri, sans-serif;\"><b>Gabriele d\u2019Annunzio, <\/b><\/span><\/em><em><span style=\"font-family: Calibri, sans-serif;\">pure appassionato dell\u2019antico strumento<\/span><\/em><em><span style=\"font-family: Calibri, sans-serif;\"><b>,<\/b><\/span><\/em><em><span style=\"font-family: Calibri, sans-serif;\"> nel recuperare le tradizioni musicali degli zampognari, precedendo la fertile opera di <\/span><\/em><em><span style=\"font-family: Calibri, sans-serif;\"><b>Padre Settimio Zimarino<\/b><\/span><\/em><em><span style=\"font-family: Calibri, sans-serif;\">, autore di tante pastorali e musiche sacre popolari, ancor oggi riproposte da corali, orchestre e zampognari. Il recente riconoscimento della <\/span><\/em><em><span style=\"font-family: Calibri, sans-serif;\"><b>Transumanza<\/b><\/span><\/em><em><span style=\"font-family: Calibri, sans-serif;\"> come <\/span><\/em><em><span style=\"font-family: Calibri, sans-serif;\"><b>patrimonio immateriale dell\u2019umanit\u00e0<\/b><\/span><\/em><em><span style=\"font-family: Calibri, sans-serif;\"> da parte dell\u2019Unesco non pu\u00f2 non ricomprendere anche la zampogna che fu la colonna sonora della civilt\u00e0 pastorale. <\/span><\/em><\/p>\n<p class=\"western\" lang=\"it-IT\" align=\"justify\"><em><span style=\"font-family: Calibri, sans-serif;\">La presente edizione costituisce un rilevante aggiornamento di una precedente pubblicazione, uscita nel 2013 con il titolo \u201c<\/span><\/em><em><span style=\"font-family: Calibri, sans-serif;\">Li chiamavano pifferari<\/span><\/em><em><span style=\"font-family: Calibri, sans-serif;\">\u201d, riprendendo la denominazione con cui i viaggiatori stranieri etichettavano gli zampognari. Termine pi\u00f9 raro in Italia. Da qui l\u2019esigenza di un titolo che favorisse una pi\u00f9 immediata percezione dell\u2019argomento. Un libro da leggere ed ascoltare.<\/span><\/em><\/p>\n<p class=\"western\" lang=\"it-IT\" align=\"justify\"><span style=\"color: #000000;\"><span style=\"font-family: Calibri, sans-serif;\"><b>Francesca Rapini <\/b><\/span><\/span><\/p>\n<p class=\"western\" lang=\"it-IT\" align=\"justify\"><span style=\"color: #0000ff;\"><u><a href=\"http:\/\/www.dabruzzo.it\/\"><span style=\"font-family: Calibri, sans-serif;\">www.dabruzzo.it\/<\/span><\/a><\/u><\/span><\/p>\n","protected":false},"excerpt":{"rendered":"<p>ZAMPOGNARI MITO DELL\u2019ABRUZZO PASTORALE, di Antonio Bini (Edizioni Menab\u00f2) Pubblicato il libro che ricostruisce il fascino ancestrale degli zampognari e [&hellip;]<\/p>\n","protected":false},"author":1,"featured_media":0,"comment_status":"open","ping_status":"open","sticky":false,"template":"","format":"standard","meta":{"footnotes":""},"categories":[10,22],"tags":[],"class_list":["post-12665","post","type-post","status-publish","format-standard","hentry","category-italiano","category-libros-y-revistas-literatura"],"_links":{"self":[{"href":"https:\/\/www.ecoitaliano.com.ar\/index.php?rest_route=\/wp\/v2\/posts\/12665","targetHints":{"allow":["GET"]}}],"collection":[{"href":"https:\/\/www.ecoitaliano.com.ar\/index.php?rest_route=\/wp\/v2\/posts"}],"about":[{"href":"https:\/\/www.ecoitaliano.com.ar\/index.php?rest_route=\/wp\/v2\/types\/post"}],"author":[{"embeddable":true,"href":"https:\/\/www.ecoitaliano.com.ar\/index.php?rest_route=\/wp\/v2\/users\/1"}],"replies":[{"embeddable":true,"href":"https:\/\/www.ecoitaliano.com.ar\/index.php?rest_route=%2Fwp%2Fv2%2Fcomments&post=12665"}],"version-history":[{"count":0,"href":"https:\/\/www.ecoitaliano.com.ar\/index.php?rest_route=\/wp\/v2\/posts\/12665\/revisions"}],"wp:attachment":[{"href":"https:\/\/www.ecoitaliano.com.ar\/index.php?rest_route=%2Fwp%2Fv2%2Fmedia&parent=12665"}],"wp:term":[{"taxonomy":"category","embeddable":true,"href":"https:\/\/www.ecoitaliano.com.ar\/index.php?rest_route=%2Fwp%2Fv2%2Fcategories&post=12665"},{"taxonomy":"post_tag","embeddable":true,"href":"https:\/\/www.ecoitaliano.com.ar\/index.php?rest_route=%2Fwp%2Fv2%2Ftags&post=12665"}],"curies":[{"name":"wp","href":"https:\/\/api.w.org\/{rel}","templated":true}]}}