{"id":12676,"date":"2020-11-17T21:26:23","date_gmt":"2020-11-17T21:26:23","guid":{"rendered":"http:\/\/www.ecoitaliano.com.ar\/?p=12676"},"modified":"2020-11-17T21:26:23","modified_gmt":"2020-11-17T21:26:23","slug":"serena-conduce-operaclassica-eco-italiano-534","status":"publish","type":"post","link":"https:\/\/www.ecoitaliano.com.ar\/?p=12676","title":{"rendered":"Serena conduce Operaclassica Eco Italiano"},"content":{"rendered":"<p lang=\"it-IT\"><span style=\"font-family: Simoncini Garamond, Times New Roman;\"><span style=\"font-size: medium;\"><span style=\"font-family: Arial, sans-serif;\"><span style=\"font-size: small;\"><b>Ufficio Stampa<\/b><\/span><\/span><b> <\/b><span style=\"font-family: Arial, sans-serif;\"><span style=\"font-size: small;\"><b> 17\/11\/2020<\/b><\/span><\/span><\/span><\/span><\/p>\n<p class=\"western\" lang=\"it-IT\" align=\"center\"><span style=\"font-size: large;\"><b>GOUNOD E RESPIGHI PER IL 12\u00b0 CONCERTO <\/b><\/span><\/p>\n<p class=\"western\" lang=\"it-IT\" align=\"center\"><span style=\"font-size: large;\"><b>DELLA <\/b><\/span><span style=\"font-size: large;\"><b>STAGIONE SINFONICA 2020<\/b><\/span><b> <\/b><span style=\"font-size: large;\"><b>DI FONDAZIONE ARENA<\/b><\/span><b> <\/b><\/p>\n<p class=\"western\" lang=\"it-IT\" align=\"center\"><span style=\"font-size: large;\"><b>AL TEATRO FILARMONICO<\/b><\/span><\/p>\n<p class=\"western\" lang=\"it-IT\" align=\"center\"><span style=\"color: #0070c0;\"><span style=\"font-size: medium;\"><b>Concerto disponibile in streaming da venerd\u00ec 20 novembre alle 20.00 sulla webtv di Fondazione Arena al link<\/b><\/span><\/span><b> <\/b><span style=\"color: #0000ff;\"><u><a href=\"http:\/\/arena.it\/tv\"><span style=\"color: #000000;\"><span style=\"font-size: medium;\"><b>http:\/\/arena.it\/tv<\/b><\/span><\/span><\/a><\/u><\/span> <span style=\"color: #0070c0;\"><span style=\"font-size: medium;\"><b>e sulle piattaforme Facebook e Youtube.<\/b><\/span><\/span><\/p>\n<p class=\"western\" lang=\"it-IT\" align=\"center\"><span style=\"color: #0070c0;\"><span style=\"font-size: medium;\"><b>L&#8217;iniziativa \u00e8 realizzata in collaborazione con Anfols Teatri <\/b><\/span><\/span><\/p>\n<p class=\"western\" lang=\"it-IT\" align=\"center\"><span style=\"color: #0070c0;\"><span style=\"font-size: medium;\"><b>nell&#8217;ambito del progetto<\/b><\/span><\/span> <span style=\"color: #0000ff;\"><a href=\"https:\/\/www.facebook.com\/hashtag\/apertinonostantetutto?__eep__=6&amp;__cft__%5B0%5D=AZXRg8FBPeHSVD1RS7lo_0eZppxvk59WJSaa7tDcFZNxaEWBPyM_q79m7HSpOMncTSgdOv27ImA_oipMvnDeRgmoZkKYxg89DzRxrsf6qLKPzsQCFALAKLxLBQKvU0nngZhO5GmODz1TcwZmBF2qE9XDDkE0PoLFmL5B5AQQ3jljqSA8HVDi58RCHJL1stVek5ObxJPLr5PzICeh_9ebRNzE&amp;__tn__=*NK-R\"><span style=\"font-size: medium;\"><b>#apertinonostantetutto<\/b><\/span><\/a><\/span><\/p>\n<p class=\"western\" lang=\"it-IT\" align=\"center\"><img decoding=\"async\" src=\"file:\/\/\/tmp\/lu18283mhg815.tmp\/lu18283mhg81z_tmp_95f82399fe1f527a.jpg\" width=\"388\" height=\"283\" name=\"Imagen1\" align=\"bottom\" border=\"0\" \/><\/p>\n<p class=\"western\" lang=\"it-IT\" align=\"center\"><span style=\"font-size: small;\">Fabrizio Maria Carminati<\/span><\/p>\n<p class=\"western\" lang=\"it-IT\" align=\"justify\"><span style=\"font-size: medium;\"><b>In occasione delle celebrazioni di Santa Cecilia, patrona della musica, dei musicisti e dei cantanti, torna a Verona il Maestro <\/b><\/span><span style=\"font-size: medium;\"><b>Fabrizio Maria Carminati con la grande <\/b><\/span><span style=\"font-size: medium;\"><i><b>Messa solenne in sol maggiore in onore di Santa Cecilia<\/b><\/i><\/span><span style=\"font-size: medium;\"><b>, composta da Charles Gounod nel 1855 per tre solisti, coro e orchestra, preceduta dalle <\/b><\/span><span style=\"font-size: medium;\"><i><b>Antiche danze e arie per liuto, Suite n. 1<\/b><\/i><\/span><span style=\"font-size: medium;\"><b> e dalle <\/b><\/span><span style=\"font-size: medium;\"><i><b>Vetrate di chiesa P 150<\/b><\/i><\/span><span style=\"font-size: medium;\"><b> di Ottorino Respighi<\/b><\/span><span style=\"font-size: medium;\"><b>. <\/b><\/span><span style=\"font-size: medium;\"><b>Carminati, profondo conoscitore del repertorio operistico italiano e non, affronta un raffinato programma che accosta composizioni sacre e da concerto di compositori votati anche al teatro d\u2019opera. La Messa di Gounod vedr\u00e0 impegnati i solisti Gilda Fiume, Marco Ciaponi e Romano Dal Zovo. Il concerto sar\u00e0 trasmesso in streaming, in collaborazione con Anfols Teatri, venerd\u00ec 20 novembre alle 20.00 sulla webtv di Fondazione Arena (<\/b><\/span><span style=\"color: #0000ff;\"><u><a href=\"http:\/\/arena.it\/tv\"><span style=\"font-size: medium;\"><b>http:\/\/arena.it\/tv<\/b><\/span><\/a><\/u><\/span><span style=\"font-size: medium;\"><b>) e sui canali social Facebook e Youtube e rester\u00e0 online senza limiti di tempo.<\/b><\/span><\/p>\n<p class=\"western\" lang=\"it-IT\" align=\"justify\"><span style=\"font-size: medium;\">Ottorino Respighi (1879-1936) fu autore di ben tredici titoli ascrivibili al genere del melodramma, ma deve la sua fortuna ai poemi sinfonici della cosiddetta \u201ctrilogia romana\u201d (Pini, Fontane, Feste), universalmente note come i migliori esiti orchestrali per ispirazione, timbri, e colore della generazione dell\u2019Ottanta italiana, pi\u00f9 distaccata delle precedenti dal mercato teatrale e pi\u00f9 votata alla ricerca sinfonica di respiro europeo, spesso in polemica opposizione. <\/span><\/p>\n<p class=\"western\" lang=\"it-IT\" align=\"justify\"><span style=\"font-size: medium;\">La prima delle tre <\/span><span style=\"font-size: medium;\"><i>suite di Antiche danze e arie per liuto<\/i><\/span><span style=\"font-size: medium;\"> (1917) \u00e8 un saggio delle caleidoscopiche abilit\u00e0 di orchestrazione di Respighi: i quattro movimenti della suite sono rese sinfoniche di brani del \u2018500 e del \u2018600 di autori ignoti (come la Villanella, in terza posizione, o la Mascherada finale) oppure del genovese Simone Molinaro (cui \u00e8 attribuito il primo Balletto) e addirittura di Vincenzo Galilei (padre di Galileo e anche del melodramma stesso, in quanto membro della Camerata de\u2019 Bardi). Le suite di Respighi, in linea con il gusto neoclassico dominante nella prima met\u00e0 del Novecento, costituirono un modello in seguito molto imitato.<\/span><\/p>\n<p class=\"western\" lang=\"it-IT\" align=\"justify\"><span style=\"font-size: medium;\">Le imponenti e solenni \u201cquattro impressioni per orchestra\u201d contenute nelle <\/span><span style=\"font-size: medium;\"><i>Vetrate di chiesa<\/i><\/span><span style=\"font-size: medium;\"> (1926) sono ispirate ad altrettante immagini sacre, pi\u00f9 descrittive (se non proprio ritratti) che narrative: rispettivamente si tratta de <\/span><span style=\"font-size: medium;\"><i>La fuga in Egitto, <\/i><\/span><span style=\"font-size: medium;\">delle battaglie di <\/span><span style=\"font-size: medium;\"><i>San Michele Arcangelo, <\/i><\/span><span style=\"font-size: medium;\">dell\u2019elegia de<\/span><span style=\"font-size: medium;\"><i> Il mattutino di Santa Chiara <\/i><\/span><span style=\"font-size: medium;\">e una raffigurazione del papa<\/span><span style=\"font-size: medium;\"><i> San Gregorio Magno. <\/i><\/span><span style=\"font-size: medium;\">La partitura, portata a termine l&#8217;8 ottobre del 1926 (la prima esecuzione fu diretta da Sergej Kusevitzkij a Boston il 25 febbraio 1927), conferma<\/span><span style=\"font-size: medium;\"> l\u2019interesse di Respighi per forme e modi della musica antica sostenuto da una straordinaria<\/span><span style=\"font-size: medium;\"> maestria orchestrale, ereditata da Rimskij-Korsakov: con un materiale tematico modale, piuttosto semplice, crea infatti un efficace gioco di contrasti, alternando pieni e vuoti.<\/span><\/p>\n<p class=\"western\" lang=\"it-IT\" align=\"justify\"><span style=\"font-size: medium;\">La seconda parte del programma \u00e8 votata a Santa Cecilia, patrona della musica dei musicisti, cui dedic\u00f2 la sua messa il compositore Charles Gounod (1818-1893): celeberrimo autore di opere, tra cui quel <\/span><span style=\"font-size: medium;\"><i>Rom\u00e9o et Juliette <\/i><\/span><span style=\"font-size: medium;\">ben noto anche al pubblico veronese, scrisse anche 23 messe tra cui spicca la <\/span><span style=\"font-size: medium;\"><i>Messe solennelle en l\u2019honneur de Sainte-C\u00e9cile<\/i><\/span><span style=\"font-size: medium;\">, scritta nel 1855 per tre solisti, coro misto (perlopi\u00f9 a 6 voci), organo e orchestra. La messa, eseguita il 22 novembre dello stesso anno e da subito considerata tra le migliori composizioni di Gounod, principia in sol maggiore ma esplora un\u2019ampia variet\u00e0 di tonalit\u00e0 nei sei movimenti. Il carattere solenne \u00e8 dato dalle estese forme e inoltre dall\u2019inserimento di diverse formule che si aggiungono all\u2019ordinario testo latino, comprese preghiere e benedizioni per l\u2019armata francese e per l\u2019allora imperatore Napoleone III. L\u2019imponente pagina di Gounod vedr\u00e0 impegnati il soprano <\/span><span style=\"font-size: medium;\"><b>Gilda Fiume<\/b><\/span><span style=\"font-size: medium;\">, il tenore <\/span><span style=\"font-size: medium;\"><b>Marco Ciaponi<\/b><\/span><span style=\"font-size: medium;\"> e il basso <\/span><span style=\"font-size: medium;\"><b>Romano Dal Zovo<\/b><\/span><span style=\"font-size: medium;\">. <\/span><\/p>\n<p class=\"western\" lang=\"it-IT\" align=\"center\"><span style=\"color: #ff0000;\"><img decoding=\"async\" src=\"file:\/\/\/tmp\/lu18283mhg815.tmp\/lu18283mhg81z_tmp_3c9285cc65cedc77.png\" width=\"102\" height=\"15\" name=\"Immagine\" align=\"bottom\" border=\"0\" \/> <\/span><\/p>\n<p class=\"western\" lang=\"it-IT\" align=\"justify\"><span style=\"font-size: medium;\">La <\/span><span style=\"font-size: medium;\"><b>Stagione Artistica<\/b><\/span><span style=\"font-size: medium;\">\u00a0del Teatro Filarmonico rappresenta, da anni, un momento molto atteso e aperto ad un vasto pubblico di appassionati, non solo veronesi. Sostenerla per <\/span><span style=\"font-size: medium;\"><b>Banco BPM<\/b><\/span><span style=\"font-size: medium;\">, partner della stagione per l&#8217;undicesimo anno consecutivo, significa dare continuit\u00e0 alle proprie radici solidaristiche, promuovere la cultura in tutte le sue espressioni e al contempo unirsi al fermento di una citt\u00e0, Verona, parte integrante di Banco BPM.<\/span><\/p>\n<p class=\"western\" lang=\"it-IT\" align=\"center\"><span style=\"color: #ff0000;\"><img decoding=\"async\" src=\"file:\/\/\/tmp\/lu18283mhg815.tmp\/lu18283mhg81z_tmp_3c9285cc65cedc77.png\" width=\"102\" height=\"15\" name=\"Imagen2\" align=\"bottom\" border=\"0\" \/> <\/span><\/p>\n<p class=\"western\" lang=\"it-IT\" align=\"justify\"><b>Informazioni<\/b><\/p>\n<p class=\"western\" lang=\"it-IT\"><b>Ufficio Stampa Fondazione Arena di Verona <\/b>\u2013 Via Roma 7\/D, 37121 Verona<\/p>\n<p class=\"western\" lang=\"en-US\">tel. (+39) 045 805.1861-1905-1891<\/p>\n<p class=\"western\" lang=\"it-IT\"><a href=\"mailto:ufficio.stampa@arenadiverona.it\"><span style=\"color: #0000ff;\"><span lang=\"en-US\"><u>ufficio.stampa@arenadiverona.it<\/u><\/span><\/span><\/a><span lang=\"en-US\"> \u2013 <\/span><a href=\"http:\/\/www.arena.it\/\"><span style=\"color: #0000ff;\"><span lang=\"en-US\"><u>www.arena.it<\/u><\/span><\/span><\/a><\/p>\n<p class=\"western\" lang=\"it-IT\"><u><b>Biglietteria Arena di Verona<\/b><\/u><\/p>\n<p class=\"western\" lang=\"it-IT\">Via Dietro Anfiteatro 6\/b, 37121 Verona<\/p>\n<p class=\"western\" lang=\"it-IT\">Tel. 045 596517 &#8211; Fax 045 8013287<\/p>\n<p class=\"western\" lang=\"it-IT\">Call center 045 8005151 &#8211; Punti di prevendita <span style=\"color: #0000ff;\"><u><a href=\"http:\/\/www.geticket.it\/it-IT\/punti_venditait.html\">Geticket<\/a><\/u><\/span><\/p>\n<p class=\"western\" lang=\"it-IT\"><i>Orari<\/i><\/p>\n<p class=\"western\" lang=\"it-IT\">da luned\u00ec a venerd\u00ec 10:30-16:00<\/p>\n<p class=\"western\" lang=\"it-IT\">sabato 09:15-12:45<\/p>\n<p class=\"western\" lang=\"it-IT\" align=\"justify\"><a href=\"mailto:biglietteria@arenadiverona.it\"><span style=\"color: #0000ff;\"><u>biglietteria@arenadiverona.it<\/u><\/span><\/a> \u2013 <a href=\"http:\/\/www.arena.it\/\"><span style=\"color: #0000ff;\"><u>www.arena.it<\/u><\/span><\/a><\/p>\n<p class=\"western\" lang=\"it-IT\" align=\"justify\">\n<p class=\"western\" lang=\"it-IT\" align=\"center\"><span style=\"color: #ff0000;\"><img decoding=\"async\" src=\"file:\/\/\/tmp\/lu18283mhg815.tmp\/lu18283mhg81z_tmp_3c9285cc65cedc77.png\" width=\"102\" height=\"15\" name=\"Imagen3\" align=\"bottom\" border=\"0\" \/> <\/span><\/p>\n<p class=\"western\" lang=\"it-IT\" align=\"center\">Venerd\u00ec 20 novembre 2020 \u2013 ore 20.00<\/p>\n<p class=\"western\" lang=\"it-IT\" align=\"center\"><span style=\"color: #0070c0;\"><span style=\"font-size: large;\"><i><b>Stagione sinfonica 2020 <\/b><\/i><\/span><\/span><\/p>\n<p class=\"western\" lang=\"it-IT\" align=\"center\"><span style=\"font-size: large;\"><i><b>12\u00b0 Concerto<\/b><\/i><\/span><\/p>\n<p class=\"western\" lang=\"it-IT\">\n<p class=\"western\" lang=\"it-IT\" align=\"center\">Ottorino Respighi<\/p>\n<p class=\"western\" lang=\"it-IT\" align=\"center\"><i>Antiche danze e arie per liuto, Suite n. 1<\/i><\/p>\n<p class=\"western\" lang=\"it-IT\" align=\"center\"><i>Vetrate di chiesa P 150 \u201cQuattro impressioni per orchestra\u201d<\/i><\/p>\n<p class=\"western\" lang=\"it-IT\" align=\"center\">Charles Gounod<\/p>\n<p class=\"western\" lang=\"it-IT\" align=\"center\"><i>Messa solenne in onore di Santa Cecilia per soli, coro e orchestra in sol maggiore CG56<\/i><\/p>\n<p class=\"western\" lang=\"it-IT\" align=\"center\">\n<p class=\"western\" lang=\"it-IT\" align=\"center\"><b>Fabrizio Maria Carminati<\/b>, Direttore<\/p>\n<p class=\"western\" lang=\"it-IT\" align=\"center\"><b>Gilda Fiume<\/b>, soprano \u00b7 <b>Marco Ciaponi<\/b>, tenore \u00b7 <b>Romano Dal Zovo<\/b>, basso<\/p>\n<p class=\"western\" lang=\"it-IT\" align=\"center\">\n<p class=\"western\" lang=\"it-IT\" align=\"center\">Orchestra e Coro della Fondazione Arena di Verona<\/p>\n<p class=\"western\" lang=\"it-IT\" align=\"center\"><span style=\"font-size: small;\">Maestro del Coro <\/span><span style=\"font-size: small;\"><b>Vito Lombardi<\/b><\/span><\/p>\n<div id='gallery-1' class='gallery galleryid-12676 gallery-columns-3 gallery-size-thumbnail'><figure class='gallery-item'>\n\t\t\t<div class='gallery-icon portrait'>\n\t\t\t\t<a href='https:\/\/www.ecoitaliano.com.ar\/?attachment_id=12677'><img decoding=\"async\" width=\"150\" height=\"150\" src=\"https:\/\/www.ecoitaliano.com.ar\/wp-content\/uploads\/2020\/11\/123564945_402813261106016_5783622634937952113_n-2-150x150.jpg\" class=\"attachment-thumbnail size-thumbnail\" alt=\"\" \/><\/a>\n\t\t\t<\/div><\/figure><figure class='gallery-item'>\n\t\t\t<div class='gallery-icon landscape'>\n\t\t\t\t<a href='https:\/\/www.ecoitaliano.com.ar\/?attachment_id=12678'><img decoding=\"async\" width=\"150\" height=\"150\" src=\"https:\/\/www.ecoitaliano.com.ar\/wp-content\/uploads\/2020\/11\/125315608_815440872568059_7959528346610404768_n-150x150.jpg\" class=\"attachment-thumbnail size-thumbnail\" alt=\"\" srcset=\"https:\/\/www.ecoitaliano.com.ar\/wp-content\/uploads\/2020\/11\/125315608_815440872568059_7959528346610404768_n-150x150.jpg 150w, https:\/\/www.ecoitaliano.com.ar\/wp-content\/uploads\/2020\/11\/125315608_815440872568059_7959528346610404768_n.jpg 178w\" sizes=\"(max-width: 150px) 100vw, 150px\" \/><\/a>\n\t\t\t<\/div><\/figure><figure class='gallery-item'>\n\t\t\t<div class='gallery-icon landscape'>\n\t\t\t\t<a href='https:\/\/www.ecoitaliano.com.ar\/?attachment_id=12679'><img decoding=\"async\" width=\"102\" height=\"15\" src=\"https:\/\/www.ecoitaliano.com.ar\/wp-content\/uploads\/2020\/11\/73381197_518351148947685_7683778204296806400_n-1.png\" class=\"attachment-thumbnail size-thumbnail\" alt=\"\" \/><\/a>\n\t\t\t<\/div><\/figure><figure class='gallery-item'>\n\t\t\t<div class='gallery-icon landscape'>\n\t\t\t\t<a href='https:\/\/www.ecoitaliano.com.ar\/?attachment_id=12680'><img decoding=\"async\" width=\"98\" height=\"71\" src=\"https:\/\/www.ecoitaliano.com.ar\/wp-content\/uploads\/2020\/11\/123529504_751141548810908_5305284233120757335_n-2.png\" class=\"attachment-thumbnail size-thumbnail\" alt=\"\" \/><\/a>\n\t\t\t<\/div><\/figure>\n\t\t<\/div>\n\n","protected":false},"excerpt":{"rendered":"<p>Ufficio Stampa 17\/11\/2020 GOUNOD E RESPIGHI PER IL 12\u00b0 CONCERTO DELLA STAGIONE SINFONICA 2020 DI FONDAZIONE ARENA AL TEATRO FILARMONICO [&hellip;]<\/p>\n","protected":false},"author":1,"featured_media":0,"comment_status":"open","ping_status":"open","sticky":false,"template":"","format":"standard","meta":{"footnotes":""},"categories":[10,40],"tags":[],"class_list":["post-12676","post","type-post","status-publish","format-standard","hentry","category-italiano","category-serena-conduce-operaclassica"],"_links":{"self":[{"href":"https:\/\/www.ecoitaliano.com.ar\/index.php?rest_route=\/wp\/v2\/posts\/12676","targetHints":{"allow":["GET"]}}],"collection":[{"href":"https:\/\/www.ecoitaliano.com.ar\/index.php?rest_route=\/wp\/v2\/posts"}],"about":[{"href":"https:\/\/www.ecoitaliano.com.ar\/index.php?rest_route=\/wp\/v2\/types\/post"}],"author":[{"embeddable":true,"href":"https:\/\/www.ecoitaliano.com.ar\/index.php?rest_route=\/wp\/v2\/users\/1"}],"replies":[{"embeddable":true,"href":"https:\/\/www.ecoitaliano.com.ar\/index.php?rest_route=%2Fwp%2Fv2%2Fcomments&post=12676"}],"version-history":[{"count":0,"href":"https:\/\/www.ecoitaliano.com.ar\/index.php?rest_route=\/wp\/v2\/posts\/12676\/revisions"}],"wp:attachment":[{"href":"https:\/\/www.ecoitaliano.com.ar\/index.php?rest_route=%2Fwp%2Fv2%2Fmedia&parent=12676"}],"wp:term":[{"taxonomy":"category","embeddable":true,"href":"https:\/\/www.ecoitaliano.com.ar\/index.php?rest_route=%2Fwp%2Fv2%2Fcategories&post=12676"},{"taxonomy":"post_tag","embeddable":true,"href":"https:\/\/www.ecoitaliano.com.ar\/index.php?rest_route=%2Fwp%2Fv2%2Ftags&post=12676"}],"curies":[{"name":"wp","href":"https:\/\/api.w.org\/{rel}","templated":true}]}}