{"id":12728,"date":"2020-11-19T17:38:49","date_gmt":"2020-11-19T17:38:49","guid":{"rendered":"http:\/\/www.ecoitaliano.com.ar\/?p=12728"},"modified":"2020-11-19T17:38:49","modified_gmt":"2020-11-19T17:38:49","slug":"serena-conduce-operaclassica-eco-italiano-538","status":"publish","type":"post","link":"https:\/\/www.ecoitaliano.com.ar\/?p=12728","title":{"rendered":"Serena conduce Operaclassica Eco Italiano"},"content":{"rendered":"<p>&nbsp;<\/p>\n<p align=\"center\"><span style=\"font-family: Times New Roman, serif;\"><span style=\"font-size: x-large;\"><b>Teatro di San Carlo:<\/b><\/span><\/span><\/p>\n<p align=\"center\"><span style=\"font-family: Times New Roman, serif;\"><span style=\"font-size: x-large;\"><b>La programmazione in streaming di Dicembre 2020<\/b><\/span><\/span><\/p>\n<p align=\"center\"><span style=\"font-family: Times New Roman, serif;\"><span style=\"font-size: x-large;\"><b>Orchestra, Coro, Balletto e grandi voci della scena internazionale:<\/b><\/span><\/span><\/p>\n<p align=\"center\"><span style=\"font-family: Times New Roman, serif;\"><span style=\"font-size: x-large;\"><b>Elina Garan\u010da, Jonas Kaufmann, <\/b><\/span><\/span><span style=\"font-family: Times New Roman, serif;\"><span style=\"font-size: x-large;\"><b>Maria Agresta, Nadine Sierra, Ildar Abdrazakov, Pretty Yende, Xabier Anduaga,<\/b><\/span><\/span><\/p>\n<p align=\"center\"><span style=\"font-family: Times New Roman, serif;\"><span style=\"font-size: x-large;\"><b>Sul podio<\/b><\/span><\/span> <span style=\"font-family: Times New Roman, serif;\"><span style=\"font-size: x-large;\"><b>Juraj Val\u010duha e Giacomo Sagripanti<\/b><\/span><\/span><\/p>\n<p align=\"center\">\n<p><span style=\"font-family: Times New Roman, serif;\"><span style=\"font-size: large;\">Il Teatro di San Carlo coinvolge in un Progetto Streaming senza precedenti le grandi voci della lirica mondiale e lancia per il mese di dicembre un programma di respiro internazionale con concerti e danza con nomi del calibro di Elina Garan\u010da, Jonas Kaufmann Maria Agresta, Nadine Sierra, Ildar Abdrazakov, Pretty Yende, Xabier Anduaga.<\/span><\/span><\/p>\n<p align=\"justify\"><span style=\"font-family: Times New Roman, serif;\"><span style=\"font-size: large;\">Saranno rispettati, durante lo streaming online, tutti gli standard di sicurezza attraverso una nuova configurazione dello spazio, con la platea che sar\u00e0 occupata dall\u2019Orchestra, i palchi dagli artisti del Coro e il palcoscenico da grandi voci soliste o dagli artisti del Ballo. <\/span><\/span><\/p>\n<p align=\"justify\"><span style=\"font-family: Times New Roman, serif;\"><span style=\"font-size: large;\">Sono otto in tutto gli appuntamenti programmati in streaming che saranno trasmessi nel corso di tutto il mese di dicembre attraverso i canali social del Teatro.<\/span><\/span><\/p>\n<p align=\"justify\"><span style=\"font-family: Times New Roman, serif;\"><span style=\"font-size: large;\">Una programmazione resa possibile grazie al sostegno della Regione Campania, di Philippe Foriel-Destezet, Pastificio Di Martino e di tutti gli imprenditori di Concerto d\u2019Imprese che, compiendo un gesto di mecenatismo illuminato, non rinunciano a sostenere la cultura anche in un periodo caratterizzato dall\u2019 assenza forzata del pubblico a causa dell\u2019emergenza Covid. <\/span><\/span><\/p>\n<p align=\"justify\"><span style=\"font-family: Times New Roman, serif;\"><span style=\"font-size: large;\">Il cartellone on line prevede: <\/span><\/span><\/p>\n<ul>\n<li>\n<p align=\"justify\"><span style=\"font-family: Times New Roman, serif;\"><span style=\"font-size: large;\"><i><b>Cavalleria Rusticana<\/b><\/i><\/span><\/span><span style=\"font-family: Times New Roman, serif;\"><span style=\"font-size: large;\"> di Pietro Mascagni in forma di concerto con Juraj Val\u010duha sul podio impegnato a dirigere Orchestra, Coro del Teatro di San Carlo e un cast vocale che annovera due delle pi\u00f9 grandi voci del nostro tempo: <\/span><\/span><span style=\"font-family: Times New Roman, serif;\"><span style=\"font-size: large;\">Elina Garan\u010da (Santuzza) e Jonas Kaufmann (Turiddu), quest\u2019ultimo di nuovo al San Carlo dopo il grande successo dell\u2019Aida della scorsa estate in Piazza del Plebiscito. <\/span><\/span><span style=\"font-family: Times New Roman, serif;\"><span style=\"font-size: large;\"><i>Cavalleria rusticana<\/i><\/span><\/span><span style=\"font-family: Times New Roman, serif;\"><span style=\"font-size: large;\"> sar\u00e0 registrata marted\u00ec 1 dicembre e sar\u00e0 trasmessa in prima visione venerd\u00ec 4 dicembre sulla pagina Facebook del Teatro. <\/span><\/span><\/p>\n<\/li>\n<\/ul>\n<ul>\n<li>\n<p align=\"justify\"><a name=\"_Hlk56673933\"><\/a> <span style=\"font-family: Times New Roman, serif;\"><span style=\"font-size: large;\"><i><b>Gala Belcanto,<\/b><\/i><\/span><\/span><i> <\/i><span style=\"font-family: Times New Roman, serif;\"><span style=\"font-size: large;\">le pi\u00f9 belle arie del repertorio belcantistico interpretate da artisti di fama internazionale come Maria Agresta, Ildar Abdrazakov,Nadine Sierra, Pretty Yende, Xabier Anduaga, sotto la direzione di Giacomo Sagripanti. S<\/span><\/span><span style=\"font-family: Times New Roman, serif;\"><span style=\"font-size: large;\">aranno eseguiti\u00a0Arie, duetti e sinfonie di Mozart, Rossini, Bellini e Donizetti<\/span><\/span><span style=\"font-family: Times New Roman, serif;\"><span style=\"font-size: large;\">.<\/span><\/span><b> <\/b><\/p>\n<\/li>\n<\/ul>\n<ul>\n<li>\n<p align=\"justify\"><span style=\"font-family: Times New Roman, serif;\"><span style=\"font-size: large;\"><i><b>La Petite Messe solennelle<\/b><\/i><\/span><\/span><span style=\"font-family: Times New Roman, serif;\"><span style=\"font-size: large;\"> di Gioachino Rossini nella versione per soli, coro, due pianoforti e armonium, vedr\u00e0 protagonista il Coro del Teatro di San Carlo diretto da Gea Garatti Ansini.<\/span><\/span><\/p>\n<\/li>\n<\/ul>\n<ul>\n<li>\n<p align=\"justify\"><span style=\"font-family: Times New Roman, serif;\"><span style=\"font-size: large;\"><i><b>Le Quattro Stagioni<\/b><\/i><\/span><\/span> <span style=\"font-family: Times New Roman, serif;\"><span style=\"font-size: large;\">coreografia che Giuseppe Picone ha concepito per il Balletto del Teatro di San Carlo sui celebri Concerti di Antonio Vivaldi eseguiti dal vivo dall&#8217;Orchestra. <\/span><\/span><\/p>\n<\/li>\n<\/ul>\n<ul>\n<li>\n<p align=\"justify\"><span style=\"font-family: Times New Roman, serif;\"><span style=\"font-size: large;\"><i><b>Dalla Villanella alla Canzone Napoletana Classica<\/b><\/i><\/span><\/span><span style=\"font-family: Times New Roman, serif;\"><span style=\"font-size: large;\"> i classici della canzone napoletana interpretati dal Coro del Teatro di San Carlo diretto da Gea Garatti Ansini.<\/span><\/span><\/p>\n<\/li>\n<\/ul>\n<ul>\n<li>\n<p align=\"justify\"><span style=\"font-family: Times New Roman, serif;\"><span style=\"font-size: large;\">Il <\/span><\/span><span style=\"font-family: Times New Roman, serif;\"><span style=\"font-size: large;\"><i><b>Quartetto d\u2019archi del Teatro di San Carlo<\/b><\/i><\/span><\/span><i> <\/i><span style=\"font-family: Times New Roman, serif;\"><span style=\"font-size: large;\">composto da Cecilia Laca, Luigi Buonomo, Antonio Bossone, Luca Signorini eseguir\u00e0 <\/span><\/span><span style=\"font-family: Times New Roman, serif;\"><span style=\"font-size: large;\"><i>il Quartetto per archi n. 8 in do minore, op. 110<\/i><\/span><\/span><span style=\"font-family: Times New Roman, serif;\"><span style=\"font-size: large;\"> di Dmitrij \u0160ostakovi\u010d e il <\/span><\/span><span style=\"font-family: Times New Roman, serif;\"><span style=\"font-size: large;\"><i>Quartetto per archi n.4 in do minore, op. 18 <\/i><\/span><\/span><span style=\"font-family: Times New Roman, serif;\"><span style=\"font-size: large;\">di Ludwig van Beethoven. <\/span><\/span><\/p>\n<\/li>\n<\/ul>\n<ul>\n<li>\n<p align=\"justify\"><span style=\"font-family: Times New Roman, serif;\"><span style=\"font-size: large;\">Il <\/span><\/span><span style=\"font-family: Times New Roman, serif;\"><span style=\"font-size: large;\"><i><b>Concerto di Natale<\/b><\/i><\/span><\/span><span style=\"font-family: Times New Roman, serif;\"><span style=\"font-size: large;\"> diretto da Juraj Val\u010duha sar\u00e0 trasmesso da Rai 3 in data da definire. In programma musiche di Nino Rota (<\/span><\/span><span style=\"font-family: Times New Roman, serif;\"><span style=\"font-size: large;\"><i>Prova d\u2019Orchestra-Suite; La strada \u2013 Suite per orchestra)<\/i><\/span><\/span><span style=\"font-family: Times New Roman, serif;\"><span style=\"font-size: large;\">) Ottorino Respighi (<\/span><\/span><span style=\"font-family: Times New Roman, serif;\"><span style=\"font-size: large;\"><i>La boutique<\/i><\/span><\/span> <span style=\"font-family: Times New Roman, serif;\"><span style=\"font-size: large;\"><i>fantasque<\/i><\/span><\/span><span style=\"font-family: Times New Roman, serif;\"><span style=\"font-size: large;\">), Amilcare Ponchielli (<\/span><\/span><span style=\"font-family: Times New Roman, serif;\"><span style=\"font-size: large;\"><i>Elegia per grande orchestra<\/i><\/span><\/span><span style=\"font-family: Times New Roman, serif;\"><span style=\"font-size: large;\">).<\/span><\/span><\/p>\n<\/li>\n<\/ul>\n<ul>\n<li>\n<p align=\"justify\"><span style=\"font-family: Times New Roman, serif;\"><span style=\"font-size: large;\"><i><b>Gran Gala di Natale, <\/b><\/i><\/span><\/span><span style=\"font-family: Times New Roman, serif;\"><span style=\"font-size: large;\"><b>un gala di danza<\/b><\/span><\/span><span style=\"font-family: Times New Roman, serif;\"><span style=\"font-size: large;\"> che vedr\u00e0 i solisti, i primi ballerini e tutta la Compagnia del Massimo napoletano rallegrare il pubblico a casa attraverso grandi classici della danza <\/span><\/span><\/p>\n<\/li>\n<\/ul>\n<p align=\"justify\"><span style=\"font-family: Times New Roman, serif;\"><span style=\"font-size: large;\">Dopo mesi di programmazione on line gratuita, che ha fatto registrare, tra la scorsa primavera e il mese di novembre un numero importante di spettatori da ogni parte del mondo, il Teatro di San Carlo ha deciso di prevedere per la programmazione di dicembre un contributo simbolico di un euro. <\/span><\/span><\/p>\n<p align=\"justify\"><span style=\"font-family: Times New Roman, serif;\"><span style=\"font-size: large;\">Tutti i contenuti inediti saranno disponibili, attraverso i canali social del Teatro, per 7 giorni e al costo di 1 euro e, successivamente, saranno fruibili on demand al costo di 2,49 euro o 4,49 euro secondo lo spettacolo prescelto.<\/span><\/span><\/p>\n<p align=\"justify\"><a name=\"_Hlk56631162\"><\/a><\/p>\n<p align=\"justify\">\n<p><span style=\"font-size: medium;\"><i>Si ringrazia per il sostegno<\/i><\/span><\/p>\n<p>&nbsp;<\/p>\n<p><img decoding=\"async\" src=\"file:\/\/\/tmp\/lu18018p4afs3.tmp\/lu18018p4afsk_tmp_2f988cc2bc2e55f6.png\" width=\"133\" height=\"127\" name=\"Immagine 1\" align=\"bottom\" border=\"0\" \/> <img decoding=\"async\" src=\"file:\/\/\/tmp\/lu18018p4afs3.tmp\/lu18018p4afsk_tmp_820fd75530583e37.jpg\" width=\"121\" height=\"122\" name=\"Immagine 2\" align=\"bottom\" border=\"0\" \/><\/p>\n<p><span style=\"font-size: medium;\"><br \/>\nEvento programmato e finanziato dalla Regione Campania<\/span><\/p>\n<p>____________________________________________<\/p>\n<p><i>Special thanks<\/i><\/p>\n<p><img decoding=\"async\" src=\"file:\/\/\/tmp\/lu18018p4afs3.tmp\/lu18018p4afsk_tmp_9ed0ceebb6a08a5.jpg\" width=\"210\" height=\"63\" name=\"Immagine 3\" align=\"bottom\" border=\"0\" \/><\/p>\n<p>____________________________________________<\/p>\n<p><i>Sponsor<\/i><\/p>\n<p><img decoding=\"async\" src=\"file:\/\/\/tmp\/lu18018p4afs3.tmp\/lu18018p4afsk_tmp_5256c0e018dd243b.jpg\" width=\"135\" height=\"135\" name=\"Immagine 4\" align=\"bottom\" border=\"0\" \/><\/p>\n<p>____________________________________________<\/p>\n<p><img decoding=\"async\" src=\"file:\/\/\/tmp\/lu18018p4afs3.tmp\/lu18018p4afsk_tmp_75edc459fd7a4208.png\" width=\"652\" height=\"132\" name=\"Immagine 8\" align=\"bottom\" border=\"0\" \/><\/p>\n<p>&nbsp;<\/p>\n<p>&nbsp;<\/p>\n<p>&nbsp;<\/p>\n<p>&nbsp;<\/p>\n<p><span style=\"font-family: Times New Roman, serif;\"><i><b>Con preghiera di pubblicazione e\/o diffusione <\/b><\/i><\/span><\/p>\n<p><span style=\"font-family: Times New Roman, serif;\"><b>Rossana Russo, <\/b><\/span><\/p>\n<p><span style=\"font-family: Times New Roman, serif;\">Responsabile della Comunicazione Creativa e Strategica e Relazioni con la Stampa<\/span><\/p>\n<p><span style=\"font-family: Times New Roman, serif;\">r.russo@teatrosancarlo.it<\/span><\/p>\n<p><span style=\"font-family: Times New Roman, serif;\">cell 335 7431980<\/span><\/p>\n<p>&nbsp;<\/p>\n<p><span style=\"font-family: Times New Roman, serif;\"><b>Giulia Romito, <\/b><\/span><\/p>\n<p><span style=\"font-family: Times New Roman, serif;\">Comunicazione e Stampa <\/span><\/p>\n<p><span style=\"font-family: Times New Roman, serif;\">g.romito@teatrosancarlo.it 0817972301<\/span><\/p>\n","protected":false},"excerpt":{"rendered":"<p>&nbsp; Teatro di San Carlo: La programmazione in streaming di Dicembre 2020 Orchestra, Coro, Balletto e grandi voci della scena [&hellip;]<\/p>\n","protected":false},"author":1,"featured_media":0,"comment_status":"open","ping_status":"open","sticky":false,"template":"","format":"standard","meta":{"footnotes":""},"categories":[10,40],"tags":[],"class_list":["post-12728","post","type-post","status-publish","format-standard","hentry","category-italiano","category-serena-conduce-operaclassica"],"_links":{"self":[{"href":"https:\/\/www.ecoitaliano.com.ar\/index.php?rest_route=\/wp\/v2\/posts\/12728","targetHints":{"allow":["GET"]}}],"collection":[{"href":"https:\/\/www.ecoitaliano.com.ar\/index.php?rest_route=\/wp\/v2\/posts"}],"about":[{"href":"https:\/\/www.ecoitaliano.com.ar\/index.php?rest_route=\/wp\/v2\/types\/post"}],"author":[{"embeddable":true,"href":"https:\/\/www.ecoitaliano.com.ar\/index.php?rest_route=\/wp\/v2\/users\/1"}],"replies":[{"embeddable":true,"href":"https:\/\/www.ecoitaliano.com.ar\/index.php?rest_route=%2Fwp%2Fv2%2Fcomments&post=12728"}],"version-history":[{"count":0,"href":"https:\/\/www.ecoitaliano.com.ar\/index.php?rest_route=\/wp\/v2\/posts\/12728\/revisions"}],"wp:attachment":[{"href":"https:\/\/www.ecoitaliano.com.ar\/index.php?rest_route=%2Fwp%2Fv2%2Fmedia&parent=12728"}],"wp:term":[{"taxonomy":"category","embeddable":true,"href":"https:\/\/www.ecoitaliano.com.ar\/index.php?rest_route=%2Fwp%2Fv2%2Fcategories&post=12728"},{"taxonomy":"post_tag","embeddable":true,"href":"https:\/\/www.ecoitaliano.com.ar\/index.php?rest_route=%2Fwp%2Fv2%2Ftags&post=12728"}],"curies":[{"name":"wp","href":"https:\/\/api.w.org\/{rel}","templated":true}]}}