{"id":13085,"date":"2020-12-11T14:06:24","date_gmt":"2020-12-11T14:06:24","guid":{"rendered":"http:\/\/www.ecoitaliano.com.ar\/?p=13085"},"modified":"2020-12-11T14:06:24","modified_gmt":"2020-12-11T14:06:24","slug":"franco-pizzolla-ex-sindaco-di-bernalda-vittima-del-covid-lo-stimato-professionista-e-morto-ieri-nella-sua-citta-gemellata-con-laquila","status":"publish","type":"post","link":"https:\/\/www.ecoitaliano.com.ar\/?p=13085","title":{"rendered":"FRANCO PIZZOLLA, EX SINDACO DI BERNALDA, VITTIMA DEL COVID &#8211; Lo stimato professionista \u00e8 morto ieri nella sua citt\u00e0, gemellata con L\u2019Aquila"},"content":{"rendered":"<div id='gallery-1' class='gallery galleryid-13085 gallery-columns-3 gallery-size-thumbnail'><figure class='gallery-item'>\n\t\t\t<div class='gallery-icon portrait'>\n\t\t\t\t<a href='https:\/\/www.ecoitaliano.com.ar\/?attachment_id=13086'><img decoding=\"async\" width=\"150\" height=\"150\" src=\"https:\/\/www.ecoitaliano.com.ar\/wp-content\/uploads\/2020\/12\/Francis-Ford-Coppola-e-Francesco-Pizzolla-150x150.jpg\" class=\"attachment-thumbnail size-thumbnail\" alt=\"\" \/><\/a>\n\t\t\t<\/div><\/figure><figure class='gallery-item'>\n\t\t\t<div class='gallery-icon landscape'>\n\t\t\t\t<a href='https:\/\/www.ecoitaliano.com.ar\/?attachment_id=13087'><img decoding=\"async\" width=\"150\" height=\"150\" src=\"https:\/\/www.ecoitaliano.com.ar\/wp-content\/uploads\/2020\/12\/Franco-Pizzolla-e-Tullio-de-Rubeis-1985-150x150.jpg\" class=\"attachment-thumbnail size-thumbnail\" alt=\"\" \/><\/a>\n\t\t\t<\/div><\/figure><figure class='gallery-item'>\n\t\t\t<div class='gallery-icon landscape'>\n\t\t\t\t<a href='https:\/\/www.ecoitaliano.com.ar\/?attachment_id=13088'><img decoding=\"async\" width=\"150\" height=\"150\" src=\"https:\/\/www.ecoitaliano.com.ar\/wp-content\/uploads\/2020\/12\/1e-150x150.jpg\" class=\"attachment-thumbnail size-thumbnail\" alt=\"\" \/><\/a>\n\t\t\t<\/div><\/figure><figure class='gallery-item'>\n\t\t\t<div class='gallery-icon landscape'>\n\t\t\t\t<a href='https:\/\/www.ecoitaliano.com.ar\/?attachment_id=13089'><img decoding=\"async\" width=\"150\" height=\"150\" src=\"https:\/\/www.ecoitaliano.com.ar\/wp-content\/uploads\/2020\/12\/1c-150x150.jpg\" class=\"attachment-thumbnail size-thumbnail\" alt=\"\" \/><\/a>\n\t\t\t<\/div><\/figure><figure class='gallery-item'>\n\t\t\t<div class='gallery-icon landscape'>\n\t\t\t\t<a href='https:\/\/www.ecoitaliano.com.ar\/?attachment_id=13090'><img decoding=\"async\" width=\"150\" height=\"150\" src=\"https:\/\/www.ecoitaliano.com.ar\/wp-content\/uploads\/2020\/12\/Bernalda-il-Castello-e-la-chiesa-di-San-Bernardino-150x150.jpg\" class=\"attachment-thumbnail size-thumbnail\" alt=\"\" \/><\/a>\n\t\t\t<\/div><\/figure>\n\t\t<\/div>\n\n<p>&nbsp;<\/p>\n<p align=\"justify\"><span style=\"font-family: Times New Roman, serif;\"><span style=\"font-size: medium;\"><span style=\"color: #333333;\"><span style=\"font-family: Georgia, serif;\"><span style=\"font-size: small;\">11 dicembre 2020<\/span><\/span><\/span><\/span><\/span><\/p>\n<p align=\"center\"><span style=\"font-family: Times New Roman, serif;\"><span style=\"font-size: medium;\"><span style=\"font-family: Georgia, serif;\"><b>FRANCO PIZZOLLA, EX SINDACO DI BERNALDA, VITTIMA DEL COVID<\/b><\/span><\/span><\/span><\/p>\n<p align=\"center\"><span style=\"font-family: Times New Roman, serif;\"><span style=\"font-size: medium;\"><span style=\"font-family: Georgia, serif;\"><b>Lo stimato professionista \u00e8 morto ieri nella sua citt\u00e0, gemellata con L\u2019Aquila<\/b><\/span><\/span><\/span><\/p>\n<p align=\"center\"><span style=\"font-family: Times New Roman, serif;\"><span style=\"font-size: medium;\"><span style=\"color: #333333;\"><span style=\"font-family: Georgia, serif;\"><span style=\"font-size: small;\">di <\/span><\/span><\/span><span style=\"color: #333333;\"><span style=\"font-family: Georgia, serif;\"><span style=\"font-size: small;\"><b>Goffredo Palmerini<\/b><\/span><\/span><\/span><\/span><\/span><\/p>\n<p align=\"justify\"><a name=\"_GoBack\"><\/a> <span style=\"font-family: Times New Roman, serif;\"><span style=\"font-size: medium;\"><span style=\"font-family: Georgia, serif;\"><span style=\"font-size: small;\">L\u2019AQUILA \u2013 E\u2019 giunta ieri in tarda serata da amici di <\/span><\/span><span style=\"font-family: Georgia, serif;\"><span style=\"font-size: small;\"><b>Bernalda<\/b><\/span><\/span><span style=\"font-family: Georgia, serif;\"><span style=\"font-size: small;\"> la dolorosa notizia della morte di <\/span><\/span><span style=\"font-family: Georgia, serif;\"><span style=\"font-size: small;\"><b>Francesco Pizzolla<\/b><\/span><\/span><span style=\"font-family: Georgia, serif;\"><span style=\"font-size: small;\">, comunemente chiamato <\/span><\/span><span style=\"font-family: Georgia, serif;\"><span style=\"font-size: small;\"><b>Franco<\/b><\/span><\/span><span style=\"font-family: Georgia, serif;\"><span style=\"font-size: small;\">, spentosi a 77 anni in seguito al contagio da Coronavirus. E\u2019 stato <\/span><\/span><span style=\"font-family: Georgia, serif;\"><span style=\"font-size: small;\"><b>sindaco di Bernalda<\/b><\/span><\/span><span style=\"font-family: Georgia, serif;\"><span style=\"font-size: small;\">, cittadina in provincia di Matera gemellata con <\/span><\/span><span style=\"font-family: Georgia, serif;\"><span style=\"font-size: small;\"><b>L\u2019Aquila<\/b><\/span><\/span><span style=\"font-family: Georgia, serif;\"><span style=\"font-size: small;\">, dal 1985 al 1990, un amministratore di grande sensibilit\u00e0 e cultura di governo, una persona davvero perbene. A lui si deve la programmazione e la realizzazione di importanti progetti di valorizzazione della citt\u00e0 e del suo territorio che si espande fino al mare di <\/span><\/span><span style=\"font-family: Georgia, serif;\"><span style=\"font-size: small;\"><b>Metaponto<\/b><\/span><\/span><span style=\"font-family: Georgia, serif;\"><span style=\"font-size: small;\">. Proprio sul metapontino e sul suo sviluppo turistico, oltre al pregio delle produzioni agricole che connota quello splendido territorio definito \u201cCalifornia d\u2019Italia\u201d, si fond\u00f2 la sua rilevante azione amministrativa, che si nutriva di un solido ancoraggio ai valori cristiani e all\u2019azione politica della Dc che da essi traeva ispirazione. <\/span><\/span><\/span><\/span><\/p>\n<p align=\"justify\"><span style=\"font-family: Times New Roman, serif;\"><span style=\"font-size: medium;\"><span style=\"font-family: Georgia, serif;\"><span style=\"font-size: small;\"><b>Franco Pizzolla<\/b><\/span><\/span><span style=\"font-family: Georgia, serif;\"><span style=\"font-size: small;\"> promosse infatti un piano di opere pubbliche rilevante, con la valorizzazione del lungomare, con strutture sportive e di ricettivit\u00e0 culturale, con un programma organico che al potenziamento del turismo balneare associava il turismo culturale, imperniato sul cospicuo patrimonio di emergenze archeologiche magnogreche presenti nell\u2019area e nel relativo Museo. Assai <\/span><\/span><span style=\"font-family: Georgia, serif;\"><span style=\"font-size: small;\">ricche <\/span><\/span><span style=\"font-family: Georgia, serif;\"><span style=\"font-size: small;\">sono infatti <\/span><\/span><span style=\"font-family: Georgia, serif;\"><span style=\"font-size: small;\">le vestigia archeologiche di <\/span><\/span><span style=\"font-family: Georgia, serif;\"><span style=\"font-size: small;\"><i><b>Metapontum<\/b><\/i><\/span><\/span><span style=\"font-family: Georgia, serif;\"><span style=\"font-size: small;\">, uno dei pi\u00f9 importanti insediamenti della <\/span><\/span><span style=\"font-family: Georgia, serif;\"><span style=\"font-size: small;\"><b>Magna Grecia<\/b><\/span><\/span><span style=\"font-family: Georgia, serif;\"><span style=\"font-size: small;\">, edificato nel VI secolo a.C. dagli Achei del Peloponneso settentrionale, dove <\/span><\/span><span style=\"font-family: Georgia, serif;\"><span style=\"font-size: small;\"><b>Pitagora<\/b><\/span><\/span><span style=\"font-family: Georgia, serif;\"><span style=\"font-size: small;\"> port\u00f2 la sua scuola filosofica. Davvero una forte attrattiva per il turismo culturale. Vi si pu\u00f2 ammirare la bellezza delle Tavole Palatine e, nel Parco archeologico, il Teatro, i Templi di Hera e Apollo Licio, i santuari dedicati ad Artemide e Atena, la necropoli Crucinia. Nel Museo archeologico nazionale di <\/span><\/span><span style=\"font-family: Georgia, serif;\"><span style=\"font-size: small;\"><b>Metaponto<\/b><\/span><\/span><span style=\"font-family: Georgia, serif;\"><span style=\"font-size: small;\"> si conservano ricche testimonianze, dall\u2019et\u00e0 del Bronzo al periodo tardo antico, provenienti dagli scavi operati nella citt\u00e0 e nel territorio circostante<\/span><\/span><span style=\"font-family: Garamond, serif;\"><span style=\"font-size: small;\">. <\/span><\/span><\/span><\/span><\/p>\n<p align=\"justify\"><span style=\"font-size: medium;\"><span style=\"font-family: Georgia, serif;\"><span style=\"font-size: small;\"><b><span style=\"font-family: Times New Roman, serif;\">Franco Pizzolla<\/span><\/b><\/span><span style=\"font-size: small;\"> h<\/span><\/span><\/span><span style=\"font-size: medium;\"><span style=\"font-family: Georgia, serif;\"><span style=\"font-size: small;\">a poi valorizzato <\/span><span style=\"font-size: small;\"><b>Bernalda<\/b><\/span><span style=\"font-size: small;\"> anche attraverso i suoi figli migliori, in Italia e all\u2019estero. Basti citare il conferimento della cittadinanza onoraria al grande regista <\/span><span style=\"font-size: small;\"><b>Francis Ford Coppola<\/b><\/span><span style=\"font-size: small;\">, il cui nonno Agostino era emigrato negli <\/span><span style=\"font-size: small;\"><b>Stati Uniti<\/b><\/span><span style=\"font-size: small;\"> proprio da Bernalda, la citt\u00e0 d\u2019origine dove Francis con la figlia <\/span><span style=\"font-size: small;\"><b>Sofia<\/b><\/span><span style=\"font-size: small;\">, acquistando un antico palazzo, ha poi realizzato uno splendido Resort, riallacciando ancor meglio i legami con la terra dei propri avi. E\u2019 stato un bravo sindaco, <\/span><span style=\"font-size: small;\"><b>Franco Pizzolla<\/b><\/span><span style=\"font-size: small;\">, un valente professionista con un apprezzato studio tecnico di progettazione. <\/span><span style=\"font-size: small;\"><b>Un grande amico dell\u2019Aquila<\/b><\/span><span style=\"font-size: small;\">, dove conta ancora tante amicizie, coltivate con finezza e signorilit\u00e0. Anche chi scrive ha il privilegio di essergli amico, legato alla sua bella famiglia. Ne posso essere testimone, della sua gentilezza e attenzione. Non solo riscontrate nelle visite rese in tante occasioni, durante le vacanze estive della mia famiglia al mare di <\/span><span style=\"font-size: small;\"><b>Metaponto<\/b><\/span><span style=\"font-size: small;\">, ma soprattutto quando <\/span><span style=\"font-size: small;\"><b>Franco<\/b><\/span><span style=\"font-size: small;\"> e sua moglie <\/span><span style=\"font-size: small;\"><b>Rosanna<\/b><\/span><span style=\"font-size: small;\"> vennero a casa a trovarci, qualche mese dopo il terremoto che il 6 aprile 2009 aveva sconvolto <\/span><span style=\"font-size: small;\"><b>L\u2019Aquila<\/b><\/span><span style=\"font-size: small;\">. Vollero sincerarsi sulle condizioni dell\u2019Aquila e su come stava la mia famiglia venendo di persona. Un gesto di grande sensibilit\u00e0 e amicizia che non dimenticher\u00f2 mai. Ci siamo poi rivisti a <\/span><span style=\"font-size: small;\"><b>Bernalda<\/b><\/span><span style=\"font-size: small;\">, nel 2016, in occasione di un\u2019altra breve mia vacanza a Metaponto. Sono molto addolorato per la sua scomparsa, sono vicino alla sua famiglia, ai suoi figli e all\u2019intera comunit\u00e0 di <\/span><span style=\"font-size: small;\"><b>Bernalda<\/b><\/span><span style=\"font-size: small;\"> che perde uno dei suoi esponenti migliori. <\/span><\/span><\/span><\/p>\n<p align=\"justify\"><span style=\"font-family: Times New Roman, serif;\"><span style=\"font-size: medium;\"><span style=\"font-family: Georgia, serif;\"><span style=\"font-size: small;\">Vorrei raccontare brevemente come nacque il gemellaggio tra <\/span><\/span><span style=\"font-family: Georgia, serif;\"><span style=\"font-size: small;\"><b>Bernalda<\/b><\/span><\/span><span style=\"font-family: Georgia, serif;\"><span style=\"font-size: small;\"> e <\/span><\/span><span style=\"font-family: Georgia, serif;\"><span style=\"font-size: small;\"><b>L\u2019Aquila<\/b><\/span><\/span><span style=\"font-family: Georgia, serif;\"><span style=\"font-size: small;\"> e quale il ruolo che <\/span><\/span><span style=\"font-family: Georgia, serif;\"><span style=\"font-size: small;\"><b>Franco Pizzolla<\/b><\/span><\/span><span style=\"font-family: Georgia, serif;\"><span style=\"font-size: small;\"> ha avuto nel consolidare un\u2019amicizia ormai quarantennale tra le due citt\u00e0. Era sindaco dell\u2019Aquila <\/span><\/span><span style=\"font-family: Georgia, serif;\"><span style=\"font-size: small;\"><b>Tullio de Rubeis<\/b><\/span><\/span><span style=\"font-family: Georgia, serif;\"><span style=\"font-size: small;\"> \u2013 chi scrive era assessore \u2013 quando nel 1981 la citt\u00e0 di <\/span><\/span><span style=\"font-family: Georgia, serif;\"><span style=\"font-size: small;\"><b>Bernalda<\/b><\/span><\/span><span style=\"font-family: Georgia, serif;\"><span style=\"font-size: small;\">, che ha per patrono <\/span><\/span><span style=\"font-family: Georgia, serif;\"><span style=\"font-size: small;\"><b>San Bernardino da Siena<\/b><\/span><\/span><span style=\"font-family: Georgia, serif;\"><span style=\"font-size: small;\">, si gemell\u00f2 con <\/span><\/span><span style=\"font-family: Georgia, serif;\"><span style=\"font-size: small;\"><b>L\u2019Aquila<\/b><\/span><\/span><span style=\"font-family: Georgia, serif;\"><span style=\"font-size: small;\">, dove il santo \u2013 che della citt\u00e0 capoluogo d\u2019Abruzzo \u00e8 compatrono \u2013 il 20 maggio 1444 mor\u00ec e dove le sue spoglie incorrotte sono conservate nella splendida basilica rinascimentale a lui dedicata. Nel 1980, ricorrendo il sesto Centenario della nascita di San Bernardino, il Comune di Bernalda, guidato da <\/span><\/span><span style=\"font-family: Georgia, serif;\"><span style=\"font-size: small;\"><b>Cosimo Pizzolla<\/b><\/span><\/span><span style=\"font-family: Georgia, serif;\"><span style=\"font-size: small;\">, si era gemellato con <\/span><\/span><span style=\"font-family: Georgia, serif;\"><span style=\"font-size: small;\"><b>Siena<\/b><\/span><\/span><span style=\"font-family: Georgia, serif;\"><span style=\"font-size: small;\"> e con <\/span><\/span><span style=\"font-family: Georgia, serif;\"><span style=\"font-size: small;\"><b>Massa Marittima<\/b><\/span><\/span><span style=\"font-family: Georgia, serif;\"><span style=\"font-size: small;\">, quest\u2019ultima luogo di nascita del Santo. L\u2019anno del gemellaggio con <\/span><\/span><span style=\"font-family: Georgia, serif;\"><span style=\"font-size: small;\"><b>L\u2019Aquila<\/b><\/span><\/span><span style=\"font-family: Georgia, serif;\"><span style=\"font-size: small;\">, nella grande festa del Patrono che si tiene nella seconda met\u00e0 di agosto, and\u00f2 a rappresentare la Municipalit\u00e0 il vicesindaco <\/span><\/span><span style=\"font-family: Georgia, serif;\"><span style=\"font-size: small;\"><b>Giampiero Berti De Marinis<\/b><\/span><\/span><span style=\"font-family: Georgia, serif;\"><span style=\"font-size: small;\">. Negli anni che seguirono furono il consigliere comunale <\/span><\/span><span style=\"font-family: Georgia, serif;\"><span style=\"font-size: small;\"><b>Sergio Braccani<\/b><\/span><\/span><span style=\"font-family: Georgia, serif;\"><span style=\"font-size: small;\"> e chi scrive presenti in quell\u2019annuale ricorrenza a rappresentare L\u2019Aquila. Si ricorda ancora con emozione la <\/span><\/span><span style=\"font-family: Georgia, serif;\"><span style=\"font-size: small;\"><i>peregrinatio <\/i><\/span><\/span><span style=\"font-family: Georgia, serif;\"><span style=\"font-size: small;\">di San Bernardino, con l\u2019urna delle sacre spoglie del santo scortata dal francescano <\/span><\/span><span style=\"font-family: Georgia, serif;\"><span style=\"font-size: small;\"><b>Padre Casimiro Centi<\/b><\/span><\/span><span style=\"font-family: Georgia, serif;\"><span style=\"font-size: small;\"> sfilare su un carro trainato dai buoi lungo il percorso processionale che solca tutto il centro di Bernalda, dall\u2019antica chiesa dedicata al Patrono fino alla chiesa di San Donato, all\u2019altro capo della citt\u00e0. <\/span><\/span><\/span><\/span><\/p>\n<p align=\"justify\"><span style=\"font-family: Times New Roman, serif;\"><span style=\"font-size: medium;\"><span style=\"font-family: Georgia, serif;\"><span style=\"font-size: small;\">Ma fu nel 1985 che il rapporto di gemellaggio prese davvero il volo, con <\/span><\/span><span style=\"font-family: Georgia, serif;\"><span style=\"font-size: small;\"><b>Franco Pizzolla<\/b><\/span><\/span><span style=\"font-family: Georgia, serif;\"><span style=\"font-size: small;\"> da poco eletto sindaco. Nell\u2019agosto di quell\u2019anno ero andato ancora una volta a rappresentare la municipalit\u00e0. Si chiudeva il mandato dell\u2019amministrazione De Rubeis e dopo le elezioni di giugno ancora non si era costituita la nuova amministrazione (il nuovo sindaco <\/span><\/span><span style=\"font-family: Georgia, serif;\"><span style=\"font-size: small;\"><b>Enzo Lombardi<\/b><\/span><\/span><span style=\"font-family: Georgia, serif;\"><span style=\"font-size: small;\"> fu eletto a fine ottobre). Il giorno clou della festa del patrono a <\/span><\/span><span style=\"font-family: Georgia, serif;\"><span style=\"font-size: small;\"><b>Bernalda<\/b><\/span><\/span><span style=\"font-family: Georgia, serif;\"><span style=\"font-size: small;\">, il 24 agosto, <\/span><\/span><span style=\"font-family: Georgia, serif;\"><span style=\"font-size: small;\"><b>don Tullio de Rubeis<\/b><\/span><\/span><span style=\"font-family: Georgia, serif;\"><span style=\"font-size: small;\">, che il 23 sera aveva aperto le celebrazioni della <\/span><\/span><span style=\"font-family: Georgia, serif;\"><span style=\"font-size: small;\"><b>Perdonanza<\/b><\/span><\/span> <span style=\"font-family: Georgia, serif;\"><span style=\"font-size: small;\"><b>Celestiniana<\/b><\/span><\/span><span style=\"font-family: Georgia, serif;\"><span style=\"font-size: small;\">, partito in auto al mattino di buonora, era sceso a Bernalda per rendere personalmente omaggio alla citt\u00e0 gemellata. Nacque cos\u00ec una bella amicizia tra i due sindaci, coltivata negli anni successivi quando <\/span><\/span><span style=\"font-family: Georgia, serif;\"><span style=\"font-size: small;\"><b>Franco Pizzolla<\/b><\/span><\/span><span style=\"font-family: Georgia, serif;\"><span style=\"font-size: small;\"> veniva a L\u2019Aquila con la delegazione bernaldese per partecipare alla Perdonanza o il 20 maggio per la festa di San Bernardino, recando come i senesi l\u2019olio che alimenta la lampada nel mausoleo del Santo. Nel 1988, dopo la morte di <\/span><\/span><span style=\"font-family: Georgia, serif;\"><span style=\"font-size: small;\"><b>don Tullio<\/b><\/span><\/span> <span style=\"font-family: Georgia, serif;\"><span style=\"font-size: small;\"><b>de Rubeis<\/b><\/span><\/span><span style=\"font-family: Georgia, serif;\"><span style=\"font-size: small;\"> all\u2019et\u00e0 di 80 anni, il sindaco Pizzolla subito manifest\u00f2 l\u2019intenzione di dedicare all\u2019ex sindaco dell\u2019Aquila l\u2019intitolazione di una strada di Bernalda, a suggello dell\u2019amicizia tra le due citt\u00e0.<\/span><\/span><\/span><\/span><\/p>\n<p align=\"justify\"><span style=\"font-family: Times New Roman, serif;\"><span style=\"font-size: medium;\"><span style=\"font-family: Georgia, serif;\"><span style=\"font-size: small;\">Negli anni, dopo il forte impulso impresso da <\/span><\/span><span style=\"font-family: Georgia, serif;\"><span style=\"font-size: small;\"><b>Franco Pizzolla<\/b><\/span><\/span><span style=\"font-family: Georgia, serif;\"><span style=\"font-size: small;\">, l\u2019amicizia tra le due citt\u00e0 si \u00e8 cementata gradualmente con le amministrazioni guidate dai sindaci che gli sono succeduti: Nicola Dommarco, Angelo Tataranno, Nunzio Dibiase, Giuseppe Pesare, Giuseppe Patrocelli, Francesco A. Renna, Leonardo Chiruzzi, Domenico R. Tataranno, e dai sindaci dell\u2019Aquila succeduti a <\/span><\/span><span style=\"font-family: Georgia, serif;\"><span style=\"font-size: small;\"><b>Tullio de Rubeis<\/b><\/span><\/span><span style=\"font-family: Georgia, serif;\"><span style=\"font-size: small;\">: Enzo Lombardi, Maria Luisa Baldoni, Giuseppe Placidi, Antonio Centi, Biagio Tempesta, Massimo Cialente, Pierluigi Biondi. Il rapporto si \u00e8 consolidato fortemente, tanto che quest\u2019anno a <\/span><\/span><span style=\"font-family: Georgia, serif;\"><span style=\"font-size: small;\"><b>Bernalda <\/b><\/span><\/span><span style=\"font-family: Georgia, serif;\"><span style=\"font-size: small;\">si sarebbe dovuto celebrare il quarantennale con tutte le citt\u00e0 gemellate, con un convegno commemorativo al quale anche chi scrive era stato contattato per essere tra i relatori. Ma le opportune misure contro la pandemia ne hanno tuttavia consigliato il rinvio al prossimo anno. <\/span><\/span><\/span><\/span><\/p>\n<p align=\"justify\"><span style=\"font-family: Times New Roman, serif;\"><span style=\"font-size: medium;\"><span style=\"font-family: Georgia, serif;\"><span style=\"font-size: small;\">Molto appropriate, infine, le parole che l\u2019on. Giuseppe Molinari, gi\u00e0 deputato per due legislature per la circoscrizione Basilicata, ha espresso in ricordo di Franco Pizzolla: \u201c<\/span><\/span><span style=\"font-family: Georgia, serif;\"><span style=\"font-size: small;\"><i>Oggi, complice questo maledetto virus, \u00e8 stato strappato alla sua famiglia, ai suoi tanti amici, alla sua Bernalda di cui \u00e8 stato sindaco dal 1985 al 1990 un caro amico, Franco Pizzolla. Una bella persona con una grande passione per la politica, vero democristiano convinto, sempre attento a raccogliere le esigenze della popolazione di Bernalda-Metaponto ed allo sviluppo del Metapontino anche in una visione europea\u2026\u201d. <\/i><\/span><\/span><span style=\"font-family: Georgia, serif;\"><span style=\"font-size: small;\">Il giusto tributo in riconoscimento del valore dell\u2019uomo e del politico, del quale l\u2019intera comunit\u00e0 di Bernalda piange la scomparsa, ma anche da lontano si vive la tristezza di tale perdita.<\/span><\/span><\/span><\/span><\/p>\n","protected":false},"excerpt":{"rendered":"<p>&nbsp; 11 dicembre 2020 FRANCO PIZZOLLA, EX SINDACO DI BERNALDA, VITTIMA DEL COVID Lo stimato professionista \u00e8 morto ieri nella [&hellip;]<\/p>\n","protected":false},"author":1,"featured_media":0,"comment_status":"open","ping_status":"open","sticky":false,"template":"","format":"standard","meta":{"footnotes":""},"categories":[43,10],"tags":[],"class_list":["post-13085","post","type-post","status-publish","format-standard","hentry","category-historias","category-italiano"],"_links":{"self":[{"href":"https:\/\/www.ecoitaliano.com.ar\/index.php?rest_route=\/wp\/v2\/posts\/13085","targetHints":{"allow":["GET"]}}],"collection":[{"href":"https:\/\/www.ecoitaliano.com.ar\/index.php?rest_route=\/wp\/v2\/posts"}],"about":[{"href":"https:\/\/www.ecoitaliano.com.ar\/index.php?rest_route=\/wp\/v2\/types\/post"}],"author":[{"embeddable":true,"href":"https:\/\/www.ecoitaliano.com.ar\/index.php?rest_route=\/wp\/v2\/users\/1"}],"replies":[{"embeddable":true,"href":"https:\/\/www.ecoitaliano.com.ar\/index.php?rest_route=%2Fwp%2Fv2%2Fcomments&post=13085"}],"version-history":[{"count":0,"href":"https:\/\/www.ecoitaliano.com.ar\/index.php?rest_route=\/wp\/v2\/posts\/13085\/revisions"}],"wp:attachment":[{"href":"https:\/\/www.ecoitaliano.com.ar\/index.php?rest_route=%2Fwp%2Fv2%2Fmedia&parent=13085"}],"wp:term":[{"taxonomy":"category","embeddable":true,"href":"https:\/\/www.ecoitaliano.com.ar\/index.php?rest_route=%2Fwp%2Fv2%2Fcategories&post=13085"},{"taxonomy":"post_tag","embeddable":true,"href":"https:\/\/www.ecoitaliano.com.ar\/index.php?rest_route=%2Fwp%2Fv2%2Ftags&post=13085"}],"curies":[{"name":"wp","href":"https:\/\/api.w.org\/{rel}","templated":true}]}}