{"id":13310,"date":"2021-01-05T15:56:19","date_gmt":"2021-01-05T15:56:19","guid":{"rendered":"http:\/\/www.ecoitaliano.com.ar\/?p=13310"},"modified":"2021-01-05T15:56:19","modified_gmt":"2021-01-05T15:56:19","slug":"serena-conduce-operaclassica-eco-italiano-585","status":"publish","type":"post","link":"https:\/\/www.ecoitaliano.com.ar\/?p=13310","title":{"rendered":"Serena conduce Operaclassica Eco Italiano"},"content":{"rendered":"<p lang=\"x-none\" align=\"justify\"><span style=\"font-family: Calibri, serif;\">Ravello, 4<span lang=\"it-IT\"> gennaio <\/span>2021<\/span><\/p>\n<p align=\"center\"><span style=\"font-family: Roboto, serif;\"><span style=\"font-size: large;\"><b>Ravello Festival, Natale in streaming<\/b><\/span><\/span><\/p>\n<p align=\"center\"><span style=\"font-family: Roboto, serif;\"><span style=\"font-size: large;\"><b>i numeri premiano la qualit\u00e0 artistica ma soprattutto la musica <\/b><\/span><\/span><\/p>\n<p align=\"center\"><span style=\"font-family: Times New Roman, serif;\"><span style=\"color: #000000;\"><span style=\"font-family: Roboto, serif;\"><b>il 6 gennaio ultimo appuntamento con il Concerto dell\u2019Epifania<\/b><\/span><\/span><\/span><\/p>\n<p align=\"justify\"><a name=\"_GoBack\"><\/a> <span style=\"font-family: Roboto, serif;\">\u00c8 stato un grande successo il concerto di inizio anno organizzato dalla Fondazione Ravello e trasmesso live in streaming il 2 gennaio scorso. Oltre 276 mila le visualizzazioni dalla piattaforma Vimeo collegata al sito del Ravello Festival e al portale cuturale.campania.it. 500 mila le impression totali, 200 le condivisioni dal profilo Facebook della Fondazione guardato dagli appassionati della musica e dagli amici di Ravello in tutto il mondo (dati relativi alla prima visione). <\/span><\/p>\n<p align=\"justify\"><span style=\"font-family: Roboto, serif;\">Un successo di pubblico ottenuto anche grazie alla collaborazione del portale Ansa Cultura che ha trasmesso in contemporanea il concerto dell\u2019Orchestra Filarmonica del Teatro Verdi di Salerno diretto da <\/span><span style=\"font-family: Roboto, serif;\">Jordi Bern\u00e0cer <\/span><span style=\"font-family: Roboto, serif;\">nell\u2019ambito del piano editoriale a sostegno delle attivit\u00e0 delle principali istituzioni culturali italiane gravemente compromesse dalla pandemia.<\/span><\/p>\n<p align=\"justify\"><span style=\"font-family: Roboto, serif;\">Al concerto trasmesso dall\u2019Auditorium Oscar Niemeyer di Ravello ha partecipato una straordinaria Rosa Feola, il soprano appena reduce dal concerto di Venezia del giorno prima e, per la prima volta, protagonista di un intero atto de <\/span><span style=\"font-family: Roboto, serif;\"><i>La boh\u00e8me<\/i><\/span><span style=\"font-family: Roboto, serif;\">, nonch\u00e9 il tenore<\/span><span style=\"font-family: Roboto, serif;\"> Saimir Pirgu, affiancati da Daniela Cappiello e da Sergio Vitale<\/span><\/p>\n<p align=\"justify\"><span style=\"font-family: Roboto, serif;\">In uno dei pomeriggi in cui gli italiani, e non solo, sono stati costretti a stare a casa per le misure di contenimento sanitario, il concerto del nuovo anno della Fondazione Ravello \u00e8 stato dunque un eccezionale strumento di compagnia. Connessioni e commenti entusiastici da tutto il mondo a dimostrazione del forte richiamo che esercita l\u2019idea di Ravello amata e sognata a livello planetario. L\u2019enorme riscontro di pubblico ha confermato che Ravello non \u00e8 soltanto la cartolina straordinaria e struggente che tutti fotografiamo, ma \u00e8 &#8211; in un unicum inscindibile &#8211; la Citt\u00e0 della Musica, un luogo dove si organizza e si produce musica di qualit\u00e0, destinata, in ultima analisi, ad essere leva di promozione di un turismo di fascia alta ma al tempo stesso sostenibile.\u00a0<\/span><\/p>\n<p align=\"justify\"><span style=\"font-family: Roboto, serif;\">L\u2019ultimo appuntamento quello dell\u2019Epifania, (in diretta streaming <\/span><span style=\"font-family: Roboto, serif;\"><b>mercoled\u00ec 6 gennaio 2021 alle ore 17.30<\/b><\/span><span style=\"font-family: Roboto, serif;\">) avr\u00e0 protagonista un\u2019altra delle realt\u00e0 campane che si sta affermando nel panorama musicale nazionale: l\u2019<\/span><span style=\"font-family: Roboto, serif;\"><b>Orchestra Filarmonica di Benevento<\/b><\/span><span style=\"font-family: Roboto, serif;\"> che, tenuta a battesimo da Sir Antonio Pappano, proprio recentemente ha nominato sua direttrice artistica quella che senza dubbio \u00e8 oggi la figura pi\u00f9 in vista tra le nuove leve del concertismo italiano la pianista <\/span><span style=\"font-family: Roboto, serif;\"><b>Beatrice Rana<\/b><\/span><span style=\"font-family: Roboto, serif;\">. Musicista oramai decisamente affermata ai massimi livelli internazionali, la Rana, diretta da <\/span><span style=\"font-family: Roboto, serif;\"><b>Fabio Biondi<\/b><\/span><span style=\"font-family: Roboto, serif;\">, eseguir\u00e0 il <\/span><span style=\"font-family: Roboto, serif;\"><i>Concerto per pianoforte in Mi bemolle maggiore, K 271<\/i><\/span><span style=\"font-family: Roboto, serif;\">. Nel programma, tutto mozartiano, anche l\u2019Ouverture tratta da Lucio Silla e la <\/span><span style=\"font-family: Roboto, serif;\"><i>Sinfonia n. 36 in Do maggiore K 425 <\/i><\/span><span style=\"font-family: Roboto, serif;\">\u201cLinz\u201d.<\/span><\/p>\n<p align=\"justify\"><span style=\"font-family: Roboto, serif;\">Tutti gli eventi del cartellone sono disponibili alla visione in differita su <\/span><span style=\"color: #0000ff;\"><u><a href=\"http:\/\/www.ravellofestival.com\/\"><span style=\"font-family: Roboto, serif;\">www.ravellofestival.com<\/span><\/a><\/u><\/span><span style=\"font-family: Roboto, serif;\"> fino al 31 gennaio. <\/span><\/p>\n<p align=\"justify\"><a href=\"http:\/\/www.ecoitaliano.com.ar\/wp-content\/uploads\/2021\/01\/135741530_792312101350122_7234970182678609425_n.jpeg\"><img decoding=\"async\" class=\"alignnone size-full wp-image-13311\" src=\"http:\/\/www.ecoitaliano.com.ar\/wp-content\/uploads\/2021\/01\/135741530_792312101350122_7234970182678609425_n.jpeg\" alt=\"\" width=\"1500\" height=\"1000\" srcset=\"https:\/\/www.ecoitaliano.com.ar\/wp-content\/uploads\/2021\/01\/135741530_792312101350122_7234970182678609425_n.jpeg 1500w, https:\/\/www.ecoitaliano.com.ar\/wp-content\/uploads\/2021\/01\/135741530_792312101350122_7234970182678609425_n-300x200.jpeg 300w, https:\/\/www.ecoitaliano.com.ar\/wp-content\/uploads\/2021\/01\/135741530_792312101350122_7234970182678609425_n-768x512.jpeg 768w, https:\/\/www.ecoitaliano.com.ar\/wp-content\/uploads\/2021\/01\/135741530_792312101350122_7234970182678609425_n-1024x683.jpeg 1024w, https:\/\/www.ecoitaliano.com.ar\/wp-content\/uploads\/2021\/01\/135741530_792312101350122_7234970182678609425_n-150x100.jpeg 150w\" sizes=\"(max-width: 1500px) 100vw, 1500px\" \/><\/a><\/p>\n","protected":false},"excerpt":{"rendered":"<p>Ravello, 4 gennaio 2021 Ravello Festival, Natale in streaming i numeri premiano la qualit\u00e0 artistica ma soprattutto la musica il [&hellip;]<\/p>\n","protected":false},"author":1,"featured_media":0,"comment_status":"open","ping_status":"open","sticky":false,"template":"","format":"standard","meta":{"footnotes":""},"categories":[10,40],"tags":[],"class_list":["post-13310","post","type-post","status-publish","format-standard","hentry","category-italiano","category-serena-conduce-operaclassica"],"_links":{"self":[{"href":"https:\/\/www.ecoitaliano.com.ar\/index.php?rest_route=\/wp\/v2\/posts\/13310","targetHints":{"allow":["GET"]}}],"collection":[{"href":"https:\/\/www.ecoitaliano.com.ar\/index.php?rest_route=\/wp\/v2\/posts"}],"about":[{"href":"https:\/\/www.ecoitaliano.com.ar\/index.php?rest_route=\/wp\/v2\/types\/post"}],"author":[{"embeddable":true,"href":"https:\/\/www.ecoitaliano.com.ar\/index.php?rest_route=\/wp\/v2\/users\/1"}],"replies":[{"embeddable":true,"href":"https:\/\/www.ecoitaliano.com.ar\/index.php?rest_route=%2Fwp%2Fv2%2Fcomments&post=13310"}],"version-history":[{"count":0,"href":"https:\/\/www.ecoitaliano.com.ar\/index.php?rest_route=\/wp\/v2\/posts\/13310\/revisions"}],"wp:attachment":[{"href":"https:\/\/www.ecoitaliano.com.ar\/index.php?rest_route=%2Fwp%2Fv2%2Fmedia&parent=13310"}],"wp:term":[{"taxonomy":"category","embeddable":true,"href":"https:\/\/www.ecoitaliano.com.ar\/index.php?rest_route=%2Fwp%2Fv2%2Fcategories&post=13310"},{"taxonomy":"post_tag","embeddable":true,"href":"https:\/\/www.ecoitaliano.com.ar\/index.php?rest_route=%2Fwp%2Fv2%2Ftags&post=13310"}],"curies":[{"name":"wp","href":"https:\/\/api.w.org\/{rel}","templated":true}]}}