{"id":13330,"date":"2021-01-07T17:23:15","date_gmt":"2021-01-07T17:23:15","guid":{"rendered":"http:\/\/www.ecoitaliano.com.ar\/?p=13330"},"modified":"2021-01-07T17:39:04","modified_gmt":"2021-01-07T17:39:04","slug":"serena-conduce-operaclassica-eco-italiano-589","status":"publish","type":"post","link":"https:\/\/www.ecoitaliano.com.ar\/?p=13330","title":{"rendered":"Serena conduce Operaclassica Eco Italiano"},"content":{"rendered":"<p lang=\"it-IT\"><span style=\"font-family: Arial, sans-serif;\"><span style=\"font-size: small;\"><b>Ufficio Stampa<\/b><\/span><\/span><b> <\/b><span style=\"font-family: Arial, sans-serif;\"><span style=\"font-size: small;\"><b> 7\/01\/2021<\/b><\/span><\/span><\/p>\n<p class=\"western\" lang=\"it-IT\" align=\"center\"><span style=\"font-family: Calibri, sans-serif;\"><span style=\"font-size: x-large;\"><b>MOZART, dall\u2019Austria alla Russia<\/b><\/span><\/span><\/p>\n<p class=\"western\" lang=\"it-IT\" align=\"center\"><span style=\"font-family: Calibri, sans-serif;\"><b>1\u00b0 concerto Stagione Sinfonica 2021<\/b><\/span><\/p>\n<p class=\"western\" lang=\"it-IT\" align=\"center\"><img decoding=\"async\" src=\"file:\/\/\/tmp\/lu15273n44r1j.tmp\/lu15273n44r1u_tmp_6ec98819153c95d2.jpg\" width=\"512\" height=\"340\" name=\"Imagen1\" align=\"bottom\" border=\"0\" \/><\/p>\n<p class=\"western\" lang=\"it-IT\" align=\"center\"><span style=\"font-family: Calibri, sans-serif;\"><span style=\"font-size: xx-small;\">2020, Orchestra e Coro della Fondazione Arena di Verona al Teatro Filarmonico &#8211; Foto Ennevi<\/span><\/span><\/p>\n<p class=\"western\" lang=\"it-IT\" align=\"justify\"><a name=\"_Hlk60224038\"><\/a> <span style=\"font-family: Calibri, sans-serif;\"><b>Venerd\u00ec 8 gennaio alle 20.30 prende il via la Stagione Artistica 2021 al Teatro Filarmonico con un concerto che si inserisce in una serie di eventi in collaborazione con il Comune di Verona, Fondazione Cariverona e l\u2019Accademia Filarmonica di Verona e che hanno come filo conduttore il rapporto tra Mozart e la citt\u00e0 di Verona. <\/b><\/span><\/p>\n<p class=\"western\" lang=\"it-IT\" align=\"justify\"><span style=\"font-family: Calibri, sans-serif;\"><b>Il concerto, diretto da Francesco Ivan Ciampa, andr\u00e0 in onda su Telenuovo e sar\u00e0 trasmesso in streaming sui canali social di Fondazione Arena (Facebook, YouTube e sulla nuova webTV <\/b><\/span><span style=\"color: #0000ff;\"><u><a href=\"https:\/\/arenatv.uscreen.io\/\"><span style=\"font-family: Calibri, sans-serif;\"><b>arena.it\/tv<\/b><\/span><\/a><\/u><\/span><span style=\"font-family: Calibri, sans-serif;\"><b>) e di Fondazione Cariverona (Facebook, YouTube e <\/b><\/span><span style=\"color: #0000ff;\"><u><a href=\"http:\/\/www.fondazionecariverona.org\/mozart\"><span style=\"font-family: Calibri, sans-serif;\"><b>www.fondazionecariverona.org\/mozart<\/b><\/span><\/a><\/u><\/span><span style=\"font-family: Calibri, sans-serif;\"><b>) per raggiungere le case di tutti i veronesi \u2013 e non solo \u2013 con la nuova campagna <\/b><\/span><span style=\"color: #000000;\"><span style=\"font-family: Calibri, sans-serif;\"><i><b>Filarmonico aperto\u2026a casa tua<\/b><\/i><\/span><\/span><span style=\"font-family: Calibri, sans-serif;\"><b>. <\/b><\/span><\/p>\n<p class=\"western\" lang=\"it-IT\" align=\"justify\"><span style=\"font-family: Calibri, sans-serif;\"><span style=\"font-size: small;\">Gli ultimi mesi, nei quali siamo stati privati di tante libert\u00e0, sono stati al tempo stesso un\u2019occasione per riscoprire i significati autentici delle cose in una dimensione pi\u00f9 intima e per costruire nuovi tipi di relazioni.<\/span><\/span><\/p>\n<p class=\"western\" lang=\"it-IT\" align=\"justify\"><span style=\"font-family: Calibri, sans-serif;\"><span style=\"font-size: small;\"><b>La campagna di comunicazione di Fondazione Arena <\/b><\/span><\/span><span style=\"font-family: Calibri, sans-serif;\"><span style=\"font-size: small;\"><i><b>Filarmonico aperto\u2026a casa tua<\/b><\/i><\/span><\/span><b> <\/b><span style=\"font-family: Calibri, sans-serif;\"><span style=\"font-size: small;\">(video disponibile a questo link: <\/span><\/span><a href=\"https:\/\/we.tl\/t-Lq9SbDzxE6\"><span style=\"color: #409fff;\"><span style=\"font-family: Calibri, sans-serif;\"><span style=\"font-size: small;\"><u>https:\/\/we.tl\/t-Lq9SbDzxE6<\/u><\/span><\/span><\/span><u> <\/u><\/a><span style=\"font-family: Calibri, sans-serif;\"><span style=\"font-size: small;\">) <\/span><\/span><span style=\"font-family: Calibri, sans-serif;\"><span style=\"font-size: small;\"><b>ideata per la Stagione 2021<\/b><\/span><\/span> <span style=\"font-family: Calibri, sans-serif;\"><span style=\"font-size: small;\"><b>riflette il<\/b><\/span><\/span> <span style=\"font-family: Calibri, sans-serif;\"><span style=\"font-size: small;\"><b>significato etico e la spiccata connotazione sociale del Teatro<\/b><\/span><\/span><span style=\"font-family: Calibri, sans-serif;\"><span style=\"font-size: small;\"> che, ora pi\u00f9 che mai, si fa vicino al pubblico cercando di ridurre l\u2019inevitabile distanza fisica tra spettatori e protagonisti e lo fa <\/span><\/span><span style=\"font-family: Calibri, sans-serif;\"><span style=\"font-size: small;\"><b>dando voce e volti al Coro e all\u2019Orchestra areniani<\/b><\/span><\/span><span style=\"font-family: Calibri, sans-serif;\"><span style=\"font-size: small;\"> per portare la bellezza e l\u2019Arte nelle case e in quante pi\u00f9 realt\u00e0 possibili. <\/span><\/span><\/p>\n<p class=\"western\" lang=\"it-IT\" align=\"justify\"><span style=\"font-family: Calibri, sans-serif;\"><span style=\"font-size: small;\">Grazie al supporto dell\u2019ANFOLS, con il progetto \u201cAperti nonostante tutto\u201d sono state trovate forme alternative di diffusione di opere e concerti che sono cos\u00ec arrivati nelle case di un pubblico numerosissimo attraverso i social, la televisione e nuove e innovative piattaforme digitali. <\/span><\/span><\/p>\n<p class=\"western\" lang=\"it-IT\" align=\"justify\"><span style=\"font-family: Calibri, sans-serif;\"><span style=\"font-size: small;\">Ci\u00f2 che \u00e8 emerso in maniera intensa per\u00f2 \u00e8 che nulla potr\u00e0 sostituire il legame indissolubile tra chi fa musica e chi la ascolta e questo <\/span><\/span><span style=\"font-family: Calibri, sans-serif;\"><span style=\"font-size: small;\"><b>messaggio di unione e vicinanza si \u00e8 tradotto in una campagna che parla attraverso i suoi interpreti<\/b><\/span><\/span><span style=\"font-family: Calibri, sans-serif;\"><span style=\"font-size: small;\">, nell\u2019impegno e nella determinazione di tenere vivo il legame con il pubblico in attesa di riaprire al pi\u00f9 presto, in sicurezza, i Teatri. <\/span><\/span><\/p>\n<p class=\"western\" lang=\"it-IT\" align=\"center\">\uf065\uf066<\/p>\n<p class=\"western\" lang=\"it-IT\" align=\"justify\"><span style=\"font-family: Calibri, sans-serif;\"><span style=\"font-size: medium;\"><i>Mozart, dall\u2019Austria alla Russia <\/i><\/span><\/span><span style=\"font-family: Calibri, sans-serif;\"><span style=\"font-size: medium;\">\u00e8 il titolo del primo concerto della nuova Stagione Artistica, dedicato ad alcune delle composizioni pi\u00f9 celebri dell\u2019autore con uno sguardo all\u2019influenza della sua musica fino alla Russia di \u010cajkovskij ed \u00e8 inoltre <\/span><\/span><span style=\"font-family: Calibri, sans-serif;\"><span style=\"font-size: medium;\"><b>l\u2019appuntamento conclusivo della settimana di eventi dedicati a Mozart realizzata in collaborazione con il Comune di Verona, Fondazione Cariverona e l\u2019Accademia <\/b><\/span><\/span><span style=\"font-family: Calibri, sans-serif;\"><span style=\"font-size: small;\"><b>Filarmonica di Verona<\/b><\/span><\/span><span style=\"font-family: Calibri, sans-serif;\"><span style=\"font-size: small;\">, nel progetto di condivisione di risorse e competenze delle diverse Istituzioni a sostegno dello sviluppo culturale della citt\u00e0.<\/span><\/span><\/p>\n<p class=\"western\" lang=\"it-IT\" align=\"justify\"><span style=\"font-family: Calibri, sans-serif;\"><span style=\"font-size: small;\">Per questo appuntamento sinfonico il Maestro avellinese <\/span><\/span><span style=\"font-family: Calibri, sans-serif;\"><span style=\"font-size: small;\"><b>Francesco Ivan Ciampa<\/b><\/span><\/span><span style=\"font-family: Calibri, sans-serif;\"><span style=\"font-size: small;\"> torna a dirigere il Coro e l\u2019Orchestra areniani in un <\/span><\/span><span style=\"font-family: Calibri, sans-serif;\"><span style=\"font-size: small;\"><b>programma tutto all\u2019insegna di Mozart<\/b><\/span><\/span><span style=\"font-family: Calibri, sans-serif;\"><span style=\"font-size: small;\"> che si apre con due famose ouverture: la prima \u00e8 tratta dall\u2019ultima opera musicale mozartiana, <\/span><\/span><span style=\"font-family: Calibri, sans-serif;\"><span style=\"font-size: small;\"><i>La Clemenza di Tito<\/i><\/span><\/span><span style=\"font-family: Calibri, sans-serif;\"><span style=\"font-size: small;\">, composta a Praga nell\u2019agosto del 1791 e rappresentata il mese successivo durante i festeggiamenti per l\u2019incoronazione di Leopoldo II a re di Boemia, opera dalla controversa valutazione critica. Sempre nel 1791 viene messa in scena una delle opere pi\u00f9 celebri di Mozart, <\/span><\/span><span style=\"font-family: Calibri, sans-serif;\"><span style=\"font-size: small;\"><i>Il Flauto magico<\/i><\/span><\/span><span style=\"font-family: Calibri, sans-serif;\"><span style=\"font-size: small;\">, la cui overture presenta numerose analogie con la precedente poich\u00e9 in entrambe si manifesta tutto il sinfonismo dell\u2019ultimo Mozart con ricche espressioni contrappuntistiche inserite in formule pi\u00f9 decorative.<\/span><\/span><\/p>\n<p class=\"western\" lang=\"it-IT\" align=\"justify\"><span style=\"font-family: Calibri, sans-serif;\"><span style=\"font-size: small;\">Le due composizioni sono intervallate dall\u2019esecuzione della solenne <\/span><\/span><span style=\"font-family: Calibri, sans-serif;\"><span style=\"font-size: small;\"><i>Messa in do maggiore per soli coro e orchestra KV 257<\/i><\/span><\/span><span style=\"font-family: Calibri, sans-serif;\"><span style=\"font-size: small;\"> e conosciuta anche come\u00a0<\/span><\/span><span style=\"font-family: Calibri, sans-serif;\"><span style=\"font-size: small;\"><i>Credo-Messe<\/i><\/span><\/span><span style=\"font-family: Calibri, sans-serif;\"><span style=\"font-size: small;\">, composta nel novembre del 1776 su committenza del Principe-Arcivescovo di Salisburgo. La Messa si ricollega alla tradizione del\u00a0melos liederistico della\u00a0<\/span><\/span><span style=\"font-family: Calibri, sans-serif;\"><span style=\"font-size: small;\"><i>Landmesse<\/i><\/span><\/span><span style=\"font-family: Calibri, sans-serif;\"><span style=\"font-size: small;\">, genere conosciuto da Mozart attraverso gli studi delle opere di\u00a0Johann Michael Haydn, ricca di elementi popolari e per questa ragione non sempre apprezzata ed esplorata da tanti autori suoi contemporanei. La composizione, con il suo delicatissimo gusto liederistico, la rende il pezzo sacro mozartiano pi\u00f9 vicino a quelli di\u00a0Schubert; presenta una costruzione verticale permeata di una forte cantabilit\u00e0, ma al tempo stesso sempre pronta ad avvicinarsi allo stile italiano-galante. La solenne Messa, con protagonista il Coro preparato da Vito Lombardi, vedr\u00e0 esibirsi in veste di solisti il soprano <\/span><\/span><span style=\"font-family: Calibri, sans-serif;\"><span style=\"font-size: small;\"><b>Manuela Schenale<\/b><\/span><\/span><span style=\"font-family: Calibri, sans-serif;\"><span style=\"font-size: small;\">, il contralto <\/span><\/span><span style=\"font-family: Calibri, sans-serif;\"><span style=\"font-size: small;\"><b>Tamara Zandon\u00e0<\/b><\/span><\/span><span style=\"font-family: Calibri, sans-serif;\"><span style=\"font-size: small;\">, il tenore <\/span><\/span><span style=\"font-family: Calibri, sans-serif;\"><span style=\"font-size: small;\"><b>Antonino Scarbaci<\/b><\/span><\/span><span style=\"font-family: Calibri, sans-serif;\"><span style=\"font-size: small;\"> e il basso <\/span><\/span><span style=\"font-family: Calibri, sans-serif;\"><span style=\"font-size: small;\"><b>Valentino Perera<\/b><\/span><\/span><span style=\"font-family: Calibri, sans-serif;\"><span style=\"font-size: small;\">.<\/span><\/span><\/p>\n<p class=\"western\" lang=\"it-IT\" align=\"justify\"><span style=\"font-family: Calibri, sans-serif;\"><span style=\"font-size: small;\">La seconda parte del concerto invece opera un salto nello spazio e nel tempo fino alla Russia di fine Ottocento e alla produzione degli ultimi anni di \u010cajkovskij che, in occasione del centenario della composizione del <\/span><\/span><span style=\"color: #000000;\"><span style=\"font-family: Calibri, sans-serif;\"><span style=\"font-size: small;\"><i>Don Giovanni<\/i><\/span><\/span><\/span><span style=\"color: #000000;\"><span style=\"font-family: Calibri, sans-serif;\"><span style=\"font-size: small;\">, compone la <\/span><\/span><\/span><span style=\"font-family: Calibri, sans-serif;\"><span style=\"font-size: small;\"><i>Suite n. 4 op. 61 \u201cMozartiana\u201d<\/i><\/span><\/span><span style=\"font-family: Calibri, sans-serif;\"><span style=\"font-size: small;\">, rendendo esplicita la <\/span><\/span><span style=\"color: #000000;\"><span style=\"font-family: Calibri, sans-serif;\"><span style=\"font-size: small;\">sua profonda venerazione per il genio di Salisburgo. La prima esecuzione avviene a Mosca il 26 novembre 1887, diretta dall\u2019autore stesso, che in quell\u2019occasione offre in lettura al pubblico una breve prefazione riportata sulla partitura, dove esprime l\u2019intento di riproporre nella prassi esecutiva quel repertorio mozartiano meno noto, ma sempre ricco di inarrivabile bellezza. <\/span><\/span><\/span><\/p>\n<p class=\"western\" lang=\"it-IT\" align=\"justify\"><span style=\"color: #000000;\"><span style=\"font-family: Calibri, sans-serif;\"><span style=\"font-size: small;\">Gli eventi conclusivi del 2020, gli attesi <\/span><\/span><\/span><span style=\"color: #000000;\"><span style=\"font-family: Calibri, sans-serif;\"><span style=\"font-size: small;\"><b>concerti di Natale e Capodanno, hanno registrato rispettivamente oltre 3.300 e 3.500 visualizzazioni sul canale YouTube<\/b><\/span><\/span><\/span><span style=\"color: #000000;\"><span style=\"font-family: Calibri, sans-serif;\"><span style=\"font-size: small;\">, mentre la <\/span><\/span><\/span><span style=\"color: #000000;\"><span style=\"font-family: Calibri, sans-serif;\"><span style=\"font-size: small;\"><b>webTV ha visto collegati pi\u00f9 di 2.400 utenti per ciascuno spettacolo<\/b><\/span><\/span><\/span><span style=\"color: #000000;\"><span style=\"font-family: Calibri, sans-serif;\"><span style=\"font-size: small;\">, a dimostrazione dell\u2019apprezzamento dell\u2019offerta artistica e dell\u2019affetto del pubblico per l\u2019attivit\u00e0 del proprio Teatro, segnali molto incoraggianti anche per l\u2019avvio della nuova Stagione Artistica.<\/span><\/span><\/span><\/p>\n<p class=\"western\" lang=\"it-IT\" align=\"justify\"><span style=\"color: #000000;\"><span style=\"font-family: Calibri, sans-serif;\"><span style=\"font-size: small;\">Il concerto <\/span><\/span><\/span><span style=\"color: #000000;\"><span style=\"font-family: Calibri, sans-serif;\"><span style=\"font-size: small;\"><i>Mozart, dall\u2019Austria alla Russia<\/i><\/span><\/span><\/span><span style=\"color: #000000;\"><span style=\"font-family: Calibri, sans-serif;\"><span style=\"font-size: small;\"> sar\u00e0 disponibile da <\/span><\/span><\/span><span style=\"color: #000000;\"><span style=\"font-family: Calibri, sans-serif;\"><span style=\"font-size: small;\"><b>venerd\u00ec 8 gennaio alle 20.30 sulla<\/b><\/span><\/span><\/span> <span style=\"color: #000000;\"><span style=\"font-family: Calibri, sans-serif;\"><span style=\"font-size: small;\"><b>webTV <\/b><\/span><\/span><\/span><span style=\"color: #0000ff;\"><u><a href=\"https:\/\/arenatv.uscreen.io\/\"><span style=\"font-family: Calibri, sans-serif;\"><span style=\"font-size: small;\"><b>arena.it\/tv<\/b><\/span><\/span><\/a><\/u><\/span><span style=\"font-family: Calibri, sans-serif;\"><span style=\"font-size: small;\"><b> e su YouTube<\/b><\/span><\/span><span style=\"font-family: Calibri, sans-serif;\"><span style=\"font-size: small;\">,<\/span><\/span><span style=\"font-family: Calibri, sans-serif;\"><span style=\"font-size: small;\"><b> mentre sabato 9 alle 15.00 trasmesso su Facebook e in chiaro su Telenuovo<\/b><\/span><\/span> <span style=\"color: #000000;\"><span style=\"font-family: Calibri, sans-serif;\"><span style=\"font-size: small;\">(canale 11). <\/span><\/span><\/span><\/p>\n<p class=\"western\" lang=\"it-IT\" align=\"justify\"><span style=\"color: #000000;\"><span style=\"font-family: Calibri, sans-serif;\"><span style=\"font-size: small;\">Questo primo appuntamento, che termina le iniziative mozartiane 2021, sar\u00e0 infine veicolato anche da <\/span><\/span><\/span><span style=\"font-family: Calibri, sans-serif;\"><span style=\"font-size: small;\"><b>Fondazione Cariverona sui suoi canali social Facebook, YouTube e <\/b><\/span><\/span><span style=\"color: #0000ff;\"><u><a href=\"http:\/\/www.fondazionecariverona.org\/mozart\"><span style=\"font-family: Calibri, sans-serif;\"><span style=\"font-size: small;\"><b>www.fondazionecariverona.org\/mozart<\/b><\/span><\/span><\/a><\/u><\/span><span style=\"font-family: Calibri, sans-serif;\"><span style=\"font-size: small;\"><b>.<\/b><\/span><\/span><\/p>\n<p class=\"western\" lang=\"it-IT\" align=\"justify\"><span style=\"font-family: Calibri, sans-serif;\"><span style=\"font-size: small;\"><b>Informazioni<\/b><\/span><\/span><\/p>\n<p class=\"western\" lang=\"it-IT\"><span style=\"font-family: Calibri, sans-serif;\"><span style=\"font-size: small;\"><b>Ufficio Stampa Fondazione Arena di Verona <\/b><\/span><\/span><span style=\"font-family: Calibri, sans-serif;\"><span style=\"font-size: small;\">\u2013 Via Roma 7\/D, 37121 Verona<\/span><\/span><\/p>\n<p class=\"western\" lang=\"it-IT\"><span style=\"font-family: Calibri, sans-serif;\"><span style=\"font-size: small;\"><span lang=\"en-US\">tel. (+39) 045 805.1861-1905-1891 <\/span><\/span><\/span><\/p>\n<p class=\"western\" lang=\"it-IT\"><a href=\"mailto:ufficio.stampa@arenadiverona.it\"><span style=\"color: #0000ff;\"><span style=\"font-family: Calibri, sans-serif;\"><span style=\"font-size: small;\"><span lang=\"en-US\"><u>ufficio.stampa@arenadiverona.it<\/u><\/span><\/span><\/span><\/span><\/a><span style=\"font-family: Calibri, sans-serif;\"><span style=\"font-size: small;\"><span lang=\"en-US\"> \u2013 <\/span><\/span><\/span><a href=\"http:\/\/www.arena.it\/\"><span style=\"color: #0000ff;\"><span style=\"font-family: Calibri, sans-serif;\"><span style=\"font-size: small;\"><span lang=\"en-US\"><u>www.arena.it<\/u><\/span><\/span><\/span><\/span><\/a><\/p>\n<p class=\"western\" lang=\"it-IT\"><span style=\"font-family: Calibri, sans-serif;\"><span style=\"font-size: small;\"><u><b>Biglietteria Arena di Verona<\/b><\/u><\/span><\/span><\/p>\n<p class=\"western\" lang=\"it-IT\"><span style=\"font-family: Calibri, sans-serif;\"><span style=\"font-size: small;\">Via Dietro Anfiteatro 6\/b, 37121 Verona <\/span><\/span><\/p>\n<p class=\"western\" lang=\"it-IT\"><span style=\"font-family: Calibri, sans-serif;\"><span style=\"font-size: small;\">Tel. 045 596517 &#8211; Fax 045 8013287<\/span><\/span><\/p>\n<p class=\"western\" lang=\"it-IT\"><span style=\"font-family: Calibri, sans-serif;\"><span style=\"font-size: small;\">Call center 045 8005151 <\/span><\/span><span style=\"font-family: Calibri, sans-serif;\"><span style=\"font-size: small;\">&#8211; Punti di prevendita <\/span><\/span><span style=\"color: #0000ff;\"><u><a href=\"http:\/\/www.geticket.it\/it-IT\/punti_venditait.html\"><span style=\"font-family: Calibri, sans-serif;\"><span style=\"font-size: small;\">Geticket<\/span><\/span><\/a><\/u><\/span><\/p>\n<p class=\"western\" lang=\"it-IT\"><span style=\"font-family: Calibri, sans-serif;\"><span style=\"font-size: small;\"><i>Orari<\/i><\/span><\/span><\/p>\n<p class=\"western\" lang=\"it-IT\"><a name=\"_Hlk58665939\"><\/a> <span style=\"font-family: Calibri, sans-serif;\"><span style=\"font-size: small;\">da luned\u00ec a venerd\u00ec 10:30-16:00 <\/span><\/span><\/p>\n<p class=\"western\" lang=\"it-IT\"><span style=\"font-family: Calibri, sans-serif;\"><span style=\"font-size: small;\">sabato 09:15-12:45<\/span><\/span><\/p>\n<p class=\"western\" lang=\"it-IT\" align=\"justify\"><a href=\"mailto:biglietteria@arenadiverona.it\"><span style=\"color: #0000ff;\"><span style=\"font-family: Calibri, sans-serif;\"><span style=\"font-size: small;\"><u>biglietteria@arenadiverona.it<\/u><\/span><\/span><\/span><\/a><span style=\"font-family: Calibri, sans-serif;\"><span style=\"font-size: small;\"> \u2013 <\/span><\/span><a href=\"http:\/\/www.arena.it\/\"><span style=\"color: #0000ff;\"><span style=\"font-family: Calibri, sans-serif;\"><span style=\"font-size: small;\"><u>www.arena.it<\/u><\/span><\/span><\/span><\/a><\/p>\n<p class=\"western\" lang=\"it-IT\" align=\"center\">\uf065\uf066<\/p>\n<p class=\"western\" lang=\"it-IT\"><span style=\"color: #0070c0;\"><span style=\"font-family: Calibri, sans-serif;\"><span style=\"font-size: small;\"><b>8 gennaio ore 20.30 \u00b7<\/b><\/span><\/span><\/span> <span style=\"color: #0070c0;\"><span style=\"font-family: Calibri, sans-serif;\"><span style=\"font-size: small;\"><b>WEBTV E YOUTUBE <\/b><\/span><\/span><\/span><\/p>\n<p class=\"western\" lang=\"it-IT\"><span style=\"color: #0070c0;\"><span style=\"font-family: Calibri, sans-serif;\"><span style=\"font-size: small;\"><b>9 gennaio ore 15.00 \u00b7<\/b><\/span><\/span><\/span> <span style=\"color: #0070c0;\"><span style=\"font-family: Calibri, sans-serif;\"><span style=\"font-size: small;\"><b>FACEBOOK | TELENUOVO<\/b><\/span><\/span><\/span><\/p>\n<p class=\"western\" lang=\"it-IT\"><span style=\"font-family: Calibri, sans-serif;\"><span style=\"font-size: large;\"><b>Mozart, dall\u2019Austria alla Russia<\/b><\/span><\/span><\/p>\n<p class=\"western\" lang=\"it-IT\"><span style=\"font-family: Calibri, sans-serif;\"><b>Francesco Ivan Ciampa<\/b><\/span><span style=\"font-family: Calibri, sans-serif;\">\u00a0Direttore<\/span><\/p>\n<p class=\"western\" lang=\"it-IT\"><span style=\"color: #000000;\"><span style=\"font-family: Calibri, sans-serif;\"><span style=\"font-size: small;\"><b>Manuela Schenale<\/b><\/span><\/span><\/span><span style=\"color: #000000;\"><span style=\"font-family: Calibri, sans-serif;\"><span style=\"font-size: small;\"> Soprano | <\/span><\/span><\/span><span style=\"color: #000000;\"><span style=\"font-family: Calibri, sans-serif;\"><span style=\"font-size: small;\"><b>Tamara Zandon\u00e0 <\/b><\/span><\/span><\/span><span style=\"font-family: Calibri, sans-serif;\"><span style=\"font-size: small;\">Contralto<\/span><\/span><\/p>\n<p class=\"western\" lang=\"it-IT\"><span style=\"color: #000000;\"><span style=\"font-family: Calibri, sans-serif;\"><span style=\"font-size: small;\"><b>Antonino Scarbaci<\/b><\/span><\/span><\/span><span style=\"color: #000000;\"><span style=\"font-family: Calibri, sans-serif;\"><span style=\"font-size: small;\"> Tenore | <\/span><\/span><\/span><span style=\"color: #000000;\"><span style=\"font-family: Calibri, sans-serif;\"><span style=\"font-size: small;\"><b>Valentino Perera<\/b><\/span><\/span><\/span><span style=\"color: #000000;\"><span style=\"font-family: Calibri, sans-serif;\"><span style=\"font-size: small;\"> Basso<\/span><\/span><\/span><\/p>\n<p class=\"western\" lang=\"it-IT\"><span style=\"font-family: Calibri, sans-serif;\"><span style=\"font-size: small;\">Wolfgang Amadeus Mozart<\/span><\/span><\/p>\n<p class=\"western\" lang=\"it-IT\"><span style=\"font-family: Calibri, sans-serif;\"><span style=\"font-size: small;\"><i>Ouverture<\/i><\/span><\/span><span style=\"font-family: Calibri, sans-serif;\"><span style=\"font-size: small;\">, da <\/span><\/span><span style=\"font-family: Calibri, sans-serif;\"><span style=\"font-size: small;\"><i>La Clemenza di Tito<\/i><\/span><\/span><\/p>\n<p class=\"western\" lang=\"it-IT\"><span style=\"font-family: Calibri, sans-serif;\"><span style=\"font-size: small;\"><i>Messa in do maggiore per soli coro e orchestra KV 257<\/i><\/span><\/span><\/p>\n<p class=\"western\" lang=\"it-IT\"><span style=\"font-family: Calibri, sans-serif;\"><span style=\"font-size: small;\"><i>Ouverture<\/i><\/span><\/span><span style=\"font-family: Calibri, sans-serif;\"><span style=\"font-size: small;\">, da <\/span><\/span><span style=\"font-family: Calibri, sans-serif;\"><span style=\"font-size: small;\"><i>Il Flauto magico<\/i><\/span><\/span><\/p>\n<p class=\"western\" lang=\"it-IT\"><span style=\"font-family: Calibri, sans-serif;\"><span style=\"font-size: small;\">P\u00ebtr Il&#8217;i\u010d\u00a0\u010cajkovskij <\/span><\/span><\/p>\n<p class=\"western\" lang=\"it-IT\"><span style=\"font-family: Calibri, sans-serif;\"><span style=\"font-size: small;\"><i>Suite n. 4 op. 61 \u201cMozartiana\u201d<\/i><\/span><\/span><\/p>\n<p class=\"western\" lang=\"it-IT\"><span style=\"font-family: Calibri, sans-serif;\"><span style=\"font-size: small;\"><b>ORCHESTRA E CORO DELLA FONDAZIONE ARENA DI VERONA<\/b><\/span><\/span><\/p>\n<p class=\"western\" lang=\"it-IT\"><span style=\"font-family: Calibri, sans-serif;\"><span style=\"font-size: small;\">Maestro del Coro<\/span><\/span><span style=\"font-family: Calibri, sans-serif;\"><span style=\"font-size: small;\"><b> Vito Lombardi<\/b><\/span><\/span><\/p>\n<div id='gallery-1' class='gallery galleryid-13330 gallery-columns-3 gallery-size-thumbnail'><figure class='gallery-item'>\n\t\t\t<div class='gallery-icon landscape'>\n\t\t\t\t<a href='https:\/\/www.ecoitaliano.com.ar\/?attachment_id=13156'><img decoding=\"async\" width=\"114\" height=\"72\" src=\"https:\/\/www.ecoitaliano.com.ar\/wp-content\/uploads\/2020\/12\/131927010_718868982378524_4357241344347770625_n.png\" class=\"attachment-thumbnail size-thumbnail\" alt=\"\" \/><\/a>\n\t\t\t<\/div><\/figure><figure class='gallery-item'>\n\t\t\t<div class='gallery-icon landscape'>\n\t\t\t\t<a href='https:\/\/www.ecoitaliano.com.ar\/?attachment_id=13155'><img decoding=\"async\" width=\"104\" height=\"76\" src=\"https:\/\/www.ecoitaliano.com.ar\/wp-content\/uploads\/2020\/12\/131928195_695555254497129_4719234764386434304_n.png\" class=\"attachment-thumbnail size-thumbnail\" alt=\"\" \/><\/a>\n\t\t\t<\/div><\/figure>\n\t\t<\/div>\n\n<p><a href=\"http:\/\/www.ecoitaliano.com.ar\/wp-content\/uploads\/2021\/01\/canvas_opt.png\"><img decoding=\"async\" class=\"alignnone size-full wp-image-13334\" src=\"http:\/\/www.ecoitaliano.com.ar\/wp-content\/uploads\/2021\/01\/canvas_opt.png\" alt=\"\" width=\"400\" height=\"572\" srcset=\"https:\/\/www.ecoitaliano.com.ar\/wp-content\/uploads\/2021\/01\/canvas_opt.png 400w, https:\/\/www.ecoitaliano.com.ar\/wp-content\/uploads\/2021\/01\/canvas_opt-210x300.png 210w, https:\/\/www.ecoitaliano.com.ar\/wp-content\/uploads\/2021\/01\/canvas_opt-105x150.png 105w\" sizes=\"(max-width: 400px) 100vw, 400px\" \/><\/a><\/p>\n<p align=\"center\"><span style=\"font-family: 'Calibri', serif;\"><span style=\"font-size: medium;\"><span lang=\"it-IT\"><b>MOZART, dall\u2019Austria alla Russia<\/b><\/span><\/span><\/span><\/p>\n<p align=\"center\"><span style=\"font-family: 'Calibri', serif;\"><span style=\"font-size: medium;\"><span lang=\"it-IT\"><b>1\u00b0 concerto Stagione Sinfonica 2021<\/b><\/span><\/span><\/span><\/p>\n<p align=\"center\"><span style=\"font-family: 'Calibri', serif;\"><span style=\"font-size: medium;\"><span lang=\"it-IT\">2020, Orchestra e Coro della Fondazione Arena di Verona al Teatro Filarmonico &#8211; Foto Ennevi<\/span><\/span><\/span><\/p>\n<p><a name=\"BM__Hlk60224038\"><\/a> <span style=\"font-family: 'Calibri', serif;\"><span style=\"font-size: medium;\"><span lang=\"it-IT\"><b>Venerd\u00ec 8 gennaio alle 20.30 prende il via la Stagione Artistica 2021 al Teatro Filarmonico con un concerto che si inserisce in una serie di eventi in collaborazione con il Comune di Verona, Fondazione Cariverona e l\u2019Accademia Filarmonica di Verona e che hanno come filo conduttore il rapporto tra Mozart e la citt\u00e0 di Verona.\u00a0 <\/b><\/span><\/span><\/span><\/p>\n<p><span style=\"font-family: 'Calibri', serif;\"><span style=\"font-size: medium;\"><span lang=\"it-IT\"><b>Il concerto, diretto da Francesco Ivan Ciampa, andr\u00e0 in onda su Telenuovo e sar\u00e0 trasmesso in streaming sui canali social di Fondazione Arena (Facebook, YouTube e sulla nuova webTV <\/b><\/span><\/span><\/span><a href=\"https:\/\/arenatv.uscreen.io\/\"><span style=\"color: #0000ff;\"><span style=\"font-family: 'Calibri', serif;\"><span style=\"font-size: medium;\"><span lang=\"it-IT\"><u><b>arena.it\/tv<\/b><\/u><\/span><\/span><\/span><\/span><\/a><span style=\"font-family: 'Calibri', serif;\"><span style=\"font-size: medium;\"><span lang=\"it-IT\"><b>) e di Fondazione Cariverona (Facebook, YouTube e <\/b><\/span><\/span><\/span><a href=\"http:\/\/www.fondazionecariverona.org\/mozart\"><span style=\"color: #0000ff;\"><span style=\"font-family: 'Calibri', serif;\"><span style=\"font-size: medium;\"><span lang=\"it-IT\"><u><b>www.fondazionecariverona.org\/mozart<\/b><\/u><\/span><\/span><\/span><\/span><\/a><span style=\"font-family: 'Calibri', serif;\"><span style=\"font-size: medium;\"><span lang=\"it-IT\"><b>) per raggiungere le case di tutti i veronesi \u2013 e non solo \u2013 con la nuova campagna <\/b><\/span><\/span><\/span><span style=\"font-family: 'Calibri', serif;\"><span style=\"font-size: medium;\"><span lang=\"it-IT\"><i><b>Filarmonico aperto\u2026a casa tua<\/b><\/i><\/span><\/span><\/span><span style=\"font-family: 'Calibri', serif;\"><span style=\"font-size: medium;\"><span lang=\"it-IT\"><b>. <\/b><\/span><\/span><\/span><\/p>\n<p>&nbsp;<\/p>\n<p><span style=\"font-family: 'Calibri', serif;\"><span style=\"font-size: medium;\"><span lang=\"it-IT\">Gli ultimi mesi, nei quali siamo stati privati di tante libert\u00e0, sono stati al tempo stesso un\u2019occasione per riscoprire i significati autentici delle cose in una dimensione pi\u00f9 intima e per costruire nuovi tipi di relazioni.<\/span><\/span><\/span><\/p>\n<p><span style=\"font-family: 'Calibri', serif;\"><span style=\"font-size: medium;\"><span lang=\"it-IT\"><b>La campagna di comunicazione di Fondazione Arena <\/b><\/span><\/span><\/span><span style=\"font-family: 'Calibri', serif;\"><span style=\"font-size: medium;\"><span lang=\"it-IT\"><i><b>Filarmonico aperto\u2026a casa tua<\/b><\/i><\/span><\/span><\/span><b> <\/b><span style=\"font-family: 'Calibri', serif;\"><span style=\"font-size: medium;\"><span lang=\"it-IT\">(<\/span><\/span><\/span><span style=\"font-family: 'Calibri', serif;\"><span style=\"font-size: medium;\"><span lang=\"it-IT\"><b>video disponibile a questo link: <\/b><\/span><\/span><\/span><a href=\"https:\/\/we.tl\/t-Lq9SbDzxE6\"><span style=\"color: #0000ff;\"><span style=\"font-family: 'Calibri', serif;\"><span style=\"font-size: medium;\"><span lang=\"it-IT\"><u><b>https:\/\/we.tl\/t-Lq9SbDzxE6<\/b><\/u><\/span><\/span><\/span><\/span><u> <\/u><\/a><span style=\"font-family: 'Calibri', serif;\"><span style=\"font-size: medium;\"><span lang=\"it-IT\">) <\/span><\/span><\/span><span style=\"font-family: 'Calibri', serif;\"><span style=\"font-size: medium;\"><span lang=\"it-IT\"><b>ideata per la Stagione 2021<\/b><\/span><\/span><\/span> <span style=\"font-family: 'Calibri', serif;\"><span style=\"font-size: medium;\"><span lang=\"it-IT\"><b>riflette il<\/b><\/span><\/span><\/span> <span style=\"font-family: 'Calibri', serif;\"><span style=\"font-size: medium;\"><span lang=\"it-IT\"><b>significato etico e la spiccata connotazione sociale del Teatro<\/b><\/span><\/span><\/span><span style=\"font-family: 'Calibri', serif;\"><span style=\"font-size: medium;\"><span lang=\"it-IT\"> che, ora pi\u00f9 che mai, si fa vicino al pubblico cercando di ridurre l\u2019inevitabile distanza fisica tra spettatori e protagonisti e lo fa <\/span><\/span><\/span><span style=\"font-family: 'Calibri', serif;\"><span style=\"font-size: medium;\"><span lang=\"it-IT\"><b>dando voce e volti al Coro e all\u2019Orchestra areniani<\/b><\/span><\/span><\/span><span style=\"font-family: 'Calibri', serif;\"><span style=\"font-size: medium;\"><span lang=\"it-IT\"> per portare la bellezza e l\u2019Arte nelle case e in quante pi\u00f9 realt\u00e0 possibili. <\/span><\/span><\/span><\/p>\n<p><span style=\"font-family: 'Calibri', serif;\"><span style=\"font-size: medium;\"><span lang=\"it-IT\">Grazie al supporto dell\u2019ANFOLS, con il progetto \u201cAperti nonostante tutto\u201d sono state trovate forme alternative di diffusione di opere e concerti che sono cos\u00ec arrivati nelle case di un pubblico numerosissimo attraverso i social, la televisione e nuove e innovative piattaforme digitali. <\/span><\/span><\/span><\/p>\n<p><span style=\"font-family: 'Calibri', serif;\"><span style=\"font-size: medium;\"><span lang=\"it-IT\">Ci\u00f2 che \u00e8 emerso in maniera intensa per\u00f2 \u00e8 che nulla potr\u00e0 sostituire il legame indissolubile tra chi fa musica e chi la ascolta e questo <\/span><\/span><\/span><span style=\"font-family: 'Calibri', serif;\"><span style=\"font-size: medium;\"><span lang=\"it-IT\"><b>messaggio di unione e vicinanza si \u00e8 tradotto in una campagna che parla attraverso i suoi interpreti<\/b><\/span><\/span><\/span><span style=\"font-family: 'Calibri', serif;\"><span style=\"font-size: medium;\"><span lang=\"it-IT\">, nell\u2019impegno e nella determinazione di tenere vivo il legame con il pubblico in attesa di riaprire al pi\u00f9 presto, in sicurezza, i Teatri. <\/span><\/span><\/span><\/p>\n<p align=\"center\"><span style=\"font-family: 'Wingdings 2', serif;\"><span style=\"font-size: medium;\"><span lang=\"it-IT\">ef<\/span><\/span><\/span><\/p>\n<p><span style=\"font-family: 'Calibri', serif;\"><span style=\"font-size: medium;\"><span lang=\"it-IT\"><i>Mozart, dall\u2019Austria alla Russia <\/i><\/span><\/span><\/span><span style=\"font-family: 'Calibri', serif;\"><span style=\"font-size: medium;\"><span lang=\"it-IT\">\u00e8 il titolo del primo concerto della nuova Stagione Artistica, dedicato ad alcune delle composizioni pi\u00f9 celebri dell\u2019autore con uno sguardo all\u2019influenza della sua musica fino alla Russia di \u010cajkovskij ed \u00e8 inoltre <\/span><\/span><\/span><span style=\"font-family: 'Calibri', serif;\"><span style=\"font-size: medium;\"><span lang=\"it-IT\"><b>l\u2019appuntamento conclusivo della settimana di eventi dedicati a Mozart realizzata in collaborazione con il Comune di Verona, Fondazione Cariverona e l\u2019Accademia Filarmonica di Verona<\/b><\/span><\/span><\/span><span style=\"font-family: 'Calibri', serif;\"><span style=\"font-size: medium;\"><span lang=\"it-IT\">, nel progetto di condivisione di risorse e competenze delle diverse Istituzioni a sostegno dello sviluppo culturale della citt\u00e0.<\/span><\/span><\/span><\/p>\n<p><span style=\"font-family: 'Calibri', serif;\"><span style=\"font-size: medium;\"><span lang=\"it-IT\">Per questo appuntamento sinfonico il Maestro avellinese <\/span><\/span><\/span><span style=\"font-family: 'Calibri', serif;\"><span style=\"font-size: medium;\"><span lang=\"it-IT\"><b>Francesco Ivan Ciampa<\/b><\/span><\/span><\/span><span style=\"font-family: 'Calibri', serif;\"><span style=\"font-size: medium;\"><span lang=\"it-IT\"> torna a dirigere il Coro e l\u2019Orchestra areniani in un <\/span><\/span><\/span><span style=\"font-family: 'Calibri', serif;\"><span style=\"font-size: medium;\"><span lang=\"it-IT\"><b>programma tutto all\u2019insegna di Mozart<\/b><\/span><\/span><\/span><span style=\"font-family: 'Calibri', serif;\"><span style=\"font-size: medium;\"><span lang=\"it-IT\"> che si apre con due famose ouverture: la prima \u00e8 tratta dall\u2019ultima opera musicale mozartiana, <\/span><\/span><\/span><span style=\"font-family: 'Calibri', serif;\"><span style=\"font-size: medium;\"><span lang=\"it-IT\"><i>La Clemenza di Tito<\/i><\/span><\/span><\/span><span style=\"font-family: 'Calibri', serif;\"><span style=\"font-size: medium;\"><span lang=\"it-IT\">, composta a Praga nell\u2019agosto del 1791 e rappresentata il mese successivo durante i festeggiamenti per l\u2019incoronazione di Leopoldo II a re di Boemia, opera dalla controversa valutazione critica. Sempre nel 1791 viene messa in scena una delle opere pi\u00f9 celebri di Mozart, <\/span><\/span><\/span><span style=\"font-family: 'Calibri', serif;\"><span style=\"font-size: medium;\"><span lang=\"it-IT\"><i>Il Flauto magico<\/i><\/span><\/span><\/span><span style=\"font-family: 'Calibri', serif;\"><span style=\"font-size: medium;\"><span lang=\"it-IT\">, la cui overture presenta numerose analogie con la precedente poich\u00e9 in entrambe si manifesta tutto il sinfonismo dell\u2019ultimo Mozart con ricche espressioni contrappuntistiche inserite in formule pi\u00f9 decorative.<\/span><\/span><\/span><\/p>\n<p><span style=\"font-family: 'Calibri', serif;\"><span style=\"font-size: medium;\"><span lang=\"it-IT\">Le due composizioni sono intervallate dall\u2019esecuzione della solenne <\/span><\/span><\/span><span style=\"font-family: 'Calibri', serif;\"><span style=\"font-size: medium;\"><span lang=\"it-IT\"><i>Messa in do maggiore per soli coro e orchestra KV 257<\/i><\/span><\/span><\/span><span style=\"font-family: 'Calibri', serif;\"><span style=\"font-size: medium;\"><span lang=\"it-IT\"> e conosciuta anche come\u00a0<\/span><\/span><\/span><span style=\"font-family: 'Calibri', serif;\"><span style=\"font-size: medium;\"><span lang=\"it-IT\"><i>Credo-Messe<\/i><\/span><\/span><\/span><span style=\"font-family: 'Calibri', serif;\"><span style=\"font-size: medium;\"><span lang=\"it-IT\">, composta nel novembre del 1776 su committenza del Principe-Arcivescovo di Salisburgo. La Messa si ricollega alla tradizione del\u00a0melos liederistico della\u00a0<\/span><\/span><\/span><span style=\"font-family: 'Calibri', serif;\"><span style=\"font-size: medium;\"><span lang=\"it-IT\"><i>Landmesse<\/i><\/span><\/span><\/span><span style=\"font-family: 'Calibri', serif;\"><span style=\"font-size: medium;\"><span lang=\"it-IT\">, genere conosciuto da Mozart attraverso gli studi delle opere di\u00a0Johann Michael Haydn, ricca di elementi popolari e per questa ragione non sempre apprezzata ed esplorata da tanti autori suoi contemporanei. La composizione, con il suo delicatissimo gusto liederistico, la rende il pezzo sacro mozartiano pi\u00f9 vicino a quelli di\u00a0Schubert; presenta una costruzione verticale permeata di una forte cantabilit\u00e0, ma al tempo stesso sempre pronta ad avvicinarsi allo stile italiano-galante. La solenne Messa, con protagonista il Coro preparato da Vito Lombardi, vedr\u00e0 esibirsi in veste di solisti il soprano <\/span><\/span><\/span><span style=\"font-family: 'Calibri', serif;\"><span style=\"font-size: medium;\"><span lang=\"it-IT\"><b>Manuela Schenale<\/b><\/span><\/span><\/span><span style=\"font-family: 'Calibri', serif;\"><span style=\"font-size: medium;\"><span lang=\"it-IT\">, il contralto <\/span><\/span><\/span><span style=\"font-family: 'Calibri', serif;\"><span style=\"font-size: medium;\"><span lang=\"it-IT\"><b>Tamara Zandon\u00e0<\/b><\/span><\/span><\/span><span style=\"font-family: 'Calibri', serif;\"><span style=\"font-size: medium;\"><span lang=\"it-IT\">, il tenore <\/span><\/span><\/span><span style=\"font-family: 'Calibri', serif;\"><span style=\"font-size: medium;\"><span lang=\"it-IT\"><b>Antonino Scarbaci<\/b><\/span><\/span><\/span><span style=\"font-family: 'Calibri', serif;\"><span style=\"font-size: medium;\"><span lang=\"it-IT\"> e il basso <\/span><\/span><\/span><span style=\"font-family: 'Calibri', serif;\"><span style=\"font-size: medium;\"><span lang=\"it-IT\"><b>Valentino Perera<\/b><\/span><\/span><\/span><span style=\"font-family: 'Calibri', serif;\"><span style=\"font-size: medium;\"><span lang=\"it-IT\">.<\/span><\/span><\/span><\/p>\n<p>&nbsp;<\/p>\n<p><span style=\"font-family: 'Calibri', serif;\"><span style=\"font-size: medium;\"><span lang=\"it-IT\">La seconda parte del concerto invece opera un salto nello spazio e nel tempo fino alla Russia di fine Ottocento e alla produzione degli ultimi anni di \u010cajkovskij che, in occasione del centenario della composizione del <\/span><\/span><\/span><span style=\"font-family: 'Calibri', serif;\"><span style=\"font-size: medium;\"><span lang=\"it-IT\"><i>Don Giovanni<\/i><\/span><\/span><\/span><span style=\"font-family: 'Calibri', serif;\"><span style=\"font-size: medium;\"><span lang=\"it-IT\">, compone la <\/span><\/span><\/span><span style=\"font-family: 'Calibri', serif;\"><span style=\"font-size: medium;\"><span lang=\"it-IT\"><i>Suite n. 4 op. 61 \u201cMozartiana\u201d<\/i><\/span><\/span><\/span><span style=\"font-family: 'Calibri', serif;\"><span style=\"font-size: medium;\"><span lang=\"it-IT\">, rendendo esplicita la sua profonda venerazione per il genio di Salisburgo. La prima esecuzione avviene a Mosca il 26 novembre 1887, diretta dall\u2019autore stesso, che in quell\u2019occasione offre in lettura al pubblico una breve prefazione riportata sulla partitura, dove esprime l\u2019intento di riproporre nella prassi esecutiva quel repertorio mozartiano meno noto, ma sempre ricco di inarrivabile bellezza. <\/span><\/span><\/span><\/p>\n<p>&nbsp;<\/p>\n<p><span style=\"font-family: 'Calibri', serif;\"><span style=\"font-size: medium;\"><span lang=\"it-IT\">Gli eventi conclusivi del 2020, gli attesi <\/span><\/span><\/span><span style=\"font-family: 'Calibri', serif;\"><span style=\"font-size: medium;\"><span lang=\"it-IT\"><b>concerti di Natale e Capodanno, hanno registrato rispettivamente oltre 3.300 e 3.500 visualizzazioni sul canale YouTube<\/b><\/span><\/span><\/span><span style=\"font-family: 'Calibri', serif;\"><span style=\"font-size: medium;\"><span lang=\"it-IT\">, mentre la <\/span><\/span><\/span><span style=\"font-family: 'Calibri', serif;\"><span style=\"font-size: medium;\"><span lang=\"it-IT\"><b>webTV ha visto collegati pi\u00f9 di 2.400 utenti per ciascuno spettacolo<\/b><\/span><\/span><\/span><span style=\"font-family: 'Calibri', serif;\"><span style=\"font-size: medium;\"><span lang=\"it-IT\">, a dimostrazione dell\u2019apprezzamento dell\u2019offerta artistica e dell\u2019affetto del pubblico per l\u2019attivit\u00e0 del proprio Teatro, segnali molto incoraggianti anche per l\u2019avvio della nuova Stagione Artistica.<\/span><\/span><\/span><\/p>\n<p><span style=\"font-family: 'Calibri', serif;\"><span style=\"font-size: medium;\"><span lang=\"it-IT\">Il concerto <\/span><\/span><\/span><span style=\"font-family: 'Calibri', serif;\"><span style=\"font-size: medium;\"><span lang=\"it-IT\"><i>Mozart, dall\u2019Austria alla Russia<\/i><\/span><\/span><\/span><span style=\"font-family: 'Calibri', serif;\"><span style=\"font-size: medium;\"><span lang=\"it-IT\"> sar\u00e0 disponibile da <\/span><\/span><\/span><span style=\"font-family: 'Calibri', serif;\"><span style=\"font-size: medium;\"><span lang=\"it-IT\"><b>venerd\u00ec 8 gennaio alle 20.30 sulla<\/b><\/span><\/span><\/span> <span style=\"font-family: 'Calibri', serif;\"><span style=\"font-size: medium;\"><span lang=\"it-IT\"><b>webTV <\/b><\/span><\/span><\/span><a href=\"https:\/\/arenatv.uscreen.io\/\"><span style=\"color: #0000ff;\"><span style=\"font-family: 'Calibri', serif;\"><span style=\"font-size: medium;\"><span lang=\"it-IT\"><u><b>arena.it\/tv<\/b><\/u><\/span><\/span><\/span><\/span><\/a><span style=\"font-family: 'Calibri', serif;\"><span style=\"font-size: medium;\"><span lang=\"it-IT\"><b> e su YouTube<\/b><\/span><\/span><\/span><span style=\"font-family: 'Calibri', serif;\"><span style=\"font-size: medium;\"><span lang=\"it-IT\">,<\/span><\/span><\/span><span style=\"font-family: 'Calibri', serif;\"><span style=\"font-size: medium;\"><span lang=\"it-IT\"><b> mentre sabato 9 alle 15.00 trasmesso su Facebook e in chiaro su Telenuovo<\/b><\/span><\/span><\/span><span style=\"font-family: 'Calibri', serif;\"><span style=\"font-size: medium;\"><span lang=\"it-IT\"> (canale 11). <\/span><\/span><\/span><\/p>\n<p><span style=\"font-family: 'Calibri', serif;\"><span style=\"font-size: medium;\"><span lang=\"it-IT\">Questo primo appuntamento, che termina le iniziative mozartiane 2021, sar\u00e0 infine veicolato anche da <\/span><\/span><\/span><span style=\"font-family: 'Calibri', serif;\"><span style=\"font-size: medium;\"><span lang=\"it-IT\"><b>Fondazione Cariverona sui suoi canali social Facebook, YouTube e <\/b><\/span><\/span><\/span><a href=\"http:\/\/www.fondazionecariverona.org\/mozart\"><span style=\"color: #0000ff;\"><span style=\"font-family: 'Calibri', serif;\"><span style=\"font-size: medium;\"><span lang=\"it-IT\"><u><b>www.fondazionecariverona.org\/mozart<\/b><\/u><\/span><\/span><\/span><\/span><\/a><span style=\"font-family: 'Calibri', serif;\"><span style=\"font-size: medium;\"><span lang=\"it-IT\"><b>.<\/b><\/span><\/span><\/span><\/p>\n<p>&nbsp;<\/p>\n<p><span style=\"font-family: 'Wingdings 2', serif;\"><span style=\"font-size: medium;\"><span lang=\"it-IT\">ef<\/span><\/span><\/span><\/p>\n<p>&nbsp;<\/p>\n<p><span style=\"font-family: 'Calibri', serif;\"><span style=\"font-size: medium;\"><span lang=\"it-IT\"><b>8 gennaio ore 20.30 \u00b7<\/b><\/span><\/span><\/span> <span style=\"font-family: 'Calibri', serif;\"><span style=\"font-size: medium;\"><span lang=\"it-IT\"><b>WEBTV E YOUTUBE <\/b><\/span><\/span><\/span><\/p>\n<p><span style=\"font-family: 'Calibri', serif;\"><span style=\"font-size: medium;\"><span lang=\"it-IT\"><b>9 gennaio ore 15.00 \u00b7<\/b><\/span><\/span><\/span> <span style=\"font-family: 'Calibri', serif;\"><span style=\"font-size: medium;\"><span lang=\"it-IT\"><b>FACEBOOK | TELENUOVO<\/b><\/span><\/span><\/span><\/p>\n<p>&nbsp;<\/p>\n<p><span style=\"font-family: 'Calibri', serif;\"><span style=\"font-size: medium;\"><span lang=\"it-IT\"><b>Mozart, dall\u2019Austria alla Russia<\/b><\/span><\/span><\/span><\/p>\n<p>&nbsp;<\/p>\n<p><span style=\"font-family: 'Calibri', serif;\"><span style=\"font-size: medium;\"><span lang=\"it-IT\"><b>Francesco Ivan Ciampa<\/b><\/span><\/span><\/span><span style=\"font-family: 'Calibri', serif;\"><span style=\"font-size: medium;\"><span lang=\"it-IT\">\u00a0Direttore<\/span><\/span><\/span><\/p>\n<p><span style=\"font-family: 'Calibri', serif;\"><span style=\"font-size: medium;\"><span lang=\"it-IT\"><b>Manuela Schenale<\/b><\/span><\/span><\/span><span style=\"font-family: 'Calibri', serif;\"><span style=\"font-size: medium;\"><span lang=\"it-IT\"> Soprano | <\/span><\/span><\/span><span style=\"font-family: 'Calibri', serif;\"><span style=\"font-size: medium;\"><span lang=\"it-IT\"><b>Tamara Zandon\u00e0 <\/b><\/span><\/span><\/span><span style=\"font-family: 'Calibri', serif;\"><span style=\"font-size: medium;\"><span lang=\"it-IT\">Contralto <\/span><\/span><\/span><\/p>\n<p><span style=\"font-family: 'Calibri', serif;\"><span style=\"font-size: medium;\"><span lang=\"it-IT\"><b>Antonino Scarbaci<\/b><\/span><\/span><\/span><span style=\"font-family: 'Calibri', serif;\"><span style=\"font-size: medium;\"><span lang=\"it-IT\"> Tenore | <\/span><\/span><\/span><span style=\"font-family: 'Calibri', serif;\"><span style=\"font-size: medium;\"><span lang=\"it-IT\"><b>Valentino Perera<\/b><\/span><\/span><\/span><span style=\"font-family: 'Calibri', serif;\"><span style=\"font-size: medium;\"><span lang=\"it-IT\"> Basso<\/span><\/span><\/span><\/p>\n<p>&nbsp;<\/p>\n<p><span style=\"font-family: 'Calibri', serif;\"><span style=\"font-size: medium;\"><span lang=\"it-IT\">Wolfgang Amadeus Mozart<\/span><\/span><\/span><\/p>\n<p><span style=\"font-family: 'Calibri', serif;\"><span style=\"font-size: medium;\"><span lang=\"it-IT\"><i>Ouverture<\/i><\/span><\/span><\/span><span style=\"font-family: 'Calibri', serif;\"><span style=\"font-size: medium;\"><span lang=\"it-IT\">, da <\/span><\/span><\/span><span style=\"font-family: 'Calibri', serif;\"><span style=\"font-size: medium;\"><span lang=\"it-IT\"><i>La Clemenza di Tito<\/i><\/span><\/span><\/span><\/p>\n<p><span style=\"font-family: 'Calibri', serif;\"><span style=\"font-size: medium;\"><span lang=\"it-IT\"><i>Messa in do maggiore per soli coro e orchestra KV 257<\/i><\/span><\/span><\/span><\/p>\n<p><span style=\"font-family: 'Calibri', serif;\"><span style=\"font-size: medium;\"><span lang=\"it-IT\"><i>Ouverture<\/i><\/span><\/span><\/span><span style=\"font-family: 'Calibri', serif;\"><span style=\"font-size: medium;\"><span lang=\"it-IT\">, da <\/span><\/span><\/span><span style=\"font-family: 'Calibri', serif;\"><span style=\"font-size: medium;\"><span lang=\"it-IT\"><i>Il Flauto magico<\/i><\/span><\/span><\/span><\/p>\n<p>&nbsp;<\/p>\n<p><span style=\"font-family: 'Calibri', serif;\"><span style=\"font-size: medium;\"><span lang=\"it-IT\">P\u00ebtr Il&#8217;i\u010d\u00a0\u010cajkovskij <\/span><\/span><\/span><\/p>\n<p><span style=\"font-family: 'Calibri', serif;\"><span style=\"font-size: medium;\"><span lang=\"it-IT\"><i>Suite n. 4 op. 61 \u201cMozartiana\u201d<\/i><\/span><\/span><\/span><\/p>\n<p>&nbsp;<\/p>\n<p><span style=\"font-family: 'Calibri', serif;\"><span style=\"font-size: medium;\"><span lang=\"it-IT\"><b>ORCHESTRA E CORO DELLA FONDAZIONE ARENA DI VERONA<\/b><\/span><\/span><\/span><\/p>\n<p><span style=\"font-family: 'Calibri', serif;\"><span style=\"font-size: medium;\"><span lang=\"it-IT\">Maestro del Coro<\/span><\/span><\/span><span style=\"font-family: 'Calibri', serif;\"><span style=\"font-size: medium;\"><span lang=\"it-IT\"><b> Vito Lombardi<\/b><\/span><\/span><\/span><\/p>\n<p>&nbsp;<\/p>\n<p>&nbsp;<\/p>\n<p><span style=\"font-family: 'Calibri', serif;\"><span style=\"font-size: medium;\"><span lang=\"it-IT\">_________________________________________________ <\/span><\/span><\/span><span style=\"font-family: 'Verdana', serif;\"><span style=\"font-size: medium;\"><span lang=\"it-IT\"><b>\u00a0<\/b><\/span><\/span><\/span><\/p>\n<p><span style=\"font-family: 'Verdana', serif;\"><span style=\"font-size: medium;\"><span lang=\"it-IT\"><b>Ufficio Stampa<\/b><\/span><\/span><\/span><span style=\"font-family: 'Verdana', serif;\"><span style=\"font-size: medium;\"><span lang=\"it-IT\">\u00a0\u00a0\u00a0\u00a0\u00a0\u00a0\u00a0\u00a0<\/span><\/span><\/span><\/p>\n<p><span style=\"font-family: 'Verdana', serif;\"><span style=\"font-size: medium;\"><span lang=\"it-IT\"><b>Fondazione Arena di Verona\u00a0<\/b><\/span><\/span><\/span><\/p>\n<p>&nbsp;<\/p>\n<p><span style=\"font-family: 'Verdana', serif;\"><span style=\"font-size: medium;\"><span lang=\"it-IT\">Via Roma 7\/D, 37121 Verona &#8211; Italy<\/span><\/span><\/span><\/p>\n<p><span style=\"font-family: 'Verdana', serif;\"><span style=\"font-size: medium;\"><span lang=\"it-IT\"><i>(ingresso da Via Manin 5 \u2013 37122 Verona)<\/i><\/span><\/span><\/span><\/p>\n<p><span style=\"font-family: 'Verdana', serif;\"><span style=\"font-size: medium;\"><span lang=\"en-US\">Tel:\u00a0\u00a0\u00a0\u00a0 +39 045 8051861-1905-1939-1891<\/span><\/span><\/span><\/p>\n<p><a href=\"mailto:ufficio.stampa@arenadiverona.it\"><span style=\"color: #0000ff;\"><span style=\"font-family: 'Verdana', serif;\"><span style=\"font-size: medium;\"><span lang=\"en-US\"><u>ufficio.stampa@arenadiverona.it<\/u><\/span><\/span><\/span><\/span><\/a><\/p>\n<p><a href=\"http:\/\/www.arena.it\/\"><span style=\"color: #0000ff;\"><span style=\"font-family: 'Verdana', serif;\"><span style=\"font-size: medium;\"><span lang=\"en-US\"><u>www.arena.it<\/u><\/span><\/span><\/span><\/span><\/a><\/p>\n<p><span style=\"font-family: 'Verdana', serif;\"><span style=\"font-size: medium;\"><span lang=\"it-IT\"><i>Il presente messaggio ed i suoi allegati sono destinati esclusivamente alle persone o Societ\u00e0 in indirizzo. <\/i><\/span><\/span><\/span><\/p>\n<p><span style=\"font-family: 'Verdana', serif;\"><span style=\"font-size: medium;\"><span lang=\"it-IT\"><i>Qualsiasi utilizzo, comunicazione o diffusione non autorizzata \u00e8 proibita. Se il messaggio \u00e8 stato ricevuto per errore, si invita a darne immediata comunicazione al mittente ed a cancellarne le informazioni erroneamente acquisite. <\/i><\/span><\/span><\/span><\/p>\n<p><span style=\"font-family: 'Verdana', serif;\"><span style=\"font-size: medium;\"><span lang=\"it-IT\"><i>Le opinioni e i punti di vista contenuti sono esclusivamente quelli dell\u2019autore del messaggio e non rappresentano necessariamente quelle di Fondazione Arena di Verona. Grazie.<\/i><\/span><\/span><\/span><\/p>\n<p>&nbsp;<\/p>\n<p><span style=\"font-family: 'Verdana', serif;\"><span style=\"font-size: medium;\"><span lang=\"it-IT\">Rispetta l&#8217;ambiente. Non stampare questa mail se non \u00e8 necessario.<\/span><\/span><\/span><\/p>\n<p>&nbsp;<\/p>\n<p>&nbsp;<\/p>\n<p>&nbsp;<\/p>\n<p>&nbsp;<\/p>\n","protected":false},"excerpt":{"rendered":"<p>Ufficio Stampa 7\/01\/2021 MOZART, dall\u2019Austria alla Russia 1\u00b0 concerto Stagione Sinfonica 2021 2020, Orchestra e Coro della Fondazione Arena di [&hellip;]<\/p>\n","protected":false},"author":1,"featured_media":0,"comment_status":"open","ping_status":"open","sticky":false,"template":"","format":"standard","meta":{"footnotes":""},"categories":[10,40],"tags":[],"class_list":["post-13330","post","type-post","status-publish","format-standard","hentry","category-italiano","category-serena-conduce-operaclassica"],"_links":{"self":[{"href":"https:\/\/www.ecoitaliano.com.ar\/index.php?rest_route=\/wp\/v2\/posts\/13330","targetHints":{"allow":["GET"]}}],"collection":[{"href":"https:\/\/www.ecoitaliano.com.ar\/index.php?rest_route=\/wp\/v2\/posts"}],"about":[{"href":"https:\/\/www.ecoitaliano.com.ar\/index.php?rest_route=\/wp\/v2\/types\/post"}],"author":[{"embeddable":true,"href":"https:\/\/www.ecoitaliano.com.ar\/index.php?rest_route=\/wp\/v2\/users\/1"}],"replies":[{"embeddable":true,"href":"https:\/\/www.ecoitaliano.com.ar\/index.php?rest_route=%2Fwp%2Fv2%2Fcomments&post=13330"}],"version-history":[{"count":0,"href":"https:\/\/www.ecoitaliano.com.ar\/index.php?rest_route=\/wp\/v2\/posts\/13330\/revisions"}],"wp:attachment":[{"href":"https:\/\/www.ecoitaliano.com.ar\/index.php?rest_route=%2Fwp%2Fv2%2Fmedia&parent=13330"}],"wp:term":[{"taxonomy":"category","embeddable":true,"href":"https:\/\/www.ecoitaliano.com.ar\/index.php?rest_route=%2Fwp%2Fv2%2Fcategories&post=13330"},{"taxonomy":"post_tag","embeddable":true,"href":"https:\/\/www.ecoitaliano.com.ar\/index.php?rest_route=%2Fwp%2Fv2%2Ftags&post=13330"}],"curies":[{"name":"wp","href":"https:\/\/api.w.org\/{rel}","templated":true}]}}