{"id":13474,"date":"2021-01-24T13:56:55","date_gmt":"2021-01-24T13:56:55","guid":{"rendered":"http:\/\/www.ecoitaliano.com.ar\/?p=13474"},"modified":"2021-01-24T13:56:55","modified_gmt":"2021-01-24T13:56:55","slug":"il-difficile-compito-di-biden-tenere-insieme-lamerica","status":"publish","type":"post","link":"https:\/\/www.ecoitaliano.com.ar\/?p=13474","title":{"rendered":"Il difficile compito di Biden: tenere insieme l\u2019America"},"content":{"rendered":"<p><a href=\"http:\/\/www.ecoitaliano.com.ar\/wp-content\/uploads\/2021\/01\/Cecilia-Valente.2.jpg\"><img decoding=\"async\" class=\"alignnone size-full wp-image-13475\" src=\"http:\/\/www.ecoitaliano.com.ar\/wp-content\/uploads\/2021\/01\/Cecilia-Valente.2.jpg\" alt=\"\" width=\"554\" height=\"811\" srcset=\"https:\/\/www.ecoitaliano.com.ar\/wp-content\/uploads\/2021\/01\/Cecilia-Valente.2.jpg 554w, https:\/\/www.ecoitaliano.com.ar\/wp-content\/uploads\/2021\/01\/Cecilia-Valente.2-205x300.jpg 205w, https:\/\/www.ecoitaliano.com.ar\/wp-content\/uploads\/2021\/01\/Cecilia-Valente.2-102x150.jpg 102w\" sizes=\"(max-width: 554px) 100vw, 554px\" \/><\/a><\/p>\n<p>&nbsp;<\/p>\n<p class=\"western\" align=\"center\"><span style=\"font-family: Georgia, serif;\"><span style=\"font-size: large;\"><b>Il difficile compito di Biden: tenere insieme l\u2019America<\/b><\/span><\/span><\/p>\n<p class=\"western\" align=\"center\"><span style=\"font-family: Georgia, serif;\">di <\/span><span style=\"font-family: Georgia, serif;\"><b>Cecilia Valente *<\/b><\/span><\/p>\n<p class=\"western\" align=\"justify\"><span style=\"font-family: Georgia, serif;\">Il 20 gennaio scorso, intorno alle 17:45 ora italiana<\/span><span style=\"font-family: Georgia, serif;\"><b>, Joe Biden<\/b><\/span><span style=\"font-family: Georgia, serif;\"> e <\/span><span style=\"font-family: Georgia, serif;\"><b>Kamala Harris<\/b><\/span><span style=\"font-family: Georgia, serif;\"> hanno prestato giuramento davanti al Campidoglio di Washington, e sono ufficialmente diventati il nuovo presidente e la nuova vicepresidente degli <\/span><span style=\"font-family: Georgia, serif;\"><b>Stati Uniti d\u2019America<\/b><\/span><span style=\"font-family: Georgia, serif;\">. La tradizionale cerimonia che segna l\u2019inizio del mandato del presidente eletto, quest\u2019anno \u00e8 stata prevedibilmente molto diversa dal solito. Il 2020 \u00e8 stato l\u2019anno della pandemia di COVID-19, degli scontri con i manifestanti di <\/span><span style=\"font-family: Georgia, serif;\"><b>Black Lives Matter<\/b><\/span><span style=\"font-family: Georgia, serif;\">, l\u2019anno culminato con lo spaventoso assalto al <\/span><span style=\"font-family: Georgia, serif;\"><b>Campidoglio <\/b><\/span><span style=\"font-family: Georgia, serif;\">avvenuto nei primi giorni del 2021. Le migliaia di persone che di solito riempiono il National Mall di Washington non hanno potuto presenziare all\u2019insediamento, per motivi sanitari e di sicurezza. Al loro posto, sono state posizionate circa 200mila bandiere americane a simboleggiare il popolo statunitense. <\/span><\/p>\n<p class=\"western\" align=\"justify\"><span style=\"font-family: Georgia, serif;\">L\u2019ombra della pandemia e dei fatti dello scorso sei gennaio hanno aleggiato sull\u2019intera cerimonia. L\u2019evento \u00e8 stato studiato nei minimi dettagli per dare un chiaro messaggio al popolo americano e al mondo intero. Biden ha voluto sottolineare la sua volont\u00e0 di rimettere insieme i pezzi di un\u2019America divisa. Il giuramento di <\/span><span style=\"font-family: Georgia, serif;\"><b>Kamala Harris<\/b><\/span><span style=\"font-family: Georgia, serif;\"> non poteva che essere il simbolo pi\u00f9 grande di questo nuovo assetto. La prima donna a ricoprire la carica di vicepresidente. La prima donna non bianca. Le divisioni saranno per\u00f2 difficili da colmare. Negli ultimi anni, gli Stati Uniti hanno visto il loro tradizionale bipolarismo politico (e partitico) trasformarsi in vera e propria polarizzazione. \u00c8 un processo in atto da molto tempo, che <\/span><span style=\"font-family: Georgia, serif;\"><b>Donald Trump<\/b><\/span><span style=\"font-family: Georgia, serif;\"> ha contribuito ad accelerare ed enfatizzare, permettendo che ogni estremismo diventasse normale. Ha rifiutato qualsiasi tipo di cooperazione bipartisan fino al suo ultimo giorno di presidenza, disertando la cerimonia d\u2019insediamento. \u00c8 il quarto presidente ad averlo fatto. <\/span><\/p>\n<p class=\"western\" align=\"justify\"><span style=\"font-family: Georgia, serif;\">Il momento pi\u00f9 toccante dell\u2019intera cerimonia \u00e8 stato quello che ha visto protagonista <\/span><span style=\"font-family: Georgia, serif;\"><b>Amanda Gorman<\/b><\/span><span style=\"font-family: Georgia, serif;\">, giovane poetessa di ventidue anni a cui <\/span><span style=\"font-family: Georgia, serif;\"><b>Joe Biden<\/b><\/span><span style=\"font-family: Georgia, serif;\"> ha scelto di affidare il suo messaggio. La giovane donna ha declamato una poesia che parla di un\u2019epoca oscura appena passata, e di una nuova alba all\u2019orizzonte. Esattamente quello che si propone di essere la nuova amministrazione Democratica dopo i quattro anni di guida Trump. \u00abIn qualche modo, abbiamo resistito e siamo stati testimoni di come questa nazione non sia rotta, ma, semplicemente, incompiuta\u00bb ha recitato. Ed \u00e8 tutta l\u00ec l\u2019essenza degli Stati Uniti. L\u2019avidit\u00e0 di perfezione, il non sentirsi mai completi, mai arrivati. L\u2019avere sempre un obiettivo pi\u00f9 alto da raggiungere. \u00c8 scritto nel preambolo della loro Costituzione, in cui il popolo americano si prefigge di \u201cperfezionare\u201d l\u2019Unione. <\/span><\/p>\n<p class=\"western\" align=\"justify\"><span style=\"font-family: Georgia, serif;\">Per farlo, le divisioni dovranno essere messe da parte, in favore dell\u2019esaltazione di ci\u00f2 che unisce gli <\/span><span style=\"font-family: Georgia, serif;\"><b>Stati Uniti<\/b><\/span><span style=\"font-family: Georgia, serif;\">, un paese che ha fatto della multiculturalit\u00e0 il suo punto di forza. \u00abColmiamo il divario, perch\u00e9 sappiamo che, per poter mettere il nostro futuro al primo posto, dobbiamo prima mettere da parte le nostre differenze\u00bb. \u00c8 significativo che <\/span><span style=\"font-family: Georgia, serif;\"><b>Joe Biden<\/b><\/span><span style=\"font-family: Georgia, serif;\">, uomo di settantottotto anni, abbia scelto una ventiduenne quasi sconosciuta poetessa di colore per dare inizio al suo mandato.<\/span><\/p>\n<p class=\"western\" align=\"justify\"><span style=\"font-family: Georgia, serif;\">Il messaggio del nuovo presidente \u00e8 chiaro: \u00e8 un nuovo inizio per gli <\/span><span style=\"font-family: Georgia, serif;\"><b>Stati Uniti d\u2019America<\/b><\/span><span style=\"font-family: Georgia, serif;\">. Giustizia sociale, giustizia razziale, difesa dell\u2019ambiente, ripresa economica e aiuti per le fasce della popolazione pi\u00f9 povere. <\/span><span style=\"font-family: Georgia, serif;\"><b>Biden<\/b><\/span><span style=\"font-family: Georgia, serif;\"> si \u00e8 messo al lavoro gi\u00e0 nel pomeriggio del 20 gennaio, subito dopo il suo giuramento. Ha firmato 17 ordini esecutivi per annullare i provvedimenti presi dall\u2019amministrazione Trump. Primi tra tutti, il blocco della costruzione del muro con il Messico, le nuove misure per rallentare i contagi da COVID-19, il rientro degli Stati Uniti nell\u2019Accordo di Parigi sul clima. Ci sar\u00e0 sicuramente molto sui cui lavorare per riassestare una societ\u00e0 divisa, messa in difficolt\u00e0 dalla pandemia e dalla crisi economica, per ricostruire la cooperazione a livello internazionale, ma <\/span><span style=\"font-family: Georgia, serif;\"><b>sembra che l\u2019America voglia tornare a fare l\u2019America<\/b><\/span><span style=\"font-family: Georgia, serif;\">. <\/span><\/p>\n<p class=\"western\" align=\"center\"><span style=\"font-family: Georgia, serif;\">***<\/span><\/p>\n<p class=\"western\" align=\"justify\"><a name=\"_GoBack\"><\/a> <span style=\"font-family: Georgia, serif;\"><span style=\"font-size: small;\">*<\/span><\/span> <span style=\"color: #000000;\"><span style=\"font-family: Georgia, serif;\"><span style=\"font-size: small;\"><b>Cecilia Valente <\/b><\/span><\/span><\/span><span style=\"color: #000000;\"><span style=\"font-family: Georgia, serif;\"><span style=\"font-size: small;\">\u00e8<\/span><\/span><\/span><b> <\/b><span style=\"color: #000000;\"><span style=\"font-family: Georgia, serif;\"><span style=\"font-size: small;\">nata a L\u2019Aquila nel 1996, si \u00e8 laureata in Scienze Politiche presso l\u2019Universit\u00e0 LUISS di Roma, ha proseguito il suo percorso di studi ottenendo una doppia laurea magistrale in relazioni internazionali e affari europei presso l\u2019Universit\u00e0 LUISS e l\u2019Universit\u00e9 Libre de Bruxelles. Durante la permanenza a Bruxelles, ha lavorato presso la Rappresentanza Permanente d\u2019Italia presso l\u2019Unione Europea. Da anni scrive per la rivista online TheWise Magazine come giornalista politica e si occupa principalmente di politica estera, affari europei e internazionali. <\/span><\/span><\/span><\/p>\n<p align=\"justify\"><em>Tutte l\u2019opinioni versati nel sito, correspondono solo a chi la manifesta. Non e necessariamente l\u2019opinione della Direzione.<\/em><\/p>\n","protected":false},"excerpt":{"rendered":"<p>&nbsp; Il difficile compito di Biden: tenere insieme l\u2019America di Cecilia Valente * Il 20 gennaio scorso, intorno alle 17:45 [&hellip;]<\/p>\n","protected":false},"author":1,"featured_media":0,"comment_status":"open","ping_status":"open","sticky":false,"template":"","format":"standard","meta":{"footnotes":""},"categories":[10,35],"tags":[],"class_list":["post-13474","post","type-post","status-publish","format-standard","hentry","category-italiano","category-opiniones"],"_links":{"self":[{"href":"https:\/\/www.ecoitaliano.com.ar\/index.php?rest_route=\/wp\/v2\/posts\/13474","targetHints":{"allow":["GET"]}}],"collection":[{"href":"https:\/\/www.ecoitaliano.com.ar\/index.php?rest_route=\/wp\/v2\/posts"}],"about":[{"href":"https:\/\/www.ecoitaliano.com.ar\/index.php?rest_route=\/wp\/v2\/types\/post"}],"author":[{"embeddable":true,"href":"https:\/\/www.ecoitaliano.com.ar\/index.php?rest_route=\/wp\/v2\/users\/1"}],"replies":[{"embeddable":true,"href":"https:\/\/www.ecoitaliano.com.ar\/index.php?rest_route=%2Fwp%2Fv2%2Fcomments&post=13474"}],"version-history":[{"count":0,"href":"https:\/\/www.ecoitaliano.com.ar\/index.php?rest_route=\/wp\/v2\/posts\/13474\/revisions"}],"wp:attachment":[{"href":"https:\/\/www.ecoitaliano.com.ar\/index.php?rest_route=%2Fwp%2Fv2%2Fmedia&parent=13474"}],"wp:term":[{"taxonomy":"category","embeddable":true,"href":"https:\/\/www.ecoitaliano.com.ar\/index.php?rest_route=%2Fwp%2Fv2%2Fcategories&post=13474"},{"taxonomy":"post_tag","embeddable":true,"href":"https:\/\/www.ecoitaliano.com.ar\/index.php?rest_route=%2Fwp%2Fv2%2Ftags&post=13474"}],"curies":[{"name":"wp","href":"https:\/\/api.w.org\/{rel}","templated":true}]}}