{"id":13478,"date":"2021-01-24T13:58:38","date_gmt":"2021-01-24T13:58:38","guid":{"rendered":"http:\/\/www.ecoitaliano.com.ar\/?p=13478"},"modified":"2021-01-24T13:58:38","modified_gmt":"2021-01-24T13:58:38","slug":"questo-non-e-uno-spettacolo-dal-vivo-di-associazione-centripeta-sabato-23-gennaio-ore-17-30-pesaro-piazza-lazzarini","status":"publish","type":"post","link":"https:\/\/www.ecoitaliano.com.ar\/?p=13478","title":{"rendered":"\u00abQuesto non \u00e8 uno spettacolo dal vivo\u00bb di Associazione Centripeta | Sabato 23 gennaio, ore 17.30 &#8211; Pesaro, Piazza Lazzarini"},"content":{"rendered":"<div align=\"center\"><img decoding=\"async\" class=\"CToWUd\" title=\"Testo alternativo\" src=\"https:\/\/ci6.googleusercontent.com\/proxy\/URU3TJidiSBzpDEvPgnTNzCTwFvD5ove623QETqYQ9MlhClvvDziBLWUy6ejTUBOXyj6_H7LD4hQfs5Nf2MXbrX2bO5BSGt_Z-ri8OA6peoQ2Z7hfMO61B2fNt_JcoD2PeIuKrZJzMxnOlsOcflO9CdiSN4dUd-vwg=s0-d-e1-ft#https:\/\/culturaliart.img.musvc2.net\/static\/91342\/images\/1\/Schermata%202021-01-20%20alle%2014.49.19.png\" alt=\"Testo alternativo\" width=\"182\" align=\"middle\" border=\"0\" \/><\/div>\n<div align=\"center\"><img decoding=\"async\" class=\"CToWUd a6T\" tabindex=\"0\" title=\"Testo alternativo\" src=\"https:\/\/ci6.googleusercontent.com\/proxy\/WX40Ysqm54GSljfuwhZKXrrEnNDv6kvdNQmr3SEigVJ6O6JxD3xNo0okNKV1b6MxGvmp6IEtHm3W0pHS4fCtlsIxZpVUjpuE1hluF7tqPDTT6SZJmyphnkETIsHhcu1ScZykrQ=s0-d-e1-ft#https:\/\/culturaliart.img.musvc2.net\/static\/91342\/images\/1\/IMG-20210123-WA0005.jpg\" alt=\"Testo alternativo\" width=\"600\" align=\"middle\" border=\"0\" \/><\/div>\n<div align=\"center\"><\/div>\n<div>\n<div>\n<p>&nbsp;<\/p>\n<p><strong>QUESTO NON \u00c8\u00a0UNO SPETTACOLO DAL VIVO<\/strong><\/p>\n<\/div>\n<\/div>\n<div>\n<div>\n<p><strong>Atto di resilienza artistica<\/strong><\/p>\n<p><strong>Sabato <\/strong><strong>23 Gennaio 2021, ore 17.30<\/strong><\/p>\n<p><strong>Pesaro, Piazza Lazzarini<\/strong><\/p>\n<p>&nbsp;<\/p>\n<p>&nbsp;<\/p>\n<p><em>\u201cL&#8217;inferno dei viventi non \u00e8 qualcosa che sar\u00e0; se ce n&#8217;\u00e8 uno, \u00e8 quello che \u00e8 gi\u00e0 qui, l&#8217;inferno che abitiamo tutti i giorni, che formiamo stando insieme. Due modi ci sono per non soffrirne. Il primo riesce facile a molti: accettare l&#8217;inferno e diventarne parte fino al punto di non vederlo pi\u00f9. Il secondo \u00e8 rischioso ed esige attenzione e apprendimento continui: cercare e saper riconoscere chi e cosa, in mezzo all&#8217;inferno, non \u00e8 inferno, e farlo durare, e dargli spazio.\u201d<\/em><\/p>\n<p>&nbsp;<\/p>\n<p><strong>Italo Calvino, Le Citt\u00e0 Invisibili\u00a0\u00a0\u00a0\u00a0\u00a0\u00a0<\/strong><\/p>\n<p>&nbsp;<\/p>\n<p><strong>\u00a0<\/strong><\/p>\n<p>&nbsp;<\/p>\n<p>Siamo teatranti, <strong>sentiamo il dovere di proteggere l\u2019arte<\/strong> e la sua funzione sociale inestimabile.<\/p>\n<p>&nbsp;<\/p>\n<p>Siamo persone consapevoli di quello che sta accadendo, e siamo convinti che <strong>il teatro sia un ottimo strumento di riflessione<\/strong>, <strong>di confronto e condivisione<\/strong>, per contrastare meglio l\u2019emergenza, che oltre ad essere sanitaria \u00e8 diventata sociale. Come lavoratori e lavoratrici rivendichiamo il diritto al lavoro che ci \u00e8 stato negato in maniera indiscriminata, e denunciamo la totale incapacit\u00e0 delle istituzioni sia politiche che culturali, di proteggere la categoria e di immaginare e attuare concrete e dignitose misure di occupazione e ripartenza.<\/p>\n<p>&nbsp;<\/p>\n<p>Non possiamo stare in silenzio e lasciare che coloro che governano lo Stato, i teatri e i luoghi di cultura continuino a mettere in atto politiche di rilancio inefficaci e fallimentari volte a far tornare i conti, agendo in maniera autoreferenziale e troppo spesso per interessi e simpatie personali, modalit\u00e0 gi\u00e0 ampiamente diffuse prima della pandemia.<\/p>\n<p>&nbsp;<\/p>\n<p>Si parla di Netflix della cultura, di teatro online, come uniche prospettive possibili. Sarebbe come immaginarsi di fare agricoltura o edilizia online, perch\u00e9 il teatro \u00e8 artigianato, \u00e8 materia che si crea e prende forma, modifica luoghi, al presente e in relazione. \u00c8 davvero questo il massimo che delle persone competenti riescono ad immaginare?<\/p>\n<p>&nbsp;<\/p>\n<p>In questo stato di emergenza ci sono state imposte delle priorit\u00e0, tra queste non c\u2019\u00e8 la cultura, considerata dai burocrati un peso economico, e non una delle risorse fondamentali per il presente e soprattutto per il futuro di una societ\u00e0 sana.<\/p>\n<p>Sentiamo quindi l\u2019<strong>obbligo morale e civile di manifestare il nostro dissenso<\/strong>, scegliamo di farlo in maniera attiva, perch\u00e9 perseverare con accondiscendenza e omert\u00e0 vuol dire stare al gioco di chi vince barando.<\/p>\n<p>&nbsp;<\/p>\n<p>In questo momento storico dobbiamo individuare le modalit\u00e0 e i luoghi all\u2019interno dei quali il teatro possa continuare realmente ad essere.<\/p>\n<p>Con questo atto di resilienza, che si terr\u00e0 <strong>sabato 23 gennaio 2021<\/strong> ore 17.30 <strong>nel centro della citt\u00e0 di Pesaro<\/strong> proprio <strong>di fronte al Teatro Rossini<\/strong>, ci innestiamo in uno dei luoghi che il sistema economico protegge nonostante l\u2019emergenza: un luogo di consumo dove le relazioni e i contatti possono avvenire perch\u00e9 funzionali all\u2019economia.<\/p>\n<p>&nbsp;<\/p>\n<p>Non si tratta certo di una soluzione definitiva, ma se adesso rappresenta l\u2019unica possibilit\u00e0 per continuare ad essere fisicamente presenti tra la gente, replicheremo, e ci auguriamo che altri e altre come noi prendano coraggio e agiscano.<\/p>\n<p>&nbsp;<\/p>\n<p>Questa crisi \u00e8 anche una grande opportunit\u00e0 per provare a rinnovare forme e strutture creative capaci di superare limiti, confini e pandemie.<\/p>\n<p>&nbsp;<\/p>\n<p>&nbsp;<\/p>\n<p><strong><em>Ass.ne Centripeta<\/em><\/strong><\/p>\n<p><strong><em>Stefano Mereu<\/em><\/strong><\/p>\n<p><strong><em>Marianna Bianchetti<\/em><\/strong><\/p>\n<\/div>\n<\/div>\n<div>\n<div>\n<p>#<wbr \/>questononeunospettacolodalvivo<\/p>\n<p>#centripeta<\/p>\n<p>#discobunker<\/p>\n<p>#comeetristelaprudenza<\/p>\n<\/div>\n<\/div>\n<div align=\"center\"><\/div>\n","protected":false},"excerpt":{"rendered":"<p>&nbsp; QUESTO NON \u00c8\u00a0UNO SPETTACOLO DAL VIVO Atto di resilienza artistica Sabato 23 Gennaio 2021, ore 17.30 Pesaro, Piazza Lazzarini [&hellip;]<\/p>\n","protected":false},"author":1,"featured_media":0,"comment_status":"open","ping_status":"open","sticky":false,"template":"","format":"standard","meta":{"footnotes":""},"categories":[4,10],"tags":[],"class_list":["post-13478","post","type-post","status-publish","format-standard","hentry","category-cultura","category-italiano"],"_links":{"self":[{"href":"https:\/\/www.ecoitaliano.com.ar\/index.php?rest_route=\/wp\/v2\/posts\/13478","targetHints":{"allow":["GET"]}}],"collection":[{"href":"https:\/\/www.ecoitaliano.com.ar\/index.php?rest_route=\/wp\/v2\/posts"}],"about":[{"href":"https:\/\/www.ecoitaliano.com.ar\/index.php?rest_route=\/wp\/v2\/types\/post"}],"author":[{"embeddable":true,"href":"https:\/\/www.ecoitaliano.com.ar\/index.php?rest_route=\/wp\/v2\/users\/1"}],"replies":[{"embeddable":true,"href":"https:\/\/www.ecoitaliano.com.ar\/index.php?rest_route=%2Fwp%2Fv2%2Fcomments&post=13478"}],"version-history":[{"count":0,"href":"https:\/\/www.ecoitaliano.com.ar\/index.php?rest_route=\/wp\/v2\/posts\/13478\/revisions"}],"wp:attachment":[{"href":"https:\/\/www.ecoitaliano.com.ar\/index.php?rest_route=%2Fwp%2Fv2%2Fmedia&parent=13478"}],"wp:term":[{"taxonomy":"category","embeddable":true,"href":"https:\/\/www.ecoitaliano.com.ar\/index.php?rest_route=%2Fwp%2Fv2%2Fcategories&post=13478"},{"taxonomy":"post_tag","embeddable":true,"href":"https:\/\/www.ecoitaliano.com.ar\/index.php?rest_route=%2Fwp%2Fv2%2Ftags&post=13478"}],"curies":[{"name":"wp","href":"https:\/\/api.w.org\/{rel}","templated":true}]}}