{"id":13736,"date":"2021-02-10T21:23:34","date_gmt":"2021-02-10T21:23:34","guid":{"rendered":"http:\/\/www.ecoitaliano.com.ar\/?p=13736"},"modified":"2021-02-10T21:23:34","modified_gmt":"2021-02-10T21:23:34","slug":"franco-marini-addio","status":"publish","type":"post","link":"https:\/\/www.ecoitaliano.com.ar\/?p=13736","title":{"rendered":"FRANCO MARINI, ADDIO!"},"content":{"rendered":"<p><a href=\"http:\/\/www.ecoitaliano.com.ar\/wp-content\/uploads\/2021\/02\/3-50\u00b0-Gruppo-Alpini-Paganica.2-2007.jpg\"><img decoding=\"async\" class=\"alignnone size-full wp-image-13737\" src=\"http:\/\/www.ecoitaliano.com.ar\/wp-content\/uploads\/2021\/02\/3-50\u00b0-Gruppo-Alpini-Paganica.2-2007.jpg\" alt=\"\" width=\"3391\" height=\"2491\" srcset=\"https:\/\/www.ecoitaliano.com.ar\/wp-content\/uploads\/2021\/02\/3-50\u00b0-Gruppo-Alpini-Paganica.2-2007.jpg 3391w, https:\/\/www.ecoitaliano.com.ar\/wp-content\/uploads\/2021\/02\/3-50\u00b0-Gruppo-Alpini-Paganica.2-2007-300x220.jpg 300w, https:\/\/www.ecoitaliano.com.ar\/wp-content\/uploads\/2021\/02\/3-50\u00b0-Gruppo-Alpini-Paganica.2-2007-768x564.jpg 768w, https:\/\/www.ecoitaliano.com.ar\/wp-content\/uploads\/2021\/02\/3-50\u00b0-Gruppo-Alpini-Paganica.2-2007-1024x752.jpg 1024w, https:\/\/www.ecoitaliano.com.ar\/wp-content\/uploads\/2021\/02\/3-50\u00b0-Gruppo-Alpini-Paganica.2-2007-150x110.jpg 150w\" sizes=\"(max-width: 3391px) 100vw, 3391px\" \/><\/a><\/p>\n<p>&nbsp;<\/p>\n<div>\n<div dir=\"auto\"><b>FRANCO MARINI, UN PENSIERO IN RICORDO DEL GRANDE SINDACALISTA E POLITICO<\/b><\/div>\n<div dir=\"auto\"><\/div>\n<div dir=\"auto\">Esprimo la mia tristezza per la scomparsa di Franco Marini, sindacalista e politico di grande rilievo, Presidente emerito del Senato della Repubblica, gi\u00e0 Ministro del Lavoro e Segretario Generale della Cisl, deceduto oggi a Roma. Ho trovato belle dichiarazioni da tutto il mondo istituzionale, sindacale ed economico. Ancor pi\u00f9 mi hanno fatto piacere quelle del mondo politico, del campo a Lui vicino e da quello avverso, a significare la sua grande statura di uomo della Politica e delle Istituzioni, con le lettere maiuscole. Non aggiunger\u00f2 altre parole, che rischierebbero di essere ultronee a quanto altri meglio di me sapranno commentare sulla vita e sulle opere del Sen. Franco Marini, del quale ho condiviso la comunanza di valori del cattolicesimo democratico.<\/div>\n<\/div>\n<div>\n<div dir=\"auto\">Mi piace, invece, richiamare la semplicit\u00e0 del suo tratto, la bonomia e l&#8217;austera sobriet\u00e0 che ha contrassegnato la sua vita pubblica. E l&#8217;attaccamento alla sua terra, a San Pio delle Camere dove era nato 87 anni fa e dove aveva sistemato la sua casa modesta dove volentieri tornava, all&#8217;Aquila e all&#8217;Abruzzo. E l&#8217;attaccamento alle antiche amicizie e alla gente della sua terra nat\u00eca. Pur ai massimi livelli di rappresentanza della Repubblica non ha mai perso questo legame autentico e profondo con la sua terra e la sua gente. Un forte esempio di umilt\u00e0, anche (direi soprattutto) quando si ricoprono altissime funzioni.<\/div>\n<\/div>\n<div>\n<div dir=\"auto\">Ho avuto per molti anni modo di stargli vicino e di sostenere la sua opera, nella vita politica ed istituzionale, da quando nel 1992 entr\u00f2 in Parlamento. Ma soprattutto nella vita di partito, dapprima nella Democrazia Cristiana, poi nel Partito Popolare del quale divenne Segretario, poi ancora nella Margherita e nel Partito Democratico. Ma in questo momento voglio ricordarlo proprio per questo suo tratto di semplicit\u00e0 e predilezione per l&#8217;autenticit\u00e0 dei rapporti interpersonali.<\/div>\n<\/div>\n<div>\n<div dir=\"auto\">Da alpino non posso non rilevare anche il suo straordinario radicamento ai valori dell&#8217;alpinit\u00e0, egli sempre presente alle manifestazioni dell&#8217;ANA in campo nazionale, regionale e locale. Lo ricorda oggi molto bene il presidente della Sezione Abruzzi dell&#8217;ANA Pietro D&#8217;Alfonso, con belle parole. Franco Marini per gli Alpini \u00e8 stato un affidabile punto di riferimento, in ogni momento, dai Raduni nazionali (ricordiamo quello dell&#8217;Aquila del 2015), a quelli regionali e locali. Era iscritto al gruppo Alpini di Barisciano, che raccoglie un po&#8217; tutte le penne nere dell&#8217;altopiano, e quando poteva sempre ha frequentato quel gruppo condividendone le iniziative e la socialit\u00e0, tra un bicchiere di vino e un canto di montagna.<\/div>\n<\/div>\n<div>\n<div dir=\"auto\">Non a caso scelgo questa foto del 2007. Era Presidente del Senato quando partecip\u00f2, a Paganica, alla celebrazione del 50\u00b0 anniversario della costituzione del nostro Gruppo Alpini \u00abMario Rossi\u00bb. Arriv\u00f2 puntuale in una giornata un po&#8217; uggiosa, segu\u00ec la sfilata delle penne nere dei gruppi abruzzesi, poi rest\u00f2 ancora con noi per un brindisi prima di riprendere la strada per Roma. E&#8217; stato pi\u00f9 recentemente a Paganica nel 2017, quando abbiamo tenuto un convegno sulla Grande Guerra, ricordando la Medaglia d&#8217;Oro Colonnello Francesco Rossi nel centenario della morte e tutti i caduti di Paganica e frazioni, riportati nel bel volume di Fernando Rossi. Franco Marini intervenne con un magnifico contributo a quel Convegno, anche come Presidente Nazionale per le celebrazioni del Centenario della Grande Guerra.<\/div>\n<\/div>\n<div>\n<div dir=\"auto\">Ecco, oggi scelgo di ricordarlo cos\u00ec il Sen. Marini, per questa sua indole popolare, per questa sua bella semplicit\u00e0 nei comportamenti pubblici, per il suo particolare portamento istituzionale, per la sua integrit\u00e0. L&#8217;Aquila, l&#8217;Abruzzo e l&#8217;Italia gli debbono essere grati per la sua importante opera di Uomo delle Istituzioni, certamente, ma anche per questo particolare suo esempio di rigorosa e austera sobriet\u00e0, che tanto dovrebbe insegnare oggi al mondo politico, dove le cadute di stile, la spettacolarizzazione e talvolta la sguaiatezza dei toni sono purtroppo assai frequenti. Addio Presidente Marini, addio caro Franco, da cristiano credente nella Resurrezione oggi in Cielo troverai Luisa ad aspettarti, la tua amatissima moglie.<\/div>\n<div dir=\"auto\"><\/div>\n<div><b>Goffredo Palmerini<\/b><\/div>\n<\/div>\n","protected":false},"excerpt":{"rendered":"<p>&nbsp; FRANCO MARINI, UN PENSIERO IN RICORDO DEL GRANDE SINDACALISTA E POLITICO Esprimo la mia tristezza per la scomparsa di [&hellip;]<\/p>\n","protected":false},"author":1,"featured_media":0,"comment_status":"open","ping_status":"open","sticky":false,"template":"","format":"standard","meta":{"footnotes":""},"categories":[43,10],"tags":[],"class_list":["post-13736","post","type-post","status-publish","format-standard","hentry","category-historias","category-italiano"],"_links":{"self":[{"href":"https:\/\/www.ecoitaliano.com.ar\/index.php?rest_route=\/wp\/v2\/posts\/13736","targetHints":{"allow":["GET"]}}],"collection":[{"href":"https:\/\/www.ecoitaliano.com.ar\/index.php?rest_route=\/wp\/v2\/posts"}],"about":[{"href":"https:\/\/www.ecoitaliano.com.ar\/index.php?rest_route=\/wp\/v2\/types\/post"}],"author":[{"embeddable":true,"href":"https:\/\/www.ecoitaliano.com.ar\/index.php?rest_route=\/wp\/v2\/users\/1"}],"replies":[{"embeddable":true,"href":"https:\/\/www.ecoitaliano.com.ar\/index.php?rest_route=%2Fwp%2Fv2%2Fcomments&post=13736"}],"version-history":[{"count":0,"href":"https:\/\/www.ecoitaliano.com.ar\/index.php?rest_route=\/wp\/v2\/posts\/13736\/revisions"}],"wp:attachment":[{"href":"https:\/\/www.ecoitaliano.com.ar\/index.php?rest_route=%2Fwp%2Fv2%2Fmedia&parent=13736"}],"wp:term":[{"taxonomy":"category","embeddable":true,"href":"https:\/\/www.ecoitaliano.com.ar\/index.php?rest_route=%2Fwp%2Fv2%2Fcategories&post=13736"},{"taxonomy":"post_tag","embeddable":true,"href":"https:\/\/www.ecoitaliano.com.ar\/index.php?rest_route=%2Fwp%2Fv2%2Ftags&post=13736"}],"curies":[{"name":"wp","href":"https:\/\/api.w.org\/{rel}","templated":true}]}}