{"id":14162,"date":"2021-03-19T15:58:33","date_gmt":"2021-03-19T15:58:33","guid":{"rendered":"http:\/\/www.ecoitaliano.com.ar\/?p=14162"},"modified":"2021-03-19T15:58:33","modified_gmt":"2021-03-19T15:58:33","slug":"serena-conduce-operaclassica-eco-italiano-645","status":"publish","type":"post","link":"https:\/\/www.ecoitaliano.com.ar\/?p=14162","title":{"rendered":"Serena conduce operaclassica eco italiano."},"content":{"rendered":"<p><strong>COMUNICATO STAMPA<\/strong><\/p>\n<p><strong>\u00a0<\/strong><\/p>\n<p><strong>Manfred Honeck dirige il Coro e l\u2019Orchestra del Maggio Musicale Fiorentino in un concerto che verr\u00e0 registrato domenica 21 marzo e che sar\u00e0 successivamente trasmesso in streaming.<\/strong><\/p>\n<p><strong>\u00a0<\/strong><\/p>\n<p><strong>In programma composizioni di Franz Joseph Haydn, Anton Bruckner, Lili Boulanger, Gabriel Faur\u00e9 e Wolfgang Amadeus Mozart.<\/strong><\/p>\n<p>&nbsp;<\/p>\n<p><em>Firenze 19 marzo 2021<\/em> &#8211; Il maestro Manfred Honeck uno dei pi\u00f9 importati direttori internazionali, il cui debutto al Maggio risale al 2004, dirige il Coro e l&#8217;Orchestra del Maggio in un concerto che verr\u00e0 registrato domenica 21 marzo 2021, alle ore 11, e che sar\u00e0 successivamente trasmesso in streaming. Il variegato programma comprende la Sinfonia in re maggiore Hob.I:93 di Franz Joseph Haydn, il mottetto <em>Locus Iste<\/em> di Anton Bruckner, la cantata <em>Pie Jesu<\/em> di Lili Boulanger, il <em>Cantique de Jean Racine <\/em>op. 11 di Gabriel Faur\u00e9 e, in conclusione, tre composizioni di Wolfgang Amadeus Mozart: il <em>Laudate Dominum <\/em>da <em>Vesperae Solennes de Confessore <\/em>K. 339, l\u2019<em>Ave verum corpus <\/em>K. 618 e la Sinfonia in mi bemolle maggiore K. 543. Solista nel brano di Boulanger e nel <em>Laudate<\/em> mozartiano: Francesca Aspromonte che lo scorso settembre ha interpretato il ruolo di Almirena nel <em>Rinaldo<\/em>, di Handel, regia di Pier Luigi Pizzi, che ha inaugurato la Stagione Lirica 2020\/2021. Maestro del Coro: Lorenzo Fratini.<\/p>\n<p>&nbsp;<\/p>\n<p>Il maestro Honeck era atteso per un concerto lo scorso 21 dicembre 2020 in abbonamento alla Stagione sinfonica 2020\/2021 che \u00e8 stato sospeso a causa delle limitazioni imposte per l&#8217;emergenza da Covid. Il concerto verr\u00e0 comunque recuperato nel prossimo futuro quando la situazione sanitaria si sar\u00e0 normalizzata. Nel frattempo il Maggio ha deciso comunque di aggiungere, alla programmazione, il concerto del 21 marzo diretto dal maestro Honeck , per registrarlo e poi trasmetterlo in streaming.<\/p>\n<p>&nbsp;<\/p>\n<p>In apertura del concerto la Sinfonia in re maggiore Hob.I:93 di Franz Joseph Haydn, tra le prime del ciclo \u00ablondinese\u00bb che segnano il culmine della produzione del compositore per questo genere, per proseguire con il mottetto <em>Locus iste<\/em> di Anton Bruckner, breve brano a cappella con il tema iniziale che ricorda vagamente l\u2019<em>Ave verum <\/em>di Mozart, la cantata <em>Pie Jesu<\/em> di Lili Boulanger, che avrebbe dovuto far parte di una \u201cMessa da Requiem\u201d della compositrice mai ultimata, e il <em>Cantique de Jean Racine<\/em> di Gabriel Faur\u00e9, sua prima composizione rilevante che verr\u00e0 eseguita al Maggio in un\u2019elaborazione del maestro Honeck. La locandina del concerto si conclude con tre brani di Wolfgang Amadeus Mozart: il <em>Laudate Dominum <\/em>da <em>Vesperae Solennes de Confessore <\/em>K. 339, l\u2019ultimo lavoro del compositore per il servizio liturgico della Cattedrale di Salisburgo, il mottetto <em>Ave verum corpus <\/em>K. 618, tra i suoi brani pi\u00f9 popolari dalla purissima melodia, e la Sinfonia in mi bemolle maggiore K. 543 dalla forte intensit\u00e0 espressiva.<\/p>\n<p>&nbsp;<\/p>\n<p>Nel mese di marzo e aprile sono previste altre registrazioni che verranno trasmesse successivamente: tre con il maestro Zubin Mehta sul podio tra cui il concerto al Duomo di Orvieto per celebrare la Pasqua (22 marzo), il concerto con la violinista Vilde Frang (27 marzo) e l&#8217;opera <em>Cos\u00ec fan tutte<\/em> di Wolfgang Amadeus Mozart con la regia di Sven-Erich Bechtolf (28 marzo) e un concerto sinfonico con il maestro Daniele Gatti (2 aprile).<\/p>\n<p>&nbsp;<\/p>\n<p><u>La durata complessiva \u00e8 di un\u2019ora e quaranta minuti circa.<\/u><\/p>\n<p><strong><u>Franz Joseph Haydn &#8211; Sinfonia n. 93 in re maggiore <\/u><\/strong><\/p>\n<p>Nel 1790 Haydn fu invitato a comporre un ciclo di sinfonie per i teatri di Londra. L\u2019offerta allettante, sia in termini economici che di prestigio, era giunta da Johann Peter Salomon, impresario teatrale e direttore di un\u2019orchestra da lui fondata nella capitale britannica. Haydn accett\u00f2 e giunto in Inghilterra si mise immediatamente a lavoro. Tra il 1791 e il 1792 nacque il primo dei due cicli di sinfonie &#8211; dodici in tutto &#8211; denominate \u2018londinesi\u2019. La Sinfonia n. 93 in re maggiore, la prima del ciclo, fu tenuta a battesimo da Salomon, che a capo della sua orchestra la diresse il 17 febbraio del 1792 riscuotendo enorme successo. Come le altre sorelle del gruppo, la Sinfonia n. 93 si apre con un Adagio dal tono solenne che introduce l\u2019Allegro, dove risalta il primo tema in ritmo di valzer. Nei movimenti centrali &#8211; Largo cantabile e Minuetto &#8211; Haydn gioca e si diverte con contrasti dinamici e soluzioni timbriche ricche di humor; mentre il quarto movimento, tutto verve ed energia, chiude l\u2019opera nel segno della festosit\u00e0.<\/p>\n<p>&nbsp;<\/p>\n<p><strong><u>Anton Bruckner &#8211;<em> Locus iste<\/em><\/u><\/strong><\/p>\n<p>Il breve mottetto per coro di voci miste <em>Locus iste &#8211; <\/em>su testo dell\u2019omonimo graduale latino &#8211; fu composto da Anton Bruckner nel 1869 per la consacrazione della cappella votiva della cattedrale di Linz. Del resto, la carriera di Bruckner era iniziata proprio tra il silenzio delle navate delle cattedrali austriache (compresa quella di Linz) dove si era fatto le ossa come organista sperimentando in lungo e in largo le varie forme di musica sacra. Non stupisce quindi che nel suo catalogo spicchino per quantit\u00e0 le composizioni religiose e che la produzione mottetistica, in particolar modo, occupi un posto di rilievo avendo accompagnato Bruckner dai primi anni di carriera fino alla grande esperienza sinfonica. A differenza di altre sue opere sacre marcatamente arcaizzanti, il <em>Locus iste <\/em>si distingue per la melodia semplice e lineare e per l\u2019andamento prevalentemente omoritmico.<\/p>\n<p>&nbsp;<\/p>\n<p><strong><u>Lili Boulanger &#8211;<em> Pie Jesu <\/em>per soprano, organo, arpa e archi<\/u><\/strong><\/p>\n<p>Prima donna compositrice a vincere il prestigioso \u2018Prix de Rome<em>\u2019 <\/em>nel 1913, Lili Boulanger pare destinata a una carriera di successo se non fosse per una malattia invalidante giunta troppo presto a sbarrarle la strada e a condurla alla morte a soli ventiquattro anni. Proprio negli ultimi anni di vita, tuttavia, Lili compone alcune tra le sue opere pi\u00f9 riuscite. Nel marzo del 1918 la compositrice stremata dalla malattia non ha pi\u00f9 le forze per scrivere musica, ma ciononostante riesce a dettare, nota dopo nota, la cantata <em>Pie Jesu<\/em> alla sorella Nadia, anch\u2019essa compositrice e nota didatta. Il <em>Pie Jesu<\/em> \u00e8 una sorta di testamento musicale in cui l\u2019invocazione universale alla pace eterna rivolta al figlio di Dio misericordioso assume un valore assolutamente autobiografico. Un lungo ostinato di organo e archi accompagna una melodia vocale dolente e angosciata dall\u2019incedere affannoso. Solo alla fine uno sprazzo di luce consolatorio si fa strada con il suono etereo dell\u2019arpa: \u00e8 la promessa della pace tanto attesa in un mondo che non \u00e8 pi\u00f9 terreno.<\/p>\n<p><strong><u>\u00a0<\/u><\/strong><\/p>\n<p><strong><u>Gabriel Faur\u00e9 &#8211;<em> Cantique de Jean Racine <\/em>op. 11<\/u><\/strong><\/p>\n<p>Nel 1865 il <em>Cantique de Jean Racine op. 11<\/em> valse al giovane Gabriel Faur\u00e9 il primo premio al concorso indetto dall\u2019\u00c9cole Niedermeyer di Parigi, la pi\u00f9 importante istituzione di musica sacra di cui Faur\u00e9 era stato tra i migliori allievi. Il testo tratto dalla traduzione di Jean Racine dell\u2019inno latino <em>Consors paterni, <\/em>attribuito a S. Ambrogio, \u00e8 declinato in una scrittura limpida ed elegante, una caratteristica dello stile di Faur\u00e9 gi\u00e0 riscontrabile in questa pagina giovanile. Il brano, scritto originariamente per coro di voci miste e organo, sar\u00e0 eseguito in una versione per coro, arpa e archi di Manfred Honeck.<\/p>\n<p>&nbsp;<\/p>\n<p><strong><u>Wolfgang Amadeus Mozart &#8211; <em>Laudate Dominum <\/em><\/u><\/strong><strong><u>da <em>Vesperae Solennes de Confessore <\/em>K. 339<\/u><\/strong><\/p>\n<p>Negli anni trascorsi a servizio dell\u2019arcivescovo di Salisburgo Mozart aveva prodotto numerose composizioni di musica sacra destinate a celebrare le solennit\u00e0 del calendario liturgico. I <em>Vespri<\/em> K. 339<em> &#8211; <\/em>ultima opera della produzione sacra salisburghese <em>&#8211; <\/em>furono composti nel 1780 in occasione di una cerimonia in onore di un santo confessore della Chiesa non meglio identificato. Nei <em>Vespri &#8211; <\/em>composti da cinque Salmi della Vulgata (<em>Dixit Dominus<\/em>, <em>Confitebor<\/em>, <em>Beatus Vir<\/em>, <em>Laudate Pueri<\/em>, <em>Laudate Dominum<\/em>) pi\u00f9 il <em>Magnificat<\/em> finale &#8211; convivono armoniosamente pagine scritte in contrappunto severo e pagine edonistiche di evidente impronta teatrale. A quest\u2019ultimo gruppo appartiene il <em>Laudate Dominum, <\/em>aria per soprano, coro e orchestra dove la melodia della solista che si libra in volo su un sommesso accompagnamento orchestrale \u00e8 pura poesia, \u00e8 l\u2019incanto del suono che fa dimenticare qualsiasi appartenenza di genere o classificazione.<\/p>\n<p>&nbsp;<\/p>\n<p><strong><u>\u00a0<\/u><\/strong><\/p>\n<p><strong><u>\u00a0<\/u><\/strong><\/p>\n<p><strong><u>\u00a0<\/u><\/strong><\/p>\n<p><strong><u>\u00a0<\/u><\/strong><\/p>\n<p><strong><u>\u00a0<\/u><\/strong><\/p>\n<p><strong><u>Wolfgang Amadeus Mozart &#8211; <em>Ave verum corpus <\/em>K. 618<\/u><\/strong><\/p>\n<p>Il breve mottetto per coro, archi e organo <em>Ave verum corpus <\/em>K. 618 \u00e8 tra i brani pi\u00f9 conosciuti e amati della produzione sacra mozartiana. Nell\u2019estate del 1791 Mozart aveva raggiunto la moglie in villeggiatura a Baden e per sdebitarsi con l\u2019amico Anton Stoll, direttore del coro locale, compose questa pagina che venne eseguita durante le celebrazioni della festa del Corpus Domini. Nell\u2019<em>Ave verum <\/em>Mozart adotta una scrittura omofonica per meglio sottolineare il significato del testo, realizzando pur nella brevit\u00e0 &#8211; solo quarantasei battute &#8211; e con pochi mezzi strumentali &#8211; l\u2019organico \u00e8 ridotto ai soli archi e organo vista la destinazione per la chiesa di paese &#8211; un gioiello di immediatezza espressiva.<\/p>\n<p><strong><u>\u00a0<\/u><\/strong><\/p>\n<p><strong><u>Wolfgang Amadeus Mozart &#8211; Sinfonia n. 39 in mi bemolle maggiore K. 543<\/u><\/strong><\/p>\n<p>Prima delle tre ultime sinfonie mozartiane, la Sinfonia in mi bemolle maggiore K. 543 fu composta nel giugno del 1788. Per Mozart quell\u2019anno fu davvero difficile sul versante personale &#8211; tra le preoccupazioni dovute a una situazione economica disastrosa e la delusione subita per il mancato successo viennese del <em>Don Giovanni<\/em> &#8211; ma altres\u00ec fruttuoso sul versante della creativit\u00e0. In quell\u2019estate, sotto la spinta bruciante del suo talento, Mozart diede alla luce i tre capolavori sinfonici che chiudono la sua produzione nel genere e rappresentano la summa della sua arte orchestrale. Nella Sinfonia K. 543 per la prima volta Mozart impiega al posto degli oboi i clarinetti, strumenti che all\u2019epoca non avevano ancora una sistemazione stabile in orchestra ma erano particolarmente amati dal compositore per il timbro morbido e pastoso. Seguendo il venerabile modello di Haydn, la Sinfonia K. 543 si apre con un imponente Adagio introduttivo: vigorosi accordi seguiti da scalette ascendenti e discendenti cariche di tensione aprono la strada al primo tema dell\u2019Allegro, che da principio entra quasi in punta di piedi per prendere poi forza sostenuto da trombe e timpani. L\u2019Andante \u00e8 costruito su un tema di serena cantabilit\u00e0, ma inaspettatamente assume al centro colori cupi e drammatici. Segue un Minuetto dal passo imperioso che cede spazio nel Trio all\u2019aggraziato dialogo tra il flauto e la coppia di clarinetti. La chiusura, invece, \u00e8 scintillante con lo slancio inarrestabile del tema dell\u2019Allegro finale che rimbalza senza sosta tra le varie famiglie orchestrali.<\/p>\n<p>&nbsp;<\/p>\n<p><strong><u>Manfred Honeck<\/u><\/strong><br \/>\nNell&#8217;ultimo quarto di secolo, Manfred Honeck si \u00e8 affermato come uno dei pi\u00f9 importati direttori internazionali, celebrato per le sue apprezzate interpretazioni e per le trascrizioni di un vasto repertorio di musiche. Nato in Austria, ha compiuto i suoi studi all&#8217;Accademia di Musica di Vienna e i lunghi anni di esperienze come membro dei Wiener Philharmoniker hanno lasciato un&#8217;impronta indelebile nel suo modo di dirigere. Iniziata la carriera come assistente di Claudio Abbado, fu in seguito chiamato all&#8217;Opera di Zurigo, dove vinse il prestigioso European Conductor\u2019s Award. Direttore musicale, per pi\u00f9 di dieci anni, della Pittsburgh Symphony Orchestra, ha stabilito con i suoi musicisti uno stretto rapporto, che ha ottenuto unanimi riconoscimenti in patria, all&#8217;estero e per le incisioni discografiche, come testimonia il Grammy Award 2018 per la Best Orchestral Performance. Insieme, Manfred Honeck e la Pittsburgh Symphony Orchestra si sono distinti come ambasciatori culturali della citt\u00e0, divenendo una delle orchestre americane che ha effettuato pi\u00f9 <em>tourn\u00e9es<\/em>. Oltre ad essersi esibita alla Carnegie Hall e al Lincoln Center di New York, la Pittsburgh Symphony \u00e8 ospite frequentemente nelle pi\u00f9 importanti capitali europee della musica e nei maggiori festival, fra cui Beethovenfest Bonn, BBC Proms di Londra, Musikfest Berlin, Lucerna, Rheingau, Grafenegg e Salisburgo, oltre a mantenere uno stretto rapporto con il Musikverein di Vienna. Fra i vari incarichi ricoperti da Manfred Honeck, ricordiamo che \u00e8 stato uno dei tre Direttori principali della MDR-Sinfonieorchester di Lipsia, Principale Direttore ospite della Oslo Philharmonic Orchestra, Direttore musicale della Swedish Radio Symphony Orchestra di Stoccolma e, per molti anni, Principale Direttore ospite della Filarmonica Ceca. Dal 2007 al 2011, Manfred Honeck \u00e8 stato, inoltre, Direttore musicale della Staatsoper Stuttgart. In ambito operistico si \u00e8 esibito alla Semperoper Dresden, all&#8217;Opera Reale di Copenhagen e al Festival di Salisburgo, mentre in campo sinfonico ha diretto alcune tra le pi\u00f9 prestigiose orchestre internazionali quali: Berliner Philharmoniker, Orchestra Sinfonica della Radio Bavarese, Gewandhausorchester Leipzig, Staatskapelle Dresden, London Symphony Orchestra, Orchestre de Paris, Accademia di Santa Cecilia di Roma e Wiener Philharmoniker in Europa e le pi\u00f9 importanti orchestre americane, tra cui quelle di New York, Boston, Chicago, Cleveland, Los Angeles, Philadelphia e San Francisco. Manfred Honeck ha ricevuto lauree <em>honoris causa<\/em> da numerose universit\u00e0 del Nord America e il titolo onorifico di Professore dal Presidente della repubblica austriaca, mentre una giuria internazionale di critici gli ha conferito l&#8217;International Classical Music Award \u201cArtist of the Year\u201d 2018.<\/p>\n<p><a href=\"http:\/\/www.ecoitaliano.com.ar\/wp-content\/uploads\/2021\/03\/1-2.jpg\"><img decoding=\"async\" class=\"alignnone size-full wp-image-14166\" src=\"http:\/\/www.ecoitaliano.com.ar\/wp-content\/uploads\/2021\/03\/1-2.jpg\" alt=\"\" width=\"819\" height=\"1226\" srcset=\"https:\/\/www.ecoitaliano.com.ar\/wp-content\/uploads\/2021\/03\/1-2.jpg 819w, https:\/\/www.ecoitaliano.com.ar\/wp-content\/uploads\/2021\/03\/1-2-200x300.jpg 200w, https:\/\/www.ecoitaliano.com.ar\/wp-content\/uploads\/2021\/03\/1-2-768x1150.jpg 768w, https:\/\/www.ecoitaliano.com.ar\/wp-content\/uploads\/2021\/03\/1-2-684x1024.jpg 684w, https:\/\/www.ecoitaliano.com.ar\/wp-content\/uploads\/2021\/03\/1-2-100x150.jpg 100w\" sizes=\"(max-width: 819px) 100vw, 819px\" \/><\/a> <a href=\"http:\/\/www.ecoitaliano.com.ar\/wp-content\/uploads\/2021\/03\/2-2.jpg\"><img decoding=\"async\" class=\"alignnone size-full wp-image-14167\" src=\"http:\/\/www.ecoitaliano.com.ar\/wp-content\/uploads\/2021\/03\/2-2.jpg\" alt=\"\" width=\"842\" height=\"1202\" srcset=\"https:\/\/www.ecoitaliano.com.ar\/wp-content\/uploads\/2021\/03\/2-2.jpg 842w, https:\/\/www.ecoitaliano.com.ar\/wp-content\/uploads\/2021\/03\/2-2-210x300.jpg 210w, https:\/\/www.ecoitaliano.com.ar\/wp-content\/uploads\/2021\/03\/2-2-768x1096.jpg 768w, https:\/\/www.ecoitaliano.com.ar\/wp-content\/uploads\/2021\/03\/2-2-717x1024.jpg 717w, https:\/\/www.ecoitaliano.com.ar\/wp-content\/uploads\/2021\/03\/2-2-105x150.jpg 105w\" sizes=\"(max-width: 842px) 100vw, 842px\" \/><\/a> <a href=\"http:\/\/www.ecoitaliano.com.ar\/wp-content\/uploads\/2021\/03\/3-2.jpg\"><img decoding=\"async\" class=\"alignnone size-full wp-image-14168\" src=\"http:\/\/www.ecoitaliano.com.ar\/wp-content\/uploads\/2021\/03\/3-2.jpg\" alt=\"\" width=\"898\" height=\"1147\" srcset=\"https:\/\/www.ecoitaliano.com.ar\/wp-content\/uploads\/2021\/03\/3-2.jpg 898w, https:\/\/www.ecoitaliano.com.ar\/wp-content\/uploads\/2021\/03\/3-2-235x300.jpg 235w, https:\/\/www.ecoitaliano.com.ar\/wp-content\/uploads\/2021\/03\/3-2-768x981.jpg 768w, https:\/\/www.ecoitaliano.com.ar\/wp-content\/uploads\/2021\/03\/3-2-802x1024.jpg 802w, https:\/\/www.ecoitaliano.com.ar\/wp-content\/uploads\/2021\/03\/3-2-117x150.jpg 117w\" sizes=\"(max-width: 898px) 100vw, 898px\" \/><\/a><\/p>\n","protected":false},"excerpt":{"rendered":"<p>COMUNICATO STAMPA \u00a0 Manfred Honeck dirige il Coro e l\u2019Orchestra del Maggio Musicale Fiorentino in un concerto che verr\u00e0 registrato [&hellip;]<\/p>\n","protected":false},"author":1,"featured_media":0,"comment_status":"open","ping_status":"open","sticky":false,"template":"","format":"standard","meta":{"footnotes":""},"categories":[1],"tags":[],"class_list":["post-14162","post","type-post","status-publish","format-standard","hentry","category-sin-categoria"],"_links":{"self":[{"href":"https:\/\/www.ecoitaliano.com.ar\/index.php?rest_route=\/wp\/v2\/posts\/14162","targetHints":{"allow":["GET"]}}],"collection":[{"href":"https:\/\/www.ecoitaliano.com.ar\/index.php?rest_route=\/wp\/v2\/posts"}],"about":[{"href":"https:\/\/www.ecoitaliano.com.ar\/index.php?rest_route=\/wp\/v2\/types\/post"}],"author":[{"embeddable":true,"href":"https:\/\/www.ecoitaliano.com.ar\/index.php?rest_route=\/wp\/v2\/users\/1"}],"replies":[{"embeddable":true,"href":"https:\/\/www.ecoitaliano.com.ar\/index.php?rest_route=%2Fwp%2Fv2%2Fcomments&post=14162"}],"version-history":[{"count":0,"href":"https:\/\/www.ecoitaliano.com.ar\/index.php?rest_route=\/wp\/v2\/posts\/14162\/revisions"}],"wp:attachment":[{"href":"https:\/\/www.ecoitaliano.com.ar\/index.php?rest_route=%2Fwp%2Fv2%2Fmedia&parent=14162"}],"wp:term":[{"taxonomy":"category","embeddable":true,"href":"https:\/\/www.ecoitaliano.com.ar\/index.php?rest_route=%2Fwp%2Fv2%2Fcategories&post=14162"},{"taxonomy":"post_tag","embeddable":true,"href":"https:\/\/www.ecoitaliano.com.ar\/index.php?rest_route=%2Fwp%2Fv2%2Ftags&post=14162"}],"curies":[{"name":"wp","href":"https:\/\/api.w.org\/{rel}","templated":true}]}}