{"id":14183,"date":"2021-03-20T10:10:08","date_gmt":"2021-03-20T10:10:08","guid":{"rendered":"http:\/\/www.ecoitaliano.com.ar\/?p=14183"},"modified":"2021-03-20T10:10:08","modified_gmt":"2021-03-20T10:10:08","slug":"a-porto-cesareo-si-celebra-il-settimo-centenario-della-morte-del-sommo-poeta-giovedi-25-marzo-dalle-ore-17-in-diretta-youtube-e-facebook","status":"publish","type":"post","link":"https:\/\/www.ecoitaliano.com.ar\/?p=14183","title":{"rendered":"A PORTO CESAREO SI CELEBRA IL SETTIMO CENTENARIO DELLA MORTE DEL SOMMO POETA &#8211; Gioved\u00ec 25 marzo, dalle ore 17, in diretta Youtube e Facebook"},"content":{"rendered":"<p>&nbsp;<\/p>\n<div id='gallery-1' class='gallery galleryid-14183 gallery-columns-3 gallery-size-thumbnail'><figure class='gallery-item'>\n\t\t\t<div class='gallery-icon landscape'>\n\t\t\t\t<a href='https:\/\/www.ecoitaliano.com.ar\/?attachment_id=14184'><img decoding=\"async\" width=\"150\" height=\"150\" src=\"https:\/\/www.ecoitaliano.com.ar\/wp-content\/uploads\/2021\/03\/IMG-20210316-WA0024-2-150x150.jpg\" class=\"attachment-thumbnail size-thumbnail\" alt=\"\" \/><\/a>\n\t\t\t<\/div><\/figure><figure class='gallery-item'>\n\t\t\t<div class='gallery-icon portrait'>\n\t\t\t\t<a href='https:\/\/www.ecoitaliano.com.ar\/?attachment_id=14185'><img decoding=\"async\" width=\"150\" height=\"150\" src=\"https:\/\/www.ecoitaliano.com.ar\/wp-content\/uploads\/2021\/03\/Pierfranco-Bruni-150x150.jpg\" class=\"attachment-thumbnail size-thumbnail\" alt=\"\" \/><\/a>\n\t\t\t<\/div><\/figure><figure class='gallery-item'>\n\t\t\t<div class='gallery-icon portrait'>\n\t\t\t\t<a href='https:\/\/www.ecoitaliano.com.ar\/?attachment_id=14186'><img decoding=\"async\" width=\"150\" height=\"150\" src=\"https:\/\/www.ecoitaliano.com.ar\/wp-content\/uploads\/2021\/03\/IMG-20210316-WA00191-150x150.jpg\" class=\"attachment-thumbnail size-thumbnail\" alt=\"\" \/><\/a>\n\t\t\t<\/div><\/figure>\n\t\t<\/div>\n\n<p>&nbsp;<\/p>\n<p><strong>A PORTO CESAREO SI CELEBRA IL SETTIMO CENTENARIO DELLA MORTE DEL SOMMO POETA<\/strong><\/p>\n<p><strong>Gioved\u00ec 25 marzo, dalle ore 17, in diretta Youtube e Facebook, la presentazione del volume \u00abDante, Raggio divino\u00bb di Pierfranco Bruni<\/strong><\/p>\n<p>&nbsp;<\/p>\n<p>&nbsp;<\/p>\n<p>&nbsp;<\/p>\n<p>LECCE &#8211; Si terr\u00e0 <strong>Gioved\u00ec 25 marzo<\/strong> a <strong>Porto Cesareo<\/strong> un evento per celebrare il settimo Centenario della morte del Sommo Poeta, con la presentazione, in anteprima nazionale, del volume \u00ab<strong><em>Dante, Raggio divino<\/em><\/strong>\u00bb di <strong>Pierfranco BRUNI<\/strong>, edito da Pellegrini. Un saggio che legge Dante attraverso\u00a0una visione innovativa, ponendo all\u2019attenzione non tanto le valenze teologiche ma mistiche. L&#8217;evento, con <strong>inizio alle ore 17:00<\/strong>, sar\u00e0 trasmesso in <strong>diretta streaming su YouTube<\/strong> (<a href=\"https:\/\/www.youtube.com\/watch?v=r5FPp8pscFs\" data-saferedirecturl=\"https:\/\/www.google.com\/url?q=https:\/\/www.youtube.com\/watch?v%3Dr5FPp8pscFs&amp;source=gmail&amp;ust=1616321121521000&amp;usg=AFQjCNEJ1YEOirkYiy4ykgExpHvQEFooZA\">https:\/\/www.youtube.com\/watch?v=r5FPp8pscFs<\/a>) e <strong>Facebook<\/strong>.<\/p>\n<p>Coerentemente con le finalit\u00e0 del <strong>Festival \u201cVIRT\u00d9 E CONOSCENZA\u201d<\/strong>, l\u2019autore terr\u00e0 una lezione sull&#8217;interpretazione del Canto di Ulisse (Inferno XXVI), il canto in cui Dante ritrae plasticamente l\u2019eroe omerico alle prese con il suo ultimo viaggio, attribuendogli la celebre esortazione a vivere secondo \u201cvirtute e canoscenza\u201d; messaggio esemplare, diventato patrimonio della memoria collettiva, che ancor oggi ci invita a riflettere sulla centralit\u00e0 da assegnare al sapere in questa convulsa epoca moderna, che i pi\u00f9 giovani in particolare devono saper cogliere e inverare con alto senso di responsabilit\u00e0.<\/p>\n<p>Sotto il coordinamento di <strong>Andrea SCARDICCHIO<\/strong>, Docente di Letteratura italiana contemporanea all\u2019Universit\u00e0 del Salento, l\u2019attrice <strong>Rita GRECO<\/strong> legger\u00e0 alcuni passi del Canto di Ulisse.<\/p>\n<p>Interverranno:<\/p>\n<p><strong>Adriana POLI BORTONE<\/strong> &#8211; gi\u00e0 Ministro delle Risorse Agricole e Docente di Letteratura Latina all\u2019Universit\u00e0 degli Studi di Lecce;<\/p>\n<p><strong>Arianna GRECO <\/strong>&#8211; Pittrice, pioniera dell\u2019arte enoica, Cavaliere del Millennio per la Pace;<\/p>\n<p><strong>Fernando ALEMANNO<\/strong> &#8211; Alunno classe 1C dell\u2019Istituto Comprensivo di Porto Cesareo;<\/p>\n<p><strong>Catia BROCCA<\/strong>, <strong>Marilina CAPUTO<\/strong> e <strong>Valentina TERLIZZI<\/strong> &#8211; Componenti della Commissione Comunicazione dell\u2019Istituto di Istruzione Superiore \u201cVittorio Bachelet\u201d di <strong>Copertino.<\/strong><\/p>\n<p><strong>Cosimo Damiano ARNESANO<\/strong>, Presidente dell\u2019Associazione MediterraneaMente, dichiara: \u201c<strong>Dante Alighieri<\/strong> \u00e8 il simbolo della cultura e della nostra identit\u00e0, \u00e8 il fondatore della lingua italiana. L\u2019Associazione da me rappresentata, non poteva esimersi dall\u2019inserire nella programmazione della V edizione del <strong>Festival \u201cVIRT\u00d9 E CONOSCENZA\u201d<\/strong>, un evento fondato sui versi immortali del Sommo Poeta. Ringrazio <strong>Pierfranco Bruni<\/strong> per aver messo sul tavolo di discussione il suo ultimo libro e tutti coloro che mi hanno consentito di trasformare l\u2019idea in realt\u00e0. Da docente, ringrazio l\u2019Istituto Bachelet di Copertino, l\u2019istituto Comprensivo di Porto Cesareo e il Dipartimento di studi umanistici di Unisalento per aver voluto condividere quest\u2019occasione culturale, lanciando il messaggio che la scuola c\u2019\u00e8, l\u2019universit\u00e0 c\u2019\u00e8, e ci saranno sempre, anche nei momenti difficili come quello che stiamo vivendo\u201d.<\/p>\n<p>In occasione della giornata designata per celebrare in tutta Italia la figura di <strong>Dante Alighieri <\/strong>nella data indicata come inizio del suo viaggio letterario nell&#8217;oltretomba, saranno proclamati i vincitori del Contest \u201c<strong>Dante 700 (1321-2021)<\/strong>\u201d, rivolto agli studenti delle scuole secondarie di primo grado della Provincia di Lecce e ispirato al verso di chiusura del Canto XXXIV dell\u2019Inferno della Divina Commedia: \u201c<em>E quindi uscimmo a riveder le stelle<\/em>\u201d.\u00a0Il progetto grafico dell\u2019evento \u00e8 curato dagli alunni della classe 4A PCP Promozione Pubblicitaria dell&#8217;Istituto Bachelet di <strong>Copertino<\/strong>.<\/p>\n<p>&nbsp;<\/p>\n<p><iframe loading=\"lazy\" title=\"DANTE. RAGGIO DIVINO - VIRTUTE E CANOSCENZA: DANTE 700\" width=\"500\" height=\"281\" src=\"https:\/\/www.youtube.com\/embed\/r5FPp8pscFs?feature=oembed\" frameborder=\"0\" allow=\"accelerometer; autoplay; clipboard-write; encrypted-media; gyroscope; picture-in-picture; web-share\" referrerpolicy=\"strict-origin-when-cross-origin\" allowfullscreen><\/iframe><\/p>\n","protected":false},"excerpt":{"rendered":"<p>&nbsp; &nbsp; A PORTO CESAREO SI CELEBRA IL SETTIMO CENTENARIO DELLA MORTE DEL SOMMO POETA Gioved\u00ec 25 marzo, dalle ore [&hellip;]<\/p>\n","protected":false},"author":1,"featured_media":0,"comment_status":"open","ping_status":"open","sticky":false,"template":"","format":"standard","meta":{"footnotes":""},"categories":[2,10],"tags":[],"class_list":["post-14183","post","type-post","status-publish","format-standard","hentry","category-informacion","category-italiano"],"_links":{"self":[{"href":"https:\/\/www.ecoitaliano.com.ar\/index.php?rest_route=\/wp\/v2\/posts\/14183","targetHints":{"allow":["GET"]}}],"collection":[{"href":"https:\/\/www.ecoitaliano.com.ar\/index.php?rest_route=\/wp\/v2\/posts"}],"about":[{"href":"https:\/\/www.ecoitaliano.com.ar\/index.php?rest_route=\/wp\/v2\/types\/post"}],"author":[{"embeddable":true,"href":"https:\/\/www.ecoitaliano.com.ar\/index.php?rest_route=\/wp\/v2\/users\/1"}],"replies":[{"embeddable":true,"href":"https:\/\/www.ecoitaliano.com.ar\/index.php?rest_route=%2Fwp%2Fv2%2Fcomments&post=14183"}],"version-history":[{"count":0,"href":"https:\/\/www.ecoitaliano.com.ar\/index.php?rest_route=\/wp\/v2\/posts\/14183\/revisions"}],"wp:attachment":[{"href":"https:\/\/www.ecoitaliano.com.ar\/index.php?rest_route=%2Fwp%2Fv2%2Fmedia&parent=14183"}],"wp:term":[{"taxonomy":"category","embeddable":true,"href":"https:\/\/www.ecoitaliano.com.ar\/index.php?rest_route=%2Fwp%2Fv2%2Fcategories&post=14183"},{"taxonomy":"post_tag","embeddable":true,"href":"https:\/\/www.ecoitaliano.com.ar\/index.php?rest_route=%2Fwp%2Fv2%2Ftags&post=14183"}],"curies":[{"name":"wp","href":"https:\/\/api.w.org\/{rel}","templated":true}]}}