{"id":14237,"date":"2021-03-26T12:29:44","date_gmt":"2021-03-26T12:29:44","guid":{"rendered":"http:\/\/www.ecoitaliano.com.ar\/?p=14237"},"modified":"2021-03-26T12:29:44","modified_gmt":"2021-03-26T12:29:44","slug":"il-mecenate-francesco-amante-dona-oltre-25-opere-darte-alla-regione-emilia-romagna-e-al-comune-di-pianoro-un-omaggio-che-arricchisce-il-patrimonio-artistico-regionale","status":"publish","type":"post","link":"https:\/\/www.ecoitaliano.com.ar\/?p=14237","title":{"rendered":"Il mecenate Francesco Amante dona oltre 25 opere d\u2019arte alla Regione Emilia-Romagna e al Comune di Pianoro: un omaggio che arricchisce il patrimonio artistico regionale"},"content":{"rendered":"<div align=\"center\"><img decoding=\"async\" class=\"CToWUd a6T\" tabindex=\"0\" src=\"https:\/\/ci5.googleusercontent.com\/proxy\/0Y3lZisag-IXxQ2E5FAjuIfGxtn_a6xghTePIgJCJcvoaOzfms8pX3LlYDhlvu9X-Gm92eTzd4e2QqSopZBmDzBBFR_S5MhumQsOeUNNtZs_YbdVPitXFfM=s0-d-e1-ft#https:\/\/culturaliart.img.musvc2.net\/static\/91342\/images\/1\/loghi(0).png\" width=\"600\" align=\"middle\" border=\"0\" \/><\/div>\n<div align=\"center\"><\/div>\n<div>\n<div>\n<p><strong>Il mecenate Francesco Amante dona oltre 25 opere d\u2019arte alla<\/strong><\/p>\n<p><strong>Regione Emilia-Romagna e al Comune di Pianoro<\/strong><\/p>\n<\/div>\n<\/div>\n<div align=\"center\"><img decoding=\"async\" class=\"CToWUd a6T\" tabindex=\"0\" src=\"https:\/\/ci3.googleusercontent.com\/proxy\/5K4SX_Kw0V9AjjT6n1IqSGx_1pkuZqfM4fPm0v1aTBuwQCyr02tfsdm7pwAbnoB6wOQ2At08pRBnm_dcYaZQRYQB_w8vNdbgS4BRKZurHMwc697jI9YWpqQ=s0-d-e1-ft#https:\/\/culturaliart.img.musvc2.net\/static\/91342\/images\/1\/IMG_6388.jpg\" width=\"510\" align=\"middle\" border=\"0\" \/><\/div>\n<div align=\"center\"><\/div>\n<table role=\"presentation\" border=\"0\" width=\"100%\" cellspacing=\"0\" cellpadding=\"0\">\n<tbody>\n<tr valign=\"top\">\n<td valign=\"top\">\n<table role=\"presentation\" border=\"0\" width=\"100%\" cellspacing=\"0\" cellpadding=\"0\" align=\"center\">\n<tbody>\n<tr valign=\"top\">\n<td valign=\"top\"><\/td>\n<\/tr>\n<\/tbody>\n<\/table>\n<\/td>\n<\/tr>\n<\/tbody>\n<\/table>\n<div>\n<div>\n<p><u><strong>COMUNICATO STAMPA<\/strong><\/u><\/p>\n<p>&nbsp;<\/p>\n<p><strong>Francesco Amante<\/strong>, imprenditore e mecenate bolognese da sempre impegnato in iniziative di alto rilievo culturale, compie un <strong>regalo importante per il territorio emiliano-romagnolo<\/strong>, donando <strong>oltre 25 opere d\u2019arte alla Regione Emilia-Romagna e al Comune di Pianoro<\/strong> provenienti dalla sua ricca collezione. <strong>Alla Regione sono state consegnate 17 opere<\/strong> e <strong>due installazioni di Flavio Favelli<\/strong> mentre <strong>il Comune di Pianoro ha ricevuto 8 lavori artistici<\/strong>. Le opere donate da Amante vanno ad <strong>arricchire il patrimonio artistico regionale<\/strong>: un grande omaggio al territorio e al pubblico, che potr\u00e0 cos\u00ec fruire di nuove bellezze artistiche.<\/p>\n<p>&nbsp;<\/p>\n<p>Le donazioni, frutto di un\u2019accurata selezione che Francesco Amante ha svolto insieme a <strong>Katia Tufano<\/strong> &#8211; assistente nella gestione della collezione, sono state celebrate il <strong>26 marzo<\/strong> con due cerimonie ufficiali: <strong>presso il Servizio Patrimonio Culturale della Regione<\/strong>, Francesco Amante ha incontrato <strong>Mauro Felicori<\/strong>, Assessore alla Cultura e Paesaggio della Regione Emilia-Romagna.<\/p>\n<p>&nbsp;<\/p>\n<p>\u201c<em>La Regione Emilia-Romagna<\/em> \u2013 dichiara l\u2019Assessore alla cultura e paesaggio <strong>Mauro Felicori<\/strong> &#8211; <em>si propone come \u2018polo del contemporaneo\u2019 con un patrimonio complessivo di oltre 800 opere d\u2019arte continuamente da arricchire, come fanno le istituzioni, le imprese, le famiglie pi\u00f9 illuminate. Francesco Amante si conferma come mecenate. Ora dobbiamo rendere la collezione pi\u00f9 visibile con esposizioni temporanee e stabilmente in spazi aperti al pubblico nelle sedi della Regione o di altre istituzioni pubbliche<\/em>\u201d.<\/p>\n<p>&nbsp;<\/p>\n<p>Sempre in mattinata il mecenate bolognese \u00e8 stato ricevuto dalla Sindaca di Pianoro, <strong>Franca Filippini<\/strong>, per celebrare la consegna delle opere.<\/p>\n<p>\u201c<em>Sono orgogliosa di ricevere questa donazione che andr\u00e0 ad impreziosire i nostri locali del Municipio di Pianoro e il nostro Centro per le Famiglie, sede distrettuale di tanti progetti importanti per le comunit\u00e0 del nostro territorio e dei Comuni limitrofi. Ringrazio nuovamente il Dott.Francesco Amante per questo importante gesto nei confronti del nostro Comune<\/em>\u00bb cos\u00ec afferma la Sindaca di Pianoro <strong>Franca Filippini<\/strong>.<\/p>\n<p>&nbsp;<\/p>\n<p>La collezione Amante entra a far parte della <strong>raccolta d\u2019arte contemporanea della Regione Emilia-Romagna<\/strong>. Questa raccolta, nata nel 1973, conta ad oggi oltre 800 opere e, dal 2005, la collezione \u00e8 esposta presso la <strong>Galleria d\u2019Arte Moderna e Contemporanea di Villa Franceschi a Riccione<\/strong>.<\/p>\n<p>&nbsp;<\/p>\n<p>Nel <strong>Comune di Pianoro<\/strong>, invece, si potranno ammirare le opere all&#8217;interno dei locali del Municipio, in particolare nella\u00a0<strong>Sala Giunta<\/strong> e nella nuova sede\u00a0distrettuale del <strong>Centro per le Famiglie<\/strong>, ubicata presso la Ludoteca \u00abGrillo Birillo\u00bb.<\/p>\n<p>&nbsp;<\/p>\n<p>\u201c<em>Fin da giovane imprenditore, ho capito che fare impresa significava anche avere un impegno sociale. Una vita professionale impegnativa con tanti sacrifici, mi ha per\u00f2 concesso di raggiungere importanti traguardi di vita; a parte il sociale, ho dedicato il mio impegno al mondo dei motori e all\u2019arte. In quest\u2019ultima disciplina ho dedicato nella mia citt\u00e0 alcune installazioni e donazioni.<\/em><\/p>\n<p><em>Pianoro da tanti anni \u00e8 un territorio in cui dedico un importante evento motoristico, con cui si \u00e8 instaurato un rapporto di frequentazione. Da poco tempo \u00e8 stata nominata Assessore una mia ex dipendente, Flavia Calz\u00e0 e, in qualit\u00e0 di rappresentante dell\u2019Amministrazione Comunale, le ho proposto una donazione di alcune mie opere da inserire nelle scuole, cos\u00ec come anni fa feci per un pongo della Sandra Tomboloni. Contemporaneamente pensai alla mia Regione, stimolato dalla nomina ad Assessore alla Cultura di Mauro Felicori a cui mi lega uno stretto rapporto di amicizia e una forte stima per l\u2019uomo ed il lavoro che svolge.\u00a0\u00a0 Proposi quindi una donazione anche a lui, idea che piacque. Saranno consegnate anche due importanti sculture di Flavio Favelli che saranno esposte in luoghi istituzionali della Regione<\/em>\u201d \u2013 Francesco Amante.<\/p>\n<p>&nbsp;<\/p>\n<p>&nbsp;<\/p>\n<p><u><strong>GLI ARTISTI<\/strong><\/u><\/p>\n<p>Le opere donate da Francesco Amante provengono dalla sua collezione personale e rappresentano piccoli capolavori di pittura, scultura e fotografia custoditi nel tempo.<\/p>\n<p>&nbsp;<\/p>\n<p>Alla <strong>Regione Emilia-Romagna<\/strong> saranno consegnate 17 opere degli artisti: <strong>Alessandro Aldrovandi, Karin Andersen, Luigi Carboni, Flavio Favelli, Francesca Galliani, Alfio Giurato, Robert Gligorov, Kati Heck, Emil Lukas, Luigi Mainolfi, Boubacar Tour\u00e8 Mandemory, Giovanni Manfredini, Simon Morley, Renner<\/strong>. Inoltre la Regione ricever\u00e0 due installazioni di <strong>Flavio Favelli<\/strong> che saranno esposte in prestigiose sedi espositive della regione.<\/p>\n<p>Tutte le opere della donazione Amante sono catalogate e rese disponibili all\u2019interno del <strong>Catalogo del patrimonio culturale della Regione Emilia-Romagna-PatER<\/strong> (permalink: <a href=\"https:\/\/culturaliart.musvc2.net\/e\/t?q=3%3d9R9T2%26C%3d7%26D%3d5VF%26E%3d2aCZ9%26L%3dnJtG_xqSq_91_rrYp_27_xqSq_86u5s3.iK_xqSq_86g684gDxM_rrYp_371Jm_JuKr4k_HQtV_SdEkMsCkJt6x_H1a2gQtV_R6LzC_m6j9uD_xqSq_94eDg9l_IWsP_SBKtD_i1mGg9gE_xqSq_94m2oBuG%26j%3dCuJ232.EkJ%26iJ%3d7Z7Z9\" target=\"_blank\" rel=\"noopener\" data-saferedirecturl=\"https:\/\/www.google.com\/url?q=https:\/\/culturaliart.musvc2.net\/e\/t?q%3D3%253d9R9T2%2526C%253d7%2526D%253d5VF%2526E%253d2aCZ9%2526L%253dnJtG_xqSq_91_rrYp_27_xqSq_86u5s3.iK_xqSq_86g684gDxM_rrYp_371Jm_JuKr4k_HQtV_SdEkMsCkJt6x_H1a2gQtV_R6LzC_m6j9uD_xqSq_94eDg9l_IWsP_SBKtD_i1mGg9gE_xqSq_94m2oBuG%2526j%253dCuJ232.EkJ%2526iJ%253d7Z7Z9&amp;source=gmail&amp;ust=1616848121143000&amp;usg=AFQjCNF1U_y6g5Z2YQ-aIrmtDyToUBDurg\">http:\/\/udmc.it\/ge2dgmrw<\/a>).<\/p>\n<p>&nbsp;<\/p>\n<p>Al <strong>Comune di Pianoro<\/strong> saranno consegnate 8 opere degli artisti: <strong>Brunello Baldi, Willie Bester, Davide Cascio, Gianni Castagnoli, Daniela Ciamarra, Paolo Danesi, Mastronunzio<\/strong>.<\/p>\n<p>&nbsp;<\/p>\n<p>&nbsp;<\/p>\n<p><u><strong>FRANCESCO AMANTE: PROFILO PROFESSIONALE<\/strong><\/u><\/p>\n<p>Nato a Bologna il 19 novembre 1947, \u00e8 un imprenditore conosciuto a livello internazionale, grande appassionato di arte e motori, che da sempre sostiene importanti attivit\u00e0 culturali.<\/p>\n<p>Una laurea a pieni voti sulle strategie di marketing discussa alla Facolt\u00e0 di Economia e Commercio di Bologna con il professor Giovanni Lorenzoni. Un Diploma di commercialista e di revisore ufficiale dei conti. Lavora nell&#8217;azienda paterna che poi abbandona per identificare un proprio percorso professionale.<\/p>\n<p>Viene assunto come Responsabile Amministrativo in un gruppo di aziende di abbigliamento e l\u00ec nel tempo percorre un importante carriere professionale durante la quale viene prima nominato Direttore Amministrazione Finanza e Controllo, in seguito Amministratore Delegato per poi diventare Presidente della Holding del Gruppo. Con un\u2019operazione di Leverage by out concorre all&#8217;acquisizione del gruppo partecipandone tra gli azionisti.<\/p>\n<p>Per 10 anni ha ricoperto il ruolo di presidente delle aziende del settore abbigliamento di Bologna e Provincia presso l&#8217;Associazione Industriali di Bologna e sedendo in tale periodo anche nel comitato di difesa di propriet\u00e0 intellettuale chiamato da Antonio Amato presso la Confindustria di Roma.<\/p>\n<p>Per 10 anni \u00e8 presidente dell&#8217;Associazione Amici della Galleria d&#8217;Arte di Bologna e in seguito componente del Consiglio di Amministrazione, promuovendo eventi e relazioni internazionali.<\/p>\n<p>Ha finanziato l&#8217;installazione della Sala di Attesa presso il Pantheon della Certosa, il grande lampadario \u201cCasa Grande\u201d posto all\u2019ingresso della Cineteca di Bologna e ha riportato sulla facciata di Palazzo d&#8217;Accursio l&#8217;opera Monumentale \u201cL&#8217;Amore Patrio e il Valore Militare\u201d di Giuseppe Romagnoli.<\/p>\n<p>Ha rappresentato i donatori della Citt\u00e0 di Bologna per il progetto di restauro dei portici di San Luca, essendo egli stesso donatore.<\/p>\n<p>Nel settore dei motori, quale Presidente della Scuderia Bologna Squadra Corse, ha riportato nel 2000 il transito della Mille Miglia dopo numerosi anni di assenza iscrivendola tra gli eventi culturali di Bologna 2000 Citt\u00e0 Europea della Cultura e gestendone il passaggio per 13 anni. \u00a0Ha riportato inoltre le gare di velocit\u00e0 in salita delle auto storiche della \u201cBologna-Raticosa\u201d e della \u201cBologna-San Luca\u201d.<\/p>\n<p>La Scuderia Bologna \u00e8 uno dei club pi\u00f9 numerosi di Italia con oltre 40 piloti, provenienti da tutto il paese, che hanno conquistato numerose vittorie per s\u00e9 stessi e per il club a livello nazionale e internazionale. Personalmente, con quello del 2020, Francesco Amante ha vinto 7 campionati italiani di velocit\u00e0 in salita per auto storiche.<\/p>\n<p>\u00c8 senior partner di Carthesio azienda internazionale specializzata nei passaggi generazionali aziendali, wealth management and private equity.<\/p>\n<p>Il Presidente Dott. Azeglio Ciampi gli ha conferito l\u2019onorificenza di Commendatore per meriti alla Repubblica.<\/p>\n<p>Nel 2019 ha ricevuto il riconoscimento della \u201cTurrita d&#8217;Argento\u201d dal Comune di Bologna \u201c<em>per aver onorato con la propria attivit\u00e0 imprenditoriale e pubblica la citt\u00e0 di Bologna e per aver sostenuto con generosit\u00e0 attivit\u00e0 culturali di grande rilievo per la citt\u00e0<\/em>\u201d.<\/p>\n<p>Nel 2019 il circolo culturale Galileo Galilei gli conferisce il Premio Galileo d&#8217;Onore quale \u201c<em>imprenditore internazionale che da sempre sostiene generosamente attivit\u00e0 ed eventi di grande rilievo per Bologna, soprattutto nel mondo delle auto storiche e nell&#8217;arte<\/em>\u201d.<\/p>\n<p>L&#8217;Accademia Italo-Americana gli ha conferito la Dignit\u00e0 di Accademico Onorario a Vita \u201c<em>per le sue non comune doti umane e professionali<\/em>\u201d<\/p>\n<\/div>\n<\/div>\n","protected":false},"excerpt":{"rendered":"<p>Il mecenate Francesco Amante dona oltre 25 opere d\u2019arte alla Regione Emilia-Romagna e al Comune di Pianoro COMUNICATO STAMPA &nbsp; [&hellip;]<\/p>\n","protected":false},"author":1,"featured_media":0,"comment_status":"open","ping_status":"open","sticky":false,"template":"","format":"standard","meta":{"footnotes":""},"categories":[4,10],"tags":[],"class_list":["post-14237","post","type-post","status-publish","format-standard","hentry","category-cultura","category-italiano"],"_links":{"self":[{"href":"https:\/\/www.ecoitaliano.com.ar\/index.php?rest_route=\/wp\/v2\/posts\/14237","targetHints":{"allow":["GET"]}}],"collection":[{"href":"https:\/\/www.ecoitaliano.com.ar\/index.php?rest_route=\/wp\/v2\/posts"}],"about":[{"href":"https:\/\/www.ecoitaliano.com.ar\/index.php?rest_route=\/wp\/v2\/types\/post"}],"author":[{"embeddable":true,"href":"https:\/\/www.ecoitaliano.com.ar\/index.php?rest_route=\/wp\/v2\/users\/1"}],"replies":[{"embeddable":true,"href":"https:\/\/www.ecoitaliano.com.ar\/index.php?rest_route=%2Fwp%2Fv2%2Fcomments&post=14237"}],"version-history":[{"count":0,"href":"https:\/\/www.ecoitaliano.com.ar\/index.php?rest_route=\/wp\/v2\/posts\/14237\/revisions"}],"wp:attachment":[{"href":"https:\/\/www.ecoitaliano.com.ar\/index.php?rest_route=%2Fwp%2Fv2%2Fmedia&parent=14237"}],"wp:term":[{"taxonomy":"category","embeddable":true,"href":"https:\/\/www.ecoitaliano.com.ar\/index.php?rest_route=%2Fwp%2Fv2%2Fcategories&post=14237"},{"taxonomy":"post_tag","embeddable":true,"href":"https:\/\/www.ecoitaliano.com.ar\/index.php?rest_route=%2Fwp%2Fv2%2Ftags&post=14237"}],"curies":[{"name":"wp","href":"https:\/\/api.w.org\/{rel}","templated":true}]}}