{"id":14547,"date":"2021-04-21T01:46:15","date_gmt":"2021-04-21T01:46:15","guid":{"rendered":"http:\/\/www.ecoitaliano.com.ar\/?p=14547"},"modified":"2021-04-21T01:46:15","modified_gmt":"2021-04-21T01:46:15","slug":"serena-conduce-operaclassica-eco-italiano-681","status":"publish","type":"post","link":"https:\/\/www.ecoitaliano.com.ar\/?p=14547","title":{"rendered":"Serena conduce operaclassica eco italiano."},"content":{"rendered":"<div>comunicato stampa<\/p>\n<p><strong>Macerata Opera Festival 2021 100&#215;100 Sferisterio<\/strong><\/p>\n<p><strong>\u00a0\u201cAida e Violetta. Esser amata amando\u2026 per poi morir\u201d<\/strong><br \/>\n<strong>Incontro-spettacolo con Fabio Sartorelli<\/strong><\/p>\n<p><em>Mercoled\u00ec 21 aprile ore 21 in diretta dal Teatro Lauro Rossi sulla pagina Facebook del MOF<\/em><\/div>\n<p>Torna attesissimo uno dei tradizionali appuntamenti di preparazione e conoscenza del Macerata Opera Festival,\u00a0<strong>mercoled\u00ec 21 aprile alle ore 21<\/strong>,\u00a0<strong>in diretta dal Teatro Lauro Rossi di Macerata sulla pagina Facebook @MacerataOperaFestivalSferiste<wbr \/>rio\u00a0<\/strong>con l\u2019incontro-spettacolo del docente e divulgatore\u00a0<strong>Fabio Sartorelli<\/strong>, pensato per il pubblico dello Sferisterio e intitolato quest\u2019anno \u201cAida e Violetta. Esser amata amando\u2026 per poi morir\u201d, dedicato alle due eroine verdiane protagoniste delle opere in programma\u00a0<em>Aida\u00a0<\/em>e<em>\u00a0La traviata.<\/em><\/p>\n<p>Docente di Storia della musica al Conservatorio di Milano, Fabio Sartorelli \u2013 che gi\u00e0 negli anni passati ha presentato i titoli festivalieri in seguitissime serate al Lauro Rossi \u2013 racconter\u00e0 al pubblico pi\u00f9 ampio dei social i due capolavori verdiani con la partecipazione di Martina Gresia (soprano), Francesco Fortes (tenore) e Mariangela Marini (mezzosoprano), accompagnati da Cesarina Compagnoni al pianoforte.<\/p>\n<p>Al mattino,\u00a0<strong>alle ore 11<\/strong>, saranno invece circa 400 i docenti e gli alunni delle\u00a0<strong>scuole superiori<\/strong>, fra i 14 e i 18 anni, che seguiranno on line lo stesso incontro con Fabio Sartorelli, modellato secondo specifiche necessit\u00e0 didattiche nell\u2019ambito del ciclo di attivit\u00e0 \u201cSferisterio education\u201d che, nonostante le difficolt\u00e0 legate alla pandemia, \u00e8 proseguito costantemente con nuovi mezzi e nuove soluzioni per sostenere le attivit\u00e0 scolastiche<\/p>\n<p>Il Macerata Opera Festival \u201c100x100Sferisterio\u201d \u00e8 in programma dal 23 luglio al 14 agosto 2021 con una speciale anteprima a fine maggio, per la prima volta dedicata ai pi\u00f9 piccoli e alle famiglie. Il programma si svolger\u00e0 lungo precise linee guida insostituibili: la salute e la sicurezza di pubblico, artisti e maestranze, la sostenibilit\u00e0 e congruit\u00e0 economica dell\u2019investimento, il sostegno al territorio e la qualit\u00e0 tecnico-artistica della proposta. Inaugurazione venerd\u00ec 23 luglio con\u00a0<em>Aida<\/em>\u00a0di Giuseppe Verdi presentata in una nuova produzione affidata alla regista Valentina Carrasco, argentina, con un passato nella Fura dels Baus, e con sul podio il direttore musicale del Macerata Opera Festival, Francesco Lanzillotta. Protagonisti Maria Teresa Leva (Aida), Luciano Ganci (Radames), Veronica Simeoni (Amneris), Marco Caria (Amonasro). Lo spettacolo avr\u00e0 le scene di Carles Berga, i costumi di Silvia Aymonino, le coreografie di Massimiliano Volpini e le luci di Peter van Praet. Repliche previste domenica 1 agosto, sabato 7 agosto, gioved\u00ec 12 agosto. Quindi lo spettacolo pi\u00f9 rappresentativo e iconico delle produzioni allo Sferisterio degli ultimi trent\u2019anni,\u00a0<em>La traviata<\/em>\u00a0\u201cdegli specchi\u201d ideata nel 1992 da Josef Svoboda ed Henning Brockhaus e riallestita con alcune novit\u00e0, che debutter\u00e0 domenica 25 luglio (repliche sabato 31 luglio, domenica 8 agosto, venerd\u00ec 13 agosto) con i costumi di Giancarlo Colis, le coreografie di Valentina Escobar e le luci dello stesso Brockhaus e di Fabrizio Gobbi. Nel ruolo della protagonista il soprano Claudia Pavone, festeggiata Gilda nel\u00a0<em>Rigoletto<\/em>\u00a0del 2019, insieme a Marco Ciaponi (Alfredo), Sergio Vitale (Giorgio Germont). Sul podio il giovanissimo talento Paolo Bortolameolli. Con la FORM &#8211; Orchestra Filarmonica Marchigiana, nelle due produzioni ci sar\u00e0, come sempre, il Coro Lirico Marchigiano \u201cVincenzo Bellini\u201d diretto da Martino Faggiani e ancora la Banda Salvadei. Il calendario festivaliero del centenario sar\u00e0 completato da una serie di altri appuntamenti con la danza, con la musica crossover, con approfondimenti e conversazioni, appuntamenti Education che saranno annunciati nelle prossime settimane.<\/p>\n<p>Il Macerata Opera Festival \u00e8 realizzato dall\u2019Associazione Arena Sferisterio con Comune di Macerata, Provincia di Macerata, Ministero della Cultura, Regione Marche e grazie a un gruppo di privati fra cui il Banco Marchigiano come Major Sponsor.<br \/>\nUn ringraziamento particolare e ai Cento Mecenati che sostengono attraverso Art Bonus l\u2019attivit\u00e0 del festival.<\/p>\n<p><em>Macerata, 20 aprile 2021 (ft)<\/em><\/p>\n<p><strong>Ufficio stampa<\/strong><br \/>\nFloriana Tessitore\u00a0| Responsabile Ufficio Stampa | +39 3387339981<br \/>\nWalter Vitale, Alessandro Quartararo | Addetti\u00a0Stampa\u00a0| +39 3891274440<br \/>\n<a class=\"mailto-link\" href=\"mailto:ufficiostampa@sferisterio.it\" target=\"_blank\" rel=\"noopener\">ufficiostampa@sferisterio.it<\/a><br \/>\n<strong>Associazione Arena Sferisterio &#8211; Teatro di Tradizione |\u00a0<\/strong>Via S. Maria della Porta, 65 &#8211; 62100 Macerata<br \/>\n<a class=\"mailto-link\" href=\"mailto:info@sferisterio.it\" target=\"_blank\" rel=\"noopener\">info@sferisterio.it<\/a>\u00a0|\u00a0<a href=\"https:\/\/skillandmusic.us12.list-manage.com\/track\/click?u=9aecf99759cc1d6c0a0ef9c1d&amp;id=4ece984ba8&amp;e=cceb3c1a2f\" target=\"_blank\" rel=\"noopener\">www.sferisterio.it<\/a>\u00a0| tel. +39 0733261334-5 | fax +39 0733261499<\/p>\n","protected":false},"excerpt":{"rendered":"<p>comunicato stampa Macerata Opera Festival 2021 100&#215;100 Sferisterio \u00a0\u201cAida e Violetta. Esser amata amando\u2026 per poi morir\u201d Incontro-spettacolo con Fabio [&hellip;]<\/p>\n","protected":false},"author":1,"featured_media":0,"comment_status":"open","ping_status":"open","sticky":false,"template":"","format":"standard","meta":{"footnotes":""},"categories":[1],"tags":[],"class_list":["post-14547","post","type-post","status-publish","format-standard","hentry","category-sin-categoria"],"_links":{"self":[{"href":"https:\/\/www.ecoitaliano.com.ar\/index.php?rest_route=\/wp\/v2\/posts\/14547","targetHints":{"allow":["GET"]}}],"collection":[{"href":"https:\/\/www.ecoitaliano.com.ar\/index.php?rest_route=\/wp\/v2\/posts"}],"about":[{"href":"https:\/\/www.ecoitaliano.com.ar\/index.php?rest_route=\/wp\/v2\/types\/post"}],"author":[{"embeddable":true,"href":"https:\/\/www.ecoitaliano.com.ar\/index.php?rest_route=\/wp\/v2\/users\/1"}],"replies":[{"embeddable":true,"href":"https:\/\/www.ecoitaliano.com.ar\/index.php?rest_route=%2Fwp%2Fv2%2Fcomments&post=14547"}],"version-history":[{"count":0,"href":"https:\/\/www.ecoitaliano.com.ar\/index.php?rest_route=\/wp\/v2\/posts\/14547\/revisions"}],"wp:attachment":[{"href":"https:\/\/www.ecoitaliano.com.ar\/index.php?rest_route=%2Fwp%2Fv2%2Fmedia&parent=14547"}],"wp:term":[{"taxonomy":"category","embeddable":true,"href":"https:\/\/www.ecoitaliano.com.ar\/index.php?rest_route=%2Fwp%2Fv2%2Fcategories&post=14547"},{"taxonomy":"post_tag","embeddable":true,"href":"https:\/\/www.ecoitaliano.com.ar\/index.php?rest_route=%2Fwp%2Fv2%2Ftags&post=14547"}],"curies":[{"name":"wp","href":"https:\/\/api.w.org\/{rel}","templated":true}]}}