{"id":14595,"date":"2021-04-23T21:31:33","date_gmt":"2021-04-23T21:31:33","guid":{"rendered":"http:\/\/www.ecoitaliano.com.ar\/?p=14595"},"modified":"2021-04-23T21:31:48","modified_gmt":"2021-04-23T21:31:48","slug":"serena-conduce-operaclassica-eco-italiano-687","status":"publish","type":"post","link":"https:\/\/www.ecoitaliano.com.ar\/?p=14595","title":{"rendered":"Serena conduce operaclassica eco italiano."},"content":{"rendered":"<p><strong>\u201cNapoli, l\u2019arte contemporanea e il San Carlo\u201d<\/strong><\/p>\n<p><strong>\u00a0<\/strong><\/p>\n<p><strong>Angela Tecce, Presidente della Fondazione Donnaregina per le arti contemporanee- Museo\u00a0MADRE<\/strong><\/p>\n<p><strong>Protagonista della dodicesima puntata del <\/strong><strong>podcast \u201cVoci di MeMUS\u201d<\/strong><\/p>\n<p><strong>\u00a0<\/strong><\/p>\n<p><strong>Disponibile da sabato 24 aprile <\/strong><\/p>\n<p><strong>\u00a0<\/strong><\/p>\n<p><strong>\u00a0<\/strong><\/p>\n<p>Protagonista della dodicesima puntata di \u201c<strong>Voci di MeMUS\u201d<\/strong> &#8211; la prima serie di podcast prodotta dal <strong>Teatro di San Carlo<\/strong>, che affida alle voci della comunit\u00e0 il racconto del patrimonio- \u00e8 <strong>Angela Tecce<\/strong>, specialista di arte contemporanea gi\u00e0\u00a0dirigente del MiBACT,\u00a0 docente dell\u2019Accademia di Belle Arti di Napoli, e membro del Comitato scientifico della Collezione Farnesina del Ministero degli Esteri, nominata dal 2021 <strong>Presidente\u00a0della Fondazione Donnaregina per le arti contemporanee Museo\u00a0 MADRE\u00a0 di Napoli<\/strong>.<\/p>\n<p>L\u2019episodio sar\u00e0 disponibile da domani<strong> sabato 23 aprile a partire dalle ore 10.00 <\/strong>sulle piattaforme Spotify, Spreaker e Apple Podcast.<\/p>\n<p>\u201cPer me che ho sempre lavorato nei musei e per l\u2019arte contemporanea a Napoli, \u00e8 un grande onore dirigere la prima istituzione della nostra citt\u00e0 esclusivamente deputata all\u2019arte contemporanea, cos\u00ec come \u00e8 interessante rintracciare la relazione del Teatro di San Carlo con le arti del nostro tempo\u201d. Con queste parole Angela Tecce comincia il suo viaggio alla scoperta del rapporto del San Carlo, simbolo culturale napoletano e meridionale, con le arti della contemporaneit\u00e0, molto pi\u00f9 forte e fruttuoso di quel che si pensi. Per la studiosa \u00e8 anche un\u2019occasione per un viaggio autobiografico attraverso i lunghi anni della scoperta dell\u2019arte contemporanea a Napoli, dall\u2019ingresso di Burri e Warhol a Capodimonte alle mostre a Villa Pignatelli, Castel sant&#8217;Elmo e poi il racconto delle aperture del Teatro San Carlo dagli anni Cinquanta ad artisti come Prampolini, Manz\u00f9 e poi Rauschenberg e, in maniera pi\u00f9 sistematica dopo il 2000, con il coinvolgimento negli allestimenti operistici di Paladino, Pomodoro, Adami, Kiefer, Kentridge.<\/p>\n<p><strong>\u201cVoci di MeMUS\u201d<\/strong> (<a href=\"https:\/\/www.spreaker.com\/show\/voci-di-memus-conversazioni-in-rete\">https:\/\/www.spreaker.com\/show\/voci-di-memus-conversazioni-in-rete<\/a> ) \u00e8 un ciclo di podcast\u00a0che racconta il dietro le quinte del Lirico napoletano, l\u2019evoluzione del costume e della societ\u00e0 che da sempre ruota intorno al Teatro e agli artisti che hanno popolato le sue stagioni.<\/p>\n<p>Un\u2019apertura virtuale, un racconto \u201cinterattivo\u201d fatto da collezionisti privati e personaggi che hanno vissuto il Teatro dall\u2019interno, ma anche da rappresentanti di altri musei e di istituzioni.<\/p>\n<p>\u201cVoci di MeMUS\u201d, progetto di narrazione partecipativa a cura di Giovanna Tinaro e Dinko Fabris, \u00e8 sostenuto dalla Regione Campania UOD 01 \u201cPromozione e Valorizzazione dei Musei e delle Biblioteche\u201d.<\/p>\n<p>&nbsp;<\/p>\n<p><strong><em>Con preghiera di pubblicazione e\/o diffusione <\/em><\/strong><\/p>\n<p><strong>Rossana Russo<\/strong>,<\/p>\n<p>Responsabile della Comunicazione Creativa e Strategica e Relazioni con la Stampa<\/p>\n<p><a href=\"mailto:r.russo@teatrosancarlo.it\">r.russo@teatrosancarlo.it<\/a><\/p>\n<p>cell 3357431980<\/p>\n<p>&nbsp;<\/p>\n<p><strong>Giulia Romito<\/strong>,<\/p>\n<p>Comunicazione e Stampa<\/p>\n<p><a href=\"mailto:g.romito@teatrosancarlo.it\">g.romito@teatrosancarlo.it<\/a> 0817972301<\/p>\n<p>&nbsp;<\/p>\n<p>&nbsp;<\/p>\n","protected":false},"excerpt":{"rendered":"<p>\u201cNapoli, l\u2019arte contemporanea e il San Carlo\u201d \u00a0 Angela Tecce, Presidente della Fondazione Donnaregina per le arti contemporanee- Museo\u00a0MADRE Protagonista [&hellip;]<\/p>\n","protected":false},"author":1,"featured_media":0,"comment_status":"open","ping_status":"open","sticky":false,"template":"","format":"standard","meta":{"footnotes":""},"categories":[1],"tags":[],"class_list":["post-14595","post","type-post","status-publish","format-standard","hentry","category-sin-categoria"],"_links":{"self":[{"href":"https:\/\/www.ecoitaliano.com.ar\/index.php?rest_route=\/wp\/v2\/posts\/14595","targetHints":{"allow":["GET"]}}],"collection":[{"href":"https:\/\/www.ecoitaliano.com.ar\/index.php?rest_route=\/wp\/v2\/posts"}],"about":[{"href":"https:\/\/www.ecoitaliano.com.ar\/index.php?rest_route=\/wp\/v2\/types\/post"}],"author":[{"embeddable":true,"href":"https:\/\/www.ecoitaliano.com.ar\/index.php?rest_route=\/wp\/v2\/users\/1"}],"replies":[{"embeddable":true,"href":"https:\/\/www.ecoitaliano.com.ar\/index.php?rest_route=%2Fwp%2Fv2%2Fcomments&post=14595"}],"version-history":[{"count":0,"href":"https:\/\/www.ecoitaliano.com.ar\/index.php?rest_route=\/wp\/v2\/posts\/14595\/revisions"}],"wp:attachment":[{"href":"https:\/\/www.ecoitaliano.com.ar\/index.php?rest_route=%2Fwp%2Fv2%2Fmedia&parent=14595"}],"wp:term":[{"taxonomy":"category","embeddable":true,"href":"https:\/\/www.ecoitaliano.com.ar\/index.php?rest_route=%2Fwp%2Fv2%2Fcategories&post=14595"},{"taxonomy":"post_tag","embeddable":true,"href":"https:\/\/www.ecoitaliano.com.ar\/index.php?rest_route=%2Fwp%2Fv2%2Ftags&post=14595"}],"curies":[{"name":"wp","href":"https:\/\/api.w.org\/{rel}","templated":true}]}}