{"id":14605,"date":"2021-04-23T22:03:34","date_gmt":"2021-04-23T22:03:34","guid":{"rendered":"http:\/\/www.ecoitaliano.com.ar\/?p=14605"},"modified":"2021-04-23T22:03:34","modified_gmt":"2021-04-23T22:03:34","slug":"serena-conduce-operaclassica-eco-italiano-690","status":"publish","type":"post","link":"https:\/\/www.ecoitaliano.com.ar\/?p=14605","title":{"rendered":"Serena conduce operaclassica eco italiano."},"content":{"rendered":"<p>Comunicato Stampa 23 aprile 2021<\/p>\n<p><strong>\u201cRivissi d\u2019arte. Repliche d\u2019autore\u201d \u00e8 il nuovo format della webTv del Teatro Massimo di Palermo che prende il via, sabato 24 e domenica 25 aprile, con \u201cA New Year of Hope\u201d, il concerto delle formazioni giovanili del Teatro, andato in onda l\u20191 gennaio scorso, riproposto con la guida e il commento del Maestro Michele De Luca.<\/strong><\/p>\n<p>Sar\u00e0 l\u2019occasione per ammirare le cinque straordinarie formazioni giovanili del Teatro Massimo: duecento bambini e ragazzi tra i sette e i ventitr\u00e9 anni che animano la\u00a0<strong>Massimo Kids Orchestra, la Massimo Youth Orchestra, la Cantoria, il Coro di voci bianche e il Coro Arcobaleno.\u00a0<\/strong>Un piccolo esercito di musicisti cresciuti al Teatro Massimo sotto la guida del direttore Michele De Luca e del<strong>\u00a0<\/strong><em>Maestro del Coro\u00a0<\/em><strong>Salvatore Punturo.<\/strong><\/p>\n<p>In apertura l&#8217;omaggio della<strong>\u00a0\u00a0<\/strong>Massimo Youth Orchestra<strong>\u00a0<\/strong>a\u00a0<strong>Beethoven<\/strong>, quasi un ultimo gesto delle celebrazioni del 2020, con l\u2019Ouverture op. 84 di\u00a0<strong><em>Egmont<\/em>\u00a0<\/strong>di\u00a0<strong>Ludwig van Beethoven.<\/strong>\u00a0A seguire<strong>\u00a0<\/strong>i giovani musicisti e cantanti propongono un viaggio intorno al mondo a partire dal \u00abnuovo mondo\u00bb americano, con\u00a0<strong>l\u2019esecuzione di\u00a0<\/strong><em>Anton\u00edn&#8217;s New World,<\/em>\u00a0<strong>l\u2019adattamento di<\/strong>\u00a0Dizzy Stratford della\u00a0<em>Sinfonia dal Nuovo Mondo<\/em>\u00a0di\u00a0<strong>Anton\u00edn Dvo\u0159\u00e1k.\u00a0<\/strong>Si prosegue con un brano celebre come<strong>\u00a0<\/strong><em>What a wonderful world<\/em>\u00a0di\u00a0<strong>Bob Thiele\/George David Weiss\u00a0<\/strong>e la\u00a0<em>voce di\u00a0<\/em><strong>Teresa Di Lorenzo Sousa\u00a0<\/strong>con il Coro di voci bianche, il Coro Arcobaleno e la Cantoria.<\/p>\n<p>Seguono le\u00a0<strong>composizioni\u00a0<\/strong>scritte per le formazioni giovanili, che il Teatro Massimo ha commissionato a giovani promettenti compositori siciliani:\u00a0<strong>Antonino Blanco<\/strong>,\u00a0<strong>Alessandro<\/strong>\u00a0<strong>Zambito<\/strong>,\u00a0<strong>Giuseppe<\/strong>\u00a0<strong>Ricotta<\/strong>,\u00a0<strong>Valentina<\/strong>\u00a0<strong>Casesa<\/strong>,\u00a0<strong>Alberto<\/strong>\u00a0<strong>Maniaci<\/strong>,\u00a0<strong>Simone<\/strong>\u00a0<strong>Piraino<\/strong>,\u00a0<strong>Vito<\/strong>\u00a0<strong>Mandina<\/strong>\u00a0e\u00a0<strong>Salvatore<\/strong>\u00a0<strong>Nogara<\/strong>. I loro brani proseguono il viaggio intorno al mondo, dal Giappone di\u00a0<em>Kawaii\u00a0<\/em>di Valentina Casesa su un antico haiku giapponese di Matsuo Basho, all&#8217;Africa con l\u2019ispirazione swahili di\u00a0<em>Jambo\u00a0<\/em>di Alberto Maniaci, al Medio Oriente con la voce del padre maronita Kahlil Rahmeh che dialoga con gli esecutori del brano di Simone Piraino\u00a0<em>Tahta athqali lmehan (sotto il peso della prova)<\/em>. Insieme alle formazioni giovanili del Teatro con i solisti, alcuni dei quali giovanissimi, come la violoncellista\u00a0<strong>Ria Aoki<\/strong>, ci saranno le voci di\u00a0<strong>Teresa<\/strong>\u00a0<strong>Di<\/strong>\u00a0<strong>Lorenzo<\/strong>\u00a0<strong>Sousa\u00a0<\/strong>e di\u00a0<strong>Ciro<\/strong>\u00a0<strong>Pusateri<\/strong>, con strumenti provenienti da diversi angoli del mondo come il\u00a0<em>duduk<\/em>\u00a0e il\u00a0<em>nay<\/em>.<\/p>\n<p>Il concerto \u00e8 disponibile sulla webTv del Teatro Massimo a partire da sabato 24 aprile e per tutto il week end. Per assistere basta collegarsi al sito del Teatro (<a href=\"https:\/\/teatromassimo.us10.list-manage.com\/track\/click?u=688db6dfe63921ea63e68e7e3&amp;id=df75264326&amp;e=20af186a78\" target=\"_blank\" rel=\"noopener\">www.teatromassimo.it<\/a>). La webTv del Teatro Massimo \u00e8 diretta da\u00a0<strong>Gery Palazzotto<\/strong>, la regia televisiva \u00e8 di\u00a0<strong>Antonio Di Giovanni<\/strong>.<\/p>\n<p>Comunicato stampa al\u00a0<a href=\"https:\/\/teatromassimo.us10.list-manage.com\/track\/click?u=688db6dfe63921ea63e68e7e3&amp;id=bc459fbd34&amp;e=20af186a78\" target=\"_blank\" rel=\"noopener\">link<\/a><br \/>\nFotografie al\u00a0<a href=\"https:\/\/teatromassimo.us10.list-manage.com\/track\/click?u=688db6dfe63921ea63e68e7e3&amp;id=b7a7a875a2&amp;e=20af186a78\" target=\"_blank\" rel=\"noopener\">link<\/a><\/p>\n<p><strong>Ufficio Stampa<br \/>\nFondazione Teatro Massimo<\/strong><br \/>\nGiovannella Brancato<br \/>\n+39 340 8334979<br \/>\n<a class=\"mailto-link\" href=\"mailto:giobrancato@teatromassimo.it\" target=\"_blank\" rel=\"noopener\">giobrancato@teatromassimo.it<\/a><\/p>\n<p><a href=\"http:\/\/www.ecoitaliano.com.ar\/wp-content\/uploads\/2021\/04\/a3e520a2-f592-4b4c-bf01-ae00f7e88b72.png\"><img decoding=\"async\" class=\"alignnone size-full wp-image-14330\" src=\"http:\/\/www.ecoitaliano.com.ar\/wp-content\/uploads\/2021\/04\/a3e520a2-f592-4b4c-bf01-ae00f7e88b72.png\" alt=\"\" width=\"400\" height=\"105\" srcset=\"https:\/\/www.ecoitaliano.com.ar\/wp-content\/uploads\/2021\/04\/a3e520a2-f592-4b4c-bf01-ae00f7e88b72.png 400w, https:\/\/www.ecoitaliano.com.ar\/wp-content\/uploads\/2021\/04\/a3e520a2-f592-4b4c-bf01-ae00f7e88b72-300x79.png 300w, https:\/\/www.ecoitaliano.com.ar\/wp-content\/uploads\/2021\/04\/a3e520a2-f592-4b4c-bf01-ae00f7e88b72-150x39.png 150w\" sizes=\"(max-width: 400px) 100vw, 400px\" \/><\/a><\/p>\n","protected":false},"excerpt":{"rendered":"<p>Comunicato Stampa 23 aprile 2021 \u201cRivissi d\u2019arte. Repliche d\u2019autore\u201d \u00e8 il nuovo format della webTv del Teatro Massimo di Palermo [&hellip;]<\/p>\n","protected":false},"author":1,"featured_media":0,"comment_status":"open","ping_status":"open","sticky":false,"template":"","format":"standard","meta":{"footnotes":""},"categories":[1],"tags":[],"class_list":["post-14605","post","type-post","status-publish","format-standard","hentry","category-sin-categoria"],"_links":{"self":[{"href":"https:\/\/www.ecoitaliano.com.ar\/index.php?rest_route=\/wp\/v2\/posts\/14605","targetHints":{"allow":["GET"]}}],"collection":[{"href":"https:\/\/www.ecoitaliano.com.ar\/index.php?rest_route=\/wp\/v2\/posts"}],"about":[{"href":"https:\/\/www.ecoitaliano.com.ar\/index.php?rest_route=\/wp\/v2\/types\/post"}],"author":[{"embeddable":true,"href":"https:\/\/www.ecoitaliano.com.ar\/index.php?rest_route=\/wp\/v2\/users\/1"}],"replies":[{"embeddable":true,"href":"https:\/\/www.ecoitaliano.com.ar\/index.php?rest_route=%2Fwp%2Fv2%2Fcomments&post=14605"}],"version-history":[{"count":0,"href":"https:\/\/www.ecoitaliano.com.ar\/index.php?rest_route=\/wp\/v2\/posts\/14605\/revisions"}],"wp:attachment":[{"href":"https:\/\/www.ecoitaliano.com.ar\/index.php?rest_route=%2Fwp%2Fv2%2Fmedia&parent=14605"}],"wp:term":[{"taxonomy":"category","embeddable":true,"href":"https:\/\/www.ecoitaliano.com.ar\/index.php?rest_route=%2Fwp%2Fv2%2Fcategories&post=14605"},{"taxonomy":"post_tag","embeddable":true,"href":"https:\/\/www.ecoitaliano.com.ar\/index.php?rest_route=%2Fwp%2Fv2%2Ftags&post=14605"}],"curies":[{"name":"wp","href":"https:\/\/api.w.org\/{rel}","templated":true}]}}