{"id":14693,"date":"2021-05-02T09:58:04","date_gmt":"2021-05-02T09:58:04","guid":{"rendered":"http:\/\/www.ecoitaliano.com.ar\/?p=14693"},"modified":"2021-05-02T09:58:16","modified_gmt":"2021-05-02T09:58:16","slug":"14693","status":"publish","type":"post","link":"https:\/\/www.ecoitaliano.com.ar\/?p=14693","title":{"rendered":"COMMENTO FESTA DEL LAVORO"},"content":{"rendered":"<p><a href=\"http:\/\/www.ecoitaliano.com.ar\/wp-content\/uploads\/2021\/05\/Festa-del-Lavoro-in-Piazza-del-Popolo-a-Pesaro.jpg\"><img decoding=\"async\" class=\"alignnone size-full wp-image-14694\" src=\"http:\/\/www.ecoitaliano.com.ar\/wp-content\/uploads\/2021\/05\/Festa-del-Lavoro-in-Piazza-del-Popolo-a-Pesaro.jpg\" alt=\"\" width=\"2304\" height=\"1728\" srcset=\"https:\/\/www.ecoitaliano.com.ar\/wp-content\/uploads\/2021\/05\/Festa-del-Lavoro-in-Piazza-del-Popolo-a-Pesaro.jpg 2304w, https:\/\/www.ecoitaliano.com.ar\/wp-content\/uploads\/2021\/05\/Festa-del-Lavoro-in-Piazza-del-Popolo-a-Pesaro-300x225.jpg 300w, https:\/\/www.ecoitaliano.com.ar\/wp-content\/uploads\/2021\/05\/Festa-del-Lavoro-in-Piazza-del-Popolo-a-Pesaro-768x576.jpg 768w, https:\/\/www.ecoitaliano.com.ar\/wp-content\/uploads\/2021\/05\/Festa-del-Lavoro-in-Piazza-del-Popolo-a-Pesaro-1024x768.jpg 1024w, https:\/\/www.ecoitaliano.com.ar\/wp-content\/uploads\/2021\/05\/Festa-del-Lavoro-in-Piazza-del-Popolo-a-Pesaro-150x113.jpg 150w\" sizes=\"(max-width: 2304px) 100vw, 2304px\" \/><\/a><\/p>\n<p align=\"center\"><span style=\"font-size: large;\"><b>Festa del Lavoro<\/b><\/span><\/p>\n<p align=\"center\"><span style=\"font-size: large;\"><b>COMUNICATO DEL CENTRO STUDI SOCIALI \u201cA. De Gasperi\u201d<\/b><\/span><\/p>\n<p align=\"justify\">\u201c<span style=\"font-size: large;\">Nella giornata in cui si concentra l\u2019attenzione sul mondo del lavoro e sui problemi che esso attraversa il primo pensiero va a coloro che nella presente avversa situazione economica il lavoro l\u2019hanno perduto, a coloro che vedono il proprio posto minacciato, a tutti coloro, specie giovani, che ancora attendono di approdare ad una collocazione lavorativa\u201d. Cos\u00ec si esprime, nel commentare la Festa del Lavoro, il coordinatore del Centro Studi Sociali \u201cAlcide De Gasperi\u201d Giorgio Girelli, il quale poi continua manifestando vicinanza e solidariet\u00e0 a tutte le famiglie che vivono con grande apprensione questi difficili momenti. A fronte di tante imprese che fanno di tutto per sostenere i propri lavoratori, ci sono anche operatori &#8211; stigmatizza Girelli &#8211; che con troppa disinvoltura adottano iniziative la cui ottica \u00e8 solo il conseguimento del massimo profitto. Sono comportamenti irresponsabili che contraddicono la linea sempre tenuta dalla imprenditoria sana e che richiedono anche da parte delle autorit\u00e0 le misure possibili per contrastare il triste fenomeno. Un pensiero particolare, aggiunge Girelli, va poi riservato alle casalinghe, silenziose protagoniste di un lavoro intenso, senza orari, privo di adeguate tutele sociali che assicurino alla \u201cdonna di casa\u201d dignit\u00e0 ed anche quella autonomia che finora \u00e8 mancata poich\u00e9 il lavoro domestico \u00e8 vissuto tuttora come appendice del marito \u201cche porta a casa lo stipendio\u201d. Non si tratta ovviamente di creare rivendicazioni e frizioni all\u2019interno della famiglia, ma anzi di rafforzarne la coesione prendendo atto del prezioso lavoro che la donna svolge nel gestire la casa e nell\u2019accudire i figli specie quando sono in tenera et\u00e0. <\/span><\/p>\n<p align=\"justify\"><span style=\"color: #202124;\"><span style=\"font-family: Arial, serif;\"><span style=\"font-size: large;\">Nel 1995, la Corte Costituzionale ha riconosciuto il\u00a0lavoro\u00a0delle\u00a0casalinghe\u00a0come\u00a0un&#8217;attivit\u00e0 lavorativa a tutti gli effetti: perch\u00e9 esso ha\u00a0un\u00a0elevato valore sociale ed economico e pu\u00f2 quindi essere ricompreso nella norma costituzionale che tutela il\u00a0lavoro\u00a0\u201cin tutte le sue forme\u201d. Ma per ora queste \u201cforme \u201c si sono concretizzate solo in minuscoli vagiti che non cambiano significativamente la situazione di fatto.<\/span><\/span><\/span><\/p>\n<p align=\"justify\"><span style=\"color: #202124;\"><span style=\"font-family: Arial, serif;\"><span style=\"font-size: large;\">C\u2019\u00e8 poi il caso delle donne che un \u201c posto\u201d ce l\u2019hanno. Ma sono oberate da un doppio lavoro perch\u00e9 tuttora, per lo pi\u00f9, la \u201ccasa\u201d fa capo a lei, n\u00e9 sono disponibili strutture pubbliche adeguate che concorrano a custodire ed educare efficacemente i figli specie se piccoli. Non manca poi la situazione della condizione in cui \u00e8 vissuta la occupazione stabile della donna. Interferenze indegne sulla maternit\u00e0, discriminazioni di carriera ed talvolta anche molestie. Ce n\u2019\u00e8 abbastanza per rilevare che su questi aspetti dovrebbero cimentarsi gli sforzi e le proteste di quante si professano madrine dell\u2019emancipazione femminile pi\u00f9 che sulle stucchevoli ed improduttive battaglie per volgere al femminile terminologie valevoli come ambigeneri. Sui progetti e le lotte dei sindacati le tematiche sono note e non necessitano di ripetizioni: si procede sulla scia di quanto Fanfani, cui il mondo del lavoro deve molto, <\/span><\/span><\/span><span style=\"color: #1a171b;\"><span style=\"font-family: Georgia, serif;\"><span style=\"font-size: large;\">il 22 marzo 1947 all&#8217;Assemblea Costituente dichiar\u00f2: \u00abDicendo che la Repubblica \u00e8 fondata sul lavoro si esclude che essa possa fondarsi sul privilegio, sulla nobilt\u00e0 ereditaria, sulla fatica altrui e si afferma invece che essa si fonda sul dovere, che \u00e8 anche diritto a un tempo per ogni uomo, di trovare nel suo sforzo libero la sua capacit\u00e0 di essere e di contribuire al bene della comunit\u00e0 nazionale\u00bb. Sforzo di cui debbono farsi carico, proprio perch\u00e9 i tempi sono difficili, anche i giovani, senza troppo indugiare al riparo delle tutele familiari o nella scelta di lavori e condizioni non proprio conformi ai propri desiderata.<\/span><\/span><\/span><\/p>\n<p align=\"justify\"><a href=\"http:\/\/www.ecoitaliano.com.ar\/wp-content\/uploads\/2021\/05\/Innovazioni-familiari_-Girelli-accudisce-le-nipotine.jpg\"><img decoding=\"async\" class=\"alignnone size-full wp-image-14695\" src=\"http:\/\/www.ecoitaliano.com.ar\/wp-content\/uploads\/2021\/05\/Innovazioni-familiari_-Girelli-accudisce-le-nipotine.jpg\" alt=\"\" width=\"1654\" height=\"2339\" srcset=\"https:\/\/www.ecoitaliano.com.ar\/wp-content\/uploads\/2021\/05\/Innovazioni-familiari_-Girelli-accudisce-le-nipotine.jpg 1654w, https:\/\/www.ecoitaliano.com.ar\/wp-content\/uploads\/2021\/05\/Innovazioni-familiari_-Girelli-accudisce-le-nipotine-212x300.jpg 212w, https:\/\/www.ecoitaliano.com.ar\/wp-content\/uploads\/2021\/05\/Innovazioni-familiari_-Girelli-accudisce-le-nipotine-768x1086.jpg 768w, https:\/\/www.ecoitaliano.com.ar\/wp-content\/uploads\/2021\/05\/Innovazioni-familiari_-Girelli-accudisce-le-nipotine-724x1024.jpg 724w, https:\/\/www.ecoitaliano.com.ar\/wp-content\/uploads\/2021\/05\/Innovazioni-familiari_-Girelli-accudisce-le-nipotine-106x150.jpg 106w\" sizes=\"(max-width: 1654px) 100vw, 1654px\" \/><\/a><br \/>\n<em>Tutte l\u2019opinioni versati nel sito, correspondono solo a chi la manifesta. Non e necessariamente l\u2019opinione della Direzione.<\/em><\/p>\n","protected":false},"excerpt":{"rendered":"<p>Festa del Lavoro COMUNICATO DEL CENTRO STUDI SOCIALI \u201cA. De Gasperi\u201d \u201cNella giornata in cui si concentra l\u2019attenzione sul mondo [&hellip;]<\/p>\n","protected":false},"author":1,"featured_media":0,"comment_status":"open","ping_status":"open","sticky":false,"template":"","format":"standard","meta":{"footnotes":""},"categories":[10,35],"tags":[],"class_list":["post-14693","post","type-post","status-publish","format-standard","hentry","category-italiano","category-opiniones"],"_links":{"self":[{"href":"https:\/\/www.ecoitaliano.com.ar\/index.php?rest_route=\/wp\/v2\/posts\/14693","targetHints":{"allow":["GET"]}}],"collection":[{"href":"https:\/\/www.ecoitaliano.com.ar\/index.php?rest_route=\/wp\/v2\/posts"}],"about":[{"href":"https:\/\/www.ecoitaliano.com.ar\/index.php?rest_route=\/wp\/v2\/types\/post"}],"author":[{"embeddable":true,"href":"https:\/\/www.ecoitaliano.com.ar\/index.php?rest_route=\/wp\/v2\/users\/1"}],"replies":[{"embeddable":true,"href":"https:\/\/www.ecoitaliano.com.ar\/index.php?rest_route=%2Fwp%2Fv2%2Fcomments&post=14693"}],"version-history":[{"count":0,"href":"https:\/\/www.ecoitaliano.com.ar\/index.php?rest_route=\/wp\/v2\/posts\/14693\/revisions"}],"wp:attachment":[{"href":"https:\/\/www.ecoitaliano.com.ar\/index.php?rest_route=%2Fwp%2Fv2%2Fmedia&parent=14693"}],"wp:term":[{"taxonomy":"category","embeddable":true,"href":"https:\/\/www.ecoitaliano.com.ar\/index.php?rest_route=%2Fwp%2Fv2%2Fcategories&post=14693"},{"taxonomy":"post_tag","embeddable":true,"href":"https:\/\/www.ecoitaliano.com.ar\/index.php?rest_route=%2Fwp%2Fv2%2Ftags&post=14693"}],"curies":[{"name":"wp","href":"https:\/\/api.w.org\/{rel}","templated":true}]}}