{"id":14711,"date":"2021-05-03T18:03:10","date_gmt":"2021-05-03T18:03:10","guid":{"rendered":"http:\/\/www.ecoitaliano.com.ar\/?p=14711"},"modified":"2021-05-03T18:03:10","modified_gmt":"2021-05-03T18:03:10","slug":"n-ricordo-di-giuseppe-mangolini-gia-segretario-generale-del-comune-dellaquila-studioso-ed-esponente-del-mondo-dellemigrazione","status":"publish","type":"post","link":"https:\/\/www.ecoitaliano.com.ar\/?p=14711","title":{"rendered":"n ricordo di Giuseppe Mangolini &#8211; Gi\u00e0 Segretario Generale del Comune dell\u2019Aquila, studioso ed esponente del mondo dell\u2019emigrazione"},"content":{"rendered":"<div id='gallery-1' class='gallery galleryid-14711 gallery-columns-3 gallery-size-thumbnail'><figure class='gallery-item'>\n\t\t\t<div class='gallery-icon portrait'>\n\t\t\t\t<a href='https:\/\/www.ecoitaliano.com.ar\/?attachment_id=14712'><img decoding=\"async\" width=\"150\" height=\"150\" src=\"https:\/\/www.ecoitaliano.com.ar\/wp-content\/uploads\/2021\/05\/Giuseppe-Mangolini-premiato-dal-Presidente-Anci-150x150.jpg\" class=\"attachment-thumbnail size-thumbnail\" alt=\"\" \/><\/a>\n\t\t\t<\/div><\/figure><figure class='gallery-item'>\n\t\t\t<div class='gallery-icon landscape'>\n\t\t\t\t<a href='https:\/\/www.ecoitaliano.com.ar\/?attachment_id=14713'><img decoding=\"async\" width=\"150\" height=\"150\" src=\"https:\/\/www.ecoitaliano.com.ar\/wp-content\/uploads\/2021\/05\/Sudafrica-Giuseppe-Mangolini-il-ministro-Dorothy-Malhangu-Lucio-Ricci-Goffredo-Palmerini-150x150.jpg\" class=\"attachment-thumbnail size-thumbnail\" alt=\"\" \/><\/a>\n\t\t\t<\/div><\/figure>\n\t\t<\/div>\n\n<p>Foto:<\/p>\n<p><em>Giuseppe Mangolini premiato da Piero Fassino, Presidente ANCI<\/em><\/p>\n<p><em>Sudafrica, 2007: la Ministra Dorothy Mahlangu con i consiglieri CRAM Giuseppe Mangolini, Lucio Ricci, Goffredo Palmerini.<\/em><\/p>\n<p><strong>In ricordo di Giuseppe Mangolini<\/strong><\/p>\n<p><strong>Gi\u00e0 Segretario Generale del Comune dell\u2019Aquila, studioso ed esponente del mondo dell\u2019emigrazione<\/strong><\/p>\n<p><strong>\u00a0<\/strong><\/p>\n<p><strong>\u00a0<\/strong><\/p>\n<p>&nbsp;<\/p>\n<p>L\u2019AQUILA, 3 maggio 2021 \u2013 Si \u00e8 diffusa in un baleno la notizia della scomparsa oggi di <strong>Giuseppe Mangolini<\/strong>, per molti anni Segretario Generale del Comune dell\u2019Aquila, poi direttore dell\u2019ANCI Abruzzo. Il 4 marzo scorso aveva compiuto 81 anni. Dirigente pubblico con una solida formazione amministrativa e giuridica, colto, fine conoscitore della storia civica aquilana, con una grande curiosit\u00e0 intellettuale e un forte senso dell\u2019ironia il <strong>dr. Mangolini<\/strong>, Peppe per i tantissimi amici, era molto conosciuto a <strong>L\u2019Aquila<\/strong> e in tutto l\u2019<strong>Abruzzo<\/strong>, per via del pluriennale suo impegno come direttore dell\u2019ANCI regionale e dell\u2019Associazione dei Segretari comunali abruzzesi.<\/p>\n<p>&nbsp;<\/p>\n<p>Ho conosciuto <strong>Giuseppe Mangolini<\/strong> nel 1975, entrambi eletti Consiglieri comunali, lui per il Psdi (Partito socialista democratico) ed io per la Dc, quando per l\u2019intero quinquennio fu sindaco il <strong>Sen. Ubaldo Lopardi<\/strong>. <strong>Mangolini<\/strong>, che al tempo era Segretario comunale a <strong>Lucoli<\/strong>, vinse in quegli anni il concorso per vice Segretario Generale al Comune dell\u2019Aquila e lasci\u00f2 lo scranno di Palazzo Margherita. Inizi\u00f2 cos\u00ec la sua lunga carriera come alto dirigente comunale al fianco dei Segretari Generali dapprima Lopez e poi Lauria, quindi assumendo egli quel ruolo apicale fino alla quiescenza, salvo un breve periodo al Comune di Pescara.<\/p>\n<p>&nbsp;<\/p>\n<p><strong>Mangolini<\/strong> \u00e8 stato un punto di riferimento a Palazzo Margherita per tutte le amministrazioni che dal 1975 si sono succedute, guidate dai sindaci <strong>Ubaldo Lopardi, Tullio de Rubeis, Enzo Lombardi, Maria Luisa Baldoni, Giuseppe Placidi, Antonio Centi<\/strong>, andando in pensione nei primi mesi della sindacatura di <strong>BiagioTempesta<\/strong>. Con <strong>Antonio Centi<\/strong> presidente dell\u2019ANCI Abruzzo Mangolini \u00e8 stato direttore dell\u2019associazione regionale dei Comuni per molti anni, stimato ed apprezzato da tutto il sistema degli enti locali abruzzesi, anche per le molteplici funzioni svolte in commissioni e gruppi di studio sulle autonomie locali.<\/p>\n<p>&nbsp;<\/p>\n<p>Ho seguito direttamente \u2013 da consigliere e assessore \u2013 per un quarto di secolo la sua attivit\u00e0 al vertice della struttura amministrativa del comune dell\u2019Aquila. Ne ho apprezzato le spiccate qualit\u00e0 professionali, la sapienza amministrativa, l\u2019attitudine a motivare il personale dipendente sugli obiettivi di risultato, grazie anche alla sua capacit\u00e0 di relazione e di empatia verso i collaboratori. Senza condizionamenti dall\u2019amicizia che ci ha legato, lo ricordo con ammirazione per la sua dedizione piena al recupero delle pi\u00f9 antiche tradizioni civiche, in primis la Perdonanza Celestiniana, in stretta sinergia con i Soprintendenti e direttori artistici che si sono succeduti nell\u2019organizzazione del giubileo aquilano.<\/p>\n<p>&nbsp;<\/p>\n<p>C\u2019\u00e8 infine un altro campo d\u2019interesse che ha visto assiduamente impegnato <strong>Giuseppe Mangolini<\/strong>, nel quale abbiamo condiviso per molti anni dedizione, impegno istituzionale, ricerca e studio: <strong>l\u2019emigrazione italiana<\/strong>. Del fenomeno migratorio italiano <strong>Mangolini<\/strong> \u00e8 stato un attento studioso. Insieme siamo stati componenti attivi per pi\u00f9 mandati nel Consiglio Regionale Abruzzesi nel Mondo (<strong>CRAM<\/strong>), poi nell\u2019Osservatorio Regionale dell\u2019Emigrazione, quindi &#8211; a livello nazionale &#8211; nel Consiglio direttivo del <strong>FAIM<\/strong> (Forum delle associazioni italiane nel mondo), egli in rappresentanza dell\u2019<strong>AITEF<\/strong> e chi scrive per l\u2019<strong>ANFE<\/strong>, due associazioni storiche dell\u2019emigrazione italiana. Un mondo, quello dell\u2019emigrazione, che egli da ragazzo aveva conosciuto direttamente in <strong>Venezuela<\/strong>, prima di rientrare in Italia. Iscritto all\u2019Ordine dei Giornalisti d\u2019Abruzzo dal 1962, un lustro fa era stato premiato per i 50 anni di iscrizione e di attivit\u00e0 insieme ad insigni penne del giornalismo abruzzese (Walter Capezzali, Giuseppe Mangolini, Amedeo Esposito, Ermanno Ricci, Mario Pasotti Domenico Marcozzi, Salvatore Paolilli Treonze, Eugenio Riccitelli).<\/p>\n<p>&nbsp;<\/p>\n<p>La presenza costante di <strong>Giuseppe Mangolini<\/strong> alla vita civica, il suo mai reciso legame all\u2019istituzione comunale &#8211; nell\u2019ultimo decennio \u00e8 stato Segretario dell\u2019associazione di ex amministratori <strong>Consilium Aquilae Urbis<\/strong> -, la passione per la storia civica e il contributo reso alla salvaguardia della memoria collettiva restano un esempio d\u2019impegno generoso al servizio della comunit\u00e0 aquilana, del quale la citt\u00e0 gli \u00e8 grata e motivo di orgoglio per la sua famiglia.<\/p>\n<p><strong>\u00a0<\/strong><\/p>\n<p><strong>Goffredo Palmerini<\/strong><\/p>\n<p>&nbsp;<\/p>\n","protected":false},"excerpt":{"rendered":"<p>Foto: Giuseppe Mangolini premiato da Piero Fassino, Presidente ANCI Sudafrica, 2007: la Ministra Dorothy Mahlangu con i consiglieri CRAM Giuseppe [&hellip;]<\/p>\n","protected":false},"author":1,"featured_media":0,"comment_status":"open","ping_status":"open","sticky":false,"template":"","format":"standard","meta":{"footnotes":""},"categories":[2,10],"tags":[],"class_list":["post-14711","post","type-post","status-publish","format-standard","hentry","category-informacion","category-italiano"],"_links":{"self":[{"href":"https:\/\/www.ecoitaliano.com.ar\/index.php?rest_route=\/wp\/v2\/posts\/14711","targetHints":{"allow":["GET"]}}],"collection":[{"href":"https:\/\/www.ecoitaliano.com.ar\/index.php?rest_route=\/wp\/v2\/posts"}],"about":[{"href":"https:\/\/www.ecoitaliano.com.ar\/index.php?rest_route=\/wp\/v2\/types\/post"}],"author":[{"embeddable":true,"href":"https:\/\/www.ecoitaliano.com.ar\/index.php?rest_route=\/wp\/v2\/users\/1"}],"replies":[{"embeddable":true,"href":"https:\/\/www.ecoitaliano.com.ar\/index.php?rest_route=%2Fwp%2Fv2%2Fcomments&post=14711"}],"version-history":[{"count":0,"href":"https:\/\/www.ecoitaliano.com.ar\/index.php?rest_route=\/wp\/v2\/posts\/14711\/revisions"}],"wp:attachment":[{"href":"https:\/\/www.ecoitaliano.com.ar\/index.php?rest_route=%2Fwp%2Fv2%2Fmedia&parent=14711"}],"wp:term":[{"taxonomy":"category","embeddable":true,"href":"https:\/\/www.ecoitaliano.com.ar\/index.php?rest_route=%2Fwp%2Fv2%2Fcategories&post=14711"},{"taxonomy":"post_tag","embeddable":true,"href":"https:\/\/www.ecoitaliano.com.ar\/index.php?rest_route=%2Fwp%2Fv2%2Ftags&post=14711"}],"curies":[{"name":"wp","href":"https:\/\/api.w.org\/{rel}","templated":true}]}}