{"id":14995,"date":"2021-05-20T12:03:56","date_gmt":"2021-05-20T12:03:56","guid":{"rendered":"http:\/\/www.ecoitaliano.com.ar\/?p=14995"},"modified":"2021-05-20T12:05:00","modified_gmt":"2021-05-20T12:05:00","slug":"il-29-maggio-a-firenze-apre-estiva-mostra-dellartista-eugenia-serafini","status":"publish","type":"post","link":"https:\/\/www.ecoitaliano.com.ar\/?p=14995","title":{"rendered":"IL 29 MAGGIO A FIRENZE APRE \u201cESTIVA\u201d, MOSTRA DELL\u2019ARTISTA EUGENIA SERAFINI"},"content":{"rendered":"<div id='gallery-1' class='gallery galleryid-14995 gallery-columns-3 gallery-size-thumbnail'><figure class='gallery-item'>\n\t\t\t<div class='gallery-icon portrait'>\n\t\t\t\t<a href='https:\/\/www.ecoitaliano.com.ar\/?attachment_id=14996'><img decoding=\"async\" width=\"150\" height=\"150\" src=\"https:\/\/www.ecoitaliano.com.ar\/wp-content\/uploads\/2021\/05\/E.SERAFINIESTIVA2021-150x150.jpg\" class=\"attachment-thumbnail size-thumbnail\" alt=\"\" aria-describedby=\"gallery-1-14996\" \/><\/a>\n\t\t\t<\/div>\n\t\t\t\t<figcaption class='wp-caption-text gallery-caption' id='gallery-1-14996'>\n\t\t\t\tdav\n\t\t\t\t<\/figcaption><\/figure><figure class='gallery-item'>\n\t\t\t<div class='gallery-icon landscape'>\n\t\t\t\t<a href='https:\/\/www.ecoitaliano.com.ar\/?attachment_id=14997'><img decoding=\"async\" width=\"150\" height=\"150\" src=\"https:\/\/www.ecoitaliano.com.ar\/wp-content\/uploads\/2021\/05\/E.SERAFINI-COSTELLAZIONI-150x150.jpg\" class=\"attachment-thumbnail size-thumbnail\" alt=\"\" aria-describedby=\"gallery-1-14997\" \/><\/a>\n\t\t\t<\/div>\n\t\t\t\t<figcaption class='wp-caption-text gallery-caption' id='gallery-1-14997'>\n\t\t\t\tdav\n\t\t\t\t<\/figcaption><\/figure><figure class='gallery-item'>\n\t\t\t<div class='gallery-icon portrait'>\n\t\t\t\t<a href='https:\/\/www.ecoitaliano.com.ar\/?attachment_id=14998'><img decoding=\"async\" width=\"150\" height=\"150\" src=\"https:\/\/www.ecoitaliano.com.ar\/wp-content\/uploads\/2021\/05\/E.SERAFINISOLE-150x150.jpg\" class=\"attachment-thumbnail size-thumbnail\" alt=\"\" aria-describedby=\"gallery-1-14998\" \/><\/a>\n\t\t\t<\/div>\n\t\t\t\t<figcaption class='wp-caption-text gallery-caption' id='gallery-1-14998'>\n\t\t\t\tdav\n\t\t\t\t<\/figcaption><\/figure><figure class='gallery-item'>\n\t\t\t<div class='gallery-icon portrait'>\n\t\t\t\t<a href='https:\/\/www.ecoitaliano.com.ar\/?attachment_id=14999'><img decoding=\"async\" width=\"150\" height=\"150\" src=\"https:\/\/www.ecoitaliano.com.ar\/wp-content\/uploads\/2021\/05\/eugenia-serafini-1-150x150.jpg\" class=\"attachment-thumbnail size-thumbnail\" alt=\"\" srcset=\"https:\/\/www.ecoitaliano.com.ar\/wp-content\/uploads\/2021\/05\/eugenia-serafini-1-150x150.jpg 150w, https:\/\/www.ecoitaliano.com.ar\/wp-content\/uploads\/2021\/05\/eugenia-serafini-1-298x300.jpg 298w, https:\/\/www.ecoitaliano.com.ar\/wp-content\/uploads\/2021\/05\/eugenia-serafini-1-768x773.jpg 768w, https:\/\/www.ecoitaliano.com.ar\/wp-content\/uploads\/2021\/05\/eugenia-serafini-1.jpg 954w\" sizes=\"(max-width: 150px) 100vw, 150px\" \/><\/a>\n\t\t\t<\/div><\/figure>\n\t\t<\/div>\n\n<p>&nbsp;<\/p>\n<p>&nbsp;<\/p>\n<p>&nbsp;<\/p>\n<p><span style=\"font-family: Cambria, serif;\">20 maggio 2021<\/span><\/p>\n<p><span style=\"font-family: Cambria, serif;\"><span style=\"font-size: medium;\"><b>IL 29 MAGGIO A FIRENZE APRE \u201cESTIVA\u201d, MOSTRA DELL\u2019ARTISTA EUGENIA SERAFINI<\/b><\/span><\/span><\/p>\n<p><span style=\"font-family: Cambria, serif;\"><b>L\u2019esposizione, a cura del prof. Carlo Franza, sar\u00e0 inaugurata alle ore 18 nel Salone del Glicine <\/b><\/span><\/p>\n<p><span style=\"font-family: Cambria, serif;\"><i><b>Plus Florence Hotel &#8211; Via Santa Caterina d\u2019Alessandria, 15 &#8211; dal 29 maggio al 19 novembre 2021<\/b><\/i><\/span><\/p>\n<p align=\"justify\"><span style=\"font-family: Cambria, serif;\">In uno spazio ove alberga gi\u00e0 il progetto \u201cScenari\u201d, a <\/span><span style=\"font-family: Cambria, serif;\"><b>Firenze<\/b><\/span><span style=\"font-family: Cambria, serif;\">, \u00e8 ospitata la mostra \u201c<\/span><span style=\"font-family: Cambria, serif;\"><b>Estiva<\/b><\/span><span style=\"font-family: Cambria, serif;\">\u201d con opere di<\/span><span style=\"font-family: Cambria, serif;\"><b> Eugenia Serafini<\/b><\/span><span style=\"font-family: Cambria, serif;\">. L&#8217;esposizione, ideata e curata dall\u2019illustre storico dell\u2019Arte Moderna e Contemporanea, <\/span><span style=\"font-family: Cambria, serif;\"><b>Prof. Carlo Franza<\/b><\/span><span style=\"font-family: Cambria, serif;\">, figura di piano internazionale, \u00e8 una sorta di termometro della spettacolarit\u00e0 e della storicit\u00e0 dell\u2019arte nuova, di un&#8217;arte che si fa veicolo di novelle idee scolpite nella cultura occidentale, di un&#8217;arte capace di rigenerare mondi e uomini, e si fa anche bussola in un mare di proposizioni della cultura e delle arti internazionali. <\/span><\/p>\n<p align=\"justify\"><span style=\"font-family: Cambria, serif;\">Scrive <\/span><span style=\"font-family: Cambria, serif;\"><b>Carlo Franza<\/b><\/span><span style=\"font-family: Cambria, serif;\"> nel testo: \u201c<\/span><span style=\"font-family: Cambria, serif;\"><i>Distesa estate,\/ stagione dei densi climi\/ dei grandi mattini,\/ dell\u2019albe senza rumore \/- ci si risveglia come in un acquario -\/ dei giorni identici, astrali,\/ stagione la meno dolente\/ d\u2019oscuramenti e di crisi,\/ felicit\u00e0 degli spazi,\/ nessuna promessa terrena\/ pu\u00f2 dare pace al mio cuore\/quanto la certezza di sole\/ che dal tuo cielo trabocca;\/ stagione estrema, che cadi,\/ prostrata in riposi enormi;\/ dai oro ai pi\u00f9 vasti sogni,\/ stagione che porti la luce\/ a distendere il tempo\/ di l\u00e0 dai confini del giorno,\/ e sembri mettere a volte\/ nell\u2019ordine che procede\/ qualche cadenza dell\u2019indugio eterno<\/i><\/span><span style=\"font-family: Cambria, serif;\">. (<\/span><span style=\"font-family: Cambria, serif;\"><b>Vincenzo Cardarelli<\/b><\/span><span style=\"font-family: Cambria, serif;\">, Estiva). <\/span><\/p>\n<p align=\"justify\"><span style=\"font-family: Cambria, serif;\">L\u2019estate, in rapporto alle stagioni della vita, alla maturit\u00e0, stagione di consapevolezze acquisite e di grandi potenzialit\u00e0, l\u2019estate \u00e8 la stagione in cui tutto risplende, realmente e metaforicamente, in cui \u201c<\/span><span style=\"font-family: Cambria, serif;\"><i>nessuna promessa terrena\/ pu\u00f2 dare pace al mio cuore\/quanto la certezza di sole\/ che dal tuo cielo trabocca<\/i><\/span><span style=\"font-family: Cambria, serif;\">\u201d come ha scritto il poeta <\/span><span style=\"font-family: Cambria, serif;\"><b>V. Cardarelli<\/b><\/span><span style=\"font-family: Cambria, serif;\">. Sull\u2019estate si \u00e8 misurata <\/span><span style=\"font-family: Cambria, serif;\"><b>Eugenia Serafini<\/b><\/span><span style=\"font-family: Cambria, serif;\"> con venti preziose carte colorate che ne esemplano le luci e i colori di una stagione che rappresenta la piena libert\u00e0. Il tempo, le stagioni, l\u2019estate, sono anche legate ai luoghi, al paesaggio. Basti pensare a come sono diversi i pomeriggi al mare da quelli in citt\u00e0: quest\u2019ultimi sono visti da Montale \u201cpallidi e assorti\u2026\u201d. <\/span><\/p>\n<p align=\"justify\"><span style=\"font-family: Cambria, serif;\">Perch\u00e9 la malinconia, il distacco, l\u2019inclinazione a riflettere, ad osservare e a cogliere eventi porta a trovare le pi\u00f9 strane analogie fra le cose, sia negli adulti che nei bambini. Estate dopo estate, scorre il nostro tempo, lo sentiamo passare sulla pelle, lo vediamo in ogni nuova piega del viso che l\u2019abbronzatura nasconde, lo leggiamo negli occhi chi ci vive accanto che, come noi, nelle sere blu d\u2019estate sente freschezza e non ha pensieri, tacendo nel profondo. Perch\u00e9 l\u2019estate induce a scrollarsi di dosso affanni e preoccupazioni quasi come quei vestiti pesanti che ciascuno non vede l\u2019ora di togliere ma che puntualmente, ritornano ad ogni autunno. <\/span><\/p>\n<p align=\"justify\">\u201c<span style=\"font-family: Cambria, serif;\"><i>Le sere blu d\u2019estate andr\u00f2 per i sentieri\/ graffiato dagli steli, sfiorando l\u2019erba nuova:\/ ne sentir\u00f2 freschezza, assorto nel mistero.\/ Far\u00f2 che sulla testa scoperta il vento piova.\/ Io non avr\u00f2 pensieri, tacendo nel profondo:\/ ma l\u2019infinito amore l\u2019anima mia avr\u00e0 colmato,\/ e me ne andr\u00f2 lontano, lontano e vagabondo,\/ guardando la Natura, come un innamorato<\/i><\/span><span style=\"font-family: Cambria, serif;\">. (<\/span><span style=\"font-family: Cambria, serif;\"><b>Arthur Rimbaud<\/b><\/span><span style=\"font-family: Cambria, serif;\">, Sensazione). E state e stiamo cos\u00ec, laddove si sta insieme, sospesi per i tre mesi estivi, tra mare, miraggio di fluide carezze, profumi di tigli odorosi e pulicaria nell\u2019aria: i poeti sanno come trovare le giuste parole ed esprimerli in versi. Le opere d\u2019arte che celebrano l\u2019estate sono state tante. <\/span><\/p>\n<p align=\"justify\"><a name=\"_GoBack\"><\/a> <span style=\"font-family: Cambria, serif;\">Luce diffusa, colori caldi, paesaggi estivi, sono queste alcune delle caratteristiche comuni ai dipinti di <\/span><span style=\"font-family: Cambria, serif;\"><b>Monet<\/b><\/span><span style=\"font-family: Cambria, serif;\">, <\/span><span style=\"font-family: Cambria, serif;\"><b>Bruegel<\/b><\/span><span style=\"font-family: Cambria, serif;\">, <\/span><span style=\"font-family: Cambria, serif;\"><b>Hopper<\/b><\/span><span style=\"font-family: Cambria, serif;\"> e <\/span><span style=\"font-family: Cambria, serif;\"><b>Gauguin<\/b><\/span><span style=\"font-family: Cambria, serif;\">. Pittori di ogni epoca e latitudine si sono spesso cimentati nella rappresentazione dell\u2019estate, papaveri nei campi di grano, spiagge e quella luce dorata e calda, particolare, che c\u2019\u00e8 solo nelle sere estive. Numerosi sono stati i pittori che nel corso della storia dell\u2019arte hanno dipinto almeno un quadro a tema estivo, sia esso una veduta marina o un campo di grano maturo. Oggi, in questa significativa mostra sull\u2019estate (la seconda stagione da lei esemplata dopo la primavera) si \u00e8 cimentata l\u2019artista <\/span><span style=\"font-family: Cambria, serif;\"><b>Eugenia Serafini<\/b><\/span><span style=\"font-family: Cambria, serif;\">, che ha esemplato a colori, il paesaggio tra cielo e terra, la luce, le accensioni, le stelle, ella ha colto miracolosamente la luce perch\u00e9 quando arriva la tanto attesa estate, tutto si colora di una luce diversa, tutto si rianima e acquisisce una vitalit\u00e0 altrimenti sconosciuta\u201d. <\/span><\/p>\n<p align=\"justify\"><span style=\"font-family: Cambria, serif;\"><i><b>Biografia dell\u2019artista <\/b><\/i><\/span><\/p>\n<p align=\"justify\"><span style=\"font-family: Cambria, serif;\"><b>Eugenia Serafini<\/b><\/span><span style=\"font-family: Cambria, serif;\">, docente universitaria, artista e scrittrice\/performer, giornalista, si \u00e8 laureata in Lettere Classiche all\u2019Universit\u00e0 La Sapienza di Roma ed \u00e8 stata allieva del grande e illustre Natalino Sapegno. Figura complessa e interessante, \u00e8 stata Docente di Storia dell\u2019Arte dell\u2019Accademia di Belle Arti di Carrara e dell\u2019Accademia dell\u2019Illustrazione e della Comunicazione Visiva di Roma, e dal 1999 Docente di Disegno dell\u2019Universit\u00e0 della Calabria. E\u2019 nata a <\/span><span style=\"font-family: Cambria, serif;\"><b>Tolfa<\/b><\/span><span style=\"font-family: Cambria, serif;\"> (RM), piccolo e attraente borgo etrusco, nel 1946 e il suo percorso culturale l\u2019ha portata a diventare artista di spicco nell\u2019arte contemporanea internazionale. Poeta performer e installazionista, lavora da anni alla contaminazione intermediale e all\u2019arte totale, utilizzando e fondendo gli apporti di diversi rami creativi: da quello visivo-digitale a quello teatrale, poetico e musicale che utilizza nella creazione delle sue installazioni performative. Direttrice editoriale dell\u2019Artecom-onlus, ne ha ideato e dirige la Collana di Libri d\u2019Artista e la Sezione per l\u2019Ex-libris ed \u00e8 responsabile delle rubriche di Arte e Letteratura Contemporanea della rivista FOLIVM. Numerose le sue pubblicazioni di saggi e monografie di artisti moderni e contemporanei. Vanta una vasta produzione di scrittura creativa e libri d\u2019artista. Una delle sue ultime pubblicazioni \u00e8 il bellissimo volume di poesia visuale e performativa con CD delle sue Performances, \u201cCanti di cAnta stOrie\u201d, Roma 2008, presentato dall\u2019indimenticabile professor Mario Verdone che le \u00e8 stato vicino per tanti anni nel suo percorso artistico ed esistenziale. Realizza da anni eventi di Cultura sul Territorio nella citt\u00e0 di Roma ed eventi multimediali con partecipazioni internazionali di altissimo livello. <\/span><\/p>\n<p align=\"justify\"><span style=\"font-family: Cambria, serif;\">E\u2019 stata invitata a Stages, Simposi e Installazioni performative in <\/span><span style=\"font-family: Cambria, serif;\"><b>Italia<\/b><\/span><span style=\"font-family: Cambria, serif;\">, <\/span><span style=\"font-family: Cambria, serif;\"><b>USA, Europa Orientale, Egitto, Francia, Romania, Ucraina<\/b><\/span><span style=\"font-family: Cambria, serif;\"> e ha fondato nel 1998 il Museo di Arte Contemporanea \u201cMicu Klein\u201d di Blaj, in Romania. Sue opere si trovano nei Musei di questi paesi e in Collezioni private. Tra le partecipazioni recenti: 53^ Esposizione Internazionale d\u2019Arte la Biennale di Venezia, 2009; 66^ Mostra Internazionale del Cinema di Venezia nel film \u201cPOETI\u201d di Tony D\u2019Angelo; Premio Sulmona 1998, 2006, 2008; 52^ Esposizione Internazionale d\u2019Arte la Biennale di Venezia, 2007; A.R.G.A.M.- Primaverile Romana 2005; Premio Michetti 2003; Premio Italia per le Arti Visive 2001. Ha vinto il Premio Leone d\u2019Argento per la Creativit\u00e0 della <\/span><span style=\"font-family: Cambria, serif;\"><b>Biennale di Venezia<\/b><\/span> <span style=\"font-family: Cambria, serif;\"><b>2013<\/b><\/span><span style=\"font-family: Cambria, serif;\">. Nel 2021 \u00e8 invitata dallo storico dell\u2019Arte prof. Carlo Franza a tenere una mostra personale dal titolo \u201c<\/span><span style=\"font-family: Cambria, serif;\"><i>Sguardo a oriente<\/i><\/span><span style=\"font-family: Cambria, serif;\">\u201d nel progetto Mondi al Circolo Esteri del Ministero Affari Esteri per il ventennale della Collezione Farnesina, Roma. <\/span><\/p>\n<p align=\"justify\"><span style=\"font-family: Cambria, serif;\"><i><b>Biografia del curatore<\/b><\/i><\/span><i> <\/i><\/p>\n<p align=\"justify\"><span style=\"font-family: Cambria, serif;\"><b>Carlo Franza<\/b><\/span><span style=\"font-family: Cambria, serif;\"> \u00e8 uno Storico dell\u2019Arte Moderna e Contemporanea, italiano. Nato ad <\/span><span style=\"font-family: Cambria, serif;\"><b>Alessano<\/b><\/span><span style=\"font-family: Cambria, serif;\"> (Lecce) nel 1949, \u00e8 vissuto dal 1959 al 1980 a Roma dove ha studiato e conseguito tre lauree all\u2019Universit\u00e0 Statale La Sapienza (Lettere, Sociologia e Filosofia); dal 1980 \u00e8 a Milano dove tuttora risiede. Allievo e Assistente Ordinario di Giulio Carlo Argan all\u2019Universit\u00e0 La Sapienza di Roma. Professore Straordinario di Storia dell\u2019Arte Moderna e Contemporanea, Ordinario di Lingua e Letteratura Italiana. Visiting Professor nell\u2019Accademia di Belle Arti di Brera a Milano, nell\u2019Universit\u00e0 della Slesia e in altre numerose Universit\u00e0 Estere. Docente nell\u2019Executive Master \u201cDiplomatic, Economic and Strategic Perspectives in Global Scenarios\u201d alla School of Management dell\u2019Universit\u00e0 LUM nella Villa Clerici sede del Campus di Milano, Docente nel Master di Fotografia (ARD&amp;NT Institute di Milano &#8211; Accademia di Belle Arti di Brera e Politecnico di Milano) dell\u2019Accademia di Brera e Politecnico di Milano e nel Master Universitario in Management dei Beni Culturali allo Ied di Milano. E&#8217; Consulente Tecnico del Tribunale di Milano per l&#8217;Arte Moderna e Contemporanea. <\/span><\/p>\n<p align=\"justify\"><span style=\"font-family: Cambria, serif;\">E\u2019 stato indicato dal \u201cTimes\u201d fra i dieci critici d\u2019arte pi\u00f9 importanti d\u2019Europa. Giornalista, Critico d\u2019Arte dal 1974 a \u201cIl Giornale\u201d di Indro Montanelli, poi a \u201cLibero\u201d fondato da Vittorio Feltri. Nel 2012 riprende sul quotidiano \u201cIl Giornale\u201d la sua rubrica \u201cScenari dell&#8217;arte\u201d. Ha al suo attivo decine di libri fondamentali e migliaia di pubblicazioni e cataloghi con presentazioni di mostre. Si \u00e8 interessato dei pi\u00f9 importanti artisti del mondo dei quali ne ha curato prestigiosissime mostre. Dal 2001 al 2007 \u00e8 stato Consulente del Ministero per i Beni e le Attivit\u00e0 Culturali. E\u2019 fondatore e direttore del Mimac della Fondazione Don Tonino Bello. Ha vinto per il Giornalismo e la Critica d\u2019Arte il Premio Cortina nel 1994, il Premio Saint Vincent nel 1995, il Premio Bormio nel 1996, il Premio Milano nel 1998, il Premio delle Arti Premio della Cultura nel 2000 (del quale \u00e8 oggi Presidente di Giuria) e il Premio Citt\u00e0 di Tricase nel 2008. Nel 2013 ha vinto il Premio \u201cBerlino\u201d per il Giornalismo e la Critica d&#8217;Arte. Nel 2016 ha vinto a Roma-Sala Vanvitelliana il Premio ARTECOM-onlus per il Giornalismo, la Docenza Universitaria e la Critica d\u2019Arte. Nell\u2019ottobre 2020 gli viene assegnato a Roma nella Biblioteca Vallicelliana il Premio Artecom-onlus come Protagonista della Cultura 2020. Con preghiera di pubblicazione<\/span><\/p>\n<p align=\"justify\">Link: <a href=\"http:\/\/www.ecoitaliano.com.ar\/wp-content\/uploads\/2021\/05\/SERAFINI-INVITO-FRONTE-A5.pdf\">SERAFINI-INVITO-FRONTE-A5<\/a><\/p>\n","protected":false},"excerpt":{"rendered":"<p>&nbsp; &nbsp; &nbsp; 20 maggio 2021 IL 29 MAGGIO A FIRENZE APRE \u201cESTIVA\u201d, MOSTRA DELL\u2019ARTISTA EUGENIA SERAFINI L\u2019esposizione, a cura [&hellip;]<\/p>\n","protected":false},"author":1,"featured_media":0,"comment_status":"open","ping_status":"open","sticky":false,"template":"","format":"standard","meta":{"footnotes":""},"categories":[4,10],"tags":[],"class_list":["post-14995","post","type-post","status-publish","format-standard","hentry","category-cultura","category-italiano"],"_links":{"self":[{"href":"https:\/\/www.ecoitaliano.com.ar\/index.php?rest_route=\/wp\/v2\/posts\/14995","targetHints":{"allow":["GET"]}}],"collection":[{"href":"https:\/\/www.ecoitaliano.com.ar\/index.php?rest_route=\/wp\/v2\/posts"}],"about":[{"href":"https:\/\/www.ecoitaliano.com.ar\/index.php?rest_route=\/wp\/v2\/types\/post"}],"author":[{"embeddable":true,"href":"https:\/\/www.ecoitaliano.com.ar\/index.php?rest_route=\/wp\/v2\/users\/1"}],"replies":[{"embeddable":true,"href":"https:\/\/www.ecoitaliano.com.ar\/index.php?rest_route=%2Fwp%2Fv2%2Fcomments&post=14995"}],"version-history":[{"count":0,"href":"https:\/\/www.ecoitaliano.com.ar\/index.php?rest_route=\/wp\/v2\/posts\/14995\/revisions"}],"wp:attachment":[{"href":"https:\/\/www.ecoitaliano.com.ar\/index.php?rest_route=%2Fwp%2Fv2%2Fmedia&parent=14995"}],"wp:term":[{"taxonomy":"category","embeddable":true,"href":"https:\/\/www.ecoitaliano.com.ar\/index.php?rest_route=%2Fwp%2Fv2%2Fcategories&post=14995"},{"taxonomy":"post_tag","embeddable":true,"href":"https:\/\/www.ecoitaliano.com.ar\/index.php?rest_route=%2Fwp%2Fv2%2Ftags&post=14995"}],"curies":[{"name":"wp","href":"https:\/\/api.w.org\/{rel}","templated":true}]}}