{"id":15211,"date":"2021-06-04T20:37:30","date_gmt":"2021-06-04T20:37:30","guid":{"rendered":"http:\/\/www.ecoitaliano.com.ar\/?p=15211"},"modified":"2021-06-04T20:37:30","modified_gmt":"2021-06-04T20:37:30","slug":"premio-segue-vittorio-sordi-promosso-da-artsharing-roma-call-per-artisti-scadenza-6-agosto-2021","status":"publish","type":"post","link":"https:\/\/www.ecoitaliano.com.ar\/?p=15211","title":{"rendered":"Premio \u00ab&#8230;segue. Vittorio Sordi\u00bb promosso da ArtSharing Roma | Call per artisti | Scadenza 6 agosto 2021"},"content":{"rendered":"<p>PREMIO<\/p>\n<p>\u2026segue. Vittorio Sordi<\/p>\n<p>arte \u2013 design autoprodotto \u2013 recupero<\/p>\n<p>Artsharing Roma propone un bando per ricordare il lavoro di Vittorio Sordi. Possono partecipare gli artisti under 50 residenti in Italia che abbiano un comprovato curriculum artistico.<\/p>\n<p>Il vincitore avr\u00e0 la possibilit\u00e0 di organizzare una mostra personale presso la galleria ArtSharing Roma.<\/p>\n<p>Il bando scade il 6 agosto 2021.<\/p>\n<p>Artsharing Roma, in accordo con i familiari dell&#8217;artista, propone un bando per ricordare il lavoro di Vittorio Sordi attraverso la mostra di un artista che affronti la sua stessa poetica. Il concorso si pone come obiettivo principale quello di preservare la memoria dell&#8217;artista, del suo stile e dell&#8217;idea di arte che portava avanti. Molto sensibile a temi etici, sociali e politici, egli li esprimeva attraverso la sua arte in modo a volte provocatorio e di grande impatto. Come dimostra ad esempio la sua ultima performance al MAAM dal titolo \u201cIn her shoes\u201d dedicato al dramma della guerra in Siria, quando coinvolse il pubblico facendogli indossare scarpe vecchie e abbandonate per lasciare le impronte su lunghissimi banner a ricostruire il dramma personale dei profughi in fuga dalla guerra.<\/p>\n<p>&nbsp;<\/p>\n<p><a href=\"http:\/\/www.ecoitaliano.com.ar\/wp-content\/uploads\/2021\/06\/unnamed-1.jpg\"><img decoding=\"async\" class=\"alignnone size-full wp-image-15212\" src=\"http:\/\/www.ecoitaliano.com.ar\/wp-content\/uploads\/2021\/06\/unnamed-1.jpg\" alt=\"\" width=\"640\" height=\"427\" srcset=\"https:\/\/www.ecoitaliano.com.ar\/wp-content\/uploads\/2021\/06\/unnamed-1.jpg 640w, https:\/\/www.ecoitaliano.com.ar\/wp-content\/uploads\/2021\/06\/unnamed-1-300x200.jpg 300w, https:\/\/www.ecoitaliano.com.ar\/wp-content\/uploads\/2021\/06\/unnamed-1-150x100.jpg 150w\" sizes=\"(max-width: 640px) 100vw, 640px\" \/><\/a><\/p>\n<p>Artista che dimostra gi\u00e0 da giovanissimo una predisposizione verso l\u2019arte partecipando a mostre collettive e personali, il suo stile si rifaceva in particolare al ready made e il dadaismo da una parte e la pop art dall&#8217;altra, stili artistici irriverenti e graffianti come sapeva essere anche la sua arte. Il suo interesse spaziava dall\u2019arte alla scultura, dall\u2019architettura al design autoprodotto che lui fondeva utilizzando molto spesso materiali di scarto che trasformava e rielaborava donando loro nuova vita. Dimostrando anche in questo caso un&#8217;attenzione etica e sociale verso il pianeta. Le sue opere pi\u00f9 importanti e il suo modo di lavorare sono riassunte in un breve video che si pu\u00f2 trovare al link https:\/\/www.youtube.com\/watch?v=_IVyp66Umpc&amp;t=29s.<\/p>\n<p>Il bando si rivolge dunque ad un artista che sia in grado di portare avanti, non solo l\u2019arte e lo stile di Vittorio Sordi, ma anche la sua visione del mondo, l&#8217;impegno sociale, etico e politico. Dato che l\u2019artista avrebbe compiuto 50 anni di carriera, il bando \u00e8 aperto ad artisti under 50 residenti in Italia che abbiano un comprovato curriculum artistico. Il vincitore avr\u00e0 la possibilit\u00e0 di organizzare una mostra personale presso la galleria ArtSharing Roma (entro giugno 2022) dove potr\u00e0 mettere in luce le sue potenzialit\u00e0 e dimostrare il suo legame con l&#8217;arte di Sordi. La galleria metter\u00e0 a disposizione tutto il necessario per l&#8217;organizzazione e la promozione dell&#8217;evento. A carico dell&#8217;artista selezionato saranno invece le spese di realizzazione e di trasporto delle opere, cos\u00ec come eventuali spese di viaggio e soggiorno.<\/p>\n<p>Il nome del vincitore sar\u00e0 comunicato entro 30 giorni dalla chiusura del bando e la sua proclamazione avverr\u00e0 ufficialmente il 16 settembre in occasione dell&#8217;apertura della mostra dedicata a Vittorio Sordi (fermo restando eventuali disposizioni governative riguardanti l&#8217;emergenza sanitaria in corso).<\/p>\n<p>All\u2019interno del bando si potranno trovare dettagliate informazioni per la corretta modalit\u00e0 di adesione e di invio delle opere. Il bando scade il 6 agosto 2021.<\/p>\n<p>INFORMAZIONI UTILI<\/p>\n<p>Premio &#8230;segue. Vittorio Sordi<\/p>\n<p>Organizzato da: Artsharing Roma<\/p>\n<p>Scadenza: 6 Agosto 2021<\/p>\n<p>Bando integrale:<\/p>\n<p>https:\/\/www.artsharingroma.it\/news\/147-presentazione-premio-segue-vittorio-sordi-domenica-22-novembre-ore-17-30<\/p>\n<p>CONTATTI:<\/p>\n<p>Telefono: 338-9409180<\/p>\n<p>E-mail: artsharing.roma@gmail.com<\/p>\n<p>Facebook: ArtSharing Roma<\/p>\n","protected":false},"excerpt":{"rendered":"<p>PREMIO \u2026segue. Vittorio Sordi arte \u2013 design autoprodotto \u2013 recupero Artsharing Roma propone un bando per ricordare il lavoro di [&hellip;]<\/p>\n","protected":false},"author":1,"featured_media":0,"comment_status":"open","ping_status":"open","sticky":false,"template":"","format":"standard","meta":{"footnotes":""},"categories":[4,10],"tags":[],"class_list":["post-15211","post","type-post","status-publish","format-standard","hentry","category-cultura","category-italiano"],"_links":{"self":[{"href":"https:\/\/www.ecoitaliano.com.ar\/index.php?rest_route=\/wp\/v2\/posts\/15211","targetHints":{"allow":["GET"]}}],"collection":[{"href":"https:\/\/www.ecoitaliano.com.ar\/index.php?rest_route=\/wp\/v2\/posts"}],"about":[{"href":"https:\/\/www.ecoitaliano.com.ar\/index.php?rest_route=\/wp\/v2\/types\/post"}],"author":[{"embeddable":true,"href":"https:\/\/www.ecoitaliano.com.ar\/index.php?rest_route=\/wp\/v2\/users\/1"}],"replies":[{"embeddable":true,"href":"https:\/\/www.ecoitaliano.com.ar\/index.php?rest_route=%2Fwp%2Fv2%2Fcomments&post=15211"}],"version-history":[{"count":0,"href":"https:\/\/www.ecoitaliano.com.ar\/index.php?rest_route=\/wp\/v2\/posts\/15211\/revisions"}],"wp:attachment":[{"href":"https:\/\/www.ecoitaliano.com.ar\/index.php?rest_route=%2Fwp%2Fv2%2Fmedia&parent=15211"}],"wp:term":[{"taxonomy":"category","embeddable":true,"href":"https:\/\/www.ecoitaliano.com.ar\/index.php?rest_route=%2Fwp%2Fv2%2Fcategories&post=15211"},{"taxonomy":"post_tag","embeddable":true,"href":"https:\/\/www.ecoitaliano.com.ar\/index.php?rest_route=%2Fwp%2Fv2%2Ftags&post=15211"}],"curies":[{"name":"wp","href":"https:\/\/api.w.org\/{rel}","templated":true}]}}