{"id":1545,"date":"2017-05-18T21:19:16","date_gmt":"2017-05-18T21:19:16","guid":{"rendered":"http:\/\/www.ecoitaliano.com.ar\/?p=1545"},"modified":"2021-01-08T18:32:52","modified_gmt":"2021-01-08T18:32:52","slug":"canzoni-buone-come-il-pane-presenta-el-lanzamiento-mundial-del-nuevo-single-del-cantante-italiano-marco-nodari-solo-pido-verdad","status":"publish","type":"post","link":"https:\/\/www.ecoitaliano.com.ar\/?p=1545","title":{"rendered":"Canzoni Buone Come il Pane presenta el lanzamiento mundial del nuevo single del cantante italiano Marco Nodari \u201c Solo Pido Verdad \u201d"},"content":{"rendered":"<p>&nbsp;<\/p>\n<p><a href=\"http:\/\/www.ecoitaliano.com.ar\/wp-content\/uploads\/2017\/05\/SoloPidoVerdad-TAPA.jpg\"><img decoding=\"async\" class=\"alignnone size-full wp-image-1546\" src=\"http:\/\/www.ecoitaliano.com.ar\/wp-content\/uploads\/2017\/05\/SoloPidoVerdad-TAPA.jpg\" alt=\"SoloPidoVerdad TAPA\" width=\"4568\" height=\"3840\" srcset=\"https:\/\/www.ecoitaliano.com.ar\/wp-content\/uploads\/2017\/05\/SoloPidoVerdad-TAPA.jpg 4568w, https:\/\/www.ecoitaliano.com.ar\/wp-content\/uploads\/2017\/05\/SoloPidoVerdad-TAPA-300x252.jpg 300w, https:\/\/www.ecoitaliano.com.ar\/wp-content\/uploads\/2017\/05\/SoloPidoVerdad-TAPA-768x646.jpg 768w, https:\/\/www.ecoitaliano.com.ar\/wp-content\/uploads\/2017\/05\/SoloPidoVerdad-TAPA-1024x861.jpg 1024w, https:\/\/www.ecoitaliano.com.ar\/wp-content\/uploads\/2017\/05\/SoloPidoVerdad-TAPA-624x525.jpg 624w\" sizes=\"(max-width: 4568px) 100vw, 4568px\" \/><\/a><\/p>\n<p lang=\"it-IT\" align=\"center\"><span style=\"font-size: medium;\"><b>Comunicado de Prensa<\/b><\/span><\/p>\n<p class=\"western\" lang=\"it-IT\" align=\"center\"><span style=\"font-size: medium;\"><b>Canzoni Buone Come il Pane presenta el lanzamiento mundial del nuevo single del cantante italiano Marco Nodari \u201c<\/b><\/span><span style=\"color: #474747;\"><span style=\"font-family: 'Lucida Grande';\"><span style=\"font-size: medium;\"><b>S\u00f3lo Pido Verdad\u201d<\/b><\/span><\/span><\/span><\/p>\n<p lang=\"it-IT\" align=\"center\"><span style=\"font-size: medium;\"><b>Video: <\/b><\/span><span style=\"color: #474747;\"><span style=\"font-family: 'Lucida Grande';\"><span style=\"font-size: medium;\"><b>Solo Pido Verdad<\/b><\/span><\/span><\/span><\/p>\n<p lang=\"it-IT\"><span style=\"font-size: medium;\"><b>https:\/\/www.youtube.com\/watch?v=aHrOGflrsAI&amp;feature=youtu.be<\/b><\/span><\/p>\n<p lang=\"it-IT\"><u><a href=\"https:\/\/play.spotify.com\/album\/7cph1Lv3BvmFhx0V9o65qJ\"><span style=\"font-size: medium;\"><b>https:\/\/play.spotify.com\/album\/7cph1Lv3BvmFhx0V9o65qJ<\/b><\/span><\/a><\/u><span style=\"font-size: medium;\"><b> Temas en Spotify<\/b><\/span><\/p>\n<p lang=\"it-IT\"><span style=\"font-family: Times;\"><span style=\"font-size: medium;\">Canal Youtube:<\/span> <u><span style=\"color: #1155cc;\"><span style=\"font-family: Arial, sans-serif;\"><a href=\"https:\/\/www.youtube.com\/channel\/UCKLmW9vQpB_Ah5fd9qp7YEw\/videos\" target=\"_blank\" rel=\"noopener\">https:\/\/www.youtube.com\/channel\/UCKLmW9vQpB_Ah5fd9qp7YEw\/videos<\/a>\u00a0<\/span><\/span><\/u><\/span><\/p>\n<p>Twitter: @marconodari<\/p>\n<p lang=\"it-IT\"><span style=\"font-size: medium;\"><b>Por informaciones y shows: gpnoda@gmail.com<\/b><\/span><\/p>\n<p>&nbsp;<\/p>\n<p><iframe loading=\"lazy\" title=\"Solo pido Verdad - Marco Nodari\" width=\"500\" height=\"281\" src=\"https:\/\/www.youtube.com\/embed\/aHrOGflrsAI?feature=oembed\" frameborder=\"0\" allow=\"accelerometer; autoplay; clipboard-write; encrypted-media; gyroscope; picture-in-picture; web-share\" referrerpolicy=\"strict-origin-when-cross-origin\" allowfullscreen><\/iframe><\/p>\n<p lang=\"it-IT\" align=\"justify\"><span style=\"font-size: x-large;\">Marco Nodari, la nueva Voz de Italia<\/span><\/p>\n<p lang=\"it-IT\" align=\"justify\"><span style=\"font-size: medium;\">La pasi\u00f3n por la m\u00fasica de Marco Nodari comienza a los 6 a\u00f1os con el estudio de la guitarra y posteriormente del piano. En estos a\u00f1os nacen los ensayos de construcci\u00f3n y composici\u00f3n de sus primeras canciones. A la edad de quince a\u00f1os comienza a tocar en los primeros grupos realizando conciertos en la provincia de Mantua y en varias regiones de Italia como m\u00fasico y compositor. <\/span><\/p>\n<p lang=\"it-IT\" align=\"justify\"><span style=\"font-size: medium;\">A los veinte a\u00f1os, es seleccionado en la prestigiosa escuela CET fundada por Mogol (el m\u00e1s importante letrista de Italia) y posteriormente aceptado en el curso de composici\u00f3n. Egresado con brillantes resultados, se le propone permanecer en la escuela como asistente de los cursos y de varios profesores: Mango, Lucio Dalla, Cheope (autor de la cantante Laura Pausini) Stelvio Cipriani para la m\u00fasica de cine, Ornella Vanoni, Gianni Bella, Mario Lavezzi y muchos otros. <\/span><\/p>\n<p lang=\"it-IT\" align=\"justify\"><span style=\"font-size: medium;\">Mientras tanto, con Mogol se instaura una relaci\u00f3n de confianza profesional cada vez m\u00e1s fuerte; Marco participa con el maestro en muchos eventos nacionales como m\u00fasico, artista y compositor, presentando los grandes \u00e9xitos de Mogol y las propias canciones. <\/span><\/p>\n<p lang=\"it-IT\" align=\"justify\"><span style=\"font-size: medium;\">Canta en los partidos de la \u201cNazionale Cantanti\u201d, participa en los programas de televisi\u00f3n RAI &#8211; Mediaset (en la sonorizaci\u00f3n de algunos famosos programas como \u201cUlises\u201d de Alberto y Piero Angela y otros de tipo documental) y realiza conciertos con artistas como Mango, Umberto Tozzi, Marco Masini, entre otros. <\/span><\/p>\n<p lang=\"it-IT\" align=\"justify\"><span style=\"font-size: medium;\">Despu\u00e9s de la experiencia de 8 a\u00f1os al lado de Mogol emprende el camino como productor de otros proyectos musicales: m\u00fasica para teatro, comerciales, m\u00fasica dance para el mercado extranjero, producci\u00f3n de discos para otros artistas, adem\u00e1s de madurar su experiencia como compositor y artista. De ah\u00ed nace la idea de realizar su propio sello discogr\u00e1fico independiente: Discogr\u00e1fica y Editorial \u201cCanzoni Buone Come il Pane\u201d que se ocupa de la producci\u00f3n y distribuci\u00f3n de m\u00fasica <\/span><span style=\"font-size: medium;\"><i>on line<\/i><\/span><span style=\"font-size: medium;\"> en todo el mundo. <\/span><\/p>\n<p lang=\"it-IT\" align=\"justify\"><span style=\"font-size: medium;\">El sello \u201cCanzoni Buone Come il Pane\u201d ha producido el primer \u00e1lbum de Marco Nodari, <\/span><span style=\"font-size: medium;\"><i>Buonasera<\/i><\/span> <span style=\"font-size: medium;\"><i>Signorina <\/i><\/span><span style=\"font-size: medium;\">(editado en la Argentina por De Angel Feg y distribuido por Sony Music) un proyecto realizado e ideado por el mismo Nodari en colaboraci\u00f3n con Bob Benozzo, destacado productor en el \u00e1mbito internacional nominado varias veces a los Grammy Awards de m\u00fasica latina y Cesare Chiodo, bajista y productor de Laura Pausini, Mina y Celentano. <\/span><\/p>\n<p lang=\"it-IT\" align=\"justify\"><span style=\"font-size: medium;\"><i>Buonasera Signorina<\/i><\/span><span style=\"font-size: medium;\"> ve, finalmente, como protag\u00f3nico la madurez art\u00edstica y musical de Nodari. <\/span><span style=\"color: #101010;\"><span style=\"font-size: medium;\">Canciones que desembocan en una fusi\u00f3n \u00fanica y original entre baladas y versiones de cl\u00e1sicos de la m\u00fasica italiana. A la comunidad italiana en el mundo, de hecho, est\u00e1 dedicado este proyecto, que incluye algunos covers de cl\u00e1sicos italianos, canciones en espa\u00f1ol y canciones in\u00e9ditas del autor.<\/span><\/span><\/p>\n<p lang=\"it-IT\" align=\"justify\"><span style=\"font-size: medium;\">\u00abBella Italiana\u00bb, tema que forma parte del disco, fu\u00e9 elegido por varios sitios web en Estados Unidos (ciaoamerica.net &amp; others) para convertirse en la banda sonora oficial de Miss Italia Am\u00e9rica y, en America Latina, de Miss Italia Uruguay.<\/span><\/p>\n<p lang=\"it-IT\" align=\"justify\"><span style=\"font-size: medium;\">El primer single de difusi\u00f3n \u201cHistoria de una Historia\u201d fu\u00e9 una de las canciones mas escuchadas en importantes radios latinoamericanas.<\/span><\/p>\n<p lang=\"it-IT\" align=\"justify\"><span style=\"font-size: large;\"><b> MARCO NODARI <\/b><\/span><\/p>\n<p lang=\"it-IT\" align=\"justify\"><b> <\/b><span style=\"color: #000000;\"><span style=\"font-size: small;\"><b>presenta <\/b><\/span><\/span><span style=\"color: #000000;\"><span style=\"font-size: x-large;\"><b>Una Ma\u00f1ana Especial<\/b><\/span><\/span><\/p>\n<p lang=\"it-IT\" align=\"justify\"><span style=\"color: #000000;\"><span style=\"font-size: medium;\">El nuevo trabajo discografico del cantante italiano Marco Nodari cuenta con temas que bi<\/span><\/span><span style=\"color: #000000;\"><span style=\"font-size: medium;\"><span lang=\"es-ES\">e<\/span><\/span><\/span><span style=\"color: #000000;\"><span style=\"font-size: medium;\">n representan las m\u00faltiples facetas musicales de este extraordinario artista <\/span><\/span><span style=\"color: #000000;\"><span style=\"font-size: medium;\"><span lang=\"es-ES\">polifac\u00e9tico<\/span><\/span><\/span><span style=\"color: #000000;\"><span style=\"font-size: medium;\">, que enamora con sus baladas rom\u00e1nticas y hace bailar con sus temas movidizos y alegres.<\/span><\/span><\/p>\n<p lang=\"it-IT\" align=\"justify\"><span style=\"color: #000000;\"><span style=\"font-size: medium;\">El disco contiene canciones pop, pop-rock, hay un reagge y un homenaje a la Argentina, <\/span><\/span><span style=\"color: #000000;\"><span style=\"font-size: medium;\"><span lang=\"es-ES\">p<\/span><\/span><\/span><span style=\"color: #000000;\"><span style=\"font-size: medium;\">a<\/span><\/span><span style=\"color: #424242;\"><span style=\"font-size: medium;\">\u00ed<\/span><\/span><span style=\"color: #000000;\"><span style=\"font-size: medium;\">s<\/span><\/span> <span style=\"color: #000000;\"><span style=\"font-size: medium;\">que abri\u00f3 sus puertas a este cantante que supo ganarse el cari\u00f1o y la estima del p\u00fablico<\/span><\/span> <span style=\"color: #000000;\"><span style=\"font-size: medium;\">argentino.<\/span><\/span><\/p>\n<p lang=\"it-IT\" align=\"justify\"><span style=\"color: #000000;\"><span style=\"font-size: medium;\">El primer corte de difusi\u00f3n \u00abUna ma\u00f1ana especial\u00bb, que le da nombre al \u00e1lbum (online a partir de noviembre 2014), es un tema divertido y pegadizo en linea con \u00abLa Redonda\u00bb, canci\u00f3n dedicada a la nacional de <\/span><\/span><span style=\"color: #000000;\"><span style=\"font-size: medium;\"><span lang=\"es-ES\">f\u00fatbol <\/span><\/span><\/span><span style=\"color: #000000;\"><span style=\"font-size: medium;\">argentina que son\u00f3 en much<\/span><\/span><span style=\"color: #424242;\"><span style=\"font-size: medium;\">\u00ed<\/span><\/span><span style=\"color: #000000;\"><span style=\"font-size: medium;\">simas radios del pa<\/span><\/span><span style=\"color: #424242;\"><span style=\"font-size: medium;\">\u00ed<\/span><\/span><span style=\"color: #000000;\"><span style=\"font-size: medium;\">s<\/span><\/span> <span style=\"color: #000000;\"><span style=\"font-size: medium;\">durante el Mundial 2014 y fu\u00e9 cortina de varios programas deportivos. <\/span><\/span><\/p>\n<p lang=\"it-IT\" align=\"justify\"><span style=\"color: #000000;\"><span style=\"font-size: medium;\">El video se rod<\/span><\/span><span style=\"color: #000000;\"><span style=\"font-size: medium;\"><span lang=\"es-ES\">\u00f3<\/span><\/span><\/span><span style=\"color: #000000;\"><span style=\"font-size: medium;\"> en Roma y alrededores y cuenta con la participaci\u00f3n de la actriz italiana Eleonora Albrecht. Romper la r<\/span><\/span><span style=\"color: #000000;\"><span style=\"font-size: medium;\"><span lang=\"es-ES\">utina<\/span><\/span><\/span><span style=\"color: #000000;\"><span style=\"font-size: medium;\"> de lo cotidiano para regalar a la mujer amada una ma\u00f1ana especial, este <\/span><\/span> <span style=\"color: #000000;\"><span style=\"font-size: medium;\">el sue\u00f1o de muchos en las palabras de Nodari, que quiere ofrecer, con su m\u00fasica, un momento especial a todo su querido p\u00fablico.<\/span><\/span><\/p>\n<p lang=\"it-IT\" align=\"justify\"><span style=\"color: #000000;\"><span style=\"font-size: medium;\">Los m\u00fasicos que contribuyeron a la realizaci\u00f3n del \u00e1lbum son amigos de Nodari e importantes figuras a nivel nacional e internacional: Cesare Chiodo (bajista, productor y autor de Laura Pausini, Adriano Celentano, Mina y otros); Valter Vincenti (guitarra), Giulio Proietti (bateria) e Sandro Rosati (bajo) colaboran con Nodari desde hace a\u00f1os en distintos proyectos musicales y tocan con importantes cantantes italianos<\/span><\/span><span style=\"color: #000000;\"><span style=\"font-size: medium;\"><span lang=\"es-ES\"> como Umberto Tozzi, Ornella Vanoni, Loredana Bert\u00e8 etc.<\/span><\/span><\/span><span style=\"color: #000000;\"><span style=\"font-size: medium;\">; Andrea \u00abCucchia\u00bb Innesto (en los temas \u00abS\u00e9\u00bb y \u00abBella mia\u00bb) es uno de los mejores saxofonista<\/span><\/span> <span style=\"color: #000000;\"><span style=\"font-size: medium;\">de la m\u00fasica italiana y m\u00fasico historico del <\/span><\/span><span style=\"color: #424242;\"><span style=\"font-size: medium;\">\u00ed<\/span><\/span><span style=\"color: #000000;\"><span style=\"font-size: medium;\">cono del rock italiano, Vasco Rossi.<\/span><\/span><\/p>\n<p lang=\"it-IT\" align=\"justify\"><span style=\"color: #000000;\"><span style=\"font-size: medium;\">La grabaci\u00f3n, el mixaje y el mastering han sido realizados en el Mulino Recording Studio con el <\/span><\/span><span style=\"color: #000000;\"><span style=\"font-size: medium;\"><span lang=\"es-ES\">reconocido <\/span><\/span><\/span><span style=\"color: #000000;\"><span style=\"font-size: medium;\">ingeniero de sonido Francesco Luzzi que trabaj\u00f3 con figuras internacionales como Sergio Dalma, Laura Pausini, Eros Ramazzotti, Toquinho, Sin Banderas, entre otros. <\/span><\/span><\/p>\n<p lang=\"it-IT\" align=\"justify\"><span style=\"color: #000000;\"><span style=\"font-size: medium;\">Otros temas presentes del disco han sido masterizados en los famosos estudios Abbey Road de Londres.El sound del \u00e1lbum refleja por lo tanto, no s\u00f3lo lo mejor de la cultura musical italiana sino tiene el <\/span><\/span><span style=\"color: #000000;\"><span style=\"font-size: medium;\"><span lang=\"es-ES\">aire <\/span><\/span><\/span><span style=\"color: #000000;\"><span style=\"font-size: medium;\">interacional que pone a Marco Nodari entre los grandes artistas de la m\u00fasica mundial.<\/span><\/span><\/p>\n<p lang=\"it-IT\" align=\"justify\"><span style=\"color: #000000;\"><span style=\"font-size: medium;\"><b>En la actualidad el<\/b><\/span><\/span><b> <\/b><span style=\"color: #000000;\"><span style=\"font-size: medium;\"><b>corte de difusi\u00f3n \u201cUna ma\u00f1ana especial\u00bb es cortina de mas de 90 programas de radio en la Argentina y en otros pa\u00edses de latinoamerica y Estados Unidos. El tema es cortina tambi\u00e9n del programa de Mario Pereyra \u201cJuntos\u201d en Cadena 3 de Cordoba. Otros temas del album est\u00e1n en programaci\u00f3n en otras importantes radios nacionales como La100, Radio Continental, etc.<\/b><\/span><\/span><\/p>\n<p lang=\"it-IT\" align=\"justify\"><span style=\"font-size: medium;\">http:\/\/www.cadena3.com\/contenido\/2015\/06\/26\/Cadena-3-tuvo-una-manana-especial-con-Marco-Nodari-147659.asp<\/span><\/p>\n<p lang=\"it-IT\"><span style=\"color: #000000;\"><span style=\"font-size: medium;\"><i>\u00abMarco Nodari, el m\u00fasico que le pone el coraz\u00f3n a su segunda patria\u00bb<\/i><\/span><\/span><span style=\"color: #000000;\"><span style=\"font-size: medium;\"> FOX SPORT<\/span><\/span><\/p>\n<p lang=\"it-IT\"><span style=\"color: #000000;\"><span style=\"font-size: medium;\"><i>\u00ab<\/i><\/span><\/span><span style=\"color: #000000;\"><span style=\"font-size: medium;\"><span lang=\"es-ES\"><i>Nodari, una m<\/i><\/span><\/span><\/span><span style=\"color: #000000;\"><span style=\"font-size: medium;\"><i>\u00fasica con sabor genuinamente italiano\u00bb<\/i><\/span><\/span><span style=\"color: #000000;\"><span style=\"font-size: medium;\"> EL DIARIO de Santa F\u00e9<\/span><\/span><\/p>\n<p lang=\"it-IT\"><span style=\"color: #000000;\"><span style=\"font-size: medium;\"><i>\u00abLa elegancia de su voz, el sonido y los arreglos destacan la madurez art\u00edstica y musical de Nodari\u00bb <\/i><\/span><\/span><span style=\"color: #000000;\"><span style=\"font-size: medium;\"> LA CUERDA PLANETARIA<\/span><\/span><\/p>\n<p lang=\"it-IT\"><span style=\"color: #000000;\"><span style=\"font-size: medium;\"><i>\u00abMarco Nodari, un artista con un tinte \u00fanico\u00bb<\/i><\/span><\/span><span style=\"color: #000000;\"><span style=\"font-size: medium;\"> PLANETA Santa F\u00e9<\/span><\/span><\/p>\n<p lang=\"it-IT\"><span style=\"color: #000000;\"><span style=\"font-size: medium;\"><i>\u00abEl cantante Marco Nodari, una figura de marcada ascendencia en la musica<\/i><\/span><\/span><span style=\"color: #000000;\"><span style=\"font-size: medium;\">\u00bb Diario CRONICA<\/span><\/span><\/p>\n<p lang=\"it-IT\"><span style=\"color: #000000;\"><span style=\"font-size: medium;\"><i>\u00abEl cantante italiano suena fuerte con su hit mundialista\u00bb <\/i><\/span><\/span><span style=\"color: #000000;\"><span style=\"font-size: medium;\">Diario POPULAR<\/span><\/span><\/p>\n<p lang=\"it-IT\"><u><a href=\"https:\/\/play.spotify.com\/album\/7cph1Lv3BvmFhx0V9o65qJ\"><span style=\"color: #000000;\"><span style=\"font-family: Arial, sans-serif;\"><span style=\"font-size: small;\"><b>https:\/\/play.spotify.com\/album\/7cph1Lv3BvmFhx0V9o65qJ<\/b><\/span><\/span><\/span><\/a><\/u><u><b> <\/b><\/u><\/p>\n<p lang=\"it-IT\"><span style=\"font-size: medium;\">Twitter: @marconodari <\/span><\/p>\n<p lang=\"it-IT\" align=\"justify\"><span style=\"color: #2f353b;\"><span style=\"font-family: Helvetica, sans-serif;\"><span style=\"font-size: medium;\">Por informaci<\/span><\/span><\/span><span style=\"color: #2f353b;\"><span style=\"font-size: medium;\">\u00f3<\/span><\/span><span style=\"color: #2f353b;\"><span style=\"font-family: Helvetica, sans-serif;\"><span style=\"font-size: medium;\">n escribir a:<\/span><\/span><\/span><\/p>\n<p lang=\"it-IT\" align=\"justify\"><span style=\"color: #2f353b;\"><span style=\"font-family: Helvetica, sans-serif;\"><span style=\"font-size: medium;\">gpnoda@gmail.com<\/span><\/span><\/span><\/p>\n<p lang=\"it-IT\" align=\"justify\"><u><a href=\"https:\/\/www.youtube.com\/watch?v=_2g9nhevwum\"><span style=\"font-family: Helvetica, sans-serif;\">https:\/\/www.youtube.com\/watch?v=_2G9nHeVWUM<\/span><\/a><\/u><\/p>\n","protected":false},"excerpt":{"rendered":"<p>&nbsp; Comunicado de Prensa Canzoni Buone Come il Pane presenta el lanzamiento mundial del nuevo single del cantante italiano Marco [&hellip;]<\/p>\n","protected":false},"author":1,"featured_media":0,"comment_status":"open","ping_status":"open","sticky":false,"template":"","format":"standard","meta":{"footnotes":""},"categories":[33,10],"tags":[],"class_list":["post-1545","post","type-post","status-publish","format-standard","hentry","category-espectaculo","category-italiano"],"_links":{"self":[{"href":"https:\/\/www.ecoitaliano.com.ar\/index.php?rest_route=\/wp\/v2\/posts\/1545","targetHints":{"allow":["GET"]}}],"collection":[{"href":"https:\/\/www.ecoitaliano.com.ar\/index.php?rest_route=\/wp\/v2\/posts"}],"about":[{"href":"https:\/\/www.ecoitaliano.com.ar\/index.php?rest_route=\/wp\/v2\/types\/post"}],"author":[{"embeddable":true,"href":"https:\/\/www.ecoitaliano.com.ar\/index.php?rest_route=\/wp\/v2\/users\/1"}],"replies":[{"embeddable":true,"href":"https:\/\/www.ecoitaliano.com.ar\/index.php?rest_route=%2Fwp%2Fv2%2Fcomments&post=1545"}],"version-history":[{"count":0,"href":"https:\/\/www.ecoitaliano.com.ar\/index.php?rest_route=\/wp\/v2\/posts\/1545\/revisions"}],"wp:attachment":[{"href":"https:\/\/www.ecoitaliano.com.ar\/index.php?rest_route=%2Fwp%2Fv2%2Fmedia&parent=1545"}],"wp:term":[{"taxonomy":"category","embeddable":true,"href":"https:\/\/www.ecoitaliano.com.ar\/index.php?rest_route=%2Fwp%2Fv2%2Fcategories&post=1545"},{"taxonomy":"post_tag","embeddable":true,"href":"https:\/\/www.ecoitaliano.com.ar\/index.php?rest_route=%2Fwp%2Fv2%2Ftags&post=1545"}],"curies":[{"name":"wp","href":"https:\/\/api.w.org\/{rel}","templated":true}]}}