{"id":15721,"date":"2021-06-28T23:50:51","date_gmt":"2021-06-28T23:50:51","guid":{"rendered":"http:\/\/www.ecoitaliano.com.ar\/?p=15721"},"modified":"2021-06-28T23:50:51","modified_gmt":"2021-06-28T23:50:51","slug":"serena-conduce-operaclassica-eco-italiano-824","status":"publish","type":"post","link":"https:\/\/www.ecoitaliano.com.ar\/?p=15721","title":{"rendered":"Serena conduce operaclassica eco italiano."},"content":{"rendered":"<p><strong>ACCADEMIA TRP SI ARRICCHISCE DELLA <\/strong><\/p>\n<p><strong>SCUOLA DI CANTO CORALE PER VOCI BIANCHE<\/strong><\/p>\n<p><strong>DEL TEATRO REGIO DI PARMA<\/strong><\/p>\n<p><strong>Gli allievi della Scuola potranno entrare a far parte<\/strong><\/p>\n<p><strong>del Coro di voci bianche del Teatro Regio di Parma, <\/strong><\/p>\n<p><strong>che si esibir\u00e0 nelle produzioni in cartellone e in concerti dedicati.<\/strong><\/p>\n<p><strong>Direttore della Scuola e Maestro del Coro di voci bianche <\/strong><\/p>\n<p><strong>\u00e8 Massimo Fiocchi Malaspina.<\/strong><\/p>\n<p><strong>Domande di iscrizione entro il 5 settembre 2021<\/strong><\/p>\n<p><strong>Selezioni il 16 settembre 2021<\/strong><\/p>\n<p><strong>Inizio lezioni il 27 settembre 2021<\/strong><\/p>\n<p>&nbsp;<\/p>\n<p>Nell\u2019ambito dell\u2019<strong>Accademia TRP<\/strong>, \u00e8 istituita la <strong>Scuola di canto corale per voci bianche del Teatro Regio di Parma<\/strong>, che dar\u00e0 inizio alla propria attivit\u00e0 nell\u2019<strong>anno formativo 2021\/2022<\/strong><\/p>\n<p>&nbsp;<\/p>\n<p>L\u2019iscrizione \u00e8 aperta a tutti coloro che abbiano un\u2019<strong>et\u00e0 compresa tra i 7 e i 14 anni <\/strong>e che, per quanto riguarda i soli candidati di sesso maschile, non abbiano gi\u00e0 subito la muta della voce. Verranno formati due gruppi di studio: il primo gruppo per i cantori di et\u00e0 fra i 7 e gli 8 anni, il secondo gruppo per i cantori di et\u00e0 fra i 9 e i 14 anni. Il Bando completo \u00e8 disponibile su teatroregioparma.it. Le<strong> richieste di iscrizione <\/strong>potranno essere presentate <strong>entro domenica 5 settembre 2021 <\/strong>all\u2019indirizzo <strong><a href=\"mailto:vocibianche@teatroregioparma.it\">vocibianche@teatroregioparma.it<\/a><\/strong><strong> compilando e inviando via mail l\u2019apposito modulo<\/strong> disponibile su teatroregioparma.it e <strong>allegando il video di un brano vocale cantato dal candidato<\/strong>. Il brano pu\u00f2 essere tratto da qualsiasi repertorio, dalla musica classica alla leggera, da quella popolare a quella sacra, dalle canzoni per cartoni animati alle filastrocche, e pu\u00f2 essere cantato con accompagnamento musicale (anche su base preregistrata) o senza. <strong>Luned\u00ec 13 settembre 2021<\/strong> verr\u00e0 comunicata via mail, ai soli candidati che hanno superato la fase preliminare, <strong>l<\/strong>\u2019<strong>ammissione alla selezione finale<\/strong> che <strong>avr\u00e0 luogo<\/strong>,<strong> in presenza<\/strong>,<strong> al Teatro Regio di Parma il 16 settembre 2021 <\/strong>(in orario che verr\u00e0 successivamente indicato).<\/p>\n<p>&nbsp;<\/p>\n<p>La Scuola di canto corale per voci bianche ha per obiettivo l\u2019educazione musicale delle nuove generazioni, offrendo ai giovani allievi, attraverso i suoi corsi, l\u2019opportunit\u00e0 di sviluppare la sensibilit\u00e0 musicale, l\u2019apprendimento della teoria musicale e l\u2019esercizio della pratica vocale d\u2019insieme.<\/p>\n<p>Il percorso formativo mira inoltre a fornire idonea preparazione per l\u2019eventuale successiva ammissione al <strong>Coro di voci bianche del Teatro Regio di Parma<\/strong>, il cui obiettivo \u00e8 sviluppare le potenzialit\u00e0 espressive e interpretative dei giovani cantori, attraverso lo studio del canto e l\u2019approfondimento della cultura musicale.<\/p>\n<p>&nbsp;<\/p>\n<p>L\u2019ammissione al Coro di voci bianche implica la partecipazione a opere, concerti e manifestazioni organizzate dal Teatro Regio di Parma nell\u2019ambito della Stagione Lirica, del Festival Verdi, di Verdi Off e per conto di istituzioni partner.<\/p>\n<p>&nbsp;<\/p>\n<p><strong>L\u2019anno formativo 2021\/2022 ha inizio il 27 settembre 2021 e termina a fine settembre 2022<\/strong>, salvo proroga per la partecipazione a manifestazioni nell\u2019ambito del Festival Verdi. Si intendono sospese le lezioni nella pausa estiva tra la met\u00e0 di giugno e la fine di agosto. Le attivit\u00e0 didattiche e le prove della Scuola di canto corale per voci bianche e del Coro di voci bianche si svolgono presso la sede del Teatro Regio di Parma e sono programmate con cadenza settimanale, il luned\u00ec, indicativamente tra le ore 17.00 e le 18.00 per il primo gruppo e tra le ore 18.15 e 19.45 per il secondo gruppo. La durata di ogni lezione \u00e8 di 1 ora per il primo gruppo e di 1 ora e 30 minuti per il secondo gruppo. Per esigenze didattiche e\/o di produzione, la Direzione potr\u00e0 disporre variazioni al calendario e\/o all\u2019orario delle lezioni.<\/p>\n<p>&nbsp;<\/p>\n<p>La partecipazione alle selezioni per l\u2019iscrizione alla Scuola \u00e8 gratuita. L\u2019ammissione definitiva alla Scuola di canto corale per voci bianche per l\u2019Anno Formativo 2021- 2022 prevede il versamento di una <strong>quota di frequenza pari a \u20ac 250,00<\/strong> (duecentocinquanta\/00) <strong>per il primo gruppo<\/strong> e di <strong>\u20ac 300,00<\/strong> (trecento\/00) <strong>per il secondo gruppo<\/strong>.<\/p>\n<p>&nbsp;<\/p>\n<p><strong>Direttore della Scuola <\/strong>e <strong>Maestro del Coro di voci bianche del Teatro Regio di Parma <\/strong>\u00e8 <strong>Massimo Fiocchi Malaspina<\/strong> Nato a Novara, ha compiuto gli studi musicali presso il Conservatorio Giuseppe Verdi di Milano dove si \u00e8 diplomato in Musica corale e Direzione di coro, in Composizione e in Pianoforte e presso il Conservatorio di Santa Cecilia di Roma dove ha conseguito il diploma in Direzione d&#8217;orchestra. Si \u00e8 inoltre perfezionato in Direzione d\u2019orchestra all\u2019Accademia musicale pescarese sotto la guida di Donato Renzetti. In qualit\u00e0 di pianista e di direttore si \u00e8 esibito in numerosi teatri e sale da concerto italiane ed estere (Svizzera, Germania, Cina, Giappone, Emirati Arabi) e per la RAI. \u00c8 direttore di diversi cori polifonici e di voci bianche, tra i quali le Voci del Mesma e i Piccoli cantori di San Marco. Collabora con il Teatro Regio di Parma in qualit\u00e0 di Altro maestro del coro e di Direttore musicale di palcoscenico, con Aslico OperaLombardia, Ravenna Festival e Macerata Opera Festival in qualit\u00e0 di Maestro o Altro maestro del coro. \u00c8 invitato regolarmente in Cina a tenere masterclass universitarie sul repertorio lirico italiano. Dal 2011 \u00e8 Maestro di Cappella presso la Basilica di San Marco di Milano dove prepara e dirige anche l\u2019ensemble vocale professionistico. Si occupa degli arrangiamenti corali per il programma televisivo <em>Fratelli di Crozza<\/em>, ha collaborato con il Clan Celentano per l\u2019animazione <em>Adrian<\/em> ed \u00e8 stato il professore di canto corale nel docu-reality <em>Il Collegio 2<\/em> in onda su RAI2 nell\u2019autunno 2017. \u00c8 direttore artistico di Arona Music Academy ed \u00e8 stato docente presso la Scuola del Teatro Musicale STM con sede presso il Teatro Coccia di Novara. Insieme a Lucrezia Drei \u00e8 ideatore e amministratore di OnTheatre.tv, la prima piattaforma on demand interamente dedicata al teatro e sviluppata durante il lockdown della primavera del 2020. Laureato in Filosofia all\u2019Universit\u00e0 di Lugano, affianca all\u2019attivit\u00e0 musicale gli studi medici presso l\u2019Universit\u00e0 degli Studi di Milano. Ha vinto diversi premi in concorsi di musica da camera e corale (in duo con il baritono Niccol\u00f2 Scaccabarozzi e con il coro Le voci del Mesma) e in concorsi letterari.<\/p>\n<p>&nbsp;<\/p>\n<p>Per ulteriori informazioni: Lisabetta Baratella, Serena Castelli tel. 0521 203983 vocibianche@teatroregioparma.it<\/p>\n<p>&nbsp;<\/p>\n<p>&nbsp;<\/p>\n<p>&nbsp;<\/p>\n<p>&nbsp;<\/p>\n<p>&nbsp;<\/p>\n<p>&nbsp;<\/p>\n<p>&nbsp;<\/p>\n<p>&nbsp;<\/p>\n<p>Parma, 24 giugno 2021<\/p>\n<p>&nbsp;<\/p>\n<p>Paolo Maier<\/p>\n<p><em>Responsabile Area Comunicazione, Ufficio Stampa, Progetti speciali<\/em><\/p>\n<p>Teatro Regio di Parma<\/p>\n<p>strada Garibaldi, 16\/A,\u00a0 43121 Parma &#8211; Italia<br \/>\nTel. +39 0521 203969<br \/>\np.maier@teatroregioparma.it<\/p>\n<p>stampa@teatroregioparma.it<\/p>\n<p>www.teatroregioparma.it<\/p>\n<p><strong>SCUOLA DI CANTO CORALE <\/strong><\/p>\n<p><strong>PER VOCI BIANCHE <\/strong><\/p>\n<p><strong>E CORO DI VOCI BIANCHE DEL TEATRO REGIO DI PARMA<\/strong><\/p>\n<p><strong>Bando di selezione per l\u2019Anno Formativo 2021-2022<\/strong><\/p>\n<p><strong>SCUOLA DI CANTO CORALE <\/strong><\/p>\n<p><strong>PER VOCI BIANCHE <\/strong><\/p>\n<p><strong>E CORO DI VOCI BIANCHE<\/strong><\/p>\n<p><strong>DEL TEATRO REGIO DI PARMA<\/strong><\/p>\n<h1>CANDIDATI<\/h1>\n<p>Cantori tra i 7 e i 14 anni <strong>ISCRIZIONI <\/strong>entro il 5 settembre 2021<\/p>\n<h1>SELEZIONI<\/h1>\n<p>16 settembre 2021<\/p>\n<h1>LEZIONI<\/h1>\n<p>27 settembre 2021<\/p>\n<h2>30 settembre 2022<\/h2>\n<p>Il Teatro Regio di Parma dichiara aperte le iscrizioni per l\u2019ammissione di nuovi cantori\u00a0 alla Scuola di canto corale per voci bianche e al Coro di voci bianche del Teatro Regio di Parma per l\u2019anno formativo 2021\/2022.<\/p>\n<h3>1.\u00a0 FINALIT\u00c0<\/h3>\n<h4>1.1. Scuola di canto corale per voci bianche<\/h4>\n<p>La Scuola di canto corale per voci bianche ha per obiettivo l\u2019educazione musicale nelle nuove generazioni attraverso lo sviluppo della sensibilit\u00e0 musicale, l\u2019apprendimento della teoria musicale e l\u2019esercizio della pratica vocale d\u2019insieme.<\/p>\n<p>Il percorso formativo mira inoltre a fornire idonea preparazione per l\u2019eventuale successiva ammissione al Coro di voci bianche del Teatro Regio di Parma.<\/p>\n<h4>1.2.\u00a0 Coro di voci bianche<\/h4>\n<p>Il Coro di voci bianche ha per finalit\u00e0 l\u2019educazione musicale e lo sviluppo delle potenzialit\u00e0 espressive e interpretative dei giovani cantori, attraverso lo studio del canto e l\u2019approfondimento della cultura musicale. L\u2019ammissione al Coro di voci bianche implica la partecipazione a opere, concerti e manifestazioni organizzate dal Teatro Regio nell\u2019ambito della Stagione Lirica, del Festival Verdi, di Verdi OFF e per conto di Istituzioni partner.<\/p>\n<h3>2. REQUISITI DI AMMISSIONE<\/h3>\n<p>L\u2019iscrizione \u00e8 aperta a tutti coloro che abbiano un\u2019et\u00e0 compresa tra i 7 e i 14 anni e che, per quanto riguarda i soli candidati di sesso maschile, non abbiano gi\u00e0 subito la muta della voce. Verranno formati due gruppi di studio: il primo gruppo per i cantori di et\u00e0 fra i 7 e gli 8 anni, il secondo gruppo per i cantori di et\u00e0 fra i 9 e i 14 anni.<\/p>\n<h3>3.\u00a0 DURATA E STRUTTURA DEL PERCORSO FORMATIVO<\/h3>\n<p>L\u2019anno formativo ha inizio il 27 settembre 2021 e termina a fine settembre 2022, salvo proroga per la partecipazione a manifestazioni nell\u2019ambito del Festival Verdi.<\/p>\n<p>Si intendono sospese le lezioni nella pausa estiva tra la met\u00e0 di giugno e la fine di agosto. Le lezioni sono programmate con cadenza settimanale, il luned\u00ec, indicativamente tra le ore 17.00 e le 18.00 per il primo gruppo e tra le ore 18.15 e 19.45 per il secondo gruppo. La durata di ogni lezione \u00e8 di un\u2019ora per il primo gruppo e di un\u2019ora e mezza per il secondo gruppo.<\/p>\n<p>Per esigenze didattiche e\/o di produzione, la Direzione potr\u00e0 disporre variazioni al calendario e\/o all\u2019orario delle lezioni, anche in corso d\u2019anno.<\/p>\n<p>Inoltre, in occasione della preparazione e dell\u2019esecuzione di produzioni lirico-sinfoniche o di concerti, potr\u00e0 essere richiesto un maggior impegno in termini di frequenza.<\/p>\n<h4>3.1. Scuola di canto corale per voci bianche<\/h4>\n<p>L\u2019attivit\u00e0 formativa della Scuola di canto corale per voci bianche prevede l\u2019apprendimento e l\u2019acquisizione di conoscenze di base della teoria e della cultura musicale.<\/p>\n<p>A integrazione della compagine corale, gli allievi potranno essere ammessi al Coro di voci bianche del Teatro Regio di Parma e potranno prendere parte alle attivit\u00e0 di pubblico spettacolo occasionalmente, a insindacabile discrezione del Maestro del Coro di voci bianche.<\/p>\n<h4>3.2. Coro di voci bianche<\/h4>\n<p>Il percorso formativo del Coro di voci bianche prevede lezioni di canto collettive e\/o individuali e partecipazioni a pubblici spettacoli.<\/p>\n<p>L\u2019ammissione di ogni cantore alle attivit\u00e0 di pubblico spettacolo \u00e8 subordinata al conseguimento di specifica idoneit\u00e0 dichiarata dal Maestro del Coro di voci bianche, a suo insindacabile giudizio.<\/p>\n<p>La permanenza nel Coro di voci bianche \u00e8 consentita sino al momento della muta della voce per i cantori di sesso maschile e sino il raggiungimento della maggiore et\u00e0 per i cantori di sesso femminile.<\/p>\n<h3>4.\u00a0 SEDE DELLE ATTIVIT\u00c0 DIDATTICHE<\/h3>\n<p>Le attivit\u00e0 didattiche e le prove della Scuola di canto corale per voci bianche e del Coro di voci bianche si svolgono presso la sede del Teatro Regio di Parma.<\/p>\n<h3>5.\u00a0 VALUTAZIONE PRELIMINARE DELL\u2019IDONEIT\u00c0 E AMMISSIONE<\/h3>\n<p>Ai fini della verifica preliminare dell\u2019idoneit\u00e0 del cantore all\u2019ammissione, i candidati interessati dovranno inviare le <strong>domande di partecipazione<\/strong>, complete della relativa documentazione, tramite e-mail all\u2019indirizzo <strong>vocibianche@teatroregioparma.it<\/strong>, riportando nel messaggio nome e cognome del cantore, entro <strong>domenica 5 settembre 2021<\/strong>. Alla domanda vanno allegati:<\/p>\n<ul>\n<li>l\u2019apposito modulo (pubblicato anche su teatroregioparma.it);<\/li>\n<li>il video di un brano vocale cantato dal candidato. Il brano pu\u00f2 essere tratto da qualsiasi repertorio, dalla musica classica alla leggera, da quella popolare a quella sacra, dalle canzoni per cartoni animati alle filastrocche, e pu\u00f2 essere cantato con accompagnamento musicale (anche su base preregistrata) o senza.<\/li>\n<\/ul>\n<p>A seguito della positiva valutazione del video, il candidato sar\u00e0 ammesso a sostenere una <strong>audizione di selezione<\/strong> presso il Teatro Regio di Parma, <strong>gioved\u00ec 16 settembre 2021<\/strong>, in orario che verr\u00e0 successivamente comunicato, a conclusione del quale, salvo esito negativo, verr\u00e0 confermata l\u2019ammissione alla Scuola di canto corale per voci bianche. L\u2019ammissione alla selezione verr\u00e0 comunicata entro luned\u00ec 13 Settembre 2021.<\/p>\n<p>L\u2019iscrizione \u00e8 subordinata all\u2019accettazione e alla sottoscrizione del Regolamento interno da parte di entrambi i genitori\/tutori titolari della potest\u00e0 genitoriale, nonch\u00e9 alla presentazione della documentazione prevista.<\/p>\n<h3>6.\u00a0 PARTECIPAZIONI A SPETTACOLI E CONCERTI<\/h3>\n<p>L\u2019adesione al Coro di voci bianche comporta l\u2019obbligo di partecipare a opere, concerti e manifestazioni che il Teatro Regio o il Festival Verdi o Verdi OFF organizzeranno sia in sede che fuori sede, nell\u2019ambito del territorio regionale, nazionale o all\u2019estero.<\/p>\n<p>La partecipazione dei giovani cantori alle attivit\u00e0 di pubblico spettacolo, su insindacabile giudizio del Maestro del Coro di voci bianche, \u00e8 da intendersi parte integrante del percorso formativo e, come tale, non \u00e8 oggetto di remunerazione.<\/p>\n<h3>7.\u00a0 QUOTA DI ISCRIZIONE E FREQUENZA<\/h3>\n<p>L\u2019iscrizione all\u2019audizione \u00e8 gratuita.<\/p>\n<p>L\u2019ammissione definitiva alla Scuola di canto corale per voci bianche per l\u2019Anno Formativo 20212022 prevede il versamento di una quota di frequenza pari a <strong>\u20ac<\/strong> 250,00 (duecentocinquanta\/00), Iva inclusa, per il primo gruppo e di <strong>\u20ac<\/strong> 300,00 (trecento\/00), Iva inclusa, per il secondo gruppo.<\/p>\n<p>ll pagamento potr\u00e0 essere effettuato entro il 20 ottobre 2021 tramite versamento sul conto corrente del Teatro Regio di Parma:<\/p>\n<p>Banca: Cariparma<\/p>\n<p>IBAN: IT24J0623012700000036129650<\/p>\n<h3>8.\u00a0 TRATTAMENTO DEI DATI PERSONALI<\/h3>\n<p>Ai sensi del D. Lgs. 196\/2003 e del Reg. UE 679\/2016 artt. 13-14, i dati personali di candidati, genitori e titolari della patria potest\u00e0 verranno raccolti e trattati, anche con strumenti informatici, per le finalit\u00e0 cui all\u2019informativa riportata nel documento d\u2019iscrizione.<\/p>\n<h3>INFORMAZIONI<\/h3>\n<p>Lisabetta Baratella e Serena Castelli Tel. 0521\/203983 vocibianche@teatroregioparma.it www.teatroregioparma.it<\/p>\n<p>Parma, 28 giugno 2021<\/p>\n<p>Spettabile<\/p>\n<p>Direzione Generale<\/p>\n<p>Teatro Regio<\/p>\n<p>Strada Garibaldi 16\/A<\/p>\n<p>43121 PARMA<\/p>\n<p>Oggetto: Domanda di iscrizione alle <strong>selezioni per l\u2019ammissione <\/strong>alla Scuola di canto corale per voci bianche del Teatro Regio di Parma &#8211; Anno Formativo 2021-2022<\/p>\n<p>I sottoscritti:<\/p>\n<p>________________________________________________ nat__ a _______________________ (____) il _____________________________ C.F. _________________________________________________ tel ________________________________ mail _____________________________________________<\/p>\n<p>________________________________________________ nat__a _______________________ (____) il _____________________________ C.F. _________________________________________________ tel ________________________________ mail _____________________________________________ chiedono l\u2019iscrizione del proprio figlio\/a<\/p>\n<p>________________________________________________ nat__ a _______________________ (____) il _____________________________ C.F. _________________________________________________<\/p>\n<p>alle selezioni per l\u2019ammissione alla Scuola di canto corale per voci bianche del Teatro Regio di Parma per l\u2019Anno Formativo 2021-2022.<\/p>\n<p>A tal fine, i sottoscritti dichiarano:<\/p>\n<ul>\n<li>ai sensi degli artt. 46 e 47 del D.P.R. 445\/2000 e consapevoli delle sanzioni penali richiamate all\u2019art.76 del medesimo Decreto in caso di dichiarazioni mendaci, che i dati sopra riportati sono veritieri;<\/li>\n<li>di comunicare tempestivamente alla Direzione del Teatro Regio di Parma, con sede legale e operativa in Strada Garibaldi 16\/A \u2013 43121 Parma, qualsiasi variazione alle dichiarazioni rese col presente modulo.<\/li>\n<\/ul>\n<p>__________________________________________ Luogo e data<\/p>\n<p>____________________________________\u00a0\u00a0\u00a0\u00a0\u00a0\u00a0\u00a0\u00a0\u00a0\u00a0 ____________________________________<\/p>\n<p>(firma genitore 1)\u00a0\u00a0\u00a0\u00a0\u00a0\u00a0\u00a0\u00a0\u00a0\u00a0\u00a0\u00a0\u00a0\u00a0\u00a0\u00a0\u00a0\u00a0\u00a0\u00a0\u00a0\u00a0\u00a0\u00a0\u00a0\u00a0\u00a0\u00a0\u00a0\u00a0\u00a0\u00a0\u00a0\u00a0\u00a0\u00a0\u00a0\u00a0\u00a0\u00a0\u00a0\u00a0\u00a0\u00a0\u00a0\u00a0\u00a0\u00a0\u00a0\u00a0\u00a0\u00a0\u00a0\u00a0\u00a0\u00a0\u00a0\u00a0\u00a0\u00a0\u00a0\u00a0\u00a0\u00a0\u00a0\u00a0\u00a0\u00a0\u00a0\u00a0\u00a0\u00a0\u00a0\u00a0\u00a0 (firma genitore 2)<\/p>\n<p>Allegati:<\/p>\n<ul>\n<li>Copia della Carta d\u2019Identit\u00e0 di entrambi i genitori e del minore<\/li>\n<li>Copia del Codice Fiscale di entrambi i genitori e del minore<\/li>\n<\/ul>\n<p><a href=\"http:\/\/www.ecoitaliano.com.ar\/wp-content\/uploads\/2021\/06\/TRP-banner-SCUOLA-DI-CANTO-VOCI-BIANCHE_1920x1150.jpg\"><img decoding=\"async\" class=\"alignnone size-full wp-image-15722\" src=\"http:\/\/www.ecoitaliano.com.ar\/wp-content\/uploads\/2021\/06\/TRP-banner-SCUOLA-DI-CANTO-VOCI-BIANCHE_1920x1150.jpg\" alt=\"\" width=\"1920\" height=\"1150\" srcset=\"https:\/\/www.ecoitaliano.com.ar\/wp-content\/uploads\/2021\/06\/TRP-banner-SCUOLA-DI-CANTO-VOCI-BIANCHE_1920x1150.jpg 1920w, https:\/\/www.ecoitaliano.com.ar\/wp-content\/uploads\/2021\/06\/TRP-banner-SCUOLA-DI-CANTO-VOCI-BIANCHE_1920x1150-300x180.jpg 300w, https:\/\/www.ecoitaliano.com.ar\/wp-content\/uploads\/2021\/06\/TRP-banner-SCUOLA-DI-CANTO-VOCI-BIANCHE_1920x1150-768x460.jpg 768w, https:\/\/www.ecoitaliano.com.ar\/wp-content\/uploads\/2021\/06\/TRP-banner-SCUOLA-DI-CANTO-VOCI-BIANCHE_1920x1150-1024x613.jpg 1024w, https:\/\/www.ecoitaliano.com.ar\/wp-content\/uploads\/2021\/06\/TRP-banner-SCUOLA-DI-CANTO-VOCI-BIANCHE_1920x1150-150x90.jpg 150w, https:\/\/www.ecoitaliano.com.ar\/wp-content\/uploads\/2021\/06\/TRP-banner-SCUOLA-DI-CANTO-VOCI-BIANCHE_1920x1150-250x150.jpg 250w\" sizes=\"(max-width: 1920px) 100vw, 1920px\" \/><\/a><\/p>\n","protected":false},"excerpt":{"rendered":"<p>ACCADEMIA TRP SI ARRICCHISCE DELLA SCUOLA DI CANTO CORALE PER VOCI BIANCHE DEL TEATRO REGIO DI PARMA Gli allievi della [&hellip;]<\/p>\n","protected":false},"author":1,"featured_media":0,"comment_status":"open","ping_status":"open","sticky":false,"template":"","format":"standard","meta":{"footnotes":""},"categories":[1],"tags":[],"class_list":["post-15721","post","type-post","status-publish","format-standard","hentry","category-sin-categoria"],"_links":{"self":[{"href":"https:\/\/www.ecoitaliano.com.ar\/index.php?rest_route=\/wp\/v2\/posts\/15721","targetHints":{"allow":["GET"]}}],"collection":[{"href":"https:\/\/www.ecoitaliano.com.ar\/index.php?rest_route=\/wp\/v2\/posts"}],"about":[{"href":"https:\/\/www.ecoitaliano.com.ar\/index.php?rest_route=\/wp\/v2\/types\/post"}],"author":[{"embeddable":true,"href":"https:\/\/www.ecoitaliano.com.ar\/index.php?rest_route=\/wp\/v2\/users\/1"}],"replies":[{"embeddable":true,"href":"https:\/\/www.ecoitaliano.com.ar\/index.php?rest_route=%2Fwp%2Fv2%2Fcomments&post=15721"}],"version-history":[{"count":0,"href":"https:\/\/www.ecoitaliano.com.ar\/index.php?rest_route=\/wp\/v2\/posts\/15721\/revisions"}],"wp:attachment":[{"href":"https:\/\/www.ecoitaliano.com.ar\/index.php?rest_route=%2Fwp%2Fv2%2Fmedia&parent=15721"}],"wp:term":[{"taxonomy":"category","embeddable":true,"href":"https:\/\/www.ecoitaliano.com.ar\/index.php?rest_route=%2Fwp%2Fv2%2Fcategories&post=15721"},{"taxonomy":"post_tag","embeddable":true,"href":"https:\/\/www.ecoitaliano.com.ar\/index.php?rest_route=%2Fwp%2Fv2%2Ftags&post=15721"}],"curies":[{"name":"wp","href":"https:\/\/api.w.org\/{rel}","templated":true}]}}