{"id":15775,"date":"2021-07-01T13:57:04","date_gmt":"2021-07-01T13:57:04","guid":{"rendered":"http:\/\/www.ecoitaliano.com.ar\/?p=15775"},"modified":"2021-07-01T13:57:04","modified_gmt":"2021-07-01T13:57:04","slug":"comunicato-stampa-buona-annata-per-le-patate","status":"publish","type":"post","link":"https:\/\/www.ecoitaliano.com.ar\/?p=15775","title":{"rendered":"COMUNICATO STAMPA BUONA ANNATA PER LE PATATE"},"content":{"rendered":"<div id='gallery-1' class='gallery galleryid-15775 gallery-columns-3 gallery-size-thumbnail'><figure class='gallery-item'>\n\t\t\t<div class='gallery-icon landscape'>\n\t\t\t\t<a href='https:\/\/www.ecoitaliano.com.ar\/?attachment_id=15776'><img decoding=\"async\" width=\"150\" height=\"150\" src=\"https:\/\/www.ecoitaliano.com.ar\/wp-content\/uploads\/2021\/07\/P1666365-150x150.jpg\" class=\"attachment-thumbnail size-thumbnail\" alt=\"\" \/><\/a>\n\t\t\t<\/div><\/figure><figure class='gallery-item'>\n\t\t\t<div class='gallery-icon landscape'>\n\t\t\t\t<a href='https:\/\/www.ecoitaliano.com.ar\/?attachment_id=15777'><img decoding=\"async\" width=\"150\" height=\"150\" src=\"https:\/\/www.ecoitaliano.com.ar\/wp-content\/uploads\/2021\/07\/P1666437-150x150.jpg\" class=\"attachment-thumbnail size-thumbnail\" alt=\"\" \/><\/a>\n\t\t\t<\/div><\/figure>\n\t\t<\/div>\n\n<h5 class=\"western\" lang=\"it-IT\">COMUNICATO STAMPA<\/h5>\n<p class=\"western\" lang=\"en-GB\" align=\"center\"><span style=\"font-size: large;\"><span lang=\"it-IT\">Quella che per la patata sembrava essere un\u2019annata difficile<\/span><\/span><\/p>\n<p class=\"western\" lang=\"en-GB\" align=\"center\"><span style=\"font-size: large;\"><span lang=\"it-IT\">chiude con risultati positivi, economici e di prodotto<\/span><\/span><span lang=\"it-IT\">.<\/span><\/p>\n<p class=\"western\" lang=\"en-GB\" align=\"center\"><span style=\"font-size: large;\"><span lang=\"it-IT\">L\u2019AMPP tira le somme con soddisfazione per gli agricoltori <\/span><\/span><\/p>\n<p class=\"western\" lang=\"en-GB\" align=\"center\"><span style=\"font-size: large;\"><span lang=\"it-IT\">associati e traccia le linee future.<\/span><\/span><\/p>\n<p class=\"western\" lang=\"en-GB\" align=\"justify\"><span lang=\"it-IT\"> Celano 1 luglio 2021- Da qualche settimana sono in corso le liquidazioni dei pagamenti relativi alla <\/span><span lang=\"it-IT\"><b>campagna 2020-2021<\/b><\/span><span lang=\"it-IT\"> e con vera soddisfazione, nonostante la grave pandemia dovuta dal Covid-19 e la crisi di mercato verificatasi alla raccolta, rispetto ai prezzi pagati ai produttori non associati di 8-10 \u20ac\/q.le, l\u2019A.M.P.P. \u2013 Associazione Marsicana Produttori Patate &#8211; \u00e8 riuscita a <\/span><span lang=\"it-IT\"><b>collocare l\u2019intero quantitativo ritirato ai soci<\/b><\/span><span lang=\"it-IT\"> ed ha potuto effettuare un rendiconto complessivo della campagna di conferimento patate con un risultato economico estremamente positivo:<\/span><\/p>\n<ul>\n<li>\n<p class=\"western\" lang=\"en-GB\" align=\"justify\"><span lang=\"it-IT\"><b>Variet\u00e0 da mercato certificate IGP \u20ac\/q.le 17,00<\/b><\/span><\/p>\n<\/li>\n<li>\n<p class=\"western\" lang=\"en-GB\" align=\"justify\"><span lang=\"it-IT\"><b>Variet\u00e0 da mercato convenzionale \u20ac\/q.le 15,00<\/b><\/span><\/p>\n<\/li>\n<li>\n<p class=\"western\" lang=\"en-GB\" align=\"justify\"><span lang=\"it-IT\"><b>Variet\u00e0 Agria \u20ac\/q.le 12,00 <\/b><\/span><\/p>\n<\/li>\n<li>\n<p class=\"western\" lang=\"en-GB\" align=\"justify\"><span lang=\"it-IT\"><b>Conferimento a prezzo determinato \u20ac\/q.le 19,76 <\/b><\/span><\/p>\n<\/li>\n<\/ul>\n<p class=\"western\" lang=\"en-GB\" align=\"justify\"><span lang=\"it-IT\"> L\u2019A.M.P.P., consapevole della reale superproduzione riscontratasi nel Fucino, non ha posto vincoli di quantit\u00e0 lasciando piena libert\u00e0 di conferimento. Ci\u00f2 \u00e8 stato fatto anche con la consapevolezza di trovarsi di fronte ad un mercato che offriva prezzi poco remunerativi e che a lungo termine non lasciava intravedere miglioramenti. Se gi\u00e0 ritirare tutto il prodotto ha significato un andare incontro ai produttori, essere riusciti a collocarlo e a ottenere discrete remunerazioni, superiori a quelle offerte dal libero mercato, \u00e8 stato un risultato davvero premiante. <\/span><\/p>\n<p class=\"western\" lang=\"en-GB\" align=\"justify\"><span lang=\"it-IT\">Il momento dell\u2019erogazione della liquidazione offre l\u2019occasione per una serena valutazione del lavoro svolto nel corso della campagna appena trascorsa e per riflettere insieme sugli obiettivi che si intendono perseguire per il futuro.<\/span><\/p>\n<p lang=\"it-IT\"><span style=\"font-size: large;\"><span style=\"font-size: medium;\">Il mercato in Italia \u00e8 fortemente condizionato dalle produzioni del Nord Europa, in modo particolare da quello francese, di elevata qualit\u00e0 e prezzi altamente competitivi, che viene offerto in maniera continuativa fino a saturare i nostri mercati. L\u2019obiettivo primario pertanto \u00e8 ridurre o azzerare questo condizionamento! Non c\u2019\u00e8 pi\u00f9 tempo da perdere, il mercato lo richiede!<\/span><\/span><\/p>\n<p lang=\"it-IT\"><span style=\"font-size: large;\"><span style=\"font-size: medium;\"><b>Oggi, con il riconoscimento dell\u2019IGP \u201cpatata del Fucino\u201d, abbiamo gli strumenti per valorizzare la tipicit\u00e0 e garantire la provenienza delle nostre patate. <\/b><\/span><\/span><\/p>\n<p lang=\"it-IT\"><span style=\"font-size: large;\"><span style=\"font-size: medium;\"><b>Le proiezioni per la campagna 2021-2022 vedono un trend in crescita. <\/b><\/span><\/span><\/p>\n<p lang=\"it-IT\"><span style=\"font-size: large;\"><span style=\"font-size: medium;\">Nel Fucino abbiamo maggiori investimenti di superfici investite (certamente sono il risultato degli incentivi per le patate da mercato di alta qualit\u00e0 quali IGP).<\/span><\/span><\/p>\n<p lang=\"it-IT\"><span style=\"font-size: large;\"><span style=\"font-size: medium;\">Ad oggi si stimano ottime produzioni grazie anche alle condizioni climatiche, finora favorevole alla coltivazione, pur se con le temperature elevate, si ha la presenza di insetti (tipo tignola) che viene monitorata continuamente grazie al sistema di rilevamento sia con le trappole che con le stazioni meteorologiche installate dall\u2019AMPP con un\u2019APP che avvisa direttamente i pataticoltori <\/span><\/span><\/p>\n<p lang=\"it-IT\"><span style=\"font-size: large;\"><span style=\"font-size: medium;\">Anche a livello Europeo le proiezioni parlano di maggiori investimenti stimabili nell\u2019ordine di un buon 4-5% in pi\u00f9 rispetto alla scorsa campagna.<\/span><\/span><\/p>\n<p lang=\"it-IT\"><span style=\"font-size: large;\"><span style=\"font-size: medium;\">Tutto ci\u00f2 desta preoccupazione, ma come sempre bisogna aspettare il raccolto nel Nord Europa.<\/span><\/span><\/p>\n<p lang=\"it-IT\"><span style=\"font-size: large;\"><span style=\"font-size: medium;\">Queste riflessioni inducono l\u2019AMPP a rafforzare ulteriormente il livello organizzativo del comparto, a impegnarsi fortemente per la valorizzazione qualitativa del prodotto, prestando la massima attenzione in tutte le fasi del processo produttivo (dalla semina alla raccolta) in modo da affrontare il mercato in maniera sempre pi\u00f9 competitiva, in continuo confronto con la concorrenza estera e la ricerca della migliore remunerazione del lavoro svolto.<\/span><\/span><\/p>\n<p lang=\"it-IT\"><span style=\"font-size: large;\"><span style=\"font-size: medium;\">Il Direttore <\/span><\/span><\/p>\n<p lang=\"it-IT\"><span style=\"font-size: large;\"><span style=\"font-size: medium;\">Sante del Corvo <\/span><\/span><\/p>\n<p>&nbsp;<\/p>\n","protected":false},"excerpt":{"rendered":"<p>COMUNICATO STAMPA Quella che per la patata sembrava essere un\u2019annata difficile chiude con risultati positivi, economici e di prodotto. L\u2019AMPP [&hellip;]<\/p>\n","protected":false},"author":1,"featured_media":0,"comment_status":"open","ping_status":"open","sticky":false,"template":"","format":"standard","meta":{"footnotes":""},"categories":[2,10],"tags":[],"class_list":["post-15775","post","type-post","status-publish","format-standard","hentry","category-informacion","category-italiano"],"_links":{"self":[{"href":"https:\/\/www.ecoitaliano.com.ar\/index.php?rest_route=\/wp\/v2\/posts\/15775","targetHints":{"allow":["GET"]}}],"collection":[{"href":"https:\/\/www.ecoitaliano.com.ar\/index.php?rest_route=\/wp\/v2\/posts"}],"about":[{"href":"https:\/\/www.ecoitaliano.com.ar\/index.php?rest_route=\/wp\/v2\/types\/post"}],"author":[{"embeddable":true,"href":"https:\/\/www.ecoitaliano.com.ar\/index.php?rest_route=\/wp\/v2\/users\/1"}],"replies":[{"embeddable":true,"href":"https:\/\/www.ecoitaliano.com.ar\/index.php?rest_route=%2Fwp%2Fv2%2Fcomments&post=15775"}],"version-history":[{"count":0,"href":"https:\/\/www.ecoitaliano.com.ar\/index.php?rest_route=\/wp\/v2\/posts\/15775\/revisions"}],"wp:attachment":[{"href":"https:\/\/www.ecoitaliano.com.ar\/index.php?rest_route=%2Fwp%2Fv2%2Fmedia&parent=15775"}],"wp:term":[{"taxonomy":"category","embeddable":true,"href":"https:\/\/www.ecoitaliano.com.ar\/index.php?rest_route=%2Fwp%2Fv2%2Fcategories&post=15775"},{"taxonomy":"post_tag","embeddable":true,"href":"https:\/\/www.ecoitaliano.com.ar\/index.php?rest_route=%2Fwp%2Fv2%2Ftags&post=15775"}],"curies":[{"name":"wp","href":"https:\/\/api.w.org\/{rel}","templated":true}]}}