{"id":16907,"date":"2021-09-18T15:12:37","date_gmt":"2021-09-18T15:12:37","guid":{"rendered":"http:\/\/www.ecoitaliano.com.ar\/?p=16907"},"modified":"2021-09-18T15:12:37","modified_gmt":"2021-09-18T15:12:37","slug":"serena-conduce-operaclassica-eco-italiano-962","status":"publish","type":"post","link":"https:\/\/www.ecoitaliano.com.ar\/?p=16907","title":{"rendered":"Serena conduce operaclassica eco italiano."},"content":{"rendered":"<p>Ravello, 17 settembre 2021<\/p>\n<p>Fondazione Ravello partecipa alle Giornate Europee del Patrimonio<br \/>\nSabato 25 apertura serale straordinaria di Villa Rufolo<br \/>\nDomenica 26 matin\u00e9e con l\u2019Accademia di Santa Sofia e Anna Tifu<\/p>\n<p>La Fondazione Ravello aderisce alle Giornate Europee del Patrimonio (European Heritage Days), il pi\u00f9 partecipato appuntamento culturale europeo, che si terr\u00e0 sabato 25 e domenica 26 settembre nel nome dei valori della coesione e dell\u2019inclusione sociale.<br \/>\n\u201cPatrimonio culturale: TUTTI inclusi!\u201d \u00e8 infatti il tema di quest\u2019anno che mira, attraverso un ricco programma di iniziative straordinarie nei luoghi della cultura, a sensibilizzare sulla necessit\u00e0 di una partecipazione accessibile al patrimonio culturale abbattendo i muri dell\u2019esclusione delle minoranze e delle differenze che ancora oggi resistono in numerosi ambiti della vita sociale.<br \/>\nSabato 25 settembre, dalle ore 19 alle ore 22 (ultimo ingresso 21.30), apertura straordinaria di Villa Rufolo con biglietto di ingresso a 1 euro. Il pubblico avr\u00e0 la possibilit\u00e0 di visitare il complesso monumentale e i giardini in un insolito percorso serale.<br \/>\nDomenica 26 settembre, sempre in occasione dell\u2019appuntamento europeo, l\u2019Auditorium Oscar Niemeyer sar\u00e0 simbolicamente restituito alla Citt\u00e0 dopo i lavori di riqualificazione effettuati, con fondi regionali, dall\u2019amministrazione comunale di Ravello (368 mila euro il costo dell\u2019intervento iniziato lo scorso aprile).<br \/>\nIl taglio del nastro non poteva che essere affidato alla musica. Alle ore 11, sul palco progettato dall\u2019architetto brasiliano, l\u2019Orchestra da camera \u201cAccademia di Santa Sofia\u201d con Anna Tifu solista d\u2019eccezione.<br \/>\nIn programma la Ciaccona in Sol minore per violino, archi e basso continuo di Tomaso Antonio Vitali, il Concerto in sol maggiore per archi e basso continuo \u00abAlla rustica\u00bb, RV 151 e le Quattro Stagioni di Antonio Vivaldi.<br \/>\nAnna Tifu, ex enfant prodige, gi\u00e0 vincitrice del concorso internazionale George Enescu di Bucarest. ha studiato con Salvatore Accardo e si \u00e8 perfezionata a Parigi. \u00c8 considerata una delle migliori interpreti della sua generazione. Si \u00e8 esibita con alcune tra le pi\u00f9 prestigiose Orchestre Nazionali e internazionali, collaborando con stelle della musica classica contemporanea come Maxim Vengerov, Ezio Bosso e Michael Nyman. La violinista sarda torner\u00e0 a Ravello dopo la sua ultima esibizione al Ravello Festival 2019 suonando un violino di Antonio Stradivari, \u201cMar\u00e8chal Berthier\u201d 1716, ex Napoleone, della Fondazione Canale di Milano.<br \/>\nL\u2019orchestra da Camera Accademia di Santa Sofia \u00e8 una compagnia di eccellenza. La sua stagione concertistica, caso unico in Italia, si struttura contemporaneamente su tre scenari: Roma &#8211; Sala Dante Alighieri, Napoli &#8211; Teatro Diana e Benevento &#8211; Basilica di San Bartolomeo Apostolo.<br \/>\nPer l\u2019acquisto dei biglietti: 25 settembre alla biglietteria di Villa Rufolo. 26 settembre www.ravellofestival.com. Boxoffice: tel. 089 858422 \u2013 boxoffice@ravellofestival.com<br \/>\nGli hashtag ufficiali per seguire la manifestazione sono: #GEP2021 #patrimonioculturaletuttiinclusi e #EuropeanHeritageDays #EHDs #inclusione #accessibilit\u00e0<br \/>\n\u00c8 obbligatorio esibire il Green Pass o certificazione equipollente all\u2019ingresso.<\/p>\n<p>Sabato 25 settembre<br \/>\nVilla Rufolo, dalle 19 alle 22<br \/>\nApertura straordinaria<br \/>\nBiglietto di ingresso \u20ac 1<\/p>\n<p>Domenica 26 settembre<br \/>\nAuditorium Oscar Niemeyer, ore 11.00<br \/>\nOrchestra da camera \u201cAccademia di Santa Sofia\u201d<br \/>\nAnna Tifu, violino<br \/>\nMusiche di Vivaldi, Vitali<br \/>\nPosto unico \u20ac 20<\/p>\n<p>Programma<\/p>\n<p>Antonio Vivaldi<br \/>\nConcerto in sol maggiore per archi e basso continuo \u00abAlla rustica\u00bb, RV 151<\/p>\n<p>Tomaso Antonio Vitali<br \/>\nCiaccona in Sol minore per violino, archi e basso continuo<\/p>\n<p>Antonio Vivaldi<br \/>\nLe Quattro Stagioni, da Il Cimento dell\u2019armonia e dell\u2019inventione<\/p>\n<p>Concerto in mi maggiore per violino e orchestra \u00abLa primavera\u00bb, op.8 n.1, RV 269<br \/>\nConcerto in sol minore per violino, archi e continuo \u00abL&#8217;estate\u00bb, op.8 n.2, RV 315<br \/>\nConcerto in fa maggiore per violino, archi e continuo \u00abL&#8217;autunno\u00bb, op.8 n.3, RV 293<br \/>\nConcerto in fa minore per violino, archi e continuo \u00abL&#8217;inverno\u00bb, op.8 n.4, RV 297<\/p>\n","protected":false},"excerpt":{"rendered":"<p>Ravello, 17 settembre 2021 Fondazione Ravello partecipa alle Giornate Europee del Patrimonio Sabato 25 apertura serale straordinaria di Villa Rufolo [&hellip;]<\/p>\n","protected":false},"author":1,"featured_media":0,"comment_status":"open","ping_status":"open","sticky":false,"template":"","format":"standard","meta":{"footnotes":""},"categories":[1],"tags":[],"class_list":["post-16907","post","type-post","status-publish","format-standard","hentry","category-sin-categoria"],"_links":{"self":[{"href":"https:\/\/www.ecoitaliano.com.ar\/index.php?rest_route=\/wp\/v2\/posts\/16907","targetHints":{"allow":["GET"]}}],"collection":[{"href":"https:\/\/www.ecoitaliano.com.ar\/index.php?rest_route=\/wp\/v2\/posts"}],"about":[{"href":"https:\/\/www.ecoitaliano.com.ar\/index.php?rest_route=\/wp\/v2\/types\/post"}],"author":[{"embeddable":true,"href":"https:\/\/www.ecoitaliano.com.ar\/index.php?rest_route=\/wp\/v2\/users\/1"}],"replies":[{"embeddable":true,"href":"https:\/\/www.ecoitaliano.com.ar\/index.php?rest_route=%2Fwp%2Fv2%2Fcomments&post=16907"}],"version-history":[{"count":0,"href":"https:\/\/www.ecoitaliano.com.ar\/index.php?rest_route=\/wp\/v2\/posts\/16907\/revisions"}],"wp:attachment":[{"href":"https:\/\/www.ecoitaliano.com.ar\/index.php?rest_route=%2Fwp%2Fv2%2Fmedia&parent=16907"}],"wp:term":[{"taxonomy":"category","embeddable":true,"href":"https:\/\/www.ecoitaliano.com.ar\/index.php?rest_route=%2Fwp%2Fv2%2Fcategories&post=16907"},{"taxonomy":"post_tag","embeddable":true,"href":"https:\/\/www.ecoitaliano.com.ar\/index.php?rest_route=%2Fwp%2Fv2%2Ftags&post=16907"}],"curies":[{"name":"wp","href":"https:\/\/api.w.org\/{rel}","templated":true}]}}