{"id":16911,"date":"2021-09-18T15:18:42","date_gmt":"2021-09-18T15:18:42","guid":{"rendered":"http:\/\/www.ecoitaliano.com.ar\/?p=16911"},"modified":"2021-09-18T15:19:41","modified_gmt":"2021-09-18T15:19:41","slug":"serena-conduce-operaclassica-eco-italiano-964","status":"publish","type":"post","link":"https:\/\/www.ecoitaliano.com.ar\/?p=16911","title":{"rendered":"Serena conduce operaclassica eco italiano."},"content":{"rendered":"<p>ALEXANDER NEVSKIJ \u2013 SPARTACUS<br \/>\nTEATRO SAN CARLO DA PIAZZA DEL PLEBISCITO<br \/>\nIN ESCLUSIVA DAL 16 SETTEMBRE alle h. 21.00 SU ITsART IT e alle 20.00 su ITsART UK<br \/>\nIl Maestro Juraj Valcuha dirige l&#8217;Orchestra e il Coro del Teatro di San Carlo nella Suite n. 2 da Spartacus di Aram Khachaturian e nella cantata di Sergej Prokof&#8217;ev,\u00a0Alexander Nevskij Op. 78<\/p>\n<p>Un concerto sinfonico unico quello in esclusiva su ITsART dal 16 settembre alle h. 21.00 SU ITsART IT (alle 20.00 su ITsART UK) da Piazza del Plebiscito a Napoli il Maestro Juraj Valcuha diriger\u00e0 l&#8217;Orchestra e il Coro del Teatro di San Carlo nella Suite n. 2 da Spartacus di Aram Khachaturian e nella cantata di Sergej Prokof&#8217;ev\u00a0Alexander Nevskij Op. 78.<br \/>\nLa Suite n. 2 per orchestra, tratta dal balletto in tre atti Spartacus, ha come protagonista lo schiavo trace personaggio simbolo nell\u2019immaginario rivoluzionario di ogni tempo, considerato da Karl Marx una delle figure pi\u00f9 eccezionali della storia antica; la suite alterna una scansione ritmica travolgente a momenti di lirica distensione e che confluisce nel galoppante e \u201cpiratesco\u201d finale.<br \/>\nUn marcato carattere epico-identitario \u00e8 il tratto distintivo della musica scritta da Prokof&#8217;ev per il film Aleksandr Nevskij di Ejzen\u0161tejn e da cui il compositore trasse la Cantata per mezzosoprano, coro e orchestra op. 78, su testi di Vladimir Lugovskij, eseguita per la prima volta il 17 maggio 1939 in occasione del XVIII Congresso del Partito Comunista Sovietico. Prokof\u2019ev collabor\u00f2 con sei registi diversi e tra questi figura il pi\u00f9 importante cineasta sovietico, Sergej Ejzen\u0161tejn (1898-1948), che con Aleksandr Nevskij (1938) realizz\u00f2 una grandiosa ricostruzione della vittoria conseguita dal principe Nevskij contro i Teutoni nel 1242.<br \/>\nLa musica scritta per il film, seppur con tagli e interventi sull\u2019orchestrazione, diventer\u00e0 poi la Cantata op. 78, articolata in sette episodi che ripercorrono i momenti salienti della vicenda (La Russia sotto il giogo dei Mongoli, Canto su Aleksandr Nevskij, I crociati a Pskov, Insorgi, popolo russo!, La battaglia sul ghiaccio, Il campo della morte, Entrata di Aleksandr Nevskij a Pskov); se il primo brano crea un\u2019atmosfera arcaica che pare preludere a qualcosa di grandioso, di seguito emerge il carattere epico dell\u2019opera, fino all\u2019ultimo quadro, in cui l\u2019ingresso a Pskov di Nevskij vittorioso \u00e8 introdotto da un solenne canto iniziale, al quale seguiranno motivi e ritmi sempre pi\u00f9 incalzanti, luminosi e festanti. L\u2019invasore \u00e8 scacciato, la santa Madre Russia ha vinto.<\/p>\n<p>DISPONIBILE AL LINK IT:\u00a0Juraj Val\u010duha &#8211; Aleksandr Nevskij | Spartacus Streaming &#8211; Guarda in HD &#8211; ITsART Arte e Cultura Italiana<br \/>\nUK\u00a0Juraj Val\u010duha &#8211; Aleksandr Nevskij | Spartacus Streaming &#8211; Watch in HD &#8211; ITsART Italian Art and Culture.<\/p>\n<p><a href=\"http:\/\/www.ecoitaliano.com.ar\/wp-content\/uploads\/2021\/09\/Cover-Portrait-Contenuto-1000x1500px-Aleksandr-Nevskij.jpg\"><img decoding=\"async\" class=\"alignnone size-full wp-image-16913\" src=\"http:\/\/www.ecoitaliano.com.ar\/wp-content\/uploads\/2021\/09\/Cover-Portrait-Contenuto-1000x1500px-Aleksandr-Nevskij.jpg\" alt=\"\" width=\"1000\" height=\"1500\" srcset=\"https:\/\/www.ecoitaliano.com.ar\/wp-content\/uploads\/2021\/09\/Cover-Portrait-Contenuto-1000x1500px-Aleksandr-Nevskij.jpg 1000w, https:\/\/www.ecoitaliano.com.ar\/wp-content\/uploads\/2021\/09\/Cover-Portrait-Contenuto-1000x1500px-Aleksandr-Nevskij-200x300.jpg 200w, https:\/\/www.ecoitaliano.com.ar\/wp-content\/uploads\/2021\/09\/Cover-Portrait-Contenuto-1000x1500px-Aleksandr-Nevskij-768x1152.jpg 768w, https:\/\/www.ecoitaliano.com.ar\/wp-content\/uploads\/2021\/09\/Cover-Portrait-Contenuto-1000x1500px-Aleksandr-Nevskij-683x1024.jpg 683w, https:\/\/www.ecoitaliano.com.ar\/wp-content\/uploads\/2021\/09\/Cover-Portrait-Contenuto-1000x1500px-Aleksandr-Nevskij-100x150.jpg 100w\" sizes=\"(max-width: 1000px) 100vw, 1000px\" \/><\/a><\/p>\n","protected":false},"excerpt":{"rendered":"<p>ALEXANDER NEVSKIJ \u2013 SPARTACUS TEATRO SAN CARLO DA PIAZZA DEL PLEBISCITO IN ESCLUSIVA DAL 16 SETTEMBRE alle h. 21.00 SU [&hellip;]<\/p>\n","protected":false},"author":1,"featured_media":0,"comment_status":"open","ping_status":"open","sticky":false,"template":"","format":"standard","meta":{"footnotes":""},"categories":[1],"tags":[],"class_list":["post-16911","post","type-post","status-publish","format-standard","hentry","category-sin-categoria"],"_links":{"self":[{"href":"https:\/\/www.ecoitaliano.com.ar\/index.php?rest_route=\/wp\/v2\/posts\/16911","targetHints":{"allow":["GET"]}}],"collection":[{"href":"https:\/\/www.ecoitaliano.com.ar\/index.php?rest_route=\/wp\/v2\/posts"}],"about":[{"href":"https:\/\/www.ecoitaliano.com.ar\/index.php?rest_route=\/wp\/v2\/types\/post"}],"author":[{"embeddable":true,"href":"https:\/\/www.ecoitaliano.com.ar\/index.php?rest_route=\/wp\/v2\/users\/1"}],"replies":[{"embeddable":true,"href":"https:\/\/www.ecoitaliano.com.ar\/index.php?rest_route=%2Fwp%2Fv2%2Fcomments&post=16911"}],"version-history":[{"count":0,"href":"https:\/\/www.ecoitaliano.com.ar\/index.php?rest_route=\/wp\/v2\/posts\/16911\/revisions"}],"wp:attachment":[{"href":"https:\/\/www.ecoitaliano.com.ar\/index.php?rest_route=%2Fwp%2Fv2%2Fmedia&parent=16911"}],"wp:term":[{"taxonomy":"category","embeddable":true,"href":"https:\/\/www.ecoitaliano.com.ar\/index.php?rest_route=%2Fwp%2Fv2%2Fcategories&post=16911"},{"taxonomy":"post_tag","embeddable":true,"href":"https:\/\/www.ecoitaliano.com.ar\/index.php?rest_route=%2Fwp%2Fv2%2Ftags&post=16911"}],"curies":[{"name":"wp","href":"https:\/\/api.w.org\/{rel}","templated":true}]}}