{"id":16915,"date":"2021-09-18T15:23:50","date_gmt":"2021-09-18T15:23:50","guid":{"rendered":"http:\/\/www.ecoitaliano.com.ar\/?p=16915"},"modified":"2021-09-18T15:24:06","modified_gmt":"2021-09-18T15:24:06","slug":"16915","status":"publish","type":"post","link":"https:\/\/www.ecoitaliano.com.ar\/?p=16915","title":{"rendered":"Serena conduce operaclassica eco italiano."},"content":{"rendered":"<p>Teatro di San Carlo<br \/>\nOpere, Concerti, mostre, giornate di studi<br \/>\ne la nuova piattaforma digitale<\/p>\n<p>Il Teatro di San Carlo riparte con un calendario ricco di appuntamenti: opere, concerti, mostre, giornate di studi aspettando le due inaugurazioni: marted\u00ec 12 ottobre La Boh\u00e8me di Giacomo Puccini per la regia Emma Dante, direttore Juraj Val\u010duha e domenica 21 novembre, per l\u2019apertura della Stagione lirica 21\/22 Otello di Giuseppe Verdi diretto da Michele Mariotti, con la regia di Mario Martone.<\/p>\n<p>Gli appuntamenti fino a dicembre 2021<\/p>\n<p>Sabato 18 e domenica 19 settembre \u00e8 in programma una due giorni interamente dedicata a Enrico Caruso nell\u2019ambito delle celebrazioni per i 100 anni dalla morte del grande tenore.<\/p>\n<p>Sabato 18 settembre a partire dalle ore 10.00 al MeMus, Museo e Archivio Storico del Teatro di San Carlo si terr\u00e0 la giornata di studi intitolata: \u201cEnrico Caruso da Napoli all\u2019America\u201d.<br \/>\nDopo i saluti istituzionali di St\u00e9phane Lissner, Sovrintendente del Teatro di San Carlo, Emmanuela Spedaliere Direttore Generale del Teatro di San Carlo, Franco Iacono, Presidente Comitato Nazionale Celebrazioni Enrico Caruso, sar\u00e0 inaugurata la Mostra documentaria \u00abEnrico Caruso e Napoli\u00bb a cura della Biblioteca Nazionale di Napoli, Sezione Lucchesi Palli, e MeMus Teatro San Carlo, a cura di Dinko Fabris e Maria Iannotti. Tra i relatori anche Giuliana Muscio, Simona Frasca, Luigi Vicinanza, Guido D&#8217;Onofrio.<\/p>\n<p>Domenica 19 settembre alle 19.00 sar\u00e0 invece la volta dell\u2019omaggio musicale, con il concerto Gala dedicato a Caruso e che vedr\u00e0 protagonisti tre grandi tenori del nostro tempo: Francesco Meli, Francesco Demuro e Xabier Anduaga.<br \/>\nSul podio, alla guida dell\u2019Orchestra del San Carlo ci sar\u00e0 Marco Armiliato.<br \/>\nIn scaletta alcune delle pi\u00f9 famose arie da opera come \u201cLa donna \u00e8 mobile\u201d da Rigoletto di Giuseppe Verdi, \u201cUna furtiva lagrima\u201d da L\u2019elisir d\u2019amore di Gaetano Donizetti, \u201cE lucevan le stelle\u201d da Tosca di Giacomo Puccini.<br \/>\nIn programma anche classici della canzone napoletana come Marechiare e Torna a Surriento.<\/p>\n<p>Domenica 26 settembre ore 18.00 Juraj Val\u010duha diriger\u00e0 il violino solista\u00a0Valeriy Sokolov assieme all\u2019Orchestra del San Carlo nel Concerto\u00a0per violino in re minore di Aram Cha\u010daturjan e nella Sinfonia\u00a0n. 2 in do maggiore op. 61 di Robert Schumann.<\/p>\n<p>Gioved\u00ec 30 settembre alle 19.30 al Duomo di Napoli Jos\u00e9 Luis Basso diriger\u00e0 Orchestra e Coro del Massimo napoletano nella Cantata per San Gennaro di Gaetano Manna. Gli interpreti vocali sono Maria Grazia Schiavo\u00a0(Speranza), Lucia Cirillo (Fede), Federico Fiorio (Amor Divino) e Diego Godoy (Genio Celeste).<br \/>\nLa Cantata per San Gennaro di Gaetano Manna si inserisce nel percorso di riscoperta e valorizzazione del patrimonio settecentesco napoletano, indissolubilmente legato alla storia del San Carlo.<br \/>\nAltro appuntamento al Duomo di Napoli sar\u00e0 quello di venerd\u00ec 29 ottobre alle 19.30 con il Requiem di Wolfgang Amedeus Mozart che vedr\u00e0 Orchestra e Coro del Teatro di San Carlo nuovamente diretti da Jos\u00e8 Luis Basso.<br \/>\nLa Fondazione Teatro di San Carlo ringrazia, per questi due appuntamenti il Vescovo di Napoli Domenico Battaglia e Don Papa.<\/p>\n<p>Debutter\u00e0 il 12 ottobre 2021 La boh\u00e8me di Giacomo Puccini, titolo inaugurale della Stagione 2020\/2021 del Lirico di Napoli.<br \/>\nFirma la regia di questa nuova produzione del Teatro di San Carlo Emma Dante, mentre sul podio, impegnato a dirigere Orchestra e Coro del Teatro di San Carlo (quest\u2019ultimo preparato da Jos\u00e9 Luis Basso) il direttore musicale Juraj Val\u010duha.<br \/>\nLe scene sono di Carmine Maringola, i costumi di<br \/>\nVanessa Sannino\u00a0e le Luci di Cristian Zucaro, mentre la coreografia \u00e8 di Sandro Maria Campagna. Il Coro di Voci Bianche \u00e8 diretto da Stefania Rinaldi. Selene Zanetti sar\u00e0 Mim\u00ec, Benedetta Torre Musetta, Stephen Costello Rodolfo e Andrzej Filonczyk Marcello. Nel cast anche Pietro Di Bianco (Schaunard), Alessandro Spina (Colline), Matteo Peirone Benoit\/Alcindoro, Daniele Lettieri (Parpignol).<\/p>\n<p>Domenica 21 novembre si inaugurer\u00e0 la Stagione 2021\/2022 con Otello di Giuseppe Verdi. Michele Mariotti diriger\u00e0 l\u2019Orchestra e il Coro del Teatro di San Carlo, preparato da Jos\u00e9 Luis Basso, mentre la regia \u00e8 di Mario Martone.<br \/>\nLe scene sono di Margherita Palli, i costumi di Ortensia De Francesco mentre le Luci sono di Pasquale Mari. Lo spettacolo \u00e8 una nuova produzione del Teatro di San Carlo in coproduzione con il Teatro Massimo di Palermo. Jonas Kaufmann sar\u00e0 Otello (nelle recite del 21, 24, 28 novembre, 1 e 4 dicembre), accanto a lui nel ruolo del titolo Yusif Eyvazov (nelle recite del 7, 10 e 14 dicembre), Maria Agresta sar\u00e0 Desdemona, Igor Golovatenko interpreter\u00e0 Iago. Completano il cast Alessandro Liberatore (Cassio) Matteo Mezzaro (Rodrigo) Emanuele Cordaro (Ludovico) Biagio Pizzuti (Montano), Manuela Custer (Emilia), Francesco Esposito (Un araldo). Lo spettacolo sar\u00e0 in scena fino al 14 dicembre.<\/p>\n<p>Quattro, tra novembre e dicembre gli appuntamenti della Stagione di Concerti che si aprir\u00e0 sabato 27 novembre 2021.<br \/>\nMichele Mariotti diriger\u00e0 per l\u2019occasione l\u2019Orchestra del Teatro di San Carlo e il pianista Alessandro Taverna in un programma che include l\u2019Overture da Der Freisch\u00fctz di Carl Maria von Weber, il Concerto per pianoforte n.21 in do maggiore, K 467 di Wolfgang Amadeus Mozart e la Sinfonia n.7 in la maggiore, Op.92 di Ludwig van Beethoven.<\/p>\n<p>Mariotti sar\u00e0 di nuovo sul podio venerd\u00ec 3 dicembre per la Sinfonia n. 1 in do maggiore, op. 21 di Ludwig van Beethoven e la Sinfonia n.1 in si bemolle maggiore, op. 38 di Robert Schumann.<\/p>\n<p>Domenica 12 dicembre il direttore musicale Juraj Val\u010duha guider\u00e0 l\u2019Orchestra in Piccola musica notturna di Luigi Dallapiccola, Vier letze Lieder (Quattro ultimi lieder) e Tod und Verkl\u00e4rung op.24 (Morte e trasfigurazione) di Richard Strauss, soprano Lise Davidsen.<br \/>\nNuovo impegno di Val\u010duha con l\u2019Orchestra del San Carlo \u00e8 quello di sabato 18 dicembre 2021 con la Suite n. 1 Op. 107 da Cenerentola di Sergej Prokof\u2019ev, Ma m\u00e8re l\u2019oye di Maurice Ravel e Gloria, per soprano, coro e orchestra di Francis Poulenc. Maestro del Coro Jos\u00e9 Luis Basso, soprano Lauren Michelle.<br \/>\nL\u2019apertura della Stagione di Balletto \u00e8 fissata invece per il 30 dicembre con Il lago dei cigni, nella versione di Partice Bart, per la prima volta al San Carlo.<br \/>\nProtagonista il Balletto del Teatro di San Carlo diretto da Clotilde Vayer. Le musiche di P\u00ebtr Il&#8217;i\u010d \u010cajkovskij sono eseguite dall\u2019Orchestra del Teatro di San Carlo diretta da Benjamin Shwartz. Luisa Spinatelli firma scene e costumi. L\u2019allestimento \u00e8 in scena fino al 5 gennaio 2022.<\/p>\n<p>Con gentile preghiera di pubblicazione e\/o diffusione<br \/>\nRossana Russo,<br \/>\nResponsabile della comunicazione creativa e strategica e relazioni con la Stampa<br \/>\nr.russo@teatrosancarlo.it<br \/>\ncell 3357431980<\/p>\n<p>Giulia Romito,<br \/>\nComunicazione e Stampa g.romito@teatrosancarlo.it 0817972301<\/p>\n<p>Al via \u201cOn\u201d, la nuova piattaforma digitale del Teatro di San Carlo<br \/>\n\u00c8 la prima di un teatro lirico in Italia<\/p>\n<p>Si chiamer\u00e0 \u201cOn\u201d e sar\u00e0 operativa a partire da ottobre la nuova piattaforma digitale del Teatro di San Carlo, nata grazie al sostegno della Regione Campania e alla collaborazione con l\u2019Universit\u00e0 degli Studi di Napoli Federico II e TIM.<\/p>\n<p>Il Teatro di San Carlo si dota dunque di un nuovo palcoscenico virtuale, un contenitore culturale a tutto tondo che si pone come obiettivo principale il raggiungimento di un pubblico pi\u00f9 ampio possibile, non limitato agli amanti dell\u2019opera lirica tradizionali, ma aperto a tutti i cittadini, Campani e non solo, in linea con la missione sociale che un Teatro pubblico deve avere.<br \/>\nAttraverso un linguaggio contemporaneo e all\u2019avanguardia, la piattaforma digitale far\u00e0 da ponte tra il teatro e il resto del mondo e dar\u00e0 vita ad uno scambio interculturale, ponendosi come campo di sperimentazione artistica per giovani registi e visual artist.<\/p>\n<p>La piattaforma inoltre trasmetter\u00e0 spettacoli in streaming e on demand, conterr\u00e0 speciali, produzioni registrate dalla RAI e contenuti inediti come i cortometraggi selezionati del progetto \u201cScena Aperta\u201d che narrano l\u2019identit\u00e0 dei diversi territori della regione.<\/p>\n<p>Gi\u00e0 iniziata la fase di rodaggio e collaudo delle apparecchiature per sperimentare un possibile lancio della piattaforma con La Boh\u00e8me di Giacomo Puccini, nuova produzione del Teatro di San Carlo con la regia di Emma Dante e Juraj Val\u010duha sul podio.<br \/>\nGli spettacoli in streaming, andranno ad affiancarsi all\u2019attivit\u00e0 dal vivo del Teatro e a costituire nel tempo un vero archivio digitale. Non mancheranno incontri, interviste con artisti, documentari e contenuti educational.<br \/>\nLo scorso 2 settembre \u00e8 stato inoltre pubblicato un bando per la fornitura di contenuti audiovisivi di vario genere (docufilm, film, fiction, corti, serie) finalizzati alla valorizzazione, la conoscenza e la diffusione della cultura.<br \/>\nLa Fondazione Teatro di San Carlo intende supportare la produzione di opere cinematografiche e audiovisive realizzate su tutto il territorio regionale.<br \/>\n\u00c8 possibile scaricare il bando al seguente link:<br \/>\nhttps:\/\/trasparenza.mit.gov.it\/archivio11_bandi-gare-e-contratti_0_271437_876_1.html<\/p>\n<p>Sono 10 i cortometraggi selezionati per il progetto \u201cScena aperta\u201d e che saranno disponibili da novembre sulla piattaforma \u201cOn\u201d.<br \/>\nDieci racconti del nostro territorio attraverso lo sguardo di giovani registi della Campania.<br \/>\nQuesti i titoli selezionati: Il Canto di Monte Echia di Riccardo Marotta, Roberto Caccioppoli, Andrea Savoia; Rannatiell di Fabio Marigliano, Pio Domenico Sellitto, Martina Ramunno, Fabio Turco; Terra amara Salvatore Omaggio, Giorgio Siravo; BOOM! di Daniela Paparone, Alessandra Sasso, Victoria Pastore; Napoli ancora di Alessandra Russo, Debora Sacco, Antonio Pezone; Casa e puteca di Stefania Span\u00f2, Angela Dionisia Severino, Giuseppe Pisano, Carlo Iavazzo; Periferia d\u2019acciaio di Fabrizio Frascogna, Federico Sorrentino, Marco Grieco, Vincenzo Pirozzi; La Vergine Bruna di Alessia Cinque, Barbara Amoruso, Innocenzo Mulieri; Bacoli muta di Lucienne Perreca, Salvatore Scotto D\u2019Appollonia, Stefano Carannante; Revealing Partenope di Giulia Bardari, Matteo Martignoni, Marina Cioppa, Benedetta Moricola.<\/p>\n<p>On line sulla piattaforma sar\u00e0 disponibile anche una mostra fotografica virtuale, frutto di una collaborazione tra il Teatro di San Carlo e l\u2019Archivio Fotografico Riccardo Carbone. La mostra conterr\u00e0 foto storiche del Teatro, della citt\u00e0 di Napoli e dei principali luoghi di interesse storico e paesaggistico della Regione Campania.<\/p>\n<p>Con gentile preghiera di pubblicazione e\/o diffusione<br \/>\nRossana Russo,<br \/>\nResponsabile della comunicazione creativa e strategica e relazioni con la Stampa<br \/>\nr.russo@teatrosancarlo.it cell 3357431980<br \/>\nGiulia Romito,<br \/>\nComunicazione e Stampa g.romito@teatrosancarlo.it 0817972301<\/p>\n<p>Dodici giovani cantanti provenienti da tutto il mondo<br \/>\nper il primo biennio dell\u2019Accademia del Teatro di San Carlo<\/p>\n<p>Oltre 300 i candidati, provenienti dall\u2019Italia e dall\u2019estero, hanno partecipato alle selezioni per l\u2019Accademia di perfezionamento per cantanti lirici del Teatro di San Carlo.<\/p>\n<p>Le attivit\u00e0 dell\u2019Accademia inizieranno a ottobre 2021 con\u00a0un percorso didattico destinato a giovani talenti del canto lirico italiano e internazionale.<br \/>\nLe attivit\u00e0 formative si concentreranno sul repertorio del Settecento napoletano e del Belcanto.<br \/>\nDocente principale e Testimonial del Corso \u00e8 il soprano Mariella Devia che per la prima volta ricoprir\u00e0 questo ruolo in Italia.<br \/>\nOltre alla Devia, tutti i principali interpreti vocali, protagonisti della Stagione 2021\/2022 del Teatro di San Carlo, terranno delle masterclass per l\u2019Accademia.<br \/>\nGli allievi saranno protagonisti di un titolo del repertorio settecentesco che sar\u00e0 in calendario tra settembre e ottobre 2022.<\/p>\n<p>I quarantasei finalisti che hanno superato le prove preliminari, hanno poi affrontato la prova finale sul palcoscenico del Massimo napoletano.<br \/>\nLa giuria, composta dal Direttore dell\u2019Accademia il M\u00b0 Ilias Tzempetonidis, dalla docente principale e Testimonial del Corso Mariella Devia, e dal Maestro del Coro Jos\u00e9 Luis Basso, ha selezionato i dodici idonei che faranno parte del primo biennio di perfezionamento dell\u2019Accademia del Teatro di San Carlo per il 2021-2023.<br \/>\nSono risultati idonei: i soprani Costanza Cutaia (Italia), Chiara Polese (Italia), Marilena Ruta (Italia), Anna Sardaryan (Armenia), Ulloa Hernandez Laura Maria (Cuba); i tenori Andrea Calce (Italia), Garayev Atash (Azerbaigian), Guliashvili Giorgi (Georgia), Li Danyan (Cina), i baritoni Giovanni Impagliazzo (Italia), Kurihara Takaki (Giappone), Shuai Zang (Cina).<br \/>\nI giovani solisti prescelti provengono sia dal territorio, (cinque su dodici sono italiani e tre in particolare sono Campani), che da Paesi esteri (dall\u2019Armenia all\u2019Azerbaigian, da Cuba alla Cina, dal Giappone alla Georgia).<br \/>\n\u00abObiettivo dell\u2019Accademia \u2013 afferma il sovrintendente St\u00e9phane Lissner &#8211; sar\u00e0 quello di plasmare giovani talenti, ma \u00e8 interesse della Fondazione formare anche profili professionali legati ai mestieri del palcoscenico, in particolare al mondo dell\u2019Opera e del Balletto. Non mancheranno attivit\u00e0 di formazione, seminari e workshop sulla musica la danza, e laboratori di palcoscenico. Questo lavoro prevede il coinvolgimento di grandi ospiti e massimi esperti del settore, a partire dalle stesse professionalit\u00e0 del Teatro di San Carlo\u00bb.<br \/>\n\u00abSiamo felici del grande entusiasmo che l\u2019Accademia, fortemente voluta dalla Fondazione Teatro di San Carlo, ha suscitato tra i tanti giovani talenti nazionali e internazionali\u00bb afferma il direttore Ilias Tzempetonidis. \u00abInvestire nella formazione dei giovani talenti &#8211; continua Tzempetonidis &#8211; \u00e8 un\u2019attivit\u00e0 fondamentale per un teatro, e siamo particolarmente orgogliosi di avere al nostro fianco in questo cammino che ci accingiamo a intraprendere, un\u2019artista di altissimo livello come Mariella Devia, che ringrazio\u00bb.<br \/>\nLa sede dell\u2019Accademia sar\u00e0 all\u2019interno del Teatro stesso, all\u2019interno di alcuni luminosi spazi, recuperati e resi idonei a tutte le attivit\u00e0 di studio e formazione.<\/p>\n<p>Con gentile preghiera di pubblicazione e\/o diffusione<br \/>\nRossana Russo,<br \/>\nResponsabile della comunicazione creativa e strategica e relazioni con la Stampa<br \/>\nr.russo@teatrosancarlo.it<br \/>\ncell 3357431980<\/p>\n<p>Giulia Romito,<br \/>\nComunicazione e Stampa<br \/>\ng.romito@teatrosancarlo.it 0817972301<\/p>\n<p>Ripartono le attivit\u00e0 del MeMus<br \/>\nil Museo e Archivio Storico del Teatro di San Carlo compie 10 anni<\/p>\n<p>Il MeMus e le Giornate Europee del Patrimonio<\/p>\n<p>Sabato 25 e domenica 26 settembre il MeMus, Museo e Archivio Storico del Teatro di San Carlo, partecipa alle Giornate Europee del Patrimonio 2021 e in linea con lo slogan dell\u2019iniziativa \u201cPatrimonio culturale: TUTTI inclusi\u201d, presenta un intervento di adeguamento delle proprie strutture ai principi di accessibilit\u00e0 e inclusione.<br \/>\nIl nuovo percorso sar\u00e0 infatti integrato da un\u2019azione di didattica museale di divulgazione con Laboratori specifici rivolti ai non vedenti e ipovedenti, che consentir\u00e0 la scoperta dell\u2019affascinante mondo dell\u2019Opera.<br \/>\nIn collaborazione con la sezione Provinciale di Napoli dell\u2019Unione Italiana Ciechi e con le coordinatrici della rete \u201cCampania tra le mani\u201d \u00e8 stato avviato un progetto all\u2019avanguardia che ha consentito di inserire trascrizioni in lingua Braille di tutti i testi presenti sui pannelli del percorso storico-informativo del Museo che raccontano la storia del San Carlo.<br \/>\nIn occasione delle Giornate del Patrimonio saranno organizzati speciali incontri con il mondo del costume teatrale, attraverso un\u2019esperienza di esplorazione sensoriale per persone ipovedenti o non vedenti.<br \/>\nLa concezione grafica dei pannelli \u00e8 stata affidata a specialisti (docenti e studenti avanzati) del Dipartimento di Design della Comunicazione Pubblica e d\u2019Impresa dell\u2019Accademia di Belle Arti di Napoli, proseguendo una virtuosa collaborazione con l\u2019antica istituzione napoletana con cui il Teatro di San Carlo ha da sempre legami, rafforzati da una recente Convenzione.<\/p>\n<p>MeMus compie 10 anni<\/p>\n<p>Venerd\u00ec 1ottobre il museo MeMus compir\u00e0 10 anni. Per celebrare questo traguardo, \u00e8 in fase di progettazione un nuovo percorso espositivo interamente dedicato al pubblico del Teatro San Carlo, proprio nell\u2019anno in cui se ne \u00e8 percepita pi\u00f9 forte la mancanza. L\u2019allestimento museale partir\u00e0 dagli spazi del MeMus all\u2019interno del Palazzo Reale, e si svilupper\u00e0 fino all\u2019interno del Teatro.<br \/>\nAttraverso immagini fotografiche dell\u2019Archivio Storico del Teatro di San Carlo e dell\u2019Archivio fotografico Riccardo Carbone, il pubblico sar\u00e0 protagonista assoluto di una narrazione che partir\u00e0 dagli anni Cinquanta del Novecento fino ad arrivare alla contemporaneit\u00e0.<br \/>\nUna sezione importante sar\u00e0 quella realizzata in collaborazione con il Museo della Moda di Napoli, Fondazione Mondragone e dedicata agli abiti indossati dagli spettatori in occasione delle prime, un vero e proprio focus sull\u2019evolversi dello stile dagli anni \u201950 ad oggi.<br \/>\nLa ricerca documentaria partir\u00e0 dal Settecento grazie alla preziosa collaborazione con l\u2019Archivio di Stato di Napoli, gi\u00e0 avviata nell\u2019ambito di un accordo di valorizzazione del patrimonio.<\/p>\n<p>&nbsp;<\/p>\n<p>Con gentile preghiera di pubblicazione e\/o diffusione<br \/>\nRossana Russo,<br \/>\nResponsabile della comunicazione creativa e strategica e relazioni con la Stampa<br \/>\nr.russo@teatrosancarlo.it<br \/>\ncell 3357431980<\/p>\n<p>Giulia Romito,<br \/>\nComunicazione e Stampa<br \/>\ng.romito@teatrosancarlo.it 0817972301<\/p>\n<p>IL SAN CARLO PER ENRICO CARUSO \u2013 18\/19 SETTEMBRE 2021<br \/>\nIl Teatro di San Carlo collabora alle manifestazioni del Centenario della morte di Enrico Caruso con un intenso programma che occuper\u00e0 simbolicamente l\u2019intero fine settimana della festa di San Gennaro, il 18 e 19 settembre.<br \/>\nSi inizia al mattino del sabato 18 alle ore 10 nel Museo MeMus del Teatro di San Carlo, con l\u2019inaugurazione di una Mostra documentaria allestita in collaborazione con la Biblioteca Nazionale di Napoli, intitolata \u201cNAPOLI E CARUSO\u201d. La Mostra, curata da Maria Iannotti (vicedirettrice della Biblioteca Nazionale) e da Dinko Fabris (responsabile scientifico del Dipartimento di ricerca del Teatro di San Carlo). La Mostra espone e valorizza per la prima volta il piccolo ma significativo fondo di lettere autografe, cartoline, fotografie e caricature spedite da Enrico Caruso per vent\u2019anni al suo amico napoletano Angelo Arachite, personaggio mai studiato finora dai biografi carusiani. Il Fondo fu acquistato dallo Stato presso un antiquario romano nel 1973 e da allora \u00e8 custodito nella sezione Lucchesi Palli, specializzata nella storia dello spettacolo napoletano, della Biblioteca Nazionale di Napoli. La vicinanza della Biblioteca con il Teatro di San Carlo e con il suo Museo favorisce progetti di collaborazione tra le due Istituzioni culturali che proseguiranno con future iniziative.<br \/>\nSeguir\u00e0 fino alle 13 nella stessa sede del MeMus una Giornata di Studi dedicata a \u201cEnrico Caruso da Napoli all\u2019America\u201d con la partecipazione dei curatori della Mostra e di studiosi di diverse discipline come Giuliana Muscio (Universit\u00e0 di Padova) e Simona Frasca (Universit\u00e0 Federico II di Napoli), che presenteranno un estratto da un film su Caruso e il cinema curato dalla stessa Muscio e la visione di Caruso in America, poi di Luigi Vicinanza (Presidente del MAV di Ercolano) che presenter\u00e0 un estratto da due documentari realizzati dal regista Giovanni Pelliccia con la partecipazione del tenore Gianluca Terranova nelle vesti di Enrico Caruso. La Giornata si concluder\u00e0 con l\u2019ascolto guidato di alcuni dischi originali e autografati di Caruso da parte del collezionista e amico personale del figlio di Caruso, Guido D\u2019Onofrio, su un grammofono \u201cColumbia\u201d del tempo.<br \/>\nDomenica 19 settembre alle 19 il Concerto nel Teatro di San Carlo, programmato nell\u2019ambito di Regione Lirica 2021 sostenuta dalla Regione Campania, con la direzione di Marco Armiliato e la partecipazione di tre tenori d\u2019eccezione del nostro tempo: Francesco Meli, Xabier Anduaga e Francesco Demuro (arie d\u2019opera, romanze e canzoni napoletane che componevano il tipico repertorio cantato da Caruso in giro per il mondo).<br \/>\nNota: L\u2019immagine sulla locandina della Mostra e della Giornata di studi \u00e8 una caricatura del fondo Caruso della Biblioteca Nazionale di Napoli che sar\u00e0 esposta: disegnata dallo stesso Enrico Caruso fu dedicata nel 1913 a Parigi alla sorella del Conte Lucchesi Palli, fondatore della Biblioteca dove \u00e8 oggi conservato il fondo. L\u2019aria cantata da Caruso \u201cO Paradiso\u201d \u00e8 tratta dall\u2019opera L\u2019Africana di Meyerbeer di cui un disco originale interpretato dal grande tenore sar\u00e0 esposto in Mostra ed ascoltato sul grammofono storico.<\/p>\n","protected":false},"excerpt":{"rendered":"<p>Teatro di San Carlo Opere, Concerti, mostre, giornate di studi e la nuova piattaforma digitale Il Teatro di San Carlo [&hellip;]<\/p>\n","protected":false},"author":1,"featured_media":0,"comment_status":"open","ping_status":"open","sticky":false,"template":"","format":"standard","meta":{"footnotes":""},"categories":[1],"tags":[],"class_list":["post-16915","post","type-post","status-publish","format-standard","hentry","category-sin-categoria"],"_links":{"self":[{"href":"https:\/\/www.ecoitaliano.com.ar\/index.php?rest_route=\/wp\/v2\/posts\/16915","targetHints":{"allow":["GET"]}}],"collection":[{"href":"https:\/\/www.ecoitaliano.com.ar\/index.php?rest_route=\/wp\/v2\/posts"}],"about":[{"href":"https:\/\/www.ecoitaliano.com.ar\/index.php?rest_route=\/wp\/v2\/types\/post"}],"author":[{"embeddable":true,"href":"https:\/\/www.ecoitaliano.com.ar\/index.php?rest_route=\/wp\/v2\/users\/1"}],"replies":[{"embeddable":true,"href":"https:\/\/www.ecoitaliano.com.ar\/index.php?rest_route=%2Fwp%2Fv2%2Fcomments&post=16915"}],"version-history":[{"count":0,"href":"https:\/\/www.ecoitaliano.com.ar\/index.php?rest_route=\/wp\/v2\/posts\/16915\/revisions"}],"wp:attachment":[{"href":"https:\/\/www.ecoitaliano.com.ar\/index.php?rest_route=%2Fwp%2Fv2%2Fmedia&parent=16915"}],"wp:term":[{"taxonomy":"category","embeddable":true,"href":"https:\/\/www.ecoitaliano.com.ar\/index.php?rest_route=%2Fwp%2Fv2%2Fcategories&post=16915"},{"taxonomy":"post_tag","embeddable":true,"href":"https:\/\/www.ecoitaliano.com.ar\/index.php?rest_route=%2Fwp%2Fv2%2Ftags&post=16915"}],"curies":[{"name":"wp","href":"https:\/\/api.w.org\/{rel}","templated":true}]}}