{"id":17089,"date":"2021-09-24T00:06:02","date_gmt":"2021-09-24T00:06:02","guid":{"rendered":"http:\/\/www.ecoitaliano.com.ar\/?p=17089"},"modified":"2021-09-24T00:06:02","modified_gmt":"2021-09-24T00:06:02","slug":"eco-italiano-paride-venturi-international-academy-of-opera-2021-2022-3","status":"publish","type":"post","link":"https:\/\/www.ecoitaliano.com.ar\/?p=17089","title":{"rendered":"Eco italiano: PARIDE VENTURI INTERNATIONAL ACADEMY OF OPERA 2021 \u2013 2022."},"content":{"rendered":"<p style=\"text-align: center;\"><strong>Paride Venturi Academy of Opera International<\/strong><br \/>\n<strong>ANNO ACCADEMICO<\/strong><br \/>\n<strong>2021\/2022<\/strong><\/p>\n<p>COMUNICATO STAMPA<\/p>\n<p>VIA DELLA CASA BUIA 6 40129 BOLOGNA<\/p>\n<p>PARIDE VENTURI INTERNATIONAL ACADEMY OF OPERA DI BOLOGNA: RIPARTE L&#8217;ANNO ACCADEMICO DAL 6 OTTOBRE 2021 IL RICCO PROGRAMMA DIDATTICO FATTO DI LEZIONI INDIVIDUALI E MASTERCLASS.<\/p>\n<p>Dopo la lunga parentesi legata alla pandemia che ha costretto a chiudere l&#8217;anno accademico scorso, riparte finalmente la stagione 2021\/2022 della prestigiosa PARIDE VENTURI INTERNATIONAL ACADEMY OF OPERA.<br \/>\nFondata da Carlo Colombara e Fulvio Massa nel 2019, l&#8217;accademia propone un programma didattico ricchissimo di appuntamenti che volgono a proporre una formazione di altissimo livello, con lezioni individuali insieme ai docenti dell&#8217;accademia e con Masterclass dedicate alla specializzazione in compagnia di grandi artisti del mondo dell&#8217;opera e dello spettacolo.<br \/>\nLa didattica della PARIDE VENTURI INTERNATIONAL ACADEMY OF OPERA non \u00e8 solo un percorso formativo legato allo studio di una disciplina ma una vera e propria realt\u00e0 professionalizzante che porta lo studente ad essere pronto non solo in maniera teorica ma anche e soprattutto pratica, grazie agli approfondimenti delle Masterclass che permetteranno ai pi\u00f9 giovani di assorbire la giusta esperienza per calcare poi un palco. Tutte le Masterclass, inoltre, saranno presenziate da agenti e critici specializzati per trovare un riscontro concreto nell&#8217;approfondimento degli studi e nella possibilit\u00e0 di di sviluppare incontri di lavoro.<br \/>\nL&#8217;anno accademico 2021\/2022 partir\u00e0 il prossimo 6 Ottobre con l&#8217;inizio ufficiale delle lezioni.<br \/>\nSubito un grande appuntamento fissato per il 18 Ottobre quando sar\u00e0 ospite della PARIDE<br \/>\nVENTURI INTERNATIONAL ACADEMY OF OPERA un tenore italiano di fama internazionale: Fabio Armiliato.<br \/>\nUna Masterclass imperdibile di ben quattro giorni per dare spazio al tema \u201cL&#8217;interpretazione nell&#8217;opera romantica\u201d. Dall&#8217;esperienza maturata in quasi 40 anni di carriera, attraverso opere quali Andrea Ch\u00e9nier, Manon Lescaut, Adriana Lecouvreur, Aida, Boh\u00e8me, il tenore italiano prover\u00e0 a trasmettere agli studenti l&#8217;importanza della giusta intenzione, dello studio del ruolo, della preparazione ad un personaggio che non legarsi solo alla semplice proposizione delle arie.<br \/>\nMASTERCLASS CON FABIO ARMILIATO<br \/>\n\u201cL&#8217;INTERPRETAZIONE NELL&#8217;OPERA ROMANTICA\u201d<br \/>\n18\/21 OTTOBRE 2021<br \/>\nIl normale programma di lezioni verr\u00e0 arricchito una seconda volta ad Aprile con un&#8217;altra Masterclass di livello: Opera-Studio de \u201cLa Boh\u00e8me\u201d di Giacomo Puccini, questa volta affiancati dai fondatori dell&#8217;accademia Carlo Colombara e Fulvio Massa. Si inizier\u00e0 il 1\u00b0 Aprile per dedicare ben tre giorni all&#8217;opera di Puccini.<br \/>\nL&#8217;opera-studio avr\u00e0 come fine ultimo quello di portare in scena \u201cLa Boh\u00e8me\u201d in una speciale versione con accompagnamento al pianoforte. MASTERCLASS CON CARLO COLOMBARA E FULVIO SERRA<br \/>\n\u201cOPERA STUDIO DE LA BOH\u00c8ME DI GIACOMO PUCCINI\u201d<br \/>\n1\/3 APRILE 2022<br \/>\nUltima, ma non meno importante, la Masterclass di Maggio insieme al soprano italiano Luciana Serra.<br \/>\nTema di questa sessione: \u201cL&#8217;arte della coloratura nell&#8217;opera\u201d. Altro approfondimento imperdibile che metter\u00e0 l&#8217;esperienza del soprano a disposizione degli studenti per scoprire e migliorare una tecnica che caratterizza da sempre il \u201cbelcanto italiano\u201d.<br \/>\nMASTERCLASS CON LUCIANA SERRA<br \/>\n\u201cL&#8217;ARTE DELLA COLORATURA NELL&#8217;OPERA\u201d<br \/>\n15\/20 MAGGIO 2022<br \/>\nInfo: accademiaventuri@gmail.com<\/p>\n","protected":false},"excerpt":{"rendered":"<p>Paride Venturi Academy of Opera International ANNO ACCADEMICO 2021\/2022 COMUNICATO STAMPA VIA DELLA CASA BUIA 6 40129 BOLOGNA PARIDE VENTURI [&hellip;]<\/p>\n","protected":false},"author":1,"featured_media":0,"comment_status":"open","ping_status":"open","sticky":false,"template":"","format":"standard","meta":{"footnotes":""},"categories":[1],"tags":[],"class_list":["post-17089","post","type-post","status-publish","format-standard","hentry","category-sin-categoria"],"_links":{"self":[{"href":"https:\/\/www.ecoitaliano.com.ar\/index.php?rest_route=\/wp\/v2\/posts\/17089","targetHints":{"allow":["GET"]}}],"collection":[{"href":"https:\/\/www.ecoitaliano.com.ar\/index.php?rest_route=\/wp\/v2\/posts"}],"about":[{"href":"https:\/\/www.ecoitaliano.com.ar\/index.php?rest_route=\/wp\/v2\/types\/post"}],"author":[{"embeddable":true,"href":"https:\/\/www.ecoitaliano.com.ar\/index.php?rest_route=\/wp\/v2\/users\/1"}],"replies":[{"embeddable":true,"href":"https:\/\/www.ecoitaliano.com.ar\/index.php?rest_route=%2Fwp%2Fv2%2Fcomments&post=17089"}],"version-history":[{"count":0,"href":"https:\/\/www.ecoitaliano.com.ar\/index.php?rest_route=\/wp\/v2\/posts\/17089\/revisions"}],"wp:attachment":[{"href":"https:\/\/www.ecoitaliano.com.ar\/index.php?rest_route=%2Fwp%2Fv2%2Fmedia&parent=17089"}],"wp:term":[{"taxonomy":"category","embeddable":true,"href":"https:\/\/www.ecoitaliano.com.ar\/index.php?rest_route=%2Fwp%2Fv2%2Fcategories&post=17089"},{"taxonomy":"post_tag","embeddable":true,"href":"https:\/\/www.ecoitaliano.com.ar\/index.php?rest_route=%2Fwp%2Fv2%2Ftags&post=17089"}],"curies":[{"name":"wp","href":"https:\/\/api.w.org\/{rel}","templated":true}]}}