{"id":17104,"date":"2021-09-24T15:03:46","date_gmt":"2021-09-24T15:03:46","guid":{"rendered":"http:\/\/www.ecoitaliano.com.ar\/?p=17104"},"modified":"2021-09-24T15:03:46","modified_gmt":"2021-09-24T15:03:46","slug":"serena-conduce-operaclassica-eco-italiano-985","status":"publish","type":"post","link":"https:\/\/www.ecoitaliano.com.ar\/?p=17104","title":{"rendered":"Serena conduce operaclassica eco italiano."},"content":{"rendered":"<p>COMUNICATO STAMPA<\/p>\n<p>MADAMA BUTTERFLY TORNA AL TEATRO VERDI DI TRIESTE<\/p>\n<p>Trieste, 24 settembre 2021: Madama Butterfly, musica di Giacomo Puccini, torna al Teatro Verdi di Trieste dall\u20191 al 9 ottobre. Maestro Concertatore e Direttore Francesco Ivan Ciampa, regia di Alberto Triola con la collaborazione di Libero Stellutti, Maestro del Coro Paolo Longo. Allestimento, orchestra, coro e tecnici della Fondazione Teatro Lirico Giuseppe Verdi di Trieste.<br \/>\nIn scena Madama Butterfly (Cio-Cio-San) sar\u00e0 Evgenia Muravera e Federica Vitali, F.B. Pinkerton Francesco Castoro e Riccardo Rados, Sharpless Elia Fabbian e Luca Galli, Suzuki sar\u00e0 Na\u2019Ama Goldman. Goro verr\u00e0 interpretato da Andrea Schifaudo, il Principe Yamadori da Dario Giorgel\u00e8, lo Zio Bonzo da Cristian Saitta, Kate Pinkerton da Silvia Verzier e Anna Katarzyna, il Commissario Imperiale\/l\u2019ufficiale del registro da Giovanni Palumbo e Giuliano Pelizon, il Mimo da Annalisa Esposito.<br \/>\nLa prima rappresentazione al Verdi risale al 1914, l\u2019ultima al 2019, \u201cquesta volta &#8211; anticipa il Direttore Artistico Paolo Rodda &#8211; c\u2019\u00e8 una rivisitazione nella regia che credo si riveler\u00e0 particolarmente interessante per il pubblico\u201d.<br \/>\n\u201cCi si dimentica troppo spesso di un dettaglio che dettaglio non \u00e8 &#8211; spiega nelle note di regia Alberto Triola &#8211; la protagonista di Madama Butterfly \u00e8 una ragazzina di quindici anni. Ci\u00f2 che mi ha guidato con Libero Stelluti nei primi passi dell\u2019ideazione dello spettacolo \u00e8 il tentativo di collocare il centro emotivo di tutta la storia dentro la testa &#8211; anzi: il cuore, l\u2019anima &#8211; di questa adolescente, e di provare a vedere il mondo, gli altri, l\u2019amore e la maternit\u00e0 con i suoi occhi. Abbiamo provato a sentire come sente una ragazzina sensibile e romantica, con anima di artista, colpita dal destino e dalle ristrettezze di una improvvisa miseria familiare, costretta a crescere troppo in fretta, in anni in cui il mondo inizia da un lato a rimpicciolirsi e dall\u2019altro ad aprirsi a viaggi e a scoperte, creando occasioni di incontro tra culture diverse\u201d.<\/p>\n<p>Il Maestro Ciampa ha ottenuto numerosi premi e riconoscimenti nella sua carriera. Regolarmente invitato a dirigere nei teatri pi\u00f9 importanti del mondo, ha guidato grandi produzioni italiane e internazionali, come La Traviata all\u2019Opera Bastille, il Nabucco alla Deutsche Oper Berlin, L\u2019Elisir d\u2019Amore al Colon di Buenos Aires, La Traviata alla Fenice di Venezia e al Regio di Torino ed ancora Rigoletto e Madama Butterfly ad Ancona, Attila a Bilbao, Turandot e tante altre.<br \/>\nTriola dal 2002 \u00e8 al vertice di teatri e festival italiani. Dopo aver maturato il proprio profilo professionale in quattordici stagioni al Teatro alla Scala, ha lavorato a fianco di grandi maestri e da dieci anni svolge una parallela attivit\u00e0 artistica come regista. Si \u00e8 distinto soprattutto in Germania e Austria, ma anche in altri Paesi, firmando diversi spettacoli che hanno raccolto un grande successo.<br \/>\nAnche Stellutti vanta alle spalle una lunga esperienza in Italia e all\u2019estero, in oltre sessanta produzioni tra prosa e opera lirica, nelle quali ha lavorato come regista, aiuto regia e attore.<\/p>\n<p>IL CAST: Madama Butterfly (Cio-Cio-San) sar\u00e0 Evgenia Muravera e Federica Vitali. Muraveva ha<br \/>\nvinto numerosi concorsi internazionali, \u00e8 solista ospite regolare del Teatro Mariinsky, prima ancora<br \/>\nera solista dell&#8217;Opera da camera di San Pietroburgo. Anche per Vitali tanti i riconoscimenti ottenuti, oltre a tanti ruoli ricoperti nei teatri di tutta Italia. Pinkerton avr\u00e0 la voce di Francesco Castoro e Riccardo Rados. Castoro conta nella sua carriera tanti ruoli da protagonista, come Alfredo ne La traviata, Edgardo in Lucia di Lammermoor, Nemorino ne L\u2019elisir d\u2019amore, Tebaldo ne I Capuleti e i Montecchi, Gennaro in Lucrezia Borgia, Ernesto in Don Pasquale, Monostatos in Die Zauberfl\u00f6te, e tanti altri, oltre a recital, concerti e tourn\u00e9e internazionali. Rados, giovane triestino classe 1992, ha studiato al conservatorio Tartini, con impegni negli ultimi anni in Italia e all\u2019estero. Elia Fabbian e Luca Galli saranno Sharpless. Fabbian si \u00e8 esibito nei pi\u00f9 importanti teatri italiani e internazionali fra i quali Teatro alla Scala di Milano, Arena di Verona, Liceu de Barcellona, Deutsche Oper di Berlino, Bayerische Staatsoper di Monaco e tanti altri. Galli, giovanissimo, classe 1994, al Verdi di Trieste ha debuttato nel ruolo di Uberto nella Serva Padrona di G. Paisiello e poi in Betto, in Gianni Schicchi di G. Puccini. Suzuki sar\u00e0 Na\u2019Ama Goldman, protagonista in tanti teatri in Italia e all\u2019estero, come solista si \u00e8 esibita in numerosi concerti con le pi\u00f9 importanti orchestre israeliane.<\/p>\n<p>I PRECEDENTI: la prima rappresentazione di Madama Butterfly al Verdi risale al 1914, in scena poi nel 1929, 1939, 1942, 1945, 1948, 1949, 1954, 1962, 1966, 1972, 1979, 1984, 1989, 1997, e ancora nel 2002, 2005, 2010, 2014 e nel 2019. Per un totale di 128 rappresentazioni complessive.<\/p>\n<p>LE DATE: Madama Butterfly andr\u00e0 in scena l\u20191 e il 2 ottobre alle 20.30, il 3 ottobre alle 16, il 5 e l\u20198 ottobre alle 20.30 e e il 9 ottobre alle 16.<\/p>\n<p>BIGLIETTERIA: \u00e8 aperta da marted\u00ec a sabato dalle 9 alle 16. Domenica dalle 9 alle 13:30. \u00c8 possibile contattare via telefono la biglietteria del Teatro Verdi tutti i giorni al numero verde 800 898 868, dalle 9 alle 21. A disposizione anche l\u2019email boxoffice@teatroverdi-trieste.com.<\/p>\n<p>MISURE DI SICUREZZA: per accedere a teatro \u00e8 obbligatorio esibire all\u2019ingresso il biglietto nominativo e il Green Pass (la certificazione conseguente al vaccino o la negativit\u00e0 al tampone). Resta in vigore l\u2019obbligo di indossare la mascherina ffp2 o ffp3 durante tutto lo spettacolo.<\/p>\n<p>Responsabile ufficio stampa: Micol Brusaferro, 3209718524<br \/>\npress@teatroverdi-trieste.com<br \/>\nwww.teatroverdi-trieste.com<\/p>\n<p><a href=\"http:\/\/www.ecoitaliano.com.ar\/wp-content\/uploads\/2021\/09\/prove1.jpg\"><img decoding=\"async\" class=\"alignnone size-full wp-image-17106\" src=\"http:\/\/www.ecoitaliano.com.ar\/wp-content\/uploads\/2021\/09\/prove1.jpg\" alt=\"\" width=\"2048\" height=\"1365\" srcset=\"https:\/\/www.ecoitaliano.com.ar\/wp-content\/uploads\/2021\/09\/prove1.jpg 2048w, https:\/\/www.ecoitaliano.com.ar\/wp-content\/uploads\/2021\/09\/prove1-300x200.jpg 300w, https:\/\/www.ecoitaliano.com.ar\/wp-content\/uploads\/2021\/09\/prove1-768x512.jpg 768w, https:\/\/www.ecoitaliano.com.ar\/wp-content\/uploads\/2021\/09\/prove1-1024x683.jpg 1024w, https:\/\/www.ecoitaliano.com.ar\/wp-content\/uploads\/2021\/09\/prove1-150x100.jpg 150w\" sizes=\"(max-width: 2048px) 100vw, 2048px\" \/><\/a> <a href=\"http:\/\/www.ecoitaliano.com.ar\/wp-content\/uploads\/2021\/09\/prove2.jpg\"><img decoding=\"async\" class=\"alignnone size-full wp-image-17107\" src=\"http:\/\/www.ecoitaliano.com.ar\/wp-content\/uploads\/2021\/09\/prove2.jpg\" alt=\"\" width=\"2048\" height=\"1365\" srcset=\"https:\/\/www.ecoitaliano.com.ar\/wp-content\/uploads\/2021\/09\/prove2.jpg 2048w, https:\/\/www.ecoitaliano.com.ar\/wp-content\/uploads\/2021\/09\/prove2-300x200.jpg 300w, https:\/\/www.ecoitaliano.com.ar\/wp-content\/uploads\/2021\/09\/prove2-768x512.jpg 768w, https:\/\/www.ecoitaliano.com.ar\/wp-content\/uploads\/2021\/09\/prove2-1024x683.jpg 1024w, https:\/\/www.ecoitaliano.com.ar\/wp-content\/uploads\/2021\/09\/prove2-150x100.jpg 150w\" sizes=\"(max-width: 2048px) 100vw, 2048px\" \/><\/a><\/p>\n<p><a href=\"http:\/\/www.ecoitaliano.com.ar\/wp-content\/uploads\/2021\/09\/locandina.jpg\"><img decoding=\"async\" class=\"alignnone size-full wp-image-17105\" src=\"http:\/\/www.ecoitaliano.com.ar\/wp-content\/uploads\/2021\/09\/locandina.jpg\" alt=\"\" width=\"1448\" height=\"2048\" srcset=\"https:\/\/www.ecoitaliano.com.ar\/wp-content\/uploads\/2021\/09\/locandina.jpg 1448w, https:\/\/www.ecoitaliano.com.ar\/wp-content\/uploads\/2021\/09\/locandina-212x300.jpg 212w, https:\/\/www.ecoitaliano.com.ar\/wp-content\/uploads\/2021\/09\/locandina-768x1086.jpg 768w, https:\/\/www.ecoitaliano.com.ar\/wp-content\/uploads\/2021\/09\/locandina-724x1024.jpg 724w, https:\/\/www.ecoitaliano.com.ar\/wp-content\/uploads\/2021\/09\/locandina-106x150.jpg 106w\" sizes=\"(max-width: 1448px) 100vw, 1448px\" \/><\/a><\/p>\n","protected":false},"excerpt":{"rendered":"<p>COMUNICATO STAMPA MADAMA BUTTERFLY TORNA AL TEATRO VERDI DI TRIESTE Trieste, 24 settembre 2021: Madama Butterfly, musica di Giacomo Puccini, [&hellip;]<\/p>\n","protected":false},"author":1,"featured_media":0,"comment_status":"open","ping_status":"open","sticky":false,"template":"","format":"standard","meta":{"footnotes":""},"categories":[1],"tags":[],"class_list":["post-17104","post","type-post","status-publish","format-standard","hentry","category-sin-categoria"],"_links":{"self":[{"href":"https:\/\/www.ecoitaliano.com.ar\/index.php?rest_route=\/wp\/v2\/posts\/17104","targetHints":{"allow":["GET"]}}],"collection":[{"href":"https:\/\/www.ecoitaliano.com.ar\/index.php?rest_route=\/wp\/v2\/posts"}],"about":[{"href":"https:\/\/www.ecoitaliano.com.ar\/index.php?rest_route=\/wp\/v2\/types\/post"}],"author":[{"embeddable":true,"href":"https:\/\/www.ecoitaliano.com.ar\/index.php?rest_route=\/wp\/v2\/users\/1"}],"replies":[{"embeddable":true,"href":"https:\/\/www.ecoitaliano.com.ar\/index.php?rest_route=%2Fwp%2Fv2%2Fcomments&post=17104"}],"version-history":[{"count":0,"href":"https:\/\/www.ecoitaliano.com.ar\/index.php?rest_route=\/wp\/v2\/posts\/17104\/revisions"}],"wp:attachment":[{"href":"https:\/\/www.ecoitaliano.com.ar\/index.php?rest_route=%2Fwp%2Fv2%2Fmedia&parent=17104"}],"wp:term":[{"taxonomy":"category","embeddable":true,"href":"https:\/\/www.ecoitaliano.com.ar\/index.php?rest_route=%2Fwp%2Fv2%2Fcategories&post=17104"},{"taxonomy":"post_tag","embeddable":true,"href":"https:\/\/www.ecoitaliano.com.ar\/index.php?rest_route=%2Fwp%2Fv2%2Ftags&post=17104"}],"curies":[{"name":"wp","href":"https:\/\/api.w.org\/{rel}","templated":true}]}}